{"id":31286,"date":"2026-01-05T18:55:06","date_gmt":"2026-01-05T21:55:06","guid":{"rendered":"https:\/\/sulsc.com\/?p=31286"},"modified":"2026-01-05T19:01:43","modified_gmt":"2026-01-05T22:01:43","slug":"concurso-da-saude-do-estado-cartao-de-informacao-do-candidato-ja-esta-disponivel","status":"publish","type":"post","link":"https:\/\/sulsc.com\/index.php\/2026\/01\/05\/concurso-da-saude-do-estado-cartao-de-informacao-do-candidato-ja-esta-disponivel\/","title":{"rendered":"Secretaria de Sa\u00fade do estado: Cart\u00e3o de informa\u00e7\u00e3o do candidato para o concurso j\u00e1 est\u00e1 dispon\u00edvel"},"content":{"rendered":"<p><span dir=\"auto\" style=\"vertical-align: inherit;\"><span dir=\"auto\" style=\"vertical-align: inherit;\">Os inscritos no concurso p\u00fablico da Secretaria de Estado da Sa\u00fade (SES) j\u00e1 podem acessar o Cart\u00e3o de Informa\u00e7\u00e3o do Candidato, com a confirma\u00e7\u00e3o do local e do hor\u00e1rio da prova, previsto para o pr\u00f3ximo domingo, 11 de janeiro. As avalia\u00e7\u00f5es ser\u00e3o realizadas nos per\u00edodos da manh\u00e3 e da tarde, conforme a carga, em Florian\u00f3polis, Joinville, Crici\u00fama, Lages, Blumenau, Itaja\u00ed, Chapec\u00f3 e Joa\u00e7aba.<\/span><\/span><\/p>\n<div id=\"metaslider-id-25573\" style=\"width: 100%;\" class=\"ml-slider-3-99-0 metaslider metaslider-flex metaslider-25573 ml-slider has-onhover-arrows ms-theme-default-base has-dots-nav\" role=\"region\" aria-label=\"Meio\" data-width=\"1200\">\n    <div id=\"metaslider_container_25573\">\n        <div id=\"metaslider_25573\">\n            <ul class='slides'>\n                <li style=\"display: block; width: 100%;\" class=\"slide-25684 ms-image \" aria-roledescription=\"slide\" data-date=\"2025-07-24 07:55:40\"><img src=\"https:\/\/sulsc.com\/wp-content\/uploads\/2025\/07\/Marr-2-1000x166.jpg\" height=\"200\" width=\"1200\" alt=\"\" class=\"slider-25573 slide-25684 msDefaultImage\" title=\"Marr 2\" \/><\/li>\n                <li style=\"display: none; width: 100%;\" class=\"slide-32412 ms-image \" aria-roledescription=\"slide\" data-date=\"2026-02-18 13:59:46\"><img src=\"https:\/\/sulsc.com\/wp-content\/uploads\/2026\/02\/40dc1580-cad5-4867-bc58-c4243821ad38-1000x166.jpeg\" height=\"200\" width=\"1200\" alt=\"\" class=\"slider-25573 slide-32412 msDefaultImage\" title=\"40dc1580-cad5-4867-bc58-c4243821ad38\" \/><\/li>\n                <li style=\"display: none; width: 100%;\" class=\"slide-32766 ms-image \" aria-roledescription=\"slide\" data-date=\"2026-03-03 17:22:59\"><img src=\"https:\/\/sulsc.com\/wp-content\/uploads\/2026\/03\/271ce739-f268-41c5-8051-3de1a1750359-1000x166.jpeg\" height=\"200\" width=\"1200\" alt=\"\" class=\"slider-25573 slide-32766 msDefaultImage\" title=\"271ce739-f268-41c5-8051-3de1a1750359\" \/><\/li>\n            <\/ul>\n        <\/div>\n        \n    <\/div>\n<\/div>\n<p><span dir=\"auto\" style=\"vertical-align: inherit;\"><span dir=\"auto\" style=\"vertical-align: inherit;\">O documento est\u00e1 dispon\u00edvel para impress\u00e3o no site do Instituto AOCP, em <\/span><\/span><a href=\"https:\/\/www.institutoaocp.org.br\/concursos\/671\" target=\"_blank\" rel=\"noreferrer noopener\"><strong><span dir=\"auto\" style=\"vertical-align: inherit;\"><span dir=\"auto\" style=\"vertical-align: inherit;\">www.institutoaocp.org.br\/concursos\/671<\/span><\/span><\/strong><\/a><span dir=\"auto\" style=\"vertical-align: inherit;\"><span dir=\"auto\" style=\"vertical-align: inherit;\"> . A verifica\u00e7\u00e3o das informa\u00e7\u00f5es \u00e9 de responsabilidade exclusiva do candidato.<\/span><\/span><\/p>\n<p><span dir=\"auto\" style=\"vertical-align: inherit;\"><span dir=\"auto\" style=\"vertical-align: inherit;\">Os dados est\u00e3o de acordo com o Edital de Hor\u00e1rio e Local de Realiza\u00e7\u00e3o das Provas, publicado no dia 22 de dezembro de 2025. Clique <\/span><\/span><a href=\"https:\/\/arquivos-site.institutoaocp.org.br\/publicacoes\/814dff3a-4e51-4c03-9c25-a84e54889ff1.pdf\" target=\"_blank\" rel=\"noreferrer noopener\"><strong><span dir=\"auto\" style=\"vertical-align: inherit;\"><span dir=\"auto\" style=\"vertical-align: inherit;\">aqui<\/span><\/span><\/strong><\/a><span dir=\"auto\" style=\"vertical-align: inherit;\"><span dir=\"auto\" style=\"vertical-align: inherit;\"> \u00a0e confira.<\/span><\/span><\/p>\n<p><span dir=\"auto\" style=\"vertical-align: inherit;\"><span dir=\"auto\" style=\"vertical-align: inherit;\">O concurso oferece 511 vagas imediatas, al\u00e9m de cadastro de reserva, para as cargas de n\u00edveis m\u00e9dio e superior. As oportunidades contemplam a Administra\u00e7\u00e3o Central, as 17 Ger\u00eancias Regionais de Sa\u00fade e os hospitais da rede estadual, com vagas para m\u00e9dicos de diversas especialidades, sanitaristas, enfermeiros, farmac\u00eauticos, fisioterapeutas, psic\u00f3logos, nutricionistas, t\u00e9cnicos administrativos, entre outras \u00e1reas.<\/span><\/span><\/p>\n<p><img fetchpriority=\"high\" decoding=\"async\" class=\"aligncenter size-full wp-image-31287\" src=\"http:\/\/sulsc.com\/wp-content\/uploads\/2026\/01\/IMG_9833-1.jpg\" alt=\"\" width=\"1500\" height=\"844\" srcset=\"https:\/\/sulsc.com\/wp-content\/uploads\/2026\/01\/IMG_9833-1.jpg 1500w, https:\/\/sulsc.com\/wp-content\/uploads\/2026\/01\/IMG_9833-1-300x169.jpg 300w, https:\/\/sulsc.com\/wp-content\/uploads\/2026\/01\/IMG_9833-1-1024x576.jpg 1024w, https:\/\/sulsc.com\/wp-content\/uploads\/2026\/01\/IMG_9833-1-768x432.jpg 768w\" sizes=\"(max-width: 1500px) 100vw, 1500px\" \/><\/p>\n<p><span dir=\"auto\" style=\"vertical-align: inherit;\"><span dir=\"auto\" style=\"vertical-align: inherit;\">Foto: Vict\u00f3ria Lopes\/Ascom SES\/Divulga\u00e7\u00e3o\/SulSC<\/span><\/span><\/p>\n<p><span dir=\"auto\" style=\"vertical-align: inherit;\"><span dir=\"auto\" style=\"vertical-align: inherit;\">As informa\u00e7\u00f5es atualizadas sobre o concurso p\u00fablico da SES\/SC podem ser acompanhadas nos canais oficiais da Secretaria de Estado da Sa\u00fade e no site da Banca Instituto AOCP. Todas as etapas seguem o cronograma previsto no edital.<\/span><\/span><\/p>\n","protected":false},"excerpt":{"rendered":"<p>Os inscritos no concurso p\u00fablico da Secretaria de Estado da Sa\u00fade (SES) j\u00e1 podem acessar o Cart\u00e3o de Informa\u00e7\u00e3o do Candidato, com a confirma\u00e7\u00e3o do local e do hor\u00e1rio da prova, previsto para o pr\u00f3ximo domingo, 11 de janeiro. As avalia\u00e7\u00f5es ser\u00e3o realizadas nos per\u00edodos da manh\u00e3 e da tarde, conforme a carga, em Florian\u00f3polis, &hellip;<\/p>\n<p class=\"read-more\"> <a class=\"\" href=\"https:\/\/sulsc.com\/index.php\/2026\/01\/05\/concurso-da-saude-do-estado-cartao-de-informacao-do-candidato-ja-esta-disponivel\/\"> <span class=\"screen-reader-text\">Secretaria de Sa\u00fade do estado: Cart\u00e3o de informa\u00e7\u00e3o do candidato para o concurso j\u00e1 est\u00e1 dispon\u00edvel<\/span> Read More &raquo;<\/a><\/p>\n","protected":false},"author":3,"featured_media":31287,"comment_status":"open","ping_status":"open","sticky":false,"template":"","format":"standard","meta":{"site-sidebar-layout":"default","site-content-layout":"","ast-site-content-layout":"default","site-content-style":"default","site-sidebar-style":"default","ast-global-header-display":"","ast-banner-title-visibility":"","ast-main-header-display":"","ast-hfb-above-header-display":"","ast-hfb-below-header-display":"","ast-hfb-mobile-header-display":"","site-post-title":"","ast-breadcrumbs-content":"","ast-featured-img":"","footer-sml-layout":"","theme-transparent-header-meta":"default","adv-header-id-meta":"","stick-header-meta":"","header-above-stick-meta":"","header-main-stick-meta":"","header-below-stick-meta":"","astra-migrate-meta-layouts":"set","footnotes":""},"categories":[1,2281,14,12],"tags":[2798],"yoast_head":"<!-- This site is optimized with the Yoast SEO plugin v21.4 - https:\/\/yoast.com\/wordpress\/plugins\/seo\/ -->\n<title>Secretaria de Sa\u00fade do estado: Cart\u00e3o de informa\u00e7\u00e3o do candidato para o concurso j\u00e1 est\u00e1 dispon\u00edvel -<\/title>\n<meta name=\"robots\" content=\"index, follow, max-snippet:-1, max-image-preview:large, max-video-preview:-1\" \/>\n<link rel=\"canonical\" href=\"https:\/\/sulsc.com\/index.php\/2026\/01\/05\/concurso-da-saude-do-estado-cartao-de-informacao-do-candidato-ja-esta-disponivel\/\" \/>\n<meta property=\"og:locale\" content=\"en_US\" \/>\n<meta property=\"og:type\" content=\"article\" \/>\n<meta property=\"og:title\" content=\"Secretaria de Sa\u00fade do estado: Cart\u00e3o de informa\u00e7\u00e3o do candidato para o concurso j\u00e1 est\u00e1 dispon\u00edvel -\" \/>\n<meta property=\"og:description\" content=\"Os inscritos no concurso p\u00fablico da Secretaria de Estado da Sa\u00fade (SES) j\u00e1 podem acessar o Cart\u00e3o de Informa\u00e7\u00e3o do Candidato, com a confirma\u00e7\u00e3o do local e do hor\u00e1rio da prova, previsto para o pr\u00f3ximo domingo, 11 de janeiro. As avalia\u00e7\u00f5es ser\u00e3o realizadas nos per\u00edodos da manh\u00e3 e da tarde, conforme a carga, em Florian\u00f3polis, &hellip; Secretaria de Sa\u00fade do estado: Cart\u00e3o de informa\u00e7\u00e3o do candidato para o concurso j\u00e1 est\u00e1 dispon\u00edvel Read More &raquo;\" \/>\n<meta property=\"og:url\" content=\"https:\/\/sulsc.com\/index.php\/2026\/01\/05\/concurso-da-saude-do-estado-cartao-de-informacao-do-candidato-ja-esta-disponivel\/\" \/>\n<meta property=\"article:author\" content=\"https:\/\/www.facebook.com\/profile.php?id=61559278119680\" \/>\n<meta property=\"article:published_time\" content=\"2026-01-05T21:55:06+00:00\" \/>\n<meta property=\"article:modified_time\" content=\"2026-01-05T22:01:43+00:00\" \/>\n<meta property=\"og:image\" content=\"http:\/\/sulsc.com\/wp-content\/uploads\/2026\/01\/IMG_9833-1.jpg\" \/>\n\t<meta property=\"og:image:width\" content=\"1500\" \/>\n\t<meta property=\"og:image:height\" content=\"844\" \/>\n\t<meta property=\"og:image:type\" content=\"image\/jpeg\" \/>\n<meta name=\"author\" content=\"Reda\u00e7\u00e3o Sul SC\" \/>\n<meta name=\"twitter:card\" content=\"summary_large_image\" \/>\n<meta name=\"twitter:creator\" content=\"@https:\/\/twitter.com\/PortalSulSC\" \/>\n<meta name=\"twitter:label1\" content=\"Written by\" \/>\n\t<meta name=\"twitter:data1\" content=\"Reda\u00e7\u00e3o Sul SC\" \/>\n\t<meta name=\"twitter:label2\" content=\"Est. reading time\" \/>\n\t<meta name=\"twitter:data2\" content=\"2 minutes\" \/>\n<script type=\"application\/ld+json\" class=\"yoast-schema-graph\">{\"@context\":\"https:\/\/schema.org\",\"@graph\":[{\"@type\":\"WebPage\",\"@id\":\"https:\/\/sulsc.com\/index.php\/2026\/01\/05\/concurso-da-saude-do-estado-cartao-de-informacao-do-candidato-ja-esta-disponivel\/\",\"url\":\"https:\/\/sulsc.com\/index.php\/2026\/01\/05\/concurso-da-saude-do-estado-cartao-de-informacao-do-candidato-ja-esta-disponivel\/\",\"name\":\"Secretaria de Sa\u00fade do estado: Cart\u00e3o de informa\u00e7\u00e3o do candidato para o concurso j\u00e1 est\u00e1 dispon\u00edvel -\",\"isPartOf\":{\"@id\":\"https:\/\/sulsc.com\/#website\"},\"datePublished\":\"2026-01-05T21:55:06+00:00\",\"dateModified\":\"2026-01-05T22:01:43+00:00\",\"author\":{\"@id\":\"https:\/\/sulsc.com\/#\/schema\/person\/84d2fc571684f6248ba83092f07750a3\"},\"breadcrumb\":{\"@id\":\"https:\/\/sulsc.com\/index.php\/2026\/01\/05\/concurso-da-saude-do-estado-cartao-de-informacao-do-candidato-ja-esta-disponivel\/#breadcrumb\"},\"inLanguage\":\"en-US\",\"potentialAction\":[{\"@type\":\"ReadAction\",\"target\":[\"https:\/\/sulsc.com\/index.php\/2026\/01\/05\/concurso-da-saude-do-estado-cartao-de-informacao-do-candidato-ja-esta-disponivel\/\"]}]},{\"@type\":\"BreadcrumbList\",\"@id\":\"https:\/\/sulsc.com\/index.php\/2026\/01\/05\/concurso-da-saude-do-estado-cartao-de-informacao-do-candidato-ja-esta-disponivel\/#breadcrumb\",\"itemListElement\":[{\"@type\":\"ListItem\",\"position\":1,\"name\":\"In\u00edcio\",\"item\":\"https:\/\/sulsc.com\/\"},{\"@type\":\"ListItem\",\"position\":2,\"name\":\"Secretaria de Sa\u00fade do estado: Cart\u00e3o de informa\u00e7\u00e3o do candidato para o concurso j\u00e1 est\u00e1 dispon\u00edvel\"}]},{\"@type\":\"WebSite\",\"@id\":\"https:\/\/sulsc.com\/#website\",\"url\":\"https:\/\/sulsc.com\/\",\"name\":\"\",\"description\":\"\",\"potentialAction\":[{\"@type\":\"SearchAction\",\"target\":{\"@type\":\"EntryPoint\",\"urlTemplate\":\"https:\/\/sulsc.com\/?s={search_term_string}\"},\"query-input\":\"required name=search_term_string\"}],\"inLanguage\":\"en-US\"},{\"@type\":\"Person\",\"@id\":\"https:\/\/sulsc.com\/#\/schema\/person\/84d2fc571684f6248ba83092f07750a3\",\"name\":\"Reda\u00e7\u00e3o Sul SC\",\"image\":{\"@type\":\"ImageObject\",\"inLanguage\":\"en-US\",\"@id\":\"https:\/\/sulsc.com\/#\/schema\/person\/image\/e08d7fe2cc4ed596372063bbe852b8d0\",\"url\":\"https:\/\/sulsc.com\/wp-content\/uploads\/2023\/09\/redacao.png\",\"contentUrl\":\"https:\/\/sulsc.com\/wp-content\/uploads\/2023\/09\/redacao.png\",\"caption\":\"Reda\u00e7\u00e3o Sul SC\"},\"description\":\"Foco em um jornalismo imparcial, voltado \u00e0 qualidade dos seus conte\u00fados e, assim, levar informa\u00e7\u00e3o de valor que agregue \u00e0 vida dos leitores. Esta \u00e9 grande miss\u00e3o do Portal de Not\u00edcias Sul SC. N\u00e3o \u00e9 quantidade que muda o mundo, sempre foi e seguir\u00e1 sendo qualidade!\",\"sameAs\":[\"https:\/\/sulsc.com\/\",\"https:\/\/www.facebook.com\/profile.php?id=61559278119680\",\"https:\/\/www.instagram.com\/sulscportal\/?hl=pt-br\",\"https:\/\/twitter.com\/https:\/\/twitter.com\/PortalSulSC\",\"https:\/\/www.youtube.com\/channel\/UCv_BE8GeySluDov2n8qhVmw\"],\"url\":\"https:\/\/sulsc.com\/index.php\/author\/redacao\/\"}]}<\/script>\n<!-- \/ Yoast SEO plugin. -->","yoast_head_json":{"title":"Secretaria de Sa\u00fade do estado: Cart\u00e3o de informa\u00e7\u00e3o do candidato para o concurso j\u00e1 est\u00e1 dispon\u00edvel -","robots":{"index":"index","follow":"follow","max-snippet":"max-snippet:-1","max-image-preview":"max-image-preview:large","max-video-preview":"max-video-preview:-1"},"canonical":"https:\/\/sulsc.com\/index.php\/2026\/01\/05\/concurso-da-saude-do-estado-cartao-de-informacao-do-candidato-ja-esta-disponivel\/","og_locale":"en_US","og_type":"article","og_title":"Secretaria de Sa\u00fade do estado: Cart\u00e3o de informa\u00e7\u00e3o do candidato para o concurso j\u00e1 est\u00e1 dispon\u00edvel -","og_description":"Os inscritos no concurso p\u00fablico da Secretaria de Estado da Sa\u00fade (SES) j\u00e1 podem acessar o Cart\u00e3o de Informa\u00e7\u00e3o do Candidato, com a confirma\u00e7\u00e3o do local e do hor\u00e1rio da prova, previsto para o pr\u00f3ximo domingo, 11 de janeiro. As avalia\u00e7\u00f5es ser\u00e3o realizadas nos per\u00edodos da manh\u00e3 e da tarde, conforme a carga, em Florian\u00f3polis, &hellip; Secretaria de Sa\u00fade do estado: Cart\u00e3o de informa\u00e7\u00e3o do candidato para o concurso j\u00e1 est\u00e1 dispon\u00edvel Read More &raquo;","og_url":"https:\/\/sulsc.com\/index.php\/2026\/01\/05\/concurso-da-saude-do-estado-cartao-de-informacao-do-candidato-ja-esta-disponivel\/","article_author":"https:\/\/www.facebook.com\/profile.php?id=61559278119680","article_published_time":"2026-01-05T21:55:06+00:00","article_modified_time":"2026-01-05T22:01:43+00:00","og_image":[{"width":1500,"height":844,"url":"http:\/\/sulsc.com\/wp-content\/uploads\/2026\/01\/IMG_9833-1.jpg","type":"image\/jpeg"}],"author":"Reda\u00e7\u00e3o Sul SC","twitter_card":"summary_large_image","twitter_creator":"@https:\/\/twitter.com\/PortalSulSC","twitter_misc":{"Written by":"Reda\u00e7\u00e3o Sul SC","Est. reading time":"2 minutes"},"schema":{"@context":"https:\/\/schema.org","@graph":[{"@type":"WebPage","@id":"https:\/\/sulsc.com\/index.php\/2026\/01\/05\/concurso-da-saude-do-estado-cartao-de-informacao-do-candidato-ja-esta-disponivel\/","url":"https:\/\/sulsc.com\/index.php\/2026\/01\/05\/concurso-da-saude-do-estado-cartao-de-informacao-do-candidato-ja-esta-disponivel\/","name":"Secretaria de Sa\u00fade do estado: Cart\u00e3o de informa\u00e7\u00e3o do candidato para o concurso j\u00e1 est\u00e1 dispon\u00edvel -","isPartOf":{"@id":"https:\/\/sulsc.com\/#website"},"datePublished":"2026-01-05T21:55:06+00:00","dateModified":"2026-01-05T22:01:43+00:00","author":{"@id":"https:\/\/sulsc.com\/#\/schema\/person\/84d2fc571684f6248ba83092f07750a3"},"breadcrumb":{"@id":"https:\/\/sulsc.com\/index.php\/2026\/01\/05\/concurso-da-saude-do-estado-cartao-de-informacao-do-candidato-ja-esta-disponivel\/#breadcrumb"},"inLanguage":"en-US","potentialAction":[{"@type":"ReadAction","target":["https:\/\/sulsc.com\/index.php\/2026\/01\/05\/concurso-da-saude-do-estado-cartao-de-informacao-do-candidato-ja-esta-disponivel\/"]}]},{"@type":"BreadcrumbList","@id":"https:\/\/sulsc.com\/index.php\/2026\/01\/05\/concurso-da-saude-do-estado-cartao-de-informacao-do-candidato-ja-esta-disponivel\/#breadcrumb","itemListElement":[{"@type":"ListItem","position":1,"name":"In\u00edcio","item":"https:\/\/sulsc.com\/"},{"@type":"ListItem","position":2,"name":"Secretaria de Sa\u00fade do estado: Cart\u00e3o de informa\u00e7\u00e3o do candidato para o concurso j\u00e1 est\u00e1 dispon\u00edvel"}]},{"@type":"WebSite","@id":"https:\/\/sulsc.com\/#website","url":"https:\/\/sulsc.com\/","name":"","description":"","potentialAction":[{"@type":"SearchAction","target":{"@type":"EntryPoint","urlTemplate":"https:\/\/sulsc.com\/?s={search_term_string}"},"query-input":"required name=search_term_string"}],"inLanguage":"en-US"},{"@type":"Person","@id":"https:\/\/sulsc.com\/#\/schema\/person\/84d2fc571684f6248ba83092f07750a3","name":"Reda\u00e7\u00e3o Sul SC","image":{"@type":"ImageObject","inLanguage":"en-US","@id":"https:\/\/sulsc.com\/#\/schema\/person\/image\/e08d7fe2cc4ed596372063bbe852b8d0","url":"https:\/\/sulsc.com\/wp-content\/uploads\/2023\/09\/redacao.png","contentUrl":"https:\/\/sulsc.com\/wp-content\/uploads\/2023\/09\/redacao.png","caption":"Reda\u00e7\u00e3o Sul SC"},"description":"Foco em um jornalismo imparcial, voltado \u00e0 qualidade dos seus conte\u00fados e, assim, levar informa\u00e7\u00e3o de valor que agregue \u00e0 vida dos leitores. Esta \u00e9 grande miss\u00e3o do Portal de Not\u00edcias Sul SC. N\u00e3o \u00e9 quantidade que muda o mundo, sempre foi e seguir\u00e1 sendo qualidade!","sameAs":["https:\/\/sulsc.com\/","https:\/\/www.facebook.com\/profile.php?id=61559278119680","https:\/\/www.instagram.com\/sulscportal\/?hl=pt-br","https:\/\/twitter.com\/https:\/\/twitter.com\/PortalSulSC","https:\/\/www.youtube.com\/channel\/UCv_BE8GeySluDov2n8qhVmw"],"url":"https:\/\/sulsc.com\/index.php\/author\/redacao\/"}]}},"authors":[],"_links":{"self":[{"href":"https:\/\/sulsc.com\/index.php\/wp-json\/wp\/v2\/posts\/31286"}],"collection":[{"href":"https:\/\/sulsc.com\/index.php\/wp-json\/wp\/v2\/posts"}],"about":[{"href":"https:\/\/sulsc.com\/index.php\/wp-json\/wp\/v2\/types\/post"}],"author":[{"embeddable":true,"href":"https:\/\/sulsc.com\/index.php\/wp-json\/wp\/v2\/users\/3"}],"replies":[{"embeddable":true,"href":"https:\/\/sulsc.com\/index.php\/wp-json\/wp\/v2\/comments?post=31286"}],"version-history":[{"count":3,"href":"https:\/\/sulsc.com\/index.php\/wp-json\/wp\/v2\/posts\/31286\/revisions"}],"predecessor-version":[{"id":31290,"href":"https:\/\/sulsc.com\/index.php\/wp-json\/wp\/v2\/posts\/31286\/revisions\/31290"}],"wp:featuredmedia":[{"embeddable":true,"href":"https:\/\/sulsc.com\/index.php\/wp-json\/wp\/v2\/media\/31287"}],"wp:attachment":[{"href":"https:\/\/sulsc.com\/index.php\/wp-json\/wp\/v2\/media?parent=31286"}],"wp:term":[{"taxonomy":"category","embeddable":true,"href":"https:\/\/sulsc.com\/index.php\/wp-json\/wp\/v2\/categories?post=31286"},{"taxonomy":"post_tag","embeddable":true,"href":"https:\/\/sulsc.com\/index.php\/wp-json\/wp\/v2\/tags?post=31286"}],"curies":[{"name":"wp","href":"https:\/\/api.w.org\/{rel}","templated":true}]}}