{"id":31291,"date":"2026-01-05T19:18:09","date_gmt":"2026-01-05T22:18:09","guid":{"rendered":"https:\/\/sulsc.com\/?p=31291"},"modified":"2026-01-05T19:20:45","modified_gmt":"2026-01-05T22:20:45","slug":"incendio-em-caminhao-interdita-br-101-no-morro-dos-cavalos-em-m-palhoca","status":"publish","type":"post","link":"https:\/\/sulsc.com\/index.php\/2026\/01\/05\/incendio-em-caminhao-interdita-br-101-no-morro-dos-cavalos-em-m-palhoca\/","title":{"rendered":"Inc\u00eandio em caminh\u00e3o interdita BR-101 no Morro dos Cavalos em Palho\u00e7a"},"content":{"rendered":"<p><span dir=\"auto\" style=\"vertical-align: inherit;\"><span dir=\"auto\" style=\"vertical-align: inherit;\"><span dir=\"auto\" style=\"vertical-align: inherit;\"><span dir=\"auto\" style=\"vertical-align: inherit;\">Um inc\u00eandio em um caminh\u00e3o na BR-101, km 235 (Morro dos Cavalos) em Palho\u00e7a, resultou na interdi\u00e7\u00e3o total da pista em ambos os sentidos, Norte e Sul, por volta das 18h52. A Concession\u00e1ria respons\u00e1vel pela rodovia, juntamente com o Corpo de Bombeiros e a Pol\u00edcia Rodovi\u00e1ria Federal (PRF), n\u00e3o est\u00e3o no local para atender a ocorr\u00eancias.<\/span><\/span><\/span><\/span><\/p>\n<div id=\"metaslider-id-25573\" style=\"width: 100%;\" class=\"ml-slider-3-99-0 metaslider metaslider-flex metaslider-25573 ml-slider has-onhover-arrows ms-theme-default-base has-dots-nav\" role=\"region\" aria-label=\"Meio\" data-width=\"1200\">\n    <div id=\"metaslider_container_25573\">\n        <div id=\"metaslider_25573\">\n            <ul class='slides'>\n                <li style=\"display: block; width: 100%;\" class=\"slide-25684 ms-image \" aria-roledescription=\"slide\" data-date=\"2025-07-24 07:55:40\"><img src=\"https:\/\/sulsc.com\/wp-content\/uploads\/2025\/07\/Marr-2-1000x166.jpg\" height=\"200\" width=\"1200\" alt=\"\" class=\"slider-25573 slide-25684 msDefaultImage\" title=\"Marr 2\" \/><\/li>\n                <li style=\"display: none; width: 100%;\" class=\"slide-32412 ms-image \" aria-roledescription=\"slide\" data-date=\"2026-02-18 13:59:46\"><img src=\"https:\/\/sulsc.com\/wp-content\/uploads\/2026\/02\/40dc1580-cad5-4867-bc58-c4243821ad38-1000x166.jpeg\" height=\"200\" width=\"1200\" alt=\"\" class=\"slider-25573 slide-32412 msDefaultImage\" title=\"40dc1580-cad5-4867-bc58-c4243821ad38\" \/><\/li>\n                <li style=\"display: none; width: 100%;\" class=\"slide-32766 ms-image \" aria-roledescription=\"slide\" data-date=\"2026-03-03 17:22:59\"><img src=\"https:\/\/sulsc.com\/wp-content\/uploads\/2026\/03\/271ce739-f268-41c5-8051-3de1a1750359-1000x166.jpeg\" height=\"200\" width=\"1200\" alt=\"\" class=\"slider-25573 slide-32766 msDefaultImage\" title=\"271ce739-f268-41c5-8051-3de1a1750359\" \/><\/li>\n            <\/ul>\n        <\/div>\n        \n    <\/div>\n<\/div>\n<p><span dir=\"auto\" style=\"vertical-align: inherit;\"><span dir=\"auto\" style=\"vertical-align: inherit;\"><span dir=\"auto\" style=\"vertical-align: inherit;\"><span dir=\"auto\" style=\"vertical-align: inherit;\">Segundo a PRF no momento, n\u00e3o h\u00e1 previs\u00e3o para a libera\u00e7\u00e3o da via. As autoridades recomendam que os motoristas evitem a \u00e1rea e sigam rigorosamente as orienta\u00e7\u00f5es das equipes apresentadas.<\/span><\/span><\/span><\/span><\/p>\n<p><img fetchpriority=\"high\" decoding=\"async\" class=\"aligncenter size-full wp-image-31292\" src=\"http:\/\/sulsc.com\/wp-content\/uploads\/2026\/01\/e4036531-e66d-4c1a-9444-cf077100e327.jpeg\" alt=\"\" width=\"1073\" height=\"585\" srcset=\"https:\/\/sulsc.com\/wp-content\/uploads\/2026\/01\/e4036531-e66d-4c1a-9444-cf077100e327.jpeg 1073w, https:\/\/sulsc.com\/wp-content\/uploads\/2026\/01\/e4036531-e66d-4c1a-9444-cf077100e327-300x164.jpeg 300w, https:\/\/sulsc.com\/wp-content\/uploads\/2026\/01\/e4036531-e66d-4c1a-9444-cf077100e327-1024x558.jpeg 1024w, https:\/\/sulsc.com\/wp-content\/uploads\/2026\/01\/e4036531-e66d-4c1a-9444-cf077100e327-768x419.jpeg 768w\" sizes=\"(max-width: 1073px) 100vw, 1073px\" \/><\/p>\n<p><span dir=\"auto\" style=\"vertical-align: inherit;\"><span dir=\"auto\" style=\"vertical-align: inherit;\"><span dir=\"auto\" style=\"vertical-align: inherit;\"><span dir=\"auto\" style=\"vertical-align: inherit;\">Fotos\/PRF\/Divulga\u00e7\u00e3o\/SulSC<\/span><\/span><\/span><\/span><\/p>\n","protected":false},"excerpt":{"rendered":"<p>Um inc\u00eandio em um caminh\u00e3o na BR-101, km 235 (Morro dos Cavalos) em Palho\u00e7a, resultou na interdi\u00e7\u00e3o total da pista em ambos os sentidos, Norte e Sul, por volta das 18h52. A Concession\u00e1ria respons\u00e1vel pela rodovia, juntamente com o Corpo de Bombeiros e a Pol\u00edcia Rodovi\u00e1ria Federal (PRF), n\u00e3o est\u00e3o no local para atender a &hellip;<\/p>\n<p class=\"read-more\"> <a class=\"\" href=\"https:\/\/sulsc.com\/index.php\/2026\/01\/05\/incendio-em-caminhao-interdita-br-101-no-morro-dos-cavalos-em-m-palhoca\/\"> <span class=\"screen-reader-text\">Inc\u00eandio em caminh\u00e3o interdita BR-101 no Morro dos Cavalos em Palho\u00e7a<\/span> Read More &raquo;<\/a><\/p>\n","protected":false},"author":3,"featured_media":31293,"comment_status":"open","ping_status":"open","sticky":false,"template":"","format":"standard","meta":{"site-sidebar-layout":"default","site-content-layout":"","ast-site-content-layout":"default","site-content-style":"default","site-sidebar-style":"default","ast-global-header-display":"","ast-banner-title-visibility":"","ast-main-header-display":"","ast-hfb-above-header-display":"","ast-hfb-below-header-display":"","ast-hfb-mobile-header-display":"","site-post-title":"","ast-breadcrumbs-content":"","ast-featured-img":"","footer-sml-layout":"","theme-transparent-header-meta":"default","adv-header-id-meta":"","stick-header-meta":"","header-above-stick-meta":"","header-main-stick-meta":"","header-below-stick-meta":"","astra-migrate-meta-layouts":"set","footnotes":""},"categories":[1,14,2782,12],"tags":[2316],"yoast_head":"<!-- This site is optimized with the Yoast SEO plugin v21.4 - https:\/\/yoast.com\/wordpress\/plugins\/seo\/ -->\n<title>Inc\u00eandio em caminh\u00e3o interdita BR-101 no Morro dos Cavalos em Palho\u00e7a -<\/title>\n<meta name=\"robots\" content=\"index, follow, max-snippet:-1, max-image-preview:large, max-video-preview:-1\" \/>\n<link rel=\"canonical\" href=\"https:\/\/sulsc.com\/index.php\/2026\/01\/05\/incendio-em-caminhao-interdita-br-101-no-morro-dos-cavalos-em-m-palhoca\/\" \/>\n<meta property=\"og:locale\" content=\"en_US\" \/>\n<meta property=\"og:type\" content=\"article\" \/>\n<meta property=\"og:title\" content=\"Inc\u00eandio em caminh\u00e3o interdita BR-101 no Morro dos Cavalos em Palho\u00e7a -\" \/>\n<meta property=\"og:description\" content=\"Um inc\u00eandio em um caminh\u00e3o na BR-101, km 235 (Morro dos Cavalos) em Palho\u00e7a, resultou na interdi\u00e7\u00e3o total da pista em ambos os sentidos, Norte e Sul, por volta das 18h52. A Concession\u00e1ria respons\u00e1vel pela rodovia, juntamente com o Corpo de Bombeiros e a Pol\u00edcia Rodovi\u00e1ria Federal (PRF), n\u00e3o est\u00e3o no local para atender a &hellip; Inc\u00eandio em caminh\u00e3o interdita BR-101 no Morro dos Cavalos em Palho\u00e7a Read More &raquo;\" \/>\n<meta property=\"og:url\" content=\"https:\/\/sulsc.com\/index.php\/2026\/01\/05\/incendio-em-caminhao-interdita-br-101-no-morro-dos-cavalos-em-m-palhoca\/\" \/>\n<meta property=\"article:author\" content=\"https:\/\/www.facebook.com\/profile.php?id=61559278119680\" \/>\n<meta property=\"article:published_time\" content=\"2026-01-05T22:18:09+00:00\" \/>\n<meta property=\"article:modified_time\" content=\"2026-01-05T22:20:45+00:00\" \/>\n<meta property=\"og:image\" content=\"http:\/\/sulsc.com\/wp-content\/uploads\/2026\/01\/97086e53-8a50-4a33-b7e9-fea9e59d8d72.jpeg\" \/>\n\t<meta property=\"og:image:width\" content=\"1080\" \/>\n\t<meta property=\"og:image:height\" content=\"579\" \/>\n\t<meta property=\"og:image:type\" content=\"image\/jpeg\" \/>\n<meta name=\"author\" content=\"Reda\u00e7\u00e3o Sul SC\" \/>\n<meta name=\"twitter:card\" content=\"summary_large_image\" \/>\n<meta name=\"twitter:creator\" content=\"@https:\/\/twitter.com\/PortalSulSC\" \/>\n<meta name=\"twitter:label1\" content=\"Written by\" \/>\n\t<meta name=\"twitter:data1\" content=\"Reda\u00e7\u00e3o Sul SC\" \/>\n\t<meta name=\"twitter:label2\" content=\"Est. reading time\" \/>\n\t<meta name=\"twitter:data2\" content=\"1 minute\" \/>\n<script type=\"application\/ld+json\" class=\"yoast-schema-graph\">{\"@context\":\"https:\/\/schema.org\",\"@graph\":[{\"@type\":\"WebPage\",\"@id\":\"https:\/\/sulsc.com\/index.php\/2026\/01\/05\/incendio-em-caminhao-interdita-br-101-no-morro-dos-cavalos-em-m-palhoca\/\",\"url\":\"https:\/\/sulsc.com\/index.php\/2026\/01\/05\/incendio-em-caminhao-interdita-br-101-no-morro-dos-cavalos-em-m-palhoca\/\",\"name\":\"Inc\u00eandio em caminh\u00e3o interdita BR-101 no Morro dos Cavalos em Palho\u00e7a -\",\"isPartOf\":{\"@id\":\"https:\/\/sulsc.com\/#website\"},\"datePublished\":\"2026-01-05T22:18:09+00:00\",\"dateModified\":\"2026-01-05T22:20:45+00:00\",\"author\":{\"@id\":\"https:\/\/sulsc.com\/#\/schema\/person\/84d2fc571684f6248ba83092f07750a3\"},\"breadcrumb\":{\"@id\":\"https:\/\/sulsc.com\/index.php\/2026\/01\/05\/incendio-em-caminhao-interdita-br-101-no-morro-dos-cavalos-em-m-palhoca\/#breadcrumb\"},\"inLanguage\":\"en-US\",\"potentialAction\":[{\"@type\":\"ReadAction\",\"target\":[\"https:\/\/sulsc.com\/index.php\/2026\/01\/05\/incendio-em-caminhao-interdita-br-101-no-morro-dos-cavalos-em-m-palhoca\/\"]}]},{\"@type\":\"BreadcrumbList\",\"@id\":\"https:\/\/sulsc.com\/index.php\/2026\/01\/05\/incendio-em-caminhao-interdita-br-101-no-morro-dos-cavalos-em-m-palhoca\/#breadcrumb\",\"itemListElement\":[{\"@type\":\"ListItem\",\"position\":1,\"name\":\"In\u00edcio\",\"item\":\"https:\/\/sulsc.com\/\"},{\"@type\":\"ListItem\",\"position\":2,\"name\":\"Inc\u00eandio em caminh\u00e3o interdita BR-101 no Morro dos Cavalos em Palho\u00e7a\"}]},{\"@type\":\"WebSite\",\"@id\":\"https:\/\/sulsc.com\/#website\",\"url\":\"https:\/\/sulsc.com\/\",\"name\":\"\",\"description\":\"\",\"potentialAction\":[{\"@type\":\"SearchAction\",\"target\":{\"@type\":\"EntryPoint\",\"urlTemplate\":\"https:\/\/sulsc.com\/?s={search_term_string}\"},\"query-input\":\"required name=search_term_string\"}],\"inLanguage\":\"en-US\"},{\"@type\":\"Person\",\"@id\":\"https:\/\/sulsc.com\/#\/schema\/person\/84d2fc571684f6248ba83092f07750a3\",\"name\":\"Reda\u00e7\u00e3o Sul SC\",\"image\":{\"@type\":\"ImageObject\",\"inLanguage\":\"en-US\",\"@id\":\"https:\/\/sulsc.com\/#\/schema\/person\/image\/e08d7fe2cc4ed596372063bbe852b8d0\",\"url\":\"https:\/\/sulsc.com\/wp-content\/uploads\/2023\/09\/redacao.png\",\"contentUrl\":\"https:\/\/sulsc.com\/wp-content\/uploads\/2023\/09\/redacao.png\",\"caption\":\"Reda\u00e7\u00e3o Sul SC\"},\"description\":\"Foco em um jornalismo imparcial, voltado \u00e0 qualidade dos seus conte\u00fados e, assim, levar informa\u00e7\u00e3o de valor que agregue \u00e0 vida dos leitores. Esta \u00e9 grande miss\u00e3o do Portal de Not\u00edcias Sul SC. N\u00e3o \u00e9 quantidade que muda o mundo, sempre foi e seguir\u00e1 sendo qualidade!\",\"sameAs\":[\"https:\/\/sulsc.com\/\",\"https:\/\/www.facebook.com\/profile.php?id=61559278119680\",\"https:\/\/www.instagram.com\/sulscportal\/?hl=pt-br\",\"https:\/\/twitter.com\/https:\/\/twitter.com\/PortalSulSC\",\"https:\/\/www.youtube.com\/channel\/UCv_BE8GeySluDov2n8qhVmw\"],\"url\":\"https:\/\/sulsc.com\/index.php\/author\/redacao\/\"}]}<\/script>\n<!-- \/ Yoast SEO plugin. -->","yoast_head_json":{"title":"Inc\u00eandio em caminh\u00e3o interdita BR-101 no Morro dos Cavalos em Palho\u00e7a -","robots":{"index":"index","follow":"follow","max-snippet":"max-snippet:-1","max-image-preview":"max-image-preview:large","max-video-preview":"max-video-preview:-1"},"canonical":"https:\/\/sulsc.com\/index.php\/2026\/01\/05\/incendio-em-caminhao-interdita-br-101-no-morro-dos-cavalos-em-m-palhoca\/","og_locale":"en_US","og_type":"article","og_title":"Inc\u00eandio em caminh\u00e3o interdita BR-101 no Morro dos Cavalos em Palho\u00e7a -","og_description":"Um inc\u00eandio em um caminh\u00e3o na BR-101, km 235 (Morro dos Cavalos) em Palho\u00e7a, resultou na interdi\u00e7\u00e3o total da pista em ambos os sentidos, Norte e Sul, por volta das 18h52. A Concession\u00e1ria respons\u00e1vel pela rodovia, juntamente com o Corpo de Bombeiros e a Pol\u00edcia Rodovi\u00e1ria Federal (PRF), n\u00e3o est\u00e3o no local para atender a &hellip; Inc\u00eandio em caminh\u00e3o interdita BR-101 no Morro dos Cavalos em Palho\u00e7a Read More &raquo;","og_url":"https:\/\/sulsc.com\/index.php\/2026\/01\/05\/incendio-em-caminhao-interdita-br-101-no-morro-dos-cavalos-em-m-palhoca\/","article_author":"https:\/\/www.facebook.com\/profile.php?id=61559278119680","article_published_time":"2026-01-05T22:18:09+00:00","article_modified_time":"2026-01-05T22:20:45+00:00","og_image":[{"width":1080,"height":579,"url":"http:\/\/sulsc.com\/wp-content\/uploads\/2026\/01\/97086e53-8a50-4a33-b7e9-fea9e59d8d72.jpeg","type":"image\/jpeg"}],"author":"Reda\u00e7\u00e3o Sul SC","twitter_card":"summary_large_image","twitter_creator":"@https:\/\/twitter.com\/PortalSulSC","twitter_misc":{"Written by":"Reda\u00e7\u00e3o Sul SC","Est. reading time":"1 minute"},"schema":{"@context":"https:\/\/schema.org","@graph":[{"@type":"WebPage","@id":"https:\/\/sulsc.com\/index.php\/2026\/01\/05\/incendio-em-caminhao-interdita-br-101-no-morro-dos-cavalos-em-m-palhoca\/","url":"https:\/\/sulsc.com\/index.php\/2026\/01\/05\/incendio-em-caminhao-interdita-br-101-no-morro-dos-cavalos-em-m-palhoca\/","name":"Inc\u00eandio em caminh\u00e3o interdita BR-101 no Morro dos Cavalos em Palho\u00e7a -","isPartOf":{"@id":"https:\/\/sulsc.com\/#website"},"datePublished":"2026-01-05T22:18:09+00:00","dateModified":"2026-01-05T22:20:45+00:00","author":{"@id":"https:\/\/sulsc.com\/#\/schema\/person\/84d2fc571684f6248ba83092f07750a3"},"breadcrumb":{"@id":"https:\/\/sulsc.com\/index.php\/2026\/01\/05\/incendio-em-caminhao-interdita-br-101-no-morro-dos-cavalos-em-m-palhoca\/#breadcrumb"},"inLanguage":"en-US","potentialAction":[{"@type":"ReadAction","target":["https:\/\/sulsc.com\/index.php\/2026\/01\/05\/incendio-em-caminhao-interdita-br-101-no-morro-dos-cavalos-em-m-palhoca\/"]}]},{"@type":"BreadcrumbList","@id":"https:\/\/sulsc.com\/index.php\/2026\/01\/05\/incendio-em-caminhao-interdita-br-101-no-morro-dos-cavalos-em-m-palhoca\/#breadcrumb","itemListElement":[{"@type":"ListItem","position":1,"name":"In\u00edcio","item":"https:\/\/sulsc.com\/"},{"@type":"ListItem","position":2,"name":"Inc\u00eandio em caminh\u00e3o interdita BR-101 no Morro dos Cavalos em Palho\u00e7a"}]},{"@type":"WebSite","@id":"https:\/\/sulsc.com\/#website","url":"https:\/\/sulsc.com\/","name":"","description":"","potentialAction":[{"@type":"SearchAction","target":{"@type":"EntryPoint","urlTemplate":"https:\/\/sulsc.com\/?s={search_term_string}"},"query-input":"required name=search_term_string"}],"inLanguage":"en-US"},{"@type":"Person","@id":"https:\/\/sulsc.com\/#\/schema\/person\/84d2fc571684f6248ba83092f07750a3","name":"Reda\u00e7\u00e3o Sul SC","image":{"@type":"ImageObject","inLanguage":"en-US","@id":"https:\/\/sulsc.com\/#\/schema\/person\/image\/e08d7fe2cc4ed596372063bbe852b8d0","url":"https:\/\/sulsc.com\/wp-content\/uploads\/2023\/09\/redacao.png","contentUrl":"https:\/\/sulsc.com\/wp-content\/uploads\/2023\/09\/redacao.png","caption":"Reda\u00e7\u00e3o Sul SC"},"description":"Foco em um jornalismo imparcial, voltado \u00e0 qualidade dos seus conte\u00fados e, assim, levar informa\u00e7\u00e3o de valor que agregue \u00e0 vida dos leitores. Esta \u00e9 grande miss\u00e3o do Portal de Not\u00edcias Sul SC. N\u00e3o \u00e9 quantidade que muda o mundo, sempre foi e seguir\u00e1 sendo qualidade!","sameAs":["https:\/\/sulsc.com\/","https:\/\/www.facebook.com\/profile.php?id=61559278119680","https:\/\/www.instagram.com\/sulscportal\/?hl=pt-br","https:\/\/twitter.com\/https:\/\/twitter.com\/PortalSulSC","https:\/\/www.youtube.com\/channel\/UCv_BE8GeySluDov2n8qhVmw"],"url":"https:\/\/sulsc.com\/index.php\/author\/redacao\/"}]}},"authors":[],"_links":{"self":[{"href":"https:\/\/sulsc.com\/index.php\/wp-json\/wp\/v2\/posts\/31291"}],"collection":[{"href":"https:\/\/sulsc.com\/index.php\/wp-json\/wp\/v2\/posts"}],"about":[{"href":"https:\/\/sulsc.com\/index.php\/wp-json\/wp\/v2\/types\/post"}],"author":[{"embeddable":true,"href":"https:\/\/sulsc.com\/index.php\/wp-json\/wp\/v2\/users\/3"}],"replies":[{"embeddable":true,"href":"https:\/\/sulsc.com\/index.php\/wp-json\/wp\/v2\/comments?post=31291"}],"version-history":[{"count":3,"href":"https:\/\/sulsc.com\/index.php\/wp-json\/wp\/v2\/posts\/31291\/revisions"}],"predecessor-version":[{"id":31296,"href":"https:\/\/sulsc.com\/index.php\/wp-json\/wp\/v2\/posts\/31291\/revisions\/31296"}],"wp:featuredmedia":[{"embeddable":true,"href":"https:\/\/sulsc.com\/index.php\/wp-json\/wp\/v2\/media\/31293"}],"wp:attachment":[{"href":"https:\/\/sulsc.com\/index.php\/wp-json\/wp\/v2\/media?parent=31291"}],"wp:term":[{"taxonomy":"category","embeddable":true,"href":"https:\/\/sulsc.com\/index.php\/wp-json\/wp\/v2\/categories?post=31291"},{"taxonomy":"post_tag","embeddable":true,"href":"https:\/\/sulsc.com\/index.php\/wp-json\/wp\/v2\/tags?post=31291"}],"curies":[{"name":"wp","href":"https:\/\/api.w.org\/{rel}","templated":true}]}}