{"id":31306,"date":"2026-01-06T08:38:24","date_gmt":"2026-01-06T11:38:24","guid":{"rendered":"https:\/\/sulsc.com\/?p=31306"},"modified":"2026-01-06T08:38:24","modified_gmt":"2026-01-06T11:38:24","slug":"ministerio-lanca-edital-para-formar-agentes-populares-de-saude","status":"publish","type":"post","link":"https:\/\/sulsc.com\/index.php\/2026\/01\/06\/ministerio-lanca-edital-para-formar-agentes-populares-de-saude\/","title":{"rendered":"Minist\u00e9rio lan\u00e7a edital para formar agentes populares de sa\u00fade"},"content":{"rendered":"<p>O Minist\u00e9rio da Sa\u00fade, em parceria com a Ag\u00eancia Brasileira de Apoio \u00e0 Gest\u00e3o do SUS (AgSUS), publicou novo edital do Programa de Forma\u00e7\u00e3o de Agentes Educadoras e Educadores Populares de Sa\u00fade (AgPopSUS). A chamada p\u00fablica fica aberta at\u00e9 18 de janeiro e tem como objetivo selecionar movimentos sociais populares para a forma\u00e7\u00e3o de 450 turmas em 17 unidades da Federa\u00e7\u00e3o.<\/p>\n<p>O edital prev\u00ea o pagamento de bolsa mensal de R$ 2,5 mil para educadores e de R$ 560 para educandos, como incentivo para custear deslocamento e outras despesas necess\u00e1rias \u00e0 perman\u00eancia no curso. Cada turma ser\u00e1 composta por um educador e 20 estudantes, o que pode beneficiar at\u00e9 9 mil participantes em todo o pa\u00eds.<\/p>\n<p>A distribui\u00e7\u00e3o das turmas entre os estados levar\u00e1 em conta crit\u00e9rios de equidade, com prioridade para regi\u00f5es com maior concentra\u00e7\u00e3o de pobreza, maior impacto em escala e maior popula\u00e7\u00e3o em situa\u00e7\u00e3o de vulnerabilidade. O curso ser\u00e1 ofertado em 17 unidades da Federa\u00e7\u00e3o: Alagoas, Bahia, Cear\u00e1, Esp\u00edrito Santo, Goi\u00e1s, Minas Gerais, Para\u00edba, Paran\u00e1, Pernambuco, Piau\u00ed, Rio de Janeiro, Rio Grande do Norte, Rio Grande do Sul, Santa Catarina, S\u00e3o Paulo, Sergipe e Distrito Federal.<\/p>\n<p><img fetchpriority=\"high\" decoding=\"async\" class=\"aligncenter size-full wp-image-31307\" src=\"http:\/\/sulsc.com\/wp-content\/uploads\/2026\/01\/1001022-16022016_dsc7138-.webp\" alt=\"\" width=\"1170\" height=\"700\" srcset=\"https:\/\/sulsc.com\/wp-content\/uploads\/2026\/01\/1001022-16022016_dsc7138-.webp 1170w, https:\/\/sulsc.com\/wp-content\/uploads\/2026\/01\/1001022-16022016_dsc7138--300x179.webp 300w, https:\/\/sulsc.com\/wp-content\/uploads\/2026\/01\/1001022-16022016_dsc7138--1024x613.webp 1024w, https:\/\/sulsc.com\/wp-content\/uploads\/2026\/01\/1001022-16022016_dsc7138--768x459.webp 768w\" sizes=\"(max-width: 1170px) 100vw, 1170px\" \/><\/p>\n<p>Divulga\u00e7\u00e3o\/SulSC<\/p>\n<p>O Programa de Forma\u00e7\u00e3o de Agentes Educadoras e Educadores Populares de Sa\u00fade busca fortalecer a atua\u00e7\u00e3o dos movimentos sociais populares na defesa do SUS e do direito \u00e0 sa\u00fade, ampliando o protagonismo popular, a articula\u00e7\u00e3o de saberes e as pr\u00e1ticas de educa\u00e7\u00e3o popular em sa\u00fade nos territ\u00f3rios.<\/p>\n<p>Desde a cria\u00e7\u00e3o do programa, o AgPopSUS vem contribuindo para a constru\u00e7\u00e3o de uma rede nacional de agentes educadoras e educadores populares comprometidos com o acesso aos servi\u00e7os de sa\u00fade, especialmente em \u00e1reas de maior vulnerabilidade social.<\/p>\n<p>A iniciativa integra saberes tradicionais e populares e tem origem na experi\u00eancia de atua\u00e7\u00e3o de movimentos sociais durante a pandemia de covid-19, quando lideran\u00e7as comunit\u00e1rias passaram a atuar como agentes populares de sa\u00fade na prote\u00e7\u00e3o de seus territ\u00f3rios.<\/p>\n<p>Foto\/ Tomaz Silva\/Ag\u00eancia Brasil<\/p>\n","protected":false},"excerpt":{"rendered":"<p>O Minist\u00e9rio da Sa\u00fade, em parceria com a Ag\u00eancia Brasileira de Apoio \u00e0 Gest\u00e3o do SUS (AgSUS), publicou novo edital do Programa de Forma\u00e7\u00e3o de Agentes Educadoras e Educadores Populares de Sa\u00fade (AgPopSUS). A chamada p\u00fablica fica aberta at\u00e9 18 de janeiro e tem como objetivo selecionar movimentos sociais populares para a forma\u00e7\u00e3o de 450 &hellip;<\/p>\n<p class=\"read-more\"> <a class=\"\" href=\"https:\/\/sulsc.com\/index.php\/2026\/01\/06\/ministerio-lanca-edital-para-formar-agentes-populares-de-saude\/\"> <span class=\"screen-reader-text\">Minist\u00e9rio lan\u00e7a edital para formar agentes populares de sa\u00fade<\/span> Read More &raquo;<\/a><\/p>\n","protected":false},"author":3,"featured_media":31307,"comment_status":"open","ping_status":"open","sticky":false,"template":"","format":"standard","meta":{"site-sidebar-layout":"default","site-content-layout":"","ast-site-content-layout":"default","site-content-style":"default","site-sidebar-style":"default","ast-global-header-display":"","ast-banner-title-visibility":"","ast-main-header-display":"","ast-hfb-above-header-display":"","ast-hfb-below-header-display":"","ast-hfb-mobile-header-display":"","site-post-title":"","ast-breadcrumbs-content":"","ast-featured-img":"","footer-sml-layout":"","theme-transparent-header-meta":"default","adv-header-id-meta":"","stick-header-meta":"","header-above-stick-meta":"","header-main-stick-meta":"","header-below-stick-meta":"","astra-migrate-meta-layouts":"set","footnotes":""},"categories":[1,2281,12],"tags":[1723],"yoast_head":"<!-- This site is optimized with the Yoast SEO plugin v21.4 - https:\/\/yoast.com\/wordpress\/plugins\/seo\/ -->\n<title>Minist\u00e9rio lan\u00e7a edital para formar agentes populares de sa\u00fade -<\/title>\n<meta name=\"robots\" content=\"index, follow, max-snippet:-1, max-image-preview:large, max-video-preview:-1\" \/>\n<link rel=\"canonical\" href=\"https:\/\/sulsc.com\/index.php\/2026\/01\/06\/ministerio-lanca-edital-para-formar-agentes-populares-de-saude\/\" \/>\n<meta property=\"og:locale\" content=\"en_US\" \/>\n<meta property=\"og:type\" content=\"article\" \/>\n<meta property=\"og:title\" content=\"Minist\u00e9rio lan\u00e7a edital para formar agentes populares de sa\u00fade -\" \/>\n<meta property=\"og:description\" content=\"O Minist\u00e9rio da Sa\u00fade, em parceria com a Ag\u00eancia Brasileira de Apoio \u00e0 Gest\u00e3o do SUS (AgSUS), publicou novo edital do Programa de Forma\u00e7\u00e3o de Agentes Educadoras e Educadores Populares de Sa\u00fade (AgPopSUS). A chamada p\u00fablica fica aberta at\u00e9 18 de janeiro e tem como objetivo selecionar movimentos sociais populares para a forma\u00e7\u00e3o de 450 &hellip; Minist\u00e9rio lan\u00e7a edital para formar agentes populares de sa\u00fade Read More &raquo;\" \/>\n<meta property=\"og:url\" content=\"https:\/\/sulsc.com\/index.php\/2026\/01\/06\/ministerio-lanca-edital-para-formar-agentes-populares-de-saude\/\" \/>\n<meta property=\"article:author\" content=\"https:\/\/www.facebook.com\/profile.php?id=61559278119680\" \/>\n<meta property=\"article:published_time\" content=\"2026-01-06T11:38:24+00:00\" \/>\n<meta property=\"og:image\" content=\"http:\/\/sulsc.com\/wp-content\/uploads\/2026\/01\/1001022-16022016_dsc7138-.webp\" \/>\n\t<meta property=\"og:image:width\" content=\"1170\" \/>\n\t<meta property=\"og:image:height\" content=\"700\" \/>\n\t<meta property=\"og:image:type\" content=\"image\/webp\" \/>\n<meta name=\"author\" content=\"Reda\u00e7\u00e3o Sul SC\" \/>\n<meta name=\"twitter:card\" content=\"summary_large_image\" \/>\n<meta name=\"twitter:creator\" content=\"@https:\/\/twitter.com\/PortalSulSC\" \/>\n<meta name=\"twitter:label1\" content=\"Written by\" \/>\n\t<meta name=\"twitter:data1\" content=\"Reda\u00e7\u00e3o Sul SC\" \/>\n\t<meta name=\"twitter:label2\" content=\"Est. reading time\" \/>\n\t<meta name=\"twitter:data2\" content=\"2 minutes\" \/>\n<script type=\"application\/ld+json\" class=\"yoast-schema-graph\">{\"@context\":\"https:\/\/schema.org\",\"@graph\":[{\"@type\":\"WebPage\",\"@id\":\"https:\/\/sulsc.com\/index.php\/2026\/01\/06\/ministerio-lanca-edital-para-formar-agentes-populares-de-saude\/\",\"url\":\"https:\/\/sulsc.com\/index.php\/2026\/01\/06\/ministerio-lanca-edital-para-formar-agentes-populares-de-saude\/\",\"name\":\"Minist\u00e9rio lan\u00e7a edital para formar agentes populares de sa\u00fade -\",\"isPartOf\":{\"@id\":\"https:\/\/sulsc.com\/#website\"},\"datePublished\":\"2026-01-06T11:38:24+00:00\",\"dateModified\":\"2026-01-06T11:38:24+00:00\",\"author\":{\"@id\":\"https:\/\/sulsc.com\/#\/schema\/person\/84d2fc571684f6248ba83092f07750a3\"},\"breadcrumb\":{\"@id\":\"https:\/\/sulsc.com\/index.php\/2026\/01\/06\/ministerio-lanca-edital-para-formar-agentes-populares-de-saude\/#breadcrumb\"},\"inLanguage\":\"en-US\",\"potentialAction\":[{\"@type\":\"ReadAction\",\"target\":[\"https:\/\/sulsc.com\/index.php\/2026\/01\/06\/ministerio-lanca-edital-para-formar-agentes-populares-de-saude\/\"]}]},{\"@type\":\"BreadcrumbList\",\"@id\":\"https:\/\/sulsc.com\/index.php\/2026\/01\/06\/ministerio-lanca-edital-para-formar-agentes-populares-de-saude\/#breadcrumb\",\"itemListElement\":[{\"@type\":\"ListItem\",\"position\":1,\"name\":\"In\u00edcio\",\"item\":\"https:\/\/sulsc.com\/\"},{\"@type\":\"ListItem\",\"position\":2,\"name\":\"Minist\u00e9rio lan\u00e7a edital para formar agentes populares de sa\u00fade\"}]},{\"@type\":\"WebSite\",\"@id\":\"https:\/\/sulsc.com\/#website\",\"url\":\"https:\/\/sulsc.com\/\",\"name\":\"\",\"description\":\"\",\"potentialAction\":[{\"@type\":\"SearchAction\",\"target\":{\"@type\":\"EntryPoint\",\"urlTemplate\":\"https:\/\/sulsc.com\/?s={search_term_string}\"},\"query-input\":\"required name=search_term_string\"}],\"inLanguage\":\"en-US\"},{\"@type\":\"Person\",\"@id\":\"https:\/\/sulsc.com\/#\/schema\/person\/84d2fc571684f6248ba83092f07750a3\",\"name\":\"Reda\u00e7\u00e3o Sul SC\",\"image\":{\"@type\":\"ImageObject\",\"inLanguage\":\"en-US\",\"@id\":\"https:\/\/sulsc.com\/#\/schema\/person\/image\/e08d7fe2cc4ed596372063bbe852b8d0\",\"url\":\"https:\/\/sulsc.com\/wp-content\/uploads\/2023\/09\/redacao.png\",\"contentUrl\":\"https:\/\/sulsc.com\/wp-content\/uploads\/2023\/09\/redacao.png\",\"caption\":\"Reda\u00e7\u00e3o Sul SC\"},\"description\":\"Foco em um jornalismo imparcial, voltado \u00e0 qualidade dos seus conte\u00fados e, assim, levar informa\u00e7\u00e3o de valor que agregue \u00e0 vida dos leitores. Esta \u00e9 grande miss\u00e3o do Portal de Not\u00edcias Sul SC. N\u00e3o \u00e9 quantidade que muda o mundo, sempre foi e seguir\u00e1 sendo qualidade!\",\"sameAs\":[\"https:\/\/sulsc.com\/\",\"https:\/\/www.facebook.com\/profile.php?id=61559278119680\",\"https:\/\/www.instagram.com\/sulscportal\/?hl=pt-br\",\"https:\/\/twitter.com\/https:\/\/twitter.com\/PortalSulSC\",\"https:\/\/www.youtube.com\/channel\/UCv_BE8GeySluDov2n8qhVmw\"],\"url\":\"https:\/\/sulsc.com\/index.php\/author\/redacao\/\"}]}<\/script>\n<!-- \/ Yoast SEO plugin. -->","yoast_head_json":{"title":"Minist\u00e9rio lan\u00e7a edital para formar agentes populares de sa\u00fade -","robots":{"index":"index","follow":"follow","max-snippet":"max-snippet:-1","max-image-preview":"max-image-preview:large","max-video-preview":"max-video-preview:-1"},"canonical":"https:\/\/sulsc.com\/index.php\/2026\/01\/06\/ministerio-lanca-edital-para-formar-agentes-populares-de-saude\/","og_locale":"en_US","og_type":"article","og_title":"Minist\u00e9rio lan\u00e7a edital para formar agentes populares de sa\u00fade -","og_description":"O Minist\u00e9rio da Sa\u00fade, em parceria com a Ag\u00eancia Brasileira de Apoio \u00e0 Gest\u00e3o do SUS (AgSUS), publicou novo edital do Programa de Forma\u00e7\u00e3o de Agentes Educadoras e Educadores Populares de Sa\u00fade (AgPopSUS). A chamada p\u00fablica fica aberta at\u00e9 18 de janeiro e tem como objetivo selecionar movimentos sociais populares para a forma\u00e7\u00e3o de 450 &hellip; Minist\u00e9rio lan\u00e7a edital para formar agentes populares de sa\u00fade Read More &raquo;","og_url":"https:\/\/sulsc.com\/index.php\/2026\/01\/06\/ministerio-lanca-edital-para-formar-agentes-populares-de-saude\/","article_author":"https:\/\/www.facebook.com\/profile.php?id=61559278119680","article_published_time":"2026-01-06T11:38:24+00:00","og_image":[{"width":1170,"height":700,"url":"http:\/\/sulsc.com\/wp-content\/uploads\/2026\/01\/1001022-16022016_dsc7138-.webp","type":"image\/webp"}],"author":"Reda\u00e7\u00e3o Sul SC","twitter_card":"summary_large_image","twitter_creator":"@https:\/\/twitter.com\/PortalSulSC","twitter_misc":{"Written by":"Reda\u00e7\u00e3o Sul SC","Est. reading time":"2 minutes"},"schema":{"@context":"https:\/\/schema.org","@graph":[{"@type":"WebPage","@id":"https:\/\/sulsc.com\/index.php\/2026\/01\/06\/ministerio-lanca-edital-para-formar-agentes-populares-de-saude\/","url":"https:\/\/sulsc.com\/index.php\/2026\/01\/06\/ministerio-lanca-edital-para-formar-agentes-populares-de-saude\/","name":"Minist\u00e9rio lan\u00e7a edital para formar agentes populares de sa\u00fade -","isPartOf":{"@id":"https:\/\/sulsc.com\/#website"},"datePublished":"2026-01-06T11:38:24+00:00","dateModified":"2026-01-06T11:38:24+00:00","author":{"@id":"https:\/\/sulsc.com\/#\/schema\/person\/84d2fc571684f6248ba83092f07750a3"},"breadcrumb":{"@id":"https:\/\/sulsc.com\/index.php\/2026\/01\/06\/ministerio-lanca-edital-para-formar-agentes-populares-de-saude\/#breadcrumb"},"inLanguage":"en-US","potentialAction":[{"@type":"ReadAction","target":["https:\/\/sulsc.com\/index.php\/2026\/01\/06\/ministerio-lanca-edital-para-formar-agentes-populares-de-saude\/"]}]},{"@type":"BreadcrumbList","@id":"https:\/\/sulsc.com\/index.php\/2026\/01\/06\/ministerio-lanca-edital-para-formar-agentes-populares-de-saude\/#breadcrumb","itemListElement":[{"@type":"ListItem","position":1,"name":"In\u00edcio","item":"https:\/\/sulsc.com\/"},{"@type":"ListItem","position":2,"name":"Minist\u00e9rio lan\u00e7a edital para formar agentes populares de sa\u00fade"}]},{"@type":"WebSite","@id":"https:\/\/sulsc.com\/#website","url":"https:\/\/sulsc.com\/","name":"","description":"","potentialAction":[{"@type":"SearchAction","target":{"@type":"EntryPoint","urlTemplate":"https:\/\/sulsc.com\/?s={search_term_string}"},"query-input":"required name=search_term_string"}],"inLanguage":"en-US"},{"@type":"Person","@id":"https:\/\/sulsc.com\/#\/schema\/person\/84d2fc571684f6248ba83092f07750a3","name":"Reda\u00e7\u00e3o Sul SC","image":{"@type":"ImageObject","inLanguage":"en-US","@id":"https:\/\/sulsc.com\/#\/schema\/person\/image\/e08d7fe2cc4ed596372063bbe852b8d0","url":"https:\/\/sulsc.com\/wp-content\/uploads\/2023\/09\/redacao.png","contentUrl":"https:\/\/sulsc.com\/wp-content\/uploads\/2023\/09\/redacao.png","caption":"Reda\u00e7\u00e3o Sul SC"},"description":"Foco em um jornalismo imparcial, voltado \u00e0 qualidade dos seus conte\u00fados e, assim, levar informa\u00e7\u00e3o de valor que agregue \u00e0 vida dos leitores. Esta \u00e9 grande miss\u00e3o do Portal de Not\u00edcias Sul SC. N\u00e3o \u00e9 quantidade que muda o mundo, sempre foi e seguir\u00e1 sendo qualidade!","sameAs":["https:\/\/sulsc.com\/","https:\/\/www.facebook.com\/profile.php?id=61559278119680","https:\/\/www.instagram.com\/sulscportal\/?hl=pt-br","https:\/\/twitter.com\/https:\/\/twitter.com\/PortalSulSC","https:\/\/www.youtube.com\/channel\/UCv_BE8GeySluDov2n8qhVmw"],"url":"https:\/\/sulsc.com\/index.php\/author\/redacao\/"}]}},"authors":[],"_links":{"self":[{"href":"https:\/\/sulsc.com\/index.php\/wp-json\/wp\/v2\/posts\/31306"}],"collection":[{"href":"https:\/\/sulsc.com\/index.php\/wp-json\/wp\/v2\/posts"}],"about":[{"href":"https:\/\/sulsc.com\/index.php\/wp-json\/wp\/v2\/types\/post"}],"author":[{"embeddable":true,"href":"https:\/\/sulsc.com\/index.php\/wp-json\/wp\/v2\/users\/3"}],"replies":[{"embeddable":true,"href":"https:\/\/sulsc.com\/index.php\/wp-json\/wp\/v2\/comments?post=31306"}],"version-history":[{"count":1,"href":"https:\/\/sulsc.com\/index.php\/wp-json\/wp\/v2\/posts\/31306\/revisions"}],"predecessor-version":[{"id":31308,"href":"https:\/\/sulsc.com\/index.php\/wp-json\/wp\/v2\/posts\/31306\/revisions\/31308"}],"wp:featuredmedia":[{"embeddable":true,"href":"https:\/\/sulsc.com\/index.php\/wp-json\/wp\/v2\/media\/31307"}],"wp:attachment":[{"href":"https:\/\/sulsc.com\/index.php\/wp-json\/wp\/v2\/media?parent=31306"}],"wp:term":[{"taxonomy":"category","embeddable":true,"href":"https:\/\/sulsc.com\/index.php\/wp-json\/wp\/v2\/categories?post=31306"},{"taxonomy":"post_tag","embeddable":true,"href":"https:\/\/sulsc.com\/index.php\/wp-json\/wp\/v2\/tags?post=31306"}],"curies":[{"name":"wp","href":"https:\/\/api.w.org\/{rel}","templated":true}]}}