{"id":31309,"date":"2026-01-06T11:53:13","date_gmt":"2026-01-06T14:53:13","guid":{"rendered":"https:\/\/sulsc.com\/?p=31309"},"modified":"2026-01-06T11:53:13","modified_gmt":"2026-01-06T14:53:13","slug":"acao-da-policia-militar-resulta-na-captura-de-homem-foragido-do-sistema-prisional","status":"publish","type":"post","link":"https:\/\/sulsc.com\/index.php\/2026\/01\/06\/acao-da-policia-militar-resulta-na-captura-de-homem-foragido-do-sistema-prisional\/","title":{"rendered":"A\u00e7\u00e3o da Pol\u00edcia Militar resulta na captura de Homem foragido do sistema prisional"},"content":{"rendered":"<p>No in\u00edcio da noite desta segunda-feira (05), por volta das 18h57min, a Pol\u00edcia Militar de Imbituba foi acionada pelo Centro de Opera\u00e7\u00f5es para investigar uma briga entre dois homens. Ao chegarem ao local, os policiais foram informados de que um dos envolvidos havia se escondido em uma resid\u00eancia, onde o mesmo seria foragido do sistema prisional.<\/p>\n<div id=\"metaslider-id-25573\" style=\"width: 100%;\" class=\"ml-slider-3-99-0 metaslider metaslider-flex metaslider-25573 ml-slider has-onhover-arrows ms-theme-default-base has-dots-nav\" role=\"region\" aria-label=\"Meio\" data-width=\"1200\">\n    <div id=\"metaslider_container_25573\">\n        <div id=\"metaslider_25573\">\n            <ul class='slides'>\n                <li style=\"display: block; width: 100%;\" class=\"slide-25684 ms-image \" aria-roledescription=\"slide\" data-date=\"2025-07-24 07:55:40\"><img src=\"https:\/\/sulsc.com\/wp-content\/uploads\/2025\/07\/Marr-2-1000x166.jpg\" height=\"200\" width=\"1200\" alt=\"\" class=\"slider-25573 slide-25684 msDefaultImage\" title=\"Marr 2\" \/><\/li>\n                <li style=\"display: none; width: 100%;\" class=\"slide-32412 ms-image \" aria-roledescription=\"slide\" data-date=\"2026-02-18 13:59:46\"><img src=\"https:\/\/sulsc.com\/wp-content\/uploads\/2026\/02\/40dc1580-cad5-4867-bc58-c4243821ad38-1000x166.jpeg\" height=\"200\" width=\"1200\" alt=\"\" class=\"slider-25573 slide-32412 msDefaultImage\" title=\"40dc1580-cad5-4867-bc58-c4243821ad38\" \/><\/li>\n                <li style=\"display: none; width: 100%;\" class=\"slide-32766 ms-image \" aria-roledescription=\"slide\" data-date=\"2026-03-03 17:22:59\"><img src=\"https:\/\/sulsc.com\/wp-content\/uploads\/2026\/03\/271ce739-f268-41c5-8051-3de1a1750359-1000x166.jpeg\" height=\"200\" width=\"1200\" alt=\"\" class=\"slider-25573 slide-32766 msDefaultImage\" title=\"271ce739-f268-41c5-8051-3de1a1750359\" \/><\/li>\n            <\/ul>\n        <\/div>\n        \n    <\/div>\n<\/div>\n<p>Durante a abordagem, o homem se apresentou com um nome falso. Entretanto, ap\u00f3s consultas aos sistemas policiais, os policiais\u00a0 identificaram sua verdadeira identidade. O homem de 28 anos, tinha um hist\u00f3rico criminal extenso e estava foragido desde novembro de 2025, ap\u00f3s n\u00e3o retornar de uma sa\u00edda tempor\u00e1ria.<\/p>\n<p>Diante da situa\u00e7\u00e3o, os policiais deram voz de pris\u00e3o ao homem, que foi conduzido ao Pres\u00eddio Regional de Imbituba para o cumprimento da pena.<\/p>\n<p><img fetchpriority=\"high\" decoding=\"async\" class=\"aligncenter size-full wp-image-26981\" src=\"http:\/\/sulsc.com\/wp-content\/uploads\/2025\/09\/Policia-Militar.png\" alt=\"\" width=\"941\" height=\"622\" srcset=\"https:\/\/sulsc.com\/wp-content\/uploads\/2025\/09\/Policia-Militar.png 941w, https:\/\/sulsc.com\/wp-content\/uploads\/2025\/09\/Policia-Militar-300x198.png 300w, https:\/\/sulsc.com\/wp-content\/uploads\/2025\/09\/Policia-Militar-768x508.png 768w\" sizes=\"(max-width: 941px) 100vw, 941px\" \/><\/p>\n<p>PMSC\/Divulga\u00e7\u00e3o\/SulSC<\/p>\n","protected":false},"excerpt":{"rendered":"<p>No in\u00edcio da noite desta segunda-feira (05), por volta das 18h57min, a Pol\u00edcia Militar de Imbituba foi acionada pelo Centro de Opera\u00e7\u00f5es para investigar uma briga entre dois homens. Ao chegarem ao local, os policiais foram informados de que um dos envolvidos havia se escondido em uma resid\u00eancia, onde o mesmo seria foragido do sistema &hellip;<\/p>\n<p class=\"read-more\"> <a class=\"\" href=\"https:\/\/sulsc.com\/index.php\/2026\/01\/06\/acao-da-policia-militar-resulta-na-captura-de-homem-foragido-do-sistema-prisional\/\"> <span class=\"screen-reader-text\">A\u00e7\u00e3o da Pol\u00edcia Militar resulta na captura de Homem foragido do sistema prisional<\/span> Read More &raquo;<\/a><\/p>\n","protected":false},"author":3,"featured_media":27046,"comment_status":"open","ping_status":"open","sticky":false,"template":"","format":"standard","meta":{"site-sidebar-layout":"default","site-content-layout":"","ast-site-content-layout":"default","site-content-style":"default","site-sidebar-style":"default","ast-global-header-display":"","ast-banner-title-visibility":"","ast-main-header-display":"","ast-hfb-above-header-display":"","ast-hfb-below-header-display":"","ast-hfb-mobile-header-display":"","site-post-title":"","ast-breadcrumbs-content":"","ast-featured-img":"","footer-sml-layout":"","theme-transparent-header-meta":"default","adv-header-id-meta":"","stick-header-meta":"","header-above-stick-meta":"","header-main-stick-meta":"","header-below-stick-meta":"","astra-migrate-meta-layouts":"set","footnotes":""},"categories":[1,41,12],"tags":[2790],"yoast_head":"<!-- This site is optimized with the Yoast SEO plugin v21.4 - https:\/\/yoast.com\/wordpress\/plugins\/seo\/ -->\n<title>A\u00e7\u00e3o da Pol\u00edcia Militar resulta na captura de Homem foragido do sistema prisional -<\/title>\n<meta name=\"robots\" content=\"index, follow, max-snippet:-1, max-image-preview:large, max-video-preview:-1\" \/>\n<link rel=\"canonical\" href=\"https:\/\/sulsc.com\/index.php\/2026\/01\/06\/acao-da-policia-militar-resulta-na-captura-de-homem-foragido-do-sistema-prisional\/\" \/>\n<meta property=\"og:locale\" content=\"en_US\" \/>\n<meta property=\"og:type\" content=\"article\" \/>\n<meta property=\"og:title\" content=\"A\u00e7\u00e3o da Pol\u00edcia Militar resulta na captura de Homem foragido do sistema prisional -\" \/>\n<meta property=\"og:description\" content=\"No in\u00edcio da noite desta segunda-feira (05), por volta das 18h57min, a Pol\u00edcia Militar de Imbituba foi acionada pelo Centro de Opera\u00e7\u00f5es para investigar uma briga entre dois homens. Ao chegarem ao local, os policiais foram informados de que um dos envolvidos havia se escondido em uma resid\u00eancia, onde o mesmo seria foragido do sistema &hellip; A\u00e7\u00e3o da Pol\u00edcia Militar resulta na captura de Homem foragido do sistema prisional Read More &raquo;\" \/>\n<meta property=\"og:url\" content=\"https:\/\/sulsc.com\/index.php\/2026\/01\/06\/acao-da-policia-militar-resulta-na-captura-de-homem-foragido-do-sistema-prisional\/\" \/>\n<meta property=\"article:author\" content=\"https:\/\/www.facebook.com\/profile.php?id=61559278119680\" \/>\n<meta property=\"article:published_time\" content=\"2026-01-06T14:53:13+00:00\" \/>\n<meta property=\"og:image\" content=\"http:\/\/sulsc.com\/wp-content\/uploads\/2025\/09\/policia-militar-sirene.jpg\" \/>\n\t<meta property=\"og:image:width\" content=\"1200\" \/>\n\t<meta property=\"og:image:height\" content=\"792\" \/>\n\t<meta property=\"og:image:type\" content=\"image\/jpeg\" \/>\n<meta name=\"author\" content=\"Reda\u00e7\u00e3o Sul SC\" \/>\n<meta name=\"twitter:card\" content=\"summary_large_image\" \/>\n<meta name=\"twitter:creator\" content=\"@https:\/\/twitter.com\/PortalSulSC\" \/>\n<meta name=\"twitter:label1\" content=\"Written by\" \/>\n\t<meta name=\"twitter:data1\" content=\"Reda\u00e7\u00e3o Sul SC\" \/>\n\t<meta name=\"twitter:label2\" content=\"Est. reading time\" \/>\n\t<meta name=\"twitter:data2\" content=\"1 minute\" \/>\n<script type=\"application\/ld+json\" class=\"yoast-schema-graph\">{\"@context\":\"https:\/\/schema.org\",\"@graph\":[{\"@type\":\"WebPage\",\"@id\":\"https:\/\/sulsc.com\/index.php\/2026\/01\/06\/acao-da-policia-militar-resulta-na-captura-de-homem-foragido-do-sistema-prisional\/\",\"url\":\"https:\/\/sulsc.com\/index.php\/2026\/01\/06\/acao-da-policia-militar-resulta-na-captura-de-homem-foragido-do-sistema-prisional\/\",\"name\":\"A\u00e7\u00e3o da Pol\u00edcia Militar resulta na captura de Homem foragido do sistema prisional -\",\"isPartOf\":{\"@id\":\"https:\/\/sulsc.com\/#website\"},\"datePublished\":\"2026-01-06T14:53:13+00:00\",\"dateModified\":\"2026-01-06T14:53:13+00:00\",\"author\":{\"@id\":\"https:\/\/sulsc.com\/#\/schema\/person\/84d2fc571684f6248ba83092f07750a3\"},\"breadcrumb\":{\"@id\":\"https:\/\/sulsc.com\/index.php\/2026\/01\/06\/acao-da-policia-militar-resulta-na-captura-de-homem-foragido-do-sistema-prisional\/#breadcrumb\"},\"inLanguage\":\"en-US\",\"potentialAction\":[{\"@type\":\"ReadAction\",\"target\":[\"https:\/\/sulsc.com\/index.php\/2026\/01\/06\/acao-da-policia-militar-resulta-na-captura-de-homem-foragido-do-sistema-prisional\/\"]}]},{\"@type\":\"BreadcrumbList\",\"@id\":\"https:\/\/sulsc.com\/index.php\/2026\/01\/06\/acao-da-policia-militar-resulta-na-captura-de-homem-foragido-do-sistema-prisional\/#breadcrumb\",\"itemListElement\":[{\"@type\":\"ListItem\",\"position\":1,\"name\":\"In\u00edcio\",\"item\":\"https:\/\/sulsc.com\/\"},{\"@type\":\"ListItem\",\"position\":2,\"name\":\"A\u00e7\u00e3o da Pol\u00edcia Militar resulta na captura de Homem foragido do sistema prisional\"}]},{\"@type\":\"WebSite\",\"@id\":\"https:\/\/sulsc.com\/#website\",\"url\":\"https:\/\/sulsc.com\/\",\"name\":\"\",\"description\":\"\",\"potentialAction\":[{\"@type\":\"SearchAction\",\"target\":{\"@type\":\"EntryPoint\",\"urlTemplate\":\"https:\/\/sulsc.com\/?s={search_term_string}\"},\"query-input\":\"required name=search_term_string\"}],\"inLanguage\":\"en-US\"},{\"@type\":\"Person\",\"@id\":\"https:\/\/sulsc.com\/#\/schema\/person\/84d2fc571684f6248ba83092f07750a3\",\"name\":\"Reda\u00e7\u00e3o Sul SC\",\"image\":{\"@type\":\"ImageObject\",\"inLanguage\":\"en-US\",\"@id\":\"https:\/\/sulsc.com\/#\/schema\/person\/image\/e08d7fe2cc4ed596372063bbe852b8d0\",\"url\":\"https:\/\/sulsc.com\/wp-content\/uploads\/2023\/09\/redacao.png\",\"contentUrl\":\"https:\/\/sulsc.com\/wp-content\/uploads\/2023\/09\/redacao.png\",\"caption\":\"Reda\u00e7\u00e3o Sul SC\"},\"description\":\"Foco em um jornalismo imparcial, voltado \u00e0 qualidade dos seus conte\u00fados e, assim, levar informa\u00e7\u00e3o de valor que agregue \u00e0 vida dos leitores. Esta \u00e9 grande miss\u00e3o do Portal de Not\u00edcias Sul SC. N\u00e3o \u00e9 quantidade que muda o mundo, sempre foi e seguir\u00e1 sendo qualidade!\",\"sameAs\":[\"https:\/\/sulsc.com\/\",\"https:\/\/www.facebook.com\/profile.php?id=61559278119680\",\"https:\/\/www.instagram.com\/sulscportal\/?hl=pt-br\",\"https:\/\/twitter.com\/https:\/\/twitter.com\/PortalSulSC\",\"https:\/\/www.youtube.com\/channel\/UCv_BE8GeySluDov2n8qhVmw\"],\"url\":\"https:\/\/sulsc.com\/index.php\/author\/redacao\/\"}]}<\/script>\n<!-- \/ Yoast SEO plugin. -->","yoast_head_json":{"title":"A\u00e7\u00e3o da Pol\u00edcia Militar resulta na captura de Homem foragido do sistema prisional -","robots":{"index":"index","follow":"follow","max-snippet":"max-snippet:-1","max-image-preview":"max-image-preview:large","max-video-preview":"max-video-preview:-1"},"canonical":"https:\/\/sulsc.com\/index.php\/2026\/01\/06\/acao-da-policia-militar-resulta-na-captura-de-homem-foragido-do-sistema-prisional\/","og_locale":"en_US","og_type":"article","og_title":"A\u00e7\u00e3o da Pol\u00edcia Militar resulta na captura de Homem foragido do sistema prisional -","og_description":"No in\u00edcio da noite desta segunda-feira (05), por volta das 18h57min, a Pol\u00edcia Militar de Imbituba foi acionada pelo Centro de Opera\u00e7\u00f5es para investigar uma briga entre dois homens. Ao chegarem ao local, os policiais foram informados de que um dos envolvidos havia se escondido em uma resid\u00eancia, onde o mesmo seria foragido do sistema &hellip; A\u00e7\u00e3o da Pol\u00edcia Militar resulta na captura de Homem foragido do sistema prisional Read More &raquo;","og_url":"https:\/\/sulsc.com\/index.php\/2026\/01\/06\/acao-da-policia-militar-resulta-na-captura-de-homem-foragido-do-sistema-prisional\/","article_author":"https:\/\/www.facebook.com\/profile.php?id=61559278119680","article_published_time":"2026-01-06T14:53:13+00:00","og_image":[{"width":1200,"height":792,"url":"http:\/\/sulsc.com\/wp-content\/uploads\/2025\/09\/policia-militar-sirene.jpg","type":"image\/jpeg"}],"author":"Reda\u00e7\u00e3o Sul SC","twitter_card":"summary_large_image","twitter_creator":"@https:\/\/twitter.com\/PortalSulSC","twitter_misc":{"Written by":"Reda\u00e7\u00e3o Sul SC","Est. reading time":"1 minute"},"schema":{"@context":"https:\/\/schema.org","@graph":[{"@type":"WebPage","@id":"https:\/\/sulsc.com\/index.php\/2026\/01\/06\/acao-da-policia-militar-resulta-na-captura-de-homem-foragido-do-sistema-prisional\/","url":"https:\/\/sulsc.com\/index.php\/2026\/01\/06\/acao-da-policia-militar-resulta-na-captura-de-homem-foragido-do-sistema-prisional\/","name":"A\u00e7\u00e3o da Pol\u00edcia Militar resulta na captura de Homem foragido do sistema prisional -","isPartOf":{"@id":"https:\/\/sulsc.com\/#website"},"datePublished":"2026-01-06T14:53:13+00:00","dateModified":"2026-01-06T14:53:13+00:00","author":{"@id":"https:\/\/sulsc.com\/#\/schema\/person\/84d2fc571684f6248ba83092f07750a3"},"breadcrumb":{"@id":"https:\/\/sulsc.com\/index.php\/2026\/01\/06\/acao-da-policia-militar-resulta-na-captura-de-homem-foragido-do-sistema-prisional\/#breadcrumb"},"inLanguage":"en-US","potentialAction":[{"@type":"ReadAction","target":["https:\/\/sulsc.com\/index.php\/2026\/01\/06\/acao-da-policia-militar-resulta-na-captura-de-homem-foragido-do-sistema-prisional\/"]}]},{"@type":"BreadcrumbList","@id":"https:\/\/sulsc.com\/index.php\/2026\/01\/06\/acao-da-policia-militar-resulta-na-captura-de-homem-foragido-do-sistema-prisional\/#breadcrumb","itemListElement":[{"@type":"ListItem","position":1,"name":"In\u00edcio","item":"https:\/\/sulsc.com\/"},{"@type":"ListItem","position":2,"name":"A\u00e7\u00e3o da Pol\u00edcia Militar resulta na captura de Homem foragido do sistema prisional"}]},{"@type":"WebSite","@id":"https:\/\/sulsc.com\/#website","url":"https:\/\/sulsc.com\/","name":"","description":"","potentialAction":[{"@type":"SearchAction","target":{"@type":"EntryPoint","urlTemplate":"https:\/\/sulsc.com\/?s={search_term_string}"},"query-input":"required name=search_term_string"}],"inLanguage":"en-US"},{"@type":"Person","@id":"https:\/\/sulsc.com\/#\/schema\/person\/84d2fc571684f6248ba83092f07750a3","name":"Reda\u00e7\u00e3o Sul SC","image":{"@type":"ImageObject","inLanguage":"en-US","@id":"https:\/\/sulsc.com\/#\/schema\/person\/image\/e08d7fe2cc4ed596372063bbe852b8d0","url":"https:\/\/sulsc.com\/wp-content\/uploads\/2023\/09\/redacao.png","contentUrl":"https:\/\/sulsc.com\/wp-content\/uploads\/2023\/09\/redacao.png","caption":"Reda\u00e7\u00e3o Sul SC"},"description":"Foco em um jornalismo imparcial, voltado \u00e0 qualidade dos seus conte\u00fados e, assim, levar informa\u00e7\u00e3o de valor que agregue \u00e0 vida dos leitores. Esta \u00e9 grande miss\u00e3o do Portal de Not\u00edcias Sul SC. N\u00e3o \u00e9 quantidade que muda o mundo, sempre foi e seguir\u00e1 sendo qualidade!","sameAs":["https:\/\/sulsc.com\/","https:\/\/www.facebook.com\/profile.php?id=61559278119680","https:\/\/www.instagram.com\/sulscportal\/?hl=pt-br","https:\/\/twitter.com\/https:\/\/twitter.com\/PortalSulSC","https:\/\/www.youtube.com\/channel\/UCv_BE8GeySluDov2n8qhVmw"],"url":"https:\/\/sulsc.com\/index.php\/author\/redacao\/"}]}},"authors":[],"_links":{"self":[{"href":"https:\/\/sulsc.com\/index.php\/wp-json\/wp\/v2\/posts\/31309"}],"collection":[{"href":"https:\/\/sulsc.com\/index.php\/wp-json\/wp\/v2\/posts"}],"about":[{"href":"https:\/\/sulsc.com\/index.php\/wp-json\/wp\/v2\/types\/post"}],"author":[{"embeddable":true,"href":"https:\/\/sulsc.com\/index.php\/wp-json\/wp\/v2\/users\/3"}],"replies":[{"embeddable":true,"href":"https:\/\/sulsc.com\/index.php\/wp-json\/wp\/v2\/comments?post=31309"}],"version-history":[{"count":1,"href":"https:\/\/sulsc.com\/index.php\/wp-json\/wp\/v2\/posts\/31309\/revisions"}],"predecessor-version":[{"id":31310,"href":"https:\/\/sulsc.com\/index.php\/wp-json\/wp\/v2\/posts\/31309\/revisions\/31310"}],"wp:featuredmedia":[{"embeddable":true,"href":"https:\/\/sulsc.com\/index.php\/wp-json\/wp\/v2\/media\/27046"}],"wp:attachment":[{"href":"https:\/\/sulsc.com\/index.php\/wp-json\/wp\/v2\/media?parent=31309"}],"wp:term":[{"taxonomy":"category","embeddable":true,"href":"https:\/\/sulsc.com\/index.php\/wp-json\/wp\/v2\/categories?post=31309"},{"taxonomy":"post_tag","embeddable":true,"href":"https:\/\/sulsc.com\/index.php\/wp-json\/wp\/v2\/tags?post=31309"}],"curies":[{"name":"wp","href":"https:\/\/api.w.org\/{rel}","templated":true}]}}