{"id":31311,"date":"2026-01-06T12:12:01","date_gmt":"2026-01-06T15:12:01","guid":{"rendered":"https:\/\/sulsc.com\/?p=31311"},"modified":"2026-01-06T12:12:01","modified_gmt":"2026-01-06T15:12:01","slug":"bem-estar-animal-confira-locais-e-prazos-de-inscricao-para-o-mutirao-de-castracao-em-laguna","status":"publish","type":"post","link":"https:\/\/sulsc.com\/index.php\/2026\/01\/06\/bem-estar-animal-confira-locais-e-prazos-de-inscricao-para-o-mutirao-de-castracao-em-laguna\/","title":{"rendered":"Bem estar Animal: Confira locais e prazos de inscri\u00e7\u00e3o para o mutir\u00e3o de castra\u00e7\u00e3o em Laguna"},"content":{"rendered":"<p>Nesta segunda-feira (05), a\u00a0Ger\u00eancia de Bem-Estar Animal de Laguna, publicou que as inscri\u00e7\u00f5es para o mutir\u00e3o de castra\u00e7\u00e3o continuam abertas e est\u00e3o sendo realizadas de forma descentralizada em diferentes bairros do munic\u00edpio, com o objetivo de ampliar o acesso da popula\u00e7\u00e3o ao servi\u00e7o.<\/p>\n<div id=\"metaslider-id-25573\" style=\"width: 100%;\" class=\"ml-slider-3-99-0 metaslider metaslider-flex metaslider-25573 ml-slider has-onhover-arrows ms-theme-default-base has-dots-nav\" role=\"region\" aria-label=\"Meio\" data-width=\"1200\">\n    <div id=\"metaslider_container_25573\">\n        <div id=\"metaslider_25573\">\n            <ul class='slides'>\n                <li style=\"display: block; width: 100%;\" class=\"slide-25684 ms-image \" aria-roledescription=\"slide\" data-date=\"2025-07-24 07:55:40\"><img src=\"https:\/\/sulsc.com\/wp-content\/uploads\/2025\/07\/Marr-2-1000x166.jpg\" height=\"200\" width=\"1200\" alt=\"\" class=\"slider-25573 slide-25684 msDefaultImage\" title=\"Marr 2\" \/><\/li>\n                <li style=\"display: none; width: 100%;\" class=\"slide-32412 ms-image \" aria-roledescription=\"slide\" data-date=\"2026-02-18 13:59:46\"><img src=\"https:\/\/sulsc.com\/wp-content\/uploads\/2026\/02\/40dc1580-cad5-4867-bc58-c4243821ad38-1000x166.jpeg\" height=\"200\" width=\"1200\" alt=\"\" class=\"slider-25573 slide-32412 msDefaultImage\" title=\"40dc1580-cad5-4867-bc58-c4243821ad38\" \/><\/li>\n                <li style=\"display: none; width: 100%;\" class=\"slide-32766 ms-image \" aria-roledescription=\"slide\" data-date=\"2026-03-03 17:22:59\"><img src=\"https:\/\/sulsc.com\/wp-content\/uploads\/2026\/03\/271ce739-f268-41c5-8051-3de1a1750359-1000x166.jpeg\" height=\"200\" width=\"1200\" alt=\"\" class=\"slider-25573 slide-32766 msDefaultImage\" title=\"271ce739-f268-41c5-8051-3de1a1750359\" \/><\/li>\n            <\/ul>\n        <\/div>\n        \n    <\/div>\n<\/div>\n<p>Al\u00e9m do atendimento direto na Ger\u00eancia de Bem-Estar Animal, os interessados podem realizar a inscri\u00e7\u00e3o em pontos espec\u00edficos nos <strong>dias 7 e 8 de janeiro<\/strong>, conforme o cronograma estabelecido.<\/p>\n<p><strong>No dia 7 de janeiro<\/strong>, as inscri\u00e7\u00f5es ocorrem pela manh\u00e3, <strong>das 7h ao meio-dia<\/strong>, na ESF Magalh\u00e3es e na ESF Mar Grosso. J\u00e1 no per\u00edodo da tarde, <strong>das 13h30 \u00e0s 17h30<\/strong>, o atendimento ser\u00e1 realizado no Sal\u00e3o Paroquial da Capela Nossa Senhora Auxiliadora.<\/p>\n<p><strong>No dia 8 de janeiro<\/strong>, as inscri\u00e7\u00f5es poder\u00e3o ser feitas das <strong>13h30 \u00e0s 17h30<\/strong>, na Associa\u00e7\u00e3o da Pol\u00edcia e Bombeiros Militar da Vila Vit\u00f3ria.<\/p>\n<p>\u00c9 importante destacar que esses pontos de inscri\u00e7\u00e3o s\u00e3o destinados exclusivamente aos moradores das localidades de Vila Vit\u00f3ria, Anita Garibaldi, Progresso, Esperan\u00e7a, Magalh\u00e3es, Campo de Fora, Navegantes, Morro da Gl\u00f3ria, Ponta das Pedras, Laguna Internacional e Mar Grosso. Para essas regi\u00f5es, <strong>as inscri\u00e7\u00f5es seguem abertas at\u00e9 o dia 14 de janeiro<\/strong>.<\/p>\n<p>Para efetivar a inscri\u00e7\u00e3o, \u00e9 necess\u00e1rio apresentar documento pessoal, comprovante de resid\u00eancia e Cadastro \u00danico, quando houver. O mutir\u00e3o tamb\u00e9m contempla a participa\u00e7\u00e3o de protetores independentes e de c\u00e3es da ra\u00e7a pitbull.<\/p>\n<p>A a\u00e7\u00e3o integra as pol\u00edticas p\u00fablicas de bem-estar animal do munic\u00edpio, refor\u00e7ando a import\u00e2ncia da castra\u00e7\u00e3o como medida de cuidado, prote\u00e7\u00e3o e controle populacional respons\u00e1vel.<\/p>\n<p><img fetchpriority=\"high\" decoding=\"async\" class=\"aligncenter size-full wp-image-31313\" src=\"http:\/\/sulsc.com\/wp-content\/uploads\/2026\/01\/c6c9cfb3-2ba1-41e4-bc87-4daedf7df80c.jpeg\" alt=\"\" width=\"1024\" height=\"683\" srcset=\"https:\/\/sulsc.com\/wp-content\/uploads\/2026\/01\/c6c9cfb3-2ba1-41e4-bc87-4daedf7df80c.jpeg 1024w, https:\/\/sulsc.com\/wp-content\/uploads\/2026\/01\/c6c9cfb3-2ba1-41e4-bc87-4daedf7df80c-300x200.jpeg 300w, https:\/\/sulsc.com\/wp-content\/uploads\/2026\/01\/c6c9cfb3-2ba1-41e4-bc87-4daedf7df80c-768x512.jpeg 768w\" sizes=\"(max-width: 1024px) 100vw, 1024px\" \/><\/p>\n<p>&nbsp;<\/p>\n<p>Divulga\u00e7\u00e3o\/SulSC<\/p>\n","protected":false},"excerpt":{"rendered":"<p>Nesta segunda-feira (05), a\u00a0Ger\u00eancia de Bem-Estar Animal de Laguna, publicou que as inscri\u00e7\u00f5es para o mutir\u00e3o de castra\u00e7\u00e3o continuam abertas e est\u00e3o sendo realizadas de forma descentralizada em diferentes bairros do munic\u00edpio, com o objetivo de ampliar o acesso da popula\u00e7\u00e3o ao servi\u00e7o. Al\u00e9m do atendimento direto na Ger\u00eancia de Bem-Estar Animal, os interessados podem &hellip;<\/p>\n<p class=\"read-more\"> <a class=\"\" href=\"https:\/\/sulsc.com\/index.php\/2026\/01\/06\/bem-estar-animal-confira-locais-e-prazos-de-inscricao-para-o-mutirao-de-castracao-em-laguna\/\"> <span class=\"screen-reader-text\">Bem estar Animal: Confira locais e prazos de inscri\u00e7\u00e3o para o mutir\u00e3o de castra\u00e7\u00e3o em Laguna<\/span> Read More &raquo;<\/a><\/p>\n","protected":false},"author":3,"featured_media":31313,"comment_status":"open","ping_status":"open","sticky":false,"template":"","format":"standard","meta":{"site-sidebar-layout":"default","site-content-layout":"","ast-site-content-layout":"default","site-content-style":"default","site-sidebar-style":"default","ast-global-header-display":"","ast-banner-title-visibility":"","ast-main-header-display":"","ast-hfb-above-header-display":"","ast-hfb-below-header-display":"","ast-hfb-mobile-header-display":"","site-post-title":"","ast-breadcrumbs-content":"","ast-featured-img":"","footer-sml-layout":"","theme-transparent-header-meta":"default","adv-header-id-meta":"","stick-header-meta":"","header-above-stick-meta":"","header-main-stick-meta":"","header-below-stick-meta":"","astra-migrate-meta-layouts":"set","footnotes":""},"categories":[2231,1,22,2281,12],"tags":[1049],"yoast_head":"<!-- This site is optimized with the Yoast SEO plugin v21.4 - https:\/\/yoast.com\/wordpress\/plugins\/seo\/ -->\n<title>Bem estar Animal: Confira locais e prazos de inscri\u00e7\u00e3o para o mutir\u00e3o de castra\u00e7\u00e3o em Laguna -<\/title>\n<meta name=\"robots\" content=\"index, follow, max-snippet:-1, max-image-preview:large, max-video-preview:-1\" \/>\n<link rel=\"canonical\" href=\"https:\/\/sulsc.com\/index.php\/2026\/01\/06\/bem-estar-animal-confira-locais-e-prazos-de-inscricao-para-o-mutirao-de-castracao-em-laguna\/\" \/>\n<meta property=\"og:locale\" content=\"en_US\" \/>\n<meta property=\"og:type\" content=\"article\" \/>\n<meta property=\"og:title\" content=\"Bem estar Animal: Confira locais e prazos de inscri\u00e7\u00e3o para o mutir\u00e3o de castra\u00e7\u00e3o em Laguna -\" \/>\n<meta property=\"og:description\" content=\"Nesta segunda-feira (05), a\u00a0Ger\u00eancia de Bem-Estar Animal de Laguna, publicou que as inscri\u00e7\u00f5es para o mutir\u00e3o de castra\u00e7\u00e3o continuam abertas e est\u00e3o sendo realizadas de forma descentralizada em diferentes bairros do munic\u00edpio, com o objetivo de ampliar o acesso da popula\u00e7\u00e3o ao servi\u00e7o. Al\u00e9m do atendimento direto na Ger\u00eancia de Bem-Estar Animal, os interessados podem &hellip; Bem estar Animal: Confira locais e prazos de inscri\u00e7\u00e3o para o mutir\u00e3o de castra\u00e7\u00e3o em Laguna Read More &raquo;\" \/>\n<meta property=\"og:url\" content=\"https:\/\/sulsc.com\/index.php\/2026\/01\/06\/bem-estar-animal-confira-locais-e-prazos-de-inscricao-para-o-mutirao-de-castracao-em-laguna\/\" \/>\n<meta property=\"article:author\" content=\"https:\/\/www.facebook.com\/profile.php?id=61559278119680\" \/>\n<meta property=\"article:published_time\" content=\"2026-01-06T15:12:01+00:00\" \/>\n<meta property=\"og:image\" content=\"http:\/\/sulsc.com\/wp-content\/uploads\/2026\/01\/c6c9cfb3-2ba1-41e4-bc87-4daedf7df80c.jpeg\" \/>\n\t<meta property=\"og:image:width\" content=\"1024\" \/>\n\t<meta property=\"og:image:height\" content=\"683\" \/>\n\t<meta property=\"og:image:type\" content=\"image\/jpeg\" \/>\n<meta name=\"author\" content=\"Reda\u00e7\u00e3o Sul SC\" \/>\n<meta name=\"twitter:card\" content=\"summary_large_image\" \/>\n<meta name=\"twitter:creator\" content=\"@https:\/\/twitter.com\/PortalSulSC\" \/>\n<meta name=\"twitter:label1\" content=\"Written by\" \/>\n\t<meta name=\"twitter:data1\" content=\"Reda\u00e7\u00e3o Sul SC\" \/>\n\t<meta name=\"twitter:label2\" content=\"Est. reading time\" \/>\n\t<meta name=\"twitter:data2\" content=\"2 minutes\" \/>\n<script type=\"application\/ld+json\" class=\"yoast-schema-graph\">{\"@context\":\"https:\/\/schema.org\",\"@graph\":[{\"@type\":\"WebPage\",\"@id\":\"https:\/\/sulsc.com\/index.php\/2026\/01\/06\/bem-estar-animal-confira-locais-e-prazos-de-inscricao-para-o-mutirao-de-castracao-em-laguna\/\",\"url\":\"https:\/\/sulsc.com\/index.php\/2026\/01\/06\/bem-estar-animal-confira-locais-e-prazos-de-inscricao-para-o-mutirao-de-castracao-em-laguna\/\",\"name\":\"Bem estar Animal: Confira locais e prazos de inscri\u00e7\u00e3o para o mutir\u00e3o de castra\u00e7\u00e3o em Laguna -\",\"isPartOf\":{\"@id\":\"https:\/\/sulsc.com\/#website\"},\"datePublished\":\"2026-01-06T15:12:01+00:00\",\"dateModified\":\"2026-01-06T15:12:01+00:00\",\"author\":{\"@id\":\"https:\/\/sulsc.com\/#\/schema\/person\/84d2fc571684f6248ba83092f07750a3\"},\"breadcrumb\":{\"@id\":\"https:\/\/sulsc.com\/index.php\/2026\/01\/06\/bem-estar-animal-confira-locais-e-prazos-de-inscricao-para-o-mutirao-de-castracao-em-laguna\/#breadcrumb\"},\"inLanguage\":\"en-US\",\"potentialAction\":[{\"@type\":\"ReadAction\",\"target\":[\"https:\/\/sulsc.com\/index.php\/2026\/01\/06\/bem-estar-animal-confira-locais-e-prazos-de-inscricao-para-o-mutirao-de-castracao-em-laguna\/\"]}]},{\"@type\":\"BreadcrumbList\",\"@id\":\"https:\/\/sulsc.com\/index.php\/2026\/01\/06\/bem-estar-animal-confira-locais-e-prazos-de-inscricao-para-o-mutirao-de-castracao-em-laguna\/#breadcrumb\",\"itemListElement\":[{\"@type\":\"ListItem\",\"position\":1,\"name\":\"In\u00edcio\",\"item\":\"https:\/\/sulsc.com\/\"},{\"@type\":\"ListItem\",\"position\":2,\"name\":\"Bem estar Animal: Confira locais e prazos de inscri\u00e7\u00e3o para o mutir\u00e3o de castra\u00e7\u00e3o em Laguna\"}]},{\"@type\":\"WebSite\",\"@id\":\"https:\/\/sulsc.com\/#website\",\"url\":\"https:\/\/sulsc.com\/\",\"name\":\"\",\"description\":\"\",\"potentialAction\":[{\"@type\":\"SearchAction\",\"target\":{\"@type\":\"EntryPoint\",\"urlTemplate\":\"https:\/\/sulsc.com\/?s={search_term_string}\"},\"query-input\":\"required name=search_term_string\"}],\"inLanguage\":\"en-US\"},{\"@type\":\"Person\",\"@id\":\"https:\/\/sulsc.com\/#\/schema\/person\/84d2fc571684f6248ba83092f07750a3\",\"name\":\"Reda\u00e7\u00e3o Sul SC\",\"image\":{\"@type\":\"ImageObject\",\"inLanguage\":\"en-US\",\"@id\":\"https:\/\/sulsc.com\/#\/schema\/person\/image\/e08d7fe2cc4ed596372063bbe852b8d0\",\"url\":\"https:\/\/sulsc.com\/wp-content\/uploads\/2023\/09\/redacao.png\",\"contentUrl\":\"https:\/\/sulsc.com\/wp-content\/uploads\/2023\/09\/redacao.png\",\"caption\":\"Reda\u00e7\u00e3o Sul SC\"},\"description\":\"Foco em um jornalismo imparcial, voltado \u00e0 qualidade dos seus conte\u00fados e, assim, levar informa\u00e7\u00e3o de valor que agregue \u00e0 vida dos leitores. Esta \u00e9 grande miss\u00e3o do Portal de Not\u00edcias Sul SC. N\u00e3o \u00e9 quantidade que muda o mundo, sempre foi e seguir\u00e1 sendo qualidade!\",\"sameAs\":[\"https:\/\/sulsc.com\/\",\"https:\/\/www.facebook.com\/profile.php?id=61559278119680\",\"https:\/\/www.instagram.com\/sulscportal\/?hl=pt-br\",\"https:\/\/twitter.com\/https:\/\/twitter.com\/PortalSulSC\",\"https:\/\/www.youtube.com\/channel\/UCv_BE8GeySluDov2n8qhVmw\"],\"url\":\"https:\/\/sulsc.com\/index.php\/author\/redacao\/\"}]}<\/script>\n<!-- \/ Yoast SEO plugin. -->","yoast_head_json":{"title":"Bem estar Animal: Confira locais e prazos de inscri\u00e7\u00e3o para o mutir\u00e3o de castra\u00e7\u00e3o em Laguna -","robots":{"index":"index","follow":"follow","max-snippet":"max-snippet:-1","max-image-preview":"max-image-preview:large","max-video-preview":"max-video-preview:-1"},"canonical":"https:\/\/sulsc.com\/index.php\/2026\/01\/06\/bem-estar-animal-confira-locais-e-prazos-de-inscricao-para-o-mutirao-de-castracao-em-laguna\/","og_locale":"en_US","og_type":"article","og_title":"Bem estar Animal: Confira locais e prazos de inscri\u00e7\u00e3o para o mutir\u00e3o de castra\u00e7\u00e3o em Laguna -","og_description":"Nesta segunda-feira (05), a\u00a0Ger\u00eancia de Bem-Estar Animal de Laguna, publicou que as inscri\u00e7\u00f5es para o mutir\u00e3o de castra\u00e7\u00e3o continuam abertas e est\u00e3o sendo realizadas de forma descentralizada em diferentes bairros do munic\u00edpio, com o objetivo de ampliar o acesso da popula\u00e7\u00e3o ao servi\u00e7o. Al\u00e9m do atendimento direto na Ger\u00eancia de Bem-Estar Animal, os interessados podem &hellip; Bem estar Animal: Confira locais e prazos de inscri\u00e7\u00e3o para o mutir\u00e3o de castra\u00e7\u00e3o em Laguna Read More &raquo;","og_url":"https:\/\/sulsc.com\/index.php\/2026\/01\/06\/bem-estar-animal-confira-locais-e-prazos-de-inscricao-para-o-mutirao-de-castracao-em-laguna\/","article_author":"https:\/\/www.facebook.com\/profile.php?id=61559278119680","article_published_time":"2026-01-06T15:12:01+00:00","og_image":[{"width":1024,"height":683,"url":"http:\/\/sulsc.com\/wp-content\/uploads\/2026\/01\/c6c9cfb3-2ba1-41e4-bc87-4daedf7df80c.jpeg","type":"image\/jpeg"}],"author":"Reda\u00e7\u00e3o Sul SC","twitter_card":"summary_large_image","twitter_creator":"@https:\/\/twitter.com\/PortalSulSC","twitter_misc":{"Written by":"Reda\u00e7\u00e3o Sul SC","Est. reading time":"2 minutes"},"schema":{"@context":"https:\/\/schema.org","@graph":[{"@type":"WebPage","@id":"https:\/\/sulsc.com\/index.php\/2026\/01\/06\/bem-estar-animal-confira-locais-e-prazos-de-inscricao-para-o-mutirao-de-castracao-em-laguna\/","url":"https:\/\/sulsc.com\/index.php\/2026\/01\/06\/bem-estar-animal-confira-locais-e-prazos-de-inscricao-para-o-mutirao-de-castracao-em-laguna\/","name":"Bem estar Animal: Confira locais e prazos de inscri\u00e7\u00e3o para o mutir\u00e3o de castra\u00e7\u00e3o em Laguna -","isPartOf":{"@id":"https:\/\/sulsc.com\/#website"},"datePublished":"2026-01-06T15:12:01+00:00","dateModified":"2026-01-06T15:12:01+00:00","author":{"@id":"https:\/\/sulsc.com\/#\/schema\/person\/84d2fc571684f6248ba83092f07750a3"},"breadcrumb":{"@id":"https:\/\/sulsc.com\/index.php\/2026\/01\/06\/bem-estar-animal-confira-locais-e-prazos-de-inscricao-para-o-mutirao-de-castracao-em-laguna\/#breadcrumb"},"inLanguage":"en-US","potentialAction":[{"@type":"ReadAction","target":["https:\/\/sulsc.com\/index.php\/2026\/01\/06\/bem-estar-animal-confira-locais-e-prazos-de-inscricao-para-o-mutirao-de-castracao-em-laguna\/"]}]},{"@type":"BreadcrumbList","@id":"https:\/\/sulsc.com\/index.php\/2026\/01\/06\/bem-estar-animal-confira-locais-e-prazos-de-inscricao-para-o-mutirao-de-castracao-em-laguna\/#breadcrumb","itemListElement":[{"@type":"ListItem","position":1,"name":"In\u00edcio","item":"https:\/\/sulsc.com\/"},{"@type":"ListItem","position":2,"name":"Bem estar Animal: Confira locais e prazos de inscri\u00e7\u00e3o para o mutir\u00e3o de castra\u00e7\u00e3o em Laguna"}]},{"@type":"WebSite","@id":"https:\/\/sulsc.com\/#website","url":"https:\/\/sulsc.com\/","name":"","description":"","potentialAction":[{"@type":"SearchAction","target":{"@type":"EntryPoint","urlTemplate":"https:\/\/sulsc.com\/?s={search_term_string}"},"query-input":"required name=search_term_string"}],"inLanguage":"en-US"},{"@type":"Person","@id":"https:\/\/sulsc.com\/#\/schema\/person\/84d2fc571684f6248ba83092f07750a3","name":"Reda\u00e7\u00e3o Sul SC","image":{"@type":"ImageObject","inLanguage":"en-US","@id":"https:\/\/sulsc.com\/#\/schema\/person\/image\/e08d7fe2cc4ed596372063bbe852b8d0","url":"https:\/\/sulsc.com\/wp-content\/uploads\/2023\/09\/redacao.png","contentUrl":"https:\/\/sulsc.com\/wp-content\/uploads\/2023\/09\/redacao.png","caption":"Reda\u00e7\u00e3o Sul SC"},"description":"Foco em um jornalismo imparcial, voltado \u00e0 qualidade dos seus conte\u00fados e, assim, levar informa\u00e7\u00e3o de valor que agregue \u00e0 vida dos leitores. Esta \u00e9 grande miss\u00e3o do Portal de Not\u00edcias Sul SC. N\u00e3o \u00e9 quantidade que muda o mundo, sempre foi e seguir\u00e1 sendo qualidade!","sameAs":["https:\/\/sulsc.com\/","https:\/\/www.facebook.com\/profile.php?id=61559278119680","https:\/\/www.instagram.com\/sulscportal\/?hl=pt-br","https:\/\/twitter.com\/https:\/\/twitter.com\/PortalSulSC","https:\/\/www.youtube.com\/channel\/UCv_BE8GeySluDov2n8qhVmw"],"url":"https:\/\/sulsc.com\/index.php\/author\/redacao\/"}]}},"authors":[],"_links":{"self":[{"href":"https:\/\/sulsc.com\/index.php\/wp-json\/wp\/v2\/posts\/31311"}],"collection":[{"href":"https:\/\/sulsc.com\/index.php\/wp-json\/wp\/v2\/posts"}],"about":[{"href":"https:\/\/sulsc.com\/index.php\/wp-json\/wp\/v2\/types\/post"}],"author":[{"embeddable":true,"href":"https:\/\/sulsc.com\/index.php\/wp-json\/wp\/v2\/users\/3"}],"replies":[{"embeddable":true,"href":"https:\/\/sulsc.com\/index.php\/wp-json\/wp\/v2\/comments?post=31311"}],"version-history":[{"count":1,"href":"https:\/\/sulsc.com\/index.php\/wp-json\/wp\/v2\/posts\/31311\/revisions"}],"predecessor-version":[{"id":31314,"href":"https:\/\/sulsc.com\/index.php\/wp-json\/wp\/v2\/posts\/31311\/revisions\/31314"}],"wp:featuredmedia":[{"embeddable":true,"href":"https:\/\/sulsc.com\/index.php\/wp-json\/wp\/v2\/media\/31313"}],"wp:attachment":[{"href":"https:\/\/sulsc.com\/index.php\/wp-json\/wp\/v2\/media?parent=31311"}],"wp:term":[{"taxonomy":"category","embeddable":true,"href":"https:\/\/sulsc.com\/index.php\/wp-json\/wp\/v2\/categories?post=31311"},{"taxonomy":"post_tag","embeddable":true,"href":"https:\/\/sulsc.com\/index.php\/wp-json\/wp\/v2\/tags?post=31311"}],"curies":[{"name":"wp","href":"https:\/\/api.w.org\/{rel}","templated":true}]}}