{"id":31315,"date":"2026-01-06T15:35:07","date_gmt":"2026-01-06T18:35:07","guid":{"rendered":"https:\/\/sulsc.com\/?p=31315"},"modified":"2026-01-06T15:35:07","modified_gmt":"2026-01-06T18:35:07","slug":"criciuma-celebra-146-anos-de-colonizacao-nesta-terca-feira-06","status":"publish","type":"post","link":"https:\/\/sulsc.com\/index.php\/2026\/01\/06\/criciuma-celebra-146-anos-de-colonizacao-nesta-terca-feira-06\/","title":{"rendered":"Crici\u00fama celebra 146 anos de coloniza\u00e7\u00e3o nesta ter\u00e7a-feira (06)"},"content":{"rendered":"<p>H\u00e1 146 anos, o primeiro grupo de imigrantes vindos da Europa para o que hoje \u00e9 Crici\u00fama percorreu mais de 30 quil\u00f4metros em meio a mata fechada, carregando poucos pertences e seus filhos nos bra\u00e7os. A chegada dessas cerca de 150 pessoas de 22 fam\u00edlias ocorreu no dia 6 de janeiro de 1880, quando os colonizadores se estabeleceram \u00e0s margens de um rio que serpenteava em dire\u00e7\u00e3o ao sul, dando in\u00edcio \u00e0 forma\u00e7\u00e3o de uma comunidade que, mais tarde, se tornaria o munic\u00edpio hoje conhecido.<\/p>\n<p>E em homenagem a esses desbravadores, o Governo de Crici\u00fama promoveu, nesta ter\u00e7a-feira (6), uma programa\u00e7\u00e3o especial para celebrar os 146 anos de coloniza\u00e7\u00e3o do munic\u00edpio, reunindo f\u00e9, cultura e tradi\u00e7\u00e3o para valorizar o legado hist\u00f3rico das fam\u00edlias que deram origem \u00e0 cidade.<\/p>\n<p>A programa\u00e7\u00e3o teve in\u00edcio \u00e0s 8 horas, com a tradicional missa solene na Catedral S\u00e3o Jos\u00e9, no Centro, que contou com a b\u00ean\u00e7\u00e3o aos descendentes dos povos colonizadores, aos gestores municipais e \u00e0 comunidade criciumense. <strong>O prefeito Vagner Espindola<\/strong> destacou a import\u00e2ncia de preservar a mem\u00f3ria hist\u00f3rica do munic\u00edpio e reconhecer o esfor\u00e7o das fam\u00edlias pioneiras.<\/p>\n<p><strong>\u201c<\/strong>Mesmo ap\u00f3s as celebra\u00e7\u00f5es do Centen\u00e1rio de Emancipa\u00e7\u00e3o, \u00e9 fundamental manter viva a mem\u00f3ria dos colonizadores que, com trabalho, coragem e perseveran\u00e7a, constru\u00edram Crici\u00fama desde os seus primeiros passos. Honrar essa hist\u00f3ria \u00e9 tamb\u00e9m assumir o compromisso de cuidar do futuro da nossa cidade<strong>\u201d, enfatizou.<\/strong><\/p>\n<p><img fetchpriority=\"high\" decoding=\"async\" class=\"aligncenter size-full wp-image-31316\" src=\"http:\/\/sulsc.com\/wp-content\/uploads\/2026\/01\/146_anos_de_colonizacao_de_Criciuma_2.jpeg\" alt=\"\" width=\"1600\" height=\"1066\" srcset=\"https:\/\/sulsc.com\/wp-content\/uploads\/2026\/01\/146_anos_de_colonizacao_de_Criciuma_2.jpeg 1600w, https:\/\/sulsc.com\/wp-content\/uploads\/2026\/01\/146_anos_de_colonizacao_de_Criciuma_2-300x200.jpeg 300w, https:\/\/sulsc.com\/wp-content\/uploads\/2026\/01\/146_anos_de_colonizacao_de_Criciuma_2-1024x682.jpeg 1024w, https:\/\/sulsc.com\/wp-content\/uploads\/2026\/01\/146_anos_de_colonizacao_de_Criciuma_2-768x512.jpeg 768w, https:\/\/sulsc.com\/wp-content\/uploads\/2026\/01\/146_anos_de_colonizacao_de_Criciuma_2-1536x1023.jpeg 1536w\" sizes=\"(max-width: 1600px) 100vw, 1600px\" \/><\/p>\n<p>Foto: Gregori Flauzino\/Divulga\u00e7\u00e3o\/SulSC<\/p>\n<p><strong>Bolo de 146 quilos simboliza partilha e uni\u00e3o<\/strong><\/p>\n<p>Ap\u00f3s a missa, o prefeito, acompanhado de familiares, membros do Governo, autoridades pol\u00edticas e lideran\u00e7as comunit\u00e1rias, realizou o tradicional corte do bolo comemorativo, com aproximadamente 146 quilos, simbolizando o anivers\u00e1rio de 146 anos de coloniza\u00e7\u00e3o.<\/p>\n<p>As fatias foram distribu\u00eddas ao p\u00fablico presente, em um gesto que representou a comunh\u00e3o, a partilha e a perseveran\u00e7a dos colonizadores nos primeiros anos de forma\u00e7\u00e3o do munic\u00edpio.<\/p>\n<p><strong>Apresenta\u00e7\u00f5es culturais celebraram as etnias colonizadoras<\/strong><\/p>\n<p>O p\u00fablico tamb\u00e9m acompanhou apresenta\u00e7\u00f5es culturais com o grupo de Terno de Reis da Pr\u00f3spera, que realizou uma apresenta\u00e7\u00e3o folcl\u00f3rica ap\u00f3s a missa. As demais apresenta\u00e7\u00f5es foram com grupos de dan\u00e7a representando as etnias colonizadoras, organizadas pela Associa\u00e7\u00e3o Cultural Vidas Esperan\u00e7a, por meio do projeto Sete Origens. A iniciativa desenvolve, em Crici\u00fama, um trabalho de transforma\u00e7\u00e3o social por meio da cultura e da arte, atendendo mais de 150 crian\u00e7as e adolescentes da rede municipal de ensino no contraturno escolar, com aulas de dan\u00e7as folcl\u00f3ricas.<\/p>\n<p>As apresenta\u00e7\u00f5es contaram com a participa\u00e7\u00e3o das Escolas Municipais de Educa\u00e7\u00e3o B\u00e1sica (EMEBs) Caetano Ronchi, Jorge da Cunha Carneiro e Gi\u00e1como Zanetti, que representaram, respectivamente, as etnias alem\u00e3, espanhola e negra. O espet\u00e1culo de cores, m\u00fasica e tradi\u00e7\u00e3o encantou o p\u00fablico e refor\u00e7ou a diversidade cultural que marca a hist\u00f3ria de Crici\u00fama.<\/p>\n<p>A presidente da Funda\u00e7\u00e3o Cultural de Crici\u00fama (FCC), Cristiane Maccari Uliana Zappelini destacou, \u201cO projeto Sete Origens cumpre um papel fundamental ao valorizar a hist\u00f3ria das etnias colonizadoras de Crici\u00fama, ao mesmo tempo em que contribui para a forma\u00e7\u00e3o cultural e cidad\u00e3 das crian\u00e7as e adolescentes. Por esse motivo \u00e9 t\u00e3o simb\u00f3lica a participa\u00e7\u00e3o deles nas celebra\u00e7\u00f5es dos 146 anos de coloniza\u00e7\u00e3o\u201d, concluiu Cristiane .<\/p>\n<p>&nbsp;<\/p>\n","protected":false},"excerpt":{"rendered":"<p>H\u00e1 146 anos, o primeiro grupo de imigrantes vindos da Europa para o que hoje \u00e9 Crici\u00fama percorreu mais de 30 quil\u00f4metros em meio a mata fechada, carregando poucos pertences e seus filhos nos bra\u00e7os. A chegada dessas cerca de 150 pessoas de 22 fam\u00edlias ocorreu no dia 6 de janeiro de 1880, quando os &hellip;<\/p>\n<p class=\"read-more\"> <a class=\"\" href=\"https:\/\/sulsc.com\/index.php\/2026\/01\/06\/criciuma-celebra-146-anos-de-colonizacao-nesta-terca-feira-06\/\"> <span class=\"screen-reader-text\">Crici\u00fama celebra 146 anos de coloniza\u00e7\u00e3o nesta ter\u00e7a-feira (06)<\/span> Read More &raquo;<\/a><\/p>\n","protected":false},"author":3,"featured_media":31316,"comment_status":"open","ping_status":"open","sticky":false,"template":"","format":"standard","meta":{"site-sidebar-layout":"default","site-content-layout":"","ast-site-content-layout":"default","site-content-style":"default","site-sidebar-style":"default","ast-global-header-display":"","ast-banner-title-visibility":"","ast-main-header-display":"","ast-hfb-above-header-display":"","ast-hfb-below-header-display":"","ast-hfb-mobile-header-display":"","site-post-title":"","ast-breadcrumbs-content":"","ast-featured-img":"","footer-sml-layout":"","theme-transparent-header-meta":"default","adv-header-id-meta":"","stick-header-meta":"","header-above-stick-meta":"","header-main-stick-meta":"","header-below-stick-meta":"","astra-migrate-meta-layouts":"set","footnotes":""},"categories":[2354,23,1,14,12],"tags":[2305],"yoast_head":"<!-- This site is optimized with the Yoast SEO plugin v21.4 - https:\/\/yoast.com\/wordpress\/plugins\/seo\/ -->\n<title>Crici\u00fama celebra 146 anos de coloniza\u00e7\u00e3o nesta ter\u00e7a-feira (06) -<\/title>\n<meta name=\"robots\" content=\"index, follow, max-snippet:-1, max-image-preview:large, max-video-preview:-1\" \/>\n<link rel=\"canonical\" href=\"https:\/\/sulsc.com\/index.php\/2026\/01\/06\/criciuma-celebra-146-anos-de-colonizacao-nesta-terca-feira-06\/\" \/>\n<meta property=\"og:locale\" content=\"en_US\" \/>\n<meta property=\"og:type\" content=\"article\" \/>\n<meta property=\"og:title\" content=\"Crici\u00fama celebra 146 anos de coloniza\u00e7\u00e3o nesta ter\u00e7a-feira (06) -\" \/>\n<meta property=\"og:description\" content=\"H\u00e1 146 anos, o primeiro grupo de imigrantes vindos da Europa para o que hoje \u00e9 Crici\u00fama percorreu mais de 30 quil\u00f4metros em meio a mata fechada, carregando poucos pertences e seus filhos nos bra\u00e7os. A chegada dessas cerca de 150 pessoas de 22 fam\u00edlias ocorreu no dia 6 de janeiro de 1880, quando os &hellip; Crici\u00fama celebra 146 anos de coloniza\u00e7\u00e3o nesta ter\u00e7a-feira (06) Read More &raquo;\" \/>\n<meta property=\"og:url\" content=\"https:\/\/sulsc.com\/index.php\/2026\/01\/06\/criciuma-celebra-146-anos-de-colonizacao-nesta-terca-feira-06\/\" \/>\n<meta property=\"article:author\" content=\"https:\/\/www.facebook.com\/profile.php?id=61559278119680\" \/>\n<meta property=\"article:published_time\" content=\"2026-01-06T18:35:07+00:00\" \/>\n<meta property=\"og:image\" content=\"http:\/\/sulsc.com\/wp-content\/uploads\/2026\/01\/146_anos_de_colonizacao_de_Criciuma_2.jpeg\" \/>\n\t<meta property=\"og:image:width\" content=\"1600\" \/>\n\t<meta property=\"og:image:height\" content=\"1066\" \/>\n\t<meta property=\"og:image:type\" content=\"image\/jpeg\" \/>\n<meta name=\"author\" content=\"Reda\u00e7\u00e3o Sul SC\" \/>\n<meta name=\"twitter:card\" content=\"summary_large_image\" \/>\n<meta name=\"twitter:creator\" content=\"@https:\/\/twitter.com\/PortalSulSC\" \/>\n<meta name=\"twitter:label1\" content=\"Written by\" \/>\n\t<meta name=\"twitter:data1\" content=\"Reda\u00e7\u00e3o Sul SC\" \/>\n\t<meta name=\"twitter:label2\" content=\"Est. reading time\" \/>\n\t<meta name=\"twitter:data2\" content=\"3 minutes\" \/>\n<script type=\"application\/ld+json\" class=\"yoast-schema-graph\">{\"@context\":\"https:\/\/schema.org\",\"@graph\":[{\"@type\":\"WebPage\",\"@id\":\"https:\/\/sulsc.com\/index.php\/2026\/01\/06\/criciuma-celebra-146-anos-de-colonizacao-nesta-terca-feira-06\/\",\"url\":\"https:\/\/sulsc.com\/index.php\/2026\/01\/06\/criciuma-celebra-146-anos-de-colonizacao-nesta-terca-feira-06\/\",\"name\":\"Crici\u00fama celebra 146 anos de coloniza\u00e7\u00e3o nesta ter\u00e7a-feira (06) -\",\"isPartOf\":{\"@id\":\"https:\/\/sulsc.com\/#website\"},\"datePublished\":\"2026-01-06T18:35:07+00:00\",\"dateModified\":\"2026-01-06T18:35:07+00:00\",\"author\":{\"@id\":\"https:\/\/sulsc.com\/#\/schema\/person\/84d2fc571684f6248ba83092f07750a3\"},\"breadcrumb\":{\"@id\":\"https:\/\/sulsc.com\/index.php\/2026\/01\/06\/criciuma-celebra-146-anos-de-colonizacao-nesta-terca-feira-06\/#breadcrumb\"},\"inLanguage\":\"en-US\",\"potentialAction\":[{\"@type\":\"ReadAction\",\"target\":[\"https:\/\/sulsc.com\/index.php\/2026\/01\/06\/criciuma-celebra-146-anos-de-colonizacao-nesta-terca-feira-06\/\"]}]},{\"@type\":\"BreadcrumbList\",\"@id\":\"https:\/\/sulsc.com\/index.php\/2026\/01\/06\/criciuma-celebra-146-anos-de-colonizacao-nesta-terca-feira-06\/#breadcrumb\",\"itemListElement\":[{\"@type\":\"ListItem\",\"position\":1,\"name\":\"In\u00edcio\",\"item\":\"https:\/\/sulsc.com\/\"},{\"@type\":\"ListItem\",\"position\":2,\"name\":\"Crici\u00fama celebra 146 anos de coloniza\u00e7\u00e3o nesta ter\u00e7a-feira (06)\"}]},{\"@type\":\"WebSite\",\"@id\":\"https:\/\/sulsc.com\/#website\",\"url\":\"https:\/\/sulsc.com\/\",\"name\":\"\",\"description\":\"\",\"potentialAction\":[{\"@type\":\"SearchAction\",\"target\":{\"@type\":\"EntryPoint\",\"urlTemplate\":\"https:\/\/sulsc.com\/?s={search_term_string}\"},\"query-input\":\"required name=search_term_string\"}],\"inLanguage\":\"en-US\"},{\"@type\":\"Person\",\"@id\":\"https:\/\/sulsc.com\/#\/schema\/person\/84d2fc571684f6248ba83092f07750a3\",\"name\":\"Reda\u00e7\u00e3o Sul SC\",\"image\":{\"@type\":\"ImageObject\",\"inLanguage\":\"en-US\",\"@id\":\"https:\/\/sulsc.com\/#\/schema\/person\/image\/e08d7fe2cc4ed596372063bbe852b8d0\",\"url\":\"https:\/\/sulsc.com\/wp-content\/uploads\/2023\/09\/redacao.png\",\"contentUrl\":\"https:\/\/sulsc.com\/wp-content\/uploads\/2023\/09\/redacao.png\",\"caption\":\"Reda\u00e7\u00e3o Sul SC\"},\"description\":\"Foco em um jornalismo imparcial, voltado \u00e0 qualidade dos seus conte\u00fados e, assim, levar informa\u00e7\u00e3o de valor que agregue \u00e0 vida dos leitores. Esta \u00e9 grande miss\u00e3o do Portal de Not\u00edcias Sul SC. N\u00e3o \u00e9 quantidade que muda o mundo, sempre foi e seguir\u00e1 sendo qualidade!\",\"sameAs\":[\"https:\/\/sulsc.com\/\",\"https:\/\/www.facebook.com\/profile.php?id=61559278119680\",\"https:\/\/www.instagram.com\/sulscportal\/?hl=pt-br\",\"https:\/\/twitter.com\/https:\/\/twitter.com\/PortalSulSC\",\"https:\/\/www.youtube.com\/channel\/UCv_BE8GeySluDov2n8qhVmw\"],\"url\":\"https:\/\/sulsc.com\/index.php\/author\/redacao\/\"}]}<\/script>\n<!-- \/ Yoast SEO plugin. -->","yoast_head_json":{"title":"Crici\u00fama celebra 146 anos de coloniza\u00e7\u00e3o nesta ter\u00e7a-feira (06) -","robots":{"index":"index","follow":"follow","max-snippet":"max-snippet:-1","max-image-preview":"max-image-preview:large","max-video-preview":"max-video-preview:-1"},"canonical":"https:\/\/sulsc.com\/index.php\/2026\/01\/06\/criciuma-celebra-146-anos-de-colonizacao-nesta-terca-feira-06\/","og_locale":"en_US","og_type":"article","og_title":"Crici\u00fama celebra 146 anos de coloniza\u00e7\u00e3o nesta ter\u00e7a-feira (06) -","og_description":"H\u00e1 146 anos, o primeiro grupo de imigrantes vindos da Europa para o que hoje \u00e9 Crici\u00fama percorreu mais de 30 quil\u00f4metros em meio a mata fechada, carregando poucos pertences e seus filhos nos bra\u00e7os. A chegada dessas cerca de 150 pessoas de 22 fam\u00edlias ocorreu no dia 6 de janeiro de 1880, quando os &hellip; Crici\u00fama celebra 146 anos de coloniza\u00e7\u00e3o nesta ter\u00e7a-feira (06) Read More &raquo;","og_url":"https:\/\/sulsc.com\/index.php\/2026\/01\/06\/criciuma-celebra-146-anos-de-colonizacao-nesta-terca-feira-06\/","article_author":"https:\/\/www.facebook.com\/profile.php?id=61559278119680","article_published_time":"2026-01-06T18:35:07+00:00","og_image":[{"width":1600,"height":1066,"url":"http:\/\/sulsc.com\/wp-content\/uploads\/2026\/01\/146_anos_de_colonizacao_de_Criciuma_2.jpeg","type":"image\/jpeg"}],"author":"Reda\u00e7\u00e3o Sul SC","twitter_card":"summary_large_image","twitter_creator":"@https:\/\/twitter.com\/PortalSulSC","twitter_misc":{"Written by":"Reda\u00e7\u00e3o Sul SC","Est. reading time":"3 minutes"},"schema":{"@context":"https:\/\/schema.org","@graph":[{"@type":"WebPage","@id":"https:\/\/sulsc.com\/index.php\/2026\/01\/06\/criciuma-celebra-146-anos-de-colonizacao-nesta-terca-feira-06\/","url":"https:\/\/sulsc.com\/index.php\/2026\/01\/06\/criciuma-celebra-146-anos-de-colonizacao-nesta-terca-feira-06\/","name":"Crici\u00fama celebra 146 anos de coloniza\u00e7\u00e3o nesta ter\u00e7a-feira (06) -","isPartOf":{"@id":"https:\/\/sulsc.com\/#website"},"datePublished":"2026-01-06T18:35:07+00:00","dateModified":"2026-01-06T18:35:07+00:00","author":{"@id":"https:\/\/sulsc.com\/#\/schema\/person\/84d2fc571684f6248ba83092f07750a3"},"breadcrumb":{"@id":"https:\/\/sulsc.com\/index.php\/2026\/01\/06\/criciuma-celebra-146-anos-de-colonizacao-nesta-terca-feira-06\/#breadcrumb"},"inLanguage":"en-US","potentialAction":[{"@type":"ReadAction","target":["https:\/\/sulsc.com\/index.php\/2026\/01\/06\/criciuma-celebra-146-anos-de-colonizacao-nesta-terca-feira-06\/"]}]},{"@type":"BreadcrumbList","@id":"https:\/\/sulsc.com\/index.php\/2026\/01\/06\/criciuma-celebra-146-anos-de-colonizacao-nesta-terca-feira-06\/#breadcrumb","itemListElement":[{"@type":"ListItem","position":1,"name":"In\u00edcio","item":"https:\/\/sulsc.com\/"},{"@type":"ListItem","position":2,"name":"Crici\u00fama celebra 146 anos de coloniza\u00e7\u00e3o nesta ter\u00e7a-feira (06)"}]},{"@type":"WebSite","@id":"https:\/\/sulsc.com\/#website","url":"https:\/\/sulsc.com\/","name":"","description":"","potentialAction":[{"@type":"SearchAction","target":{"@type":"EntryPoint","urlTemplate":"https:\/\/sulsc.com\/?s={search_term_string}"},"query-input":"required name=search_term_string"}],"inLanguage":"en-US"},{"@type":"Person","@id":"https:\/\/sulsc.com\/#\/schema\/person\/84d2fc571684f6248ba83092f07750a3","name":"Reda\u00e7\u00e3o Sul SC","image":{"@type":"ImageObject","inLanguage":"en-US","@id":"https:\/\/sulsc.com\/#\/schema\/person\/image\/e08d7fe2cc4ed596372063bbe852b8d0","url":"https:\/\/sulsc.com\/wp-content\/uploads\/2023\/09\/redacao.png","contentUrl":"https:\/\/sulsc.com\/wp-content\/uploads\/2023\/09\/redacao.png","caption":"Reda\u00e7\u00e3o Sul SC"},"description":"Foco em um jornalismo imparcial, voltado \u00e0 qualidade dos seus conte\u00fados e, assim, levar informa\u00e7\u00e3o de valor que agregue \u00e0 vida dos leitores. Esta \u00e9 grande miss\u00e3o do Portal de Not\u00edcias Sul SC. N\u00e3o \u00e9 quantidade que muda o mundo, sempre foi e seguir\u00e1 sendo qualidade!","sameAs":["https:\/\/sulsc.com\/","https:\/\/www.facebook.com\/profile.php?id=61559278119680","https:\/\/www.instagram.com\/sulscportal\/?hl=pt-br","https:\/\/twitter.com\/https:\/\/twitter.com\/PortalSulSC","https:\/\/www.youtube.com\/channel\/UCv_BE8GeySluDov2n8qhVmw"],"url":"https:\/\/sulsc.com\/index.php\/author\/redacao\/"}]}},"authors":[],"_links":{"self":[{"href":"https:\/\/sulsc.com\/index.php\/wp-json\/wp\/v2\/posts\/31315"}],"collection":[{"href":"https:\/\/sulsc.com\/index.php\/wp-json\/wp\/v2\/posts"}],"about":[{"href":"https:\/\/sulsc.com\/index.php\/wp-json\/wp\/v2\/types\/post"}],"author":[{"embeddable":true,"href":"https:\/\/sulsc.com\/index.php\/wp-json\/wp\/v2\/users\/3"}],"replies":[{"embeddable":true,"href":"https:\/\/sulsc.com\/index.php\/wp-json\/wp\/v2\/comments?post=31315"}],"version-history":[{"count":1,"href":"https:\/\/sulsc.com\/index.php\/wp-json\/wp\/v2\/posts\/31315\/revisions"}],"predecessor-version":[{"id":31317,"href":"https:\/\/sulsc.com\/index.php\/wp-json\/wp\/v2\/posts\/31315\/revisions\/31317"}],"wp:featuredmedia":[{"embeddable":true,"href":"https:\/\/sulsc.com\/index.php\/wp-json\/wp\/v2\/media\/31316"}],"wp:attachment":[{"href":"https:\/\/sulsc.com\/index.php\/wp-json\/wp\/v2\/media?parent=31315"}],"wp:term":[{"taxonomy":"category","embeddable":true,"href":"https:\/\/sulsc.com\/index.php\/wp-json\/wp\/v2\/categories?post=31315"},{"taxonomy":"post_tag","embeddable":true,"href":"https:\/\/sulsc.com\/index.php\/wp-json\/wp\/v2\/tags?post=31315"}],"curies":[{"name":"wp","href":"https:\/\/api.w.org\/{rel}","templated":true}]}}