{"id":31360,"date":"2026-01-08T08:29:49","date_gmt":"2026-01-08T11:29:49","guid":{"rendered":"https:\/\/sulsc.com\/?p=31360"},"modified":"2026-01-08T08:29:49","modified_gmt":"2026-01-08T11:29:49","slug":"prefeito-de-garopaba-e-preso-durante-operacao-coleta-seletiva-na-manha-desta-quinta-feira-08","status":"publish","type":"post","link":"https:\/\/sulsc.com\/index.php\/2026\/01\/08\/prefeito-de-garopaba-e-preso-durante-operacao-coleta-seletiva-na-manha-desta-quinta-feira-08\/","title":{"rendered":"Prefeito de Garopaba \u00e9 preso durante Opera\u00e7\u00e3o Coleta Seletiva na manh\u00e3 desta quinta-feira (08)"},"content":{"rendered":"<p>Na manh\u00e3 desta quinta-feira, 8 de janeiro de 2026, a Pol\u00edcia Civil de Santa Catarina prendeu o prefeito de Garopaba, J\u00fanior de Abreu Bento, do Partido Progressista (PP), durante a Opera\u00e7\u00e3o Coleta Seletiva. A a\u00e7\u00e3o, que come\u00e7ou nas primeiras horas do dia, resultou na execu\u00e7\u00e3o de tr\u00eas mandados de pris\u00e3o preventiva, incluindo a pris\u00e3o de um empres\u00e1rio da coleta de lixo e do pregoeiro oficial respons\u00e1vel pela licita\u00e7\u00e3o do servi\u00e7o no munic\u00edpio.<\/p>\n<div id=\"metaslider-id-25573\" style=\"width: 100%;\" class=\"ml-slider-3-99-0 metaslider metaslider-flex metaslider-25573 ml-slider has-onhover-arrows ms-theme-default-base has-dots-nav\" role=\"region\" aria-label=\"Meio\" data-width=\"1200\">\n    <div id=\"metaslider_container_25573\">\n        <div id=\"metaslider_25573\">\n            <ul class='slides'>\n                <li style=\"display: block; width: 100%;\" class=\"slide-25684 ms-image \" aria-roledescription=\"slide\" data-date=\"2025-07-24 07:55:40\"><img src=\"https:\/\/sulsc.com\/wp-content\/uploads\/2025\/07\/Marr-2-1000x166.jpg\" height=\"200\" width=\"1200\" alt=\"\" class=\"slider-25573 slide-25684 msDefaultImage\" title=\"Marr 2\" \/><\/li>\n                <li style=\"display: none; width: 100%;\" class=\"slide-32412 ms-image \" aria-roledescription=\"slide\" data-date=\"2026-02-18 13:59:46\"><img src=\"https:\/\/sulsc.com\/wp-content\/uploads\/2026\/02\/40dc1580-cad5-4867-bc58-c4243821ad38-1000x166.jpeg\" height=\"200\" width=\"1200\" alt=\"\" class=\"slider-25573 slide-32412 msDefaultImage\" title=\"40dc1580-cad5-4867-bc58-c4243821ad38\" \/><\/li>\n                <li style=\"display: none; width: 100%;\" class=\"slide-32766 ms-image \" aria-roledescription=\"slide\" data-date=\"2026-03-03 17:22:59\"><img src=\"https:\/\/sulsc.com\/wp-content\/uploads\/2026\/03\/271ce739-f268-41c5-8051-3de1a1750359-1000x166.jpeg\" height=\"200\" width=\"1200\" alt=\"\" class=\"slider-25573 slide-32766 msDefaultImage\" title=\"271ce739-f268-41c5-8051-3de1a1750359\" \/><\/li>\n            <\/ul>\n        <\/div>\n        \n    <\/div>\n<\/div>\n<p>Os mandados foram cumpridos na Prefeitura de Garopaba e em locais associados aos investigados. A opera\u00e7\u00e3o tamb\u00e9m resultou no afastamento de secret\u00e1rios municipais e no sequestro de bens e valores. Viaturas da DEIC e da DECOR permaneceram em frente ao pr\u00e9dio da Prefeitura enquanto as a\u00e7\u00f5es eram realizadas.<\/p>\n<p>A Opera\u00e7\u00e3o Coleta Seletiva \u00e9 um desdobramento da Opera\u00e7\u00e3o Maestro, iniciada em 2024, que revelou ind\u00edcios de irregularidades em contratos administrativos, especialmente relacionados \u00e0 coleta de lixo. As investiga\u00e7\u00f5es levantaram suspeitas de fraudes em licita\u00e7\u00f5es, frustra\u00e7\u00e3o do car\u00e1ter competitivo do certame e poss\u00edveis desvios de recursos p\u00fablicos.<\/p>\n<p><img fetchpriority=\"high\" decoding=\"async\" class=\"aligncenter size-full wp-image-31361\" src=\"http:\/\/sulsc.com\/wp-content\/uploads\/2026\/01\/untitled-design-1.webp\" alt=\"\" width=\"1200\" height=\"630\" srcset=\"https:\/\/sulsc.com\/wp-content\/uploads\/2026\/01\/untitled-design-1.webp 1200w, https:\/\/sulsc.com\/wp-content\/uploads\/2026\/01\/untitled-design-1-300x158.webp 300w, https:\/\/sulsc.com\/wp-content\/uploads\/2026\/01\/untitled-design-1-1024x538.webp 1024w, https:\/\/sulsc.com\/wp-content\/uploads\/2026\/01\/untitled-design-1-768x403.webp 768w\" sizes=\"(max-width: 1200px) 100vw, 1200px\" \/><\/p>\n<p>Divulga\u00e7\u00e3o\/SulSC<\/p>\n<p>As medidas judiciais foram autorizadas pelo Tribunal de Justi\u00e7a de Santa Catarina, com apoio do Minist\u00e9rio P\u00fablico. Esta \u00e9 a primeira vez que um prefeito em exerc\u00edcio \u00e9 preso em Garopaba. As investiga\u00e7\u00f5es continuam, e novas informa\u00e7\u00f5es poder\u00e3o ser divulgadas ao longo do dia.<\/p>\n<p>A Prefeitura de Garopaba, em nota anterior, afirmou que acompanha as a\u00e7\u00f5es das autoridades e se manifestar\u00e1 ap\u00f3s ter acesso completo \u00e0s informa\u00e7\u00f5es.<\/p>\n<p>Fonte\/Jornal Raz\u00e3o<\/p>\n","protected":false},"excerpt":{"rendered":"<p>Na manh\u00e3 desta quinta-feira, 8 de janeiro de 2026, a Pol\u00edcia Civil de Santa Catarina prendeu o prefeito de Garopaba, J\u00fanior de Abreu Bento, do Partido Progressista (PP), durante a Opera\u00e7\u00e3o Coleta Seletiva. A a\u00e7\u00e3o, que come\u00e7ou nas primeiras horas do dia, resultou na execu\u00e7\u00e3o de tr\u00eas mandados de pris\u00e3o preventiva, incluindo a pris\u00e3o de &hellip;<\/p>\n<p class=\"read-more\"> <a class=\"\" href=\"https:\/\/sulsc.com\/index.php\/2026\/01\/08\/prefeito-de-garopaba-e-preso-durante-operacao-coleta-seletiva-na-manha-desta-quinta-feira-08\/\"> <span class=\"screen-reader-text\">Prefeito de Garopaba \u00e9 preso durante Opera\u00e7\u00e3o Coleta Seletiva na manh\u00e3 desta quinta-feira (08)<\/span> Read More &raquo;<\/a><\/p>\n","protected":false},"author":3,"featured_media":31362,"comment_status":"open","ping_status":"open","sticky":false,"template":"","format":"standard","meta":{"site-sidebar-layout":"default","site-content-layout":"","ast-site-content-layout":"default","site-content-style":"default","site-sidebar-style":"default","ast-global-header-display":"","ast-banner-title-visibility":"","ast-main-header-display":"","ast-hfb-above-header-display":"","ast-hfb-below-header-display":"","ast-hfb-mobile-header-display":"","site-post-title":"","ast-breadcrumbs-content":"","ast-featured-img":"","footer-sml-layout":"","theme-transparent-header-meta":"default","adv-header-id-meta":"","stick-header-meta":"","header-above-stick-meta":"","header-main-stick-meta":"","header-below-stick-meta":"","astra-migrate-meta-layouts":"set","footnotes":""},"categories":[2658,1982,1,2313,14,2782,12],"tags":[2738],"yoast_head":"<!-- This site is optimized with the Yoast SEO plugin v21.4 - https:\/\/yoast.com\/wordpress\/plugins\/seo\/ -->\n<title>Prefeito de Garopaba \u00e9 preso durante Opera\u00e7\u00e3o Coleta Seletiva na manh\u00e3 desta quinta-feira (08) -<\/title>\n<meta name=\"robots\" content=\"index, follow, max-snippet:-1, max-image-preview:large, max-video-preview:-1\" \/>\n<link rel=\"canonical\" href=\"https:\/\/sulsc.com\/index.php\/2026\/01\/08\/prefeito-de-garopaba-e-preso-durante-operacao-coleta-seletiva-na-manha-desta-quinta-feira-08\/\" \/>\n<meta property=\"og:locale\" content=\"en_US\" \/>\n<meta property=\"og:type\" content=\"article\" \/>\n<meta property=\"og:title\" content=\"Prefeito de Garopaba \u00e9 preso durante Opera\u00e7\u00e3o Coleta Seletiva na manh\u00e3 desta quinta-feira (08) -\" \/>\n<meta property=\"og:description\" content=\"Na manh\u00e3 desta quinta-feira, 8 de janeiro de 2026, a Pol\u00edcia Civil de Santa Catarina prendeu o prefeito de Garopaba, J\u00fanior de Abreu Bento, do Partido Progressista (PP), durante a Opera\u00e7\u00e3o Coleta Seletiva. A a\u00e7\u00e3o, que come\u00e7ou nas primeiras horas do dia, resultou na execu\u00e7\u00e3o de tr\u00eas mandados de pris\u00e3o preventiva, incluindo a pris\u00e3o de &hellip; Prefeito de Garopaba \u00e9 preso durante Opera\u00e7\u00e3o Coleta Seletiva na manh\u00e3 desta quinta-feira (08) Read More &raquo;\" \/>\n<meta property=\"og:url\" content=\"https:\/\/sulsc.com\/index.php\/2026\/01\/08\/prefeito-de-garopaba-e-preso-durante-operacao-coleta-seletiva-na-manha-desta-quinta-feira-08\/\" \/>\n<meta property=\"article:author\" content=\"https:\/\/www.facebook.com\/profile.php?id=61559278119680\" \/>\n<meta property=\"article:published_time\" content=\"2026-01-08T11:29:49+00:00\" \/>\n<meta property=\"og:image\" content=\"http:\/\/sulsc.com\/wp-content\/uploads\/2026\/01\/image-5.webp\" \/>\n\t<meta property=\"og:image:width\" content=\"919\" \/>\n\t<meta property=\"og:image:height\" content=\"750\" \/>\n\t<meta property=\"og:image:type\" content=\"image\/webp\" \/>\n<meta name=\"author\" content=\"Reda\u00e7\u00e3o Sul SC\" \/>\n<meta name=\"twitter:card\" content=\"summary_large_image\" \/>\n<meta name=\"twitter:creator\" content=\"@https:\/\/twitter.com\/PortalSulSC\" \/>\n<meta name=\"twitter:label1\" content=\"Written by\" \/>\n\t<meta name=\"twitter:data1\" content=\"Reda\u00e7\u00e3o Sul SC\" \/>\n\t<meta name=\"twitter:label2\" content=\"Est. reading time\" \/>\n\t<meta name=\"twitter:data2\" content=\"2 minutes\" \/>\n<script type=\"application\/ld+json\" class=\"yoast-schema-graph\">{\"@context\":\"https:\/\/schema.org\",\"@graph\":[{\"@type\":\"WebPage\",\"@id\":\"https:\/\/sulsc.com\/index.php\/2026\/01\/08\/prefeito-de-garopaba-e-preso-durante-operacao-coleta-seletiva-na-manha-desta-quinta-feira-08\/\",\"url\":\"https:\/\/sulsc.com\/index.php\/2026\/01\/08\/prefeito-de-garopaba-e-preso-durante-operacao-coleta-seletiva-na-manha-desta-quinta-feira-08\/\",\"name\":\"Prefeito de Garopaba \u00e9 preso durante Opera\u00e7\u00e3o Coleta Seletiva na manh\u00e3 desta quinta-feira (08) -\",\"isPartOf\":{\"@id\":\"https:\/\/sulsc.com\/#website\"},\"datePublished\":\"2026-01-08T11:29:49+00:00\",\"dateModified\":\"2026-01-08T11:29:49+00:00\",\"author\":{\"@id\":\"https:\/\/sulsc.com\/#\/schema\/person\/84d2fc571684f6248ba83092f07750a3\"},\"breadcrumb\":{\"@id\":\"https:\/\/sulsc.com\/index.php\/2026\/01\/08\/prefeito-de-garopaba-e-preso-durante-operacao-coleta-seletiva-na-manha-desta-quinta-feira-08\/#breadcrumb\"},\"inLanguage\":\"en-US\",\"potentialAction\":[{\"@type\":\"ReadAction\",\"target\":[\"https:\/\/sulsc.com\/index.php\/2026\/01\/08\/prefeito-de-garopaba-e-preso-durante-operacao-coleta-seletiva-na-manha-desta-quinta-feira-08\/\"]}]},{\"@type\":\"BreadcrumbList\",\"@id\":\"https:\/\/sulsc.com\/index.php\/2026\/01\/08\/prefeito-de-garopaba-e-preso-durante-operacao-coleta-seletiva-na-manha-desta-quinta-feira-08\/#breadcrumb\",\"itemListElement\":[{\"@type\":\"ListItem\",\"position\":1,\"name\":\"In\u00edcio\",\"item\":\"https:\/\/sulsc.com\/\"},{\"@type\":\"ListItem\",\"position\":2,\"name\":\"Prefeito de Garopaba \u00e9 preso durante Opera\u00e7\u00e3o Coleta Seletiva na manh\u00e3 desta quinta-feira (08)\"}]},{\"@type\":\"WebSite\",\"@id\":\"https:\/\/sulsc.com\/#website\",\"url\":\"https:\/\/sulsc.com\/\",\"name\":\"\",\"description\":\"\",\"potentialAction\":[{\"@type\":\"SearchAction\",\"target\":{\"@type\":\"EntryPoint\",\"urlTemplate\":\"https:\/\/sulsc.com\/?s={search_term_string}\"},\"query-input\":\"required name=search_term_string\"}],\"inLanguage\":\"en-US\"},{\"@type\":\"Person\",\"@id\":\"https:\/\/sulsc.com\/#\/schema\/person\/84d2fc571684f6248ba83092f07750a3\",\"name\":\"Reda\u00e7\u00e3o Sul SC\",\"image\":{\"@type\":\"ImageObject\",\"inLanguage\":\"en-US\",\"@id\":\"https:\/\/sulsc.com\/#\/schema\/person\/image\/e08d7fe2cc4ed596372063bbe852b8d0\",\"url\":\"https:\/\/sulsc.com\/wp-content\/uploads\/2023\/09\/redacao.png\",\"contentUrl\":\"https:\/\/sulsc.com\/wp-content\/uploads\/2023\/09\/redacao.png\",\"caption\":\"Reda\u00e7\u00e3o Sul SC\"},\"description\":\"Foco em um jornalismo imparcial, voltado \u00e0 qualidade dos seus conte\u00fados e, assim, levar informa\u00e7\u00e3o de valor que agregue \u00e0 vida dos leitores. Esta \u00e9 grande miss\u00e3o do Portal de Not\u00edcias Sul SC. N\u00e3o \u00e9 quantidade que muda o mundo, sempre foi e seguir\u00e1 sendo qualidade!\",\"sameAs\":[\"https:\/\/sulsc.com\/\",\"https:\/\/www.facebook.com\/profile.php?id=61559278119680\",\"https:\/\/www.instagram.com\/sulscportal\/?hl=pt-br\",\"https:\/\/twitter.com\/https:\/\/twitter.com\/PortalSulSC\",\"https:\/\/www.youtube.com\/channel\/UCv_BE8GeySluDov2n8qhVmw\"],\"url\":\"https:\/\/sulsc.com\/index.php\/author\/redacao\/\"}]}<\/script>\n<!-- \/ Yoast SEO plugin. -->","yoast_head_json":{"title":"Prefeito de Garopaba \u00e9 preso durante Opera\u00e7\u00e3o Coleta Seletiva na manh\u00e3 desta quinta-feira (08) -","robots":{"index":"index","follow":"follow","max-snippet":"max-snippet:-1","max-image-preview":"max-image-preview:large","max-video-preview":"max-video-preview:-1"},"canonical":"https:\/\/sulsc.com\/index.php\/2026\/01\/08\/prefeito-de-garopaba-e-preso-durante-operacao-coleta-seletiva-na-manha-desta-quinta-feira-08\/","og_locale":"en_US","og_type":"article","og_title":"Prefeito de Garopaba \u00e9 preso durante Opera\u00e7\u00e3o Coleta Seletiva na manh\u00e3 desta quinta-feira (08) -","og_description":"Na manh\u00e3 desta quinta-feira, 8 de janeiro de 2026, a Pol\u00edcia Civil de Santa Catarina prendeu o prefeito de Garopaba, J\u00fanior de Abreu Bento, do Partido Progressista (PP), durante a Opera\u00e7\u00e3o Coleta Seletiva. A a\u00e7\u00e3o, que come\u00e7ou nas primeiras horas do dia, resultou na execu\u00e7\u00e3o de tr\u00eas mandados de pris\u00e3o preventiva, incluindo a pris\u00e3o de &hellip; Prefeito de Garopaba \u00e9 preso durante Opera\u00e7\u00e3o Coleta Seletiva na manh\u00e3 desta quinta-feira (08) Read More &raquo;","og_url":"https:\/\/sulsc.com\/index.php\/2026\/01\/08\/prefeito-de-garopaba-e-preso-durante-operacao-coleta-seletiva-na-manha-desta-quinta-feira-08\/","article_author":"https:\/\/www.facebook.com\/profile.php?id=61559278119680","article_published_time":"2026-01-08T11:29:49+00:00","og_image":[{"width":919,"height":750,"url":"http:\/\/sulsc.com\/wp-content\/uploads\/2026\/01\/image-5.webp","type":"image\/webp"}],"author":"Reda\u00e7\u00e3o Sul SC","twitter_card":"summary_large_image","twitter_creator":"@https:\/\/twitter.com\/PortalSulSC","twitter_misc":{"Written by":"Reda\u00e7\u00e3o Sul SC","Est. reading time":"2 minutes"},"schema":{"@context":"https:\/\/schema.org","@graph":[{"@type":"WebPage","@id":"https:\/\/sulsc.com\/index.php\/2026\/01\/08\/prefeito-de-garopaba-e-preso-durante-operacao-coleta-seletiva-na-manha-desta-quinta-feira-08\/","url":"https:\/\/sulsc.com\/index.php\/2026\/01\/08\/prefeito-de-garopaba-e-preso-durante-operacao-coleta-seletiva-na-manha-desta-quinta-feira-08\/","name":"Prefeito de Garopaba \u00e9 preso durante Opera\u00e7\u00e3o Coleta Seletiva na manh\u00e3 desta quinta-feira (08) -","isPartOf":{"@id":"https:\/\/sulsc.com\/#website"},"datePublished":"2026-01-08T11:29:49+00:00","dateModified":"2026-01-08T11:29:49+00:00","author":{"@id":"https:\/\/sulsc.com\/#\/schema\/person\/84d2fc571684f6248ba83092f07750a3"},"breadcrumb":{"@id":"https:\/\/sulsc.com\/index.php\/2026\/01\/08\/prefeito-de-garopaba-e-preso-durante-operacao-coleta-seletiva-na-manha-desta-quinta-feira-08\/#breadcrumb"},"inLanguage":"en-US","potentialAction":[{"@type":"ReadAction","target":["https:\/\/sulsc.com\/index.php\/2026\/01\/08\/prefeito-de-garopaba-e-preso-durante-operacao-coleta-seletiva-na-manha-desta-quinta-feira-08\/"]}]},{"@type":"BreadcrumbList","@id":"https:\/\/sulsc.com\/index.php\/2026\/01\/08\/prefeito-de-garopaba-e-preso-durante-operacao-coleta-seletiva-na-manha-desta-quinta-feira-08\/#breadcrumb","itemListElement":[{"@type":"ListItem","position":1,"name":"In\u00edcio","item":"https:\/\/sulsc.com\/"},{"@type":"ListItem","position":2,"name":"Prefeito de Garopaba \u00e9 preso durante Opera\u00e7\u00e3o Coleta Seletiva na manh\u00e3 desta quinta-feira (08)"}]},{"@type":"WebSite","@id":"https:\/\/sulsc.com\/#website","url":"https:\/\/sulsc.com\/","name":"","description":"","potentialAction":[{"@type":"SearchAction","target":{"@type":"EntryPoint","urlTemplate":"https:\/\/sulsc.com\/?s={search_term_string}"},"query-input":"required name=search_term_string"}],"inLanguage":"en-US"},{"@type":"Person","@id":"https:\/\/sulsc.com\/#\/schema\/person\/84d2fc571684f6248ba83092f07750a3","name":"Reda\u00e7\u00e3o Sul SC","image":{"@type":"ImageObject","inLanguage":"en-US","@id":"https:\/\/sulsc.com\/#\/schema\/person\/image\/e08d7fe2cc4ed596372063bbe852b8d0","url":"https:\/\/sulsc.com\/wp-content\/uploads\/2023\/09\/redacao.png","contentUrl":"https:\/\/sulsc.com\/wp-content\/uploads\/2023\/09\/redacao.png","caption":"Reda\u00e7\u00e3o Sul SC"},"description":"Foco em um jornalismo imparcial, voltado \u00e0 qualidade dos seus conte\u00fados e, assim, levar informa\u00e7\u00e3o de valor que agregue \u00e0 vida dos leitores. Esta \u00e9 grande miss\u00e3o do Portal de Not\u00edcias Sul SC. N\u00e3o \u00e9 quantidade que muda o mundo, sempre foi e seguir\u00e1 sendo qualidade!","sameAs":["https:\/\/sulsc.com\/","https:\/\/www.facebook.com\/profile.php?id=61559278119680","https:\/\/www.instagram.com\/sulscportal\/?hl=pt-br","https:\/\/twitter.com\/https:\/\/twitter.com\/PortalSulSC","https:\/\/www.youtube.com\/channel\/UCv_BE8GeySluDov2n8qhVmw"],"url":"https:\/\/sulsc.com\/index.php\/author\/redacao\/"}]}},"authors":[],"_links":{"self":[{"href":"https:\/\/sulsc.com\/index.php\/wp-json\/wp\/v2\/posts\/31360"}],"collection":[{"href":"https:\/\/sulsc.com\/index.php\/wp-json\/wp\/v2\/posts"}],"about":[{"href":"https:\/\/sulsc.com\/index.php\/wp-json\/wp\/v2\/types\/post"}],"author":[{"embeddable":true,"href":"https:\/\/sulsc.com\/index.php\/wp-json\/wp\/v2\/users\/3"}],"replies":[{"embeddable":true,"href":"https:\/\/sulsc.com\/index.php\/wp-json\/wp\/v2\/comments?post=31360"}],"version-history":[{"count":1,"href":"https:\/\/sulsc.com\/index.php\/wp-json\/wp\/v2\/posts\/31360\/revisions"}],"predecessor-version":[{"id":31363,"href":"https:\/\/sulsc.com\/index.php\/wp-json\/wp\/v2\/posts\/31360\/revisions\/31363"}],"wp:featuredmedia":[{"embeddable":true,"href":"https:\/\/sulsc.com\/index.php\/wp-json\/wp\/v2\/media\/31362"}],"wp:attachment":[{"href":"https:\/\/sulsc.com\/index.php\/wp-json\/wp\/v2\/media?parent=31360"}],"wp:term":[{"taxonomy":"category","embeddable":true,"href":"https:\/\/sulsc.com\/index.php\/wp-json\/wp\/v2\/categories?post=31360"},{"taxonomy":"post_tag","embeddable":true,"href":"https:\/\/sulsc.com\/index.php\/wp-json\/wp\/v2\/tags?post=31360"}],"curies":[{"name":"wp","href":"https:\/\/api.w.org\/{rel}","templated":true}]}}