{"id":31374,"date":"2026-01-08T17:54:27","date_gmt":"2026-01-08T20:54:27","guid":{"rendered":"https:\/\/sulsc.com\/?p=31374"},"modified":"2026-01-08T17:54:27","modified_gmt":"2026-01-08T20:54:27","slug":"educacao-tubarao-provas-de-processo-seletivo-acontecem-neste-domingo-11","status":"publish","type":"post","link":"https:\/\/sulsc.com\/index.php\/2026\/01\/08\/educacao-tubarao-provas-de-processo-seletivo-acontecem-neste-domingo-11\/","title":{"rendered":"Educa\u00e7\u00e3o Tubar\u00e3o &#8211; Provas de Processo Seletivo acontecem neste domingo (11)"},"content":{"rendered":"<p>Na tarde desta quinta-feira (08), a Prefeitura de Tubar\u00e3o, atrav\u00e9s da Funda\u00e7\u00e3o Municipal de Educa\u00e7\u00e3o, publicou informativo referente as prova objetiva do <strong>Processo Seletivo n\u00ba 22\/2025<\/strong>, que acontecem neste domingo (11), acontecer\u00e3o no Bloco Pedag\u00f3gico (D) da UniSul.<\/p>\n<div id=\"metaslider-id-25573\" style=\"width: 100%;\" class=\"ml-slider-3-99-0 metaslider metaslider-flex metaslider-25573 ml-slider has-onhover-arrows ms-theme-default-base has-dots-nav\" role=\"region\" aria-label=\"Meio\" data-width=\"1200\">\n    <div id=\"metaslider_container_25573\">\n        <div id=\"metaslider_25573\">\n            <ul class='slides'>\n                <li style=\"display: block; width: 100%;\" class=\"slide-25684 ms-image \" aria-roledescription=\"slide\" data-date=\"2025-07-24 07:55:40\"><img src=\"https:\/\/sulsc.com\/wp-content\/uploads\/2025\/07\/Marr-2-1000x166.jpg\" height=\"200\" width=\"1200\" alt=\"\" class=\"slider-25573 slide-25684 msDefaultImage\" title=\"Marr 2\" \/><\/li>\n                <li style=\"display: none; width: 100%;\" class=\"slide-32412 ms-image \" aria-roledescription=\"slide\" data-date=\"2026-02-18 13:59:46\"><img src=\"https:\/\/sulsc.com\/wp-content\/uploads\/2026\/02\/40dc1580-cad5-4867-bc58-c4243821ad38-1000x166.jpeg\" height=\"200\" width=\"1200\" alt=\"\" class=\"slider-25573 slide-32412 msDefaultImage\" title=\"40dc1580-cad5-4867-bc58-c4243821ad38\" \/><\/li>\n                <li style=\"display: none; width: 100%;\" class=\"slide-32766 ms-image \" aria-roledescription=\"slide\" data-date=\"2026-03-03 17:22:59\"><img src=\"https:\/\/sulsc.com\/wp-content\/uploads\/2026\/03\/271ce739-f268-41c5-8051-3de1a1750359-1000x166.jpeg\" height=\"200\" width=\"1200\" alt=\"\" class=\"slider-25573 slide-32766 msDefaultImage\" title=\"271ce739-f268-41c5-8051-3de1a1750359\" \/><\/li>\n            <\/ul>\n        <\/div>\n        \n    <\/div>\n<\/div>\n<p>Pela manh\u00e3, acontece a prova objetiva, com <strong>abertura dos port\u00f5es \u00e0s 7h30, e o fechamento \u00e0s 8h30<\/strong>. A prova ter\u00e1 in\u00edcio \u00e0s 8h50, com prazo final para entrega obrigat\u00f3ria do cart\u00e3o-resposta \u00e0s 12h50.<\/p>\n<p>J\u00e1 a prova pr\u00e1tica para os cargos de Professor de Libras (Habilitado e N\u00e3o Habilitado) e Professor de Projetos para Tempo Integral ser\u00e1 aplicada na Escola de Educa\u00e7\u00e3o B\u00e1sica Henrique Fontes, localizada na Rua Duque de Caxias, 770, Humait\u00e1, com abertura dos port\u00f5es \u00e0s 14 horas e o fechamento \u00e0s 14h20. O in\u00edcio da prova ocorrer\u00e1 \u00e0s 14h30.<\/p>\n<p>No site da empresa respons\u00e1vel pelo certame, a SC Treinamentos, os candidatos conferem a rela\u00e7\u00e3o dos candidatos homologados e demais informa\u00e7\u00f5es pertinentes ao processo seletivo. <strong><a href=\"https:\/\/portal.sctreinamentos.selecao.site\/edital\/ver\/764\">(clique aqui<\/a><\/strong>)<\/p>\n<figure id=\"attachment_31375\" aria-describedby=\"caption-attachment-31375\" style=\"width: 2560px\" class=\"wp-caption aligncenter\"><img fetchpriority=\"high\" decoding=\"async\" class=\"size-full wp-image-31375\" src=\"http:\/\/sulsc.com\/wp-content\/uploads\/2026\/01\/desenho-estudante-concentrado-scaled.jpg\" alt=\"\" width=\"2560\" height=\"1707\" srcset=\"https:\/\/sulsc.com\/wp-content\/uploads\/2026\/01\/desenho-estudante-concentrado-scaled.jpg 2560w, https:\/\/sulsc.com\/wp-content\/uploads\/2026\/01\/desenho-estudante-concentrado-300x200.jpg 300w, https:\/\/sulsc.com\/wp-content\/uploads\/2026\/01\/desenho-estudante-concentrado-1024x683.jpg 1024w, https:\/\/sulsc.com\/wp-content\/uploads\/2026\/01\/desenho-estudante-concentrado-768x512.jpg 768w, https:\/\/sulsc.com\/wp-content\/uploads\/2026\/01\/desenho-estudante-concentrado-1536x1024.jpg 1536w, https:\/\/sulsc.com\/wp-content\/uploads\/2026\/01\/desenho-estudante-concentrado-2048x1365.jpg 2048w\" sizes=\"(max-width: 2560px) 100vw, 2560px\" \/><figcaption id=\"caption-attachment-31375\" class=\"wp-caption-text\">Portrait of pretty girl sitting in college library and making notes<\/figcaption><\/figure>\n<p>Imagem: Freepik<\/p>\n","protected":false},"excerpt":{"rendered":"<p>Na tarde desta quinta-feira (08), a Prefeitura de Tubar\u00e3o, atrav\u00e9s da Funda\u00e7\u00e3o Municipal de Educa\u00e7\u00e3o, publicou informativo referente as prova objetiva do Processo Seletivo n\u00ba 22\/2025, que acontecem neste domingo (11), acontecer\u00e3o no Bloco Pedag\u00f3gico (D) da UniSul. Pela manh\u00e3, acontece a prova objetiva, com abertura dos port\u00f5es \u00e0s 7h30, e o fechamento \u00e0s 8h30. &hellip;<\/p>\n<p class=\"read-more\"> <a class=\"\" href=\"https:\/\/sulsc.com\/index.php\/2026\/01\/08\/educacao-tubarao-provas-de-processo-seletivo-acontecem-neste-domingo-11\/\"> <span class=\"screen-reader-text\">Educa\u00e7\u00e3o Tubar\u00e3o &#8211; Provas de Processo Seletivo acontecem neste domingo (11)<\/span> Read More &raquo;<\/a><\/p>\n","protected":false},"author":3,"featured_media":31375,"comment_status":"open","ping_status":"open","sticky":false,"template":"","format":"standard","meta":{"site-sidebar-layout":"default","site-content-layout":"","ast-site-content-layout":"default","site-content-style":"default","site-sidebar-style":"default","ast-global-header-display":"","ast-banner-title-visibility":"","ast-main-header-display":"","ast-hfb-above-header-display":"","ast-hfb-below-header-display":"","ast-hfb-mobile-header-display":"","site-post-title":"","ast-breadcrumbs-content":"","ast-featured-img":"","footer-sml-layout":"","theme-transparent-header-meta":"default","adv-header-id-meta":"","stick-header-meta":"","header-above-stick-meta":"","header-main-stick-meta":"","header-below-stick-meta":"","astra-migrate-meta-layouts":"set","footnotes":""},"categories":[2354,2321,1,14,21,12],"tags":[482],"yoast_head":"<!-- This site is optimized with the Yoast SEO plugin v21.4 - https:\/\/yoast.com\/wordpress\/plugins\/seo\/ -->\n<title>Educa\u00e7\u00e3o Tubar\u00e3o - Provas de Processo Seletivo acontecem neste domingo (11) -<\/title>\n<meta name=\"robots\" content=\"index, follow, max-snippet:-1, max-image-preview:large, max-video-preview:-1\" \/>\n<link rel=\"canonical\" href=\"https:\/\/sulsc.com\/index.php\/2026\/01\/08\/educacao-tubarao-provas-de-processo-seletivo-acontecem-neste-domingo-11\/\" \/>\n<meta property=\"og:locale\" content=\"en_US\" \/>\n<meta property=\"og:type\" content=\"article\" \/>\n<meta property=\"og:title\" content=\"Educa\u00e7\u00e3o Tubar\u00e3o - Provas de Processo Seletivo acontecem neste domingo (11) -\" \/>\n<meta property=\"og:description\" content=\"Na tarde desta quinta-feira (08), a Prefeitura de Tubar\u00e3o, atrav\u00e9s da Funda\u00e7\u00e3o Municipal de Educa\u00e7\u00e3o, publicou informativo referente as prova objetiva do Processo Seletivo n\u00ba 22\/2025, que acontecem neste domingo (11), acontecer\u00e3o no Bloco Pedag\u00f3gico (D) da UniSul. Pela manh\u00e3, acontece a prova objetiva, com abertura dos port\u00f5es \u00e0s 7h30, e o fechamento \u00e0s 8h30. &hellip; Educa\u00e7\u00e3o Tubar\u00e3o &#8211; Provas de Processo Seletivo acontecem neste domingo (11) Read More &raquo;\" \/>\n<meta property=\"og:url\" content=\"https:\/\/sulsc.com\/index.php\/2026\/01\/08\/educacao-tubarao-provas-de-processo-seletivo-acontecem-neste-domingo-11\/\" \/>\n<meta property=\"article:author\" content=\"https:\/\/www.facebook.com\/profile.php?id=61559278119680\" \/>\n<meta property=\"article:published_time\" content=\"2026-01-08T20:54:27+00:00\" \/>\n<meta property=\"og:image\" content=\"http:\/\/sulsc.com\/wp-content\/uploads\/2026\/01\/desenho-estudante-concentrado-scaled.jpg\" \/>\n\t<meta property=\"og:image:width\" content=\"2560\" \/>\n\t<meta property=\"og:image:height\" content=\"1707\" \/>\n\t<meta property=\"og:image:type\" content=\"image\/jpeg\" \/>\n<meta name=\"author\" content=\"Reda\u00e7\u00e3o Sul SC\" \/>\n<meta name=\"twitter:card\" content=\"summary_large_image\" \/>\n<meta name=\"twitter:creator\" content=\"@https:\/\/twitter.com\/PortalSulSC\" \/>\n<meta name=\"twitter:label1\" content=\"Written by\" \/>\n\t<meta name=\"twitter:data1\" content=\"Reda\u00e7\u00e3o Sul SC\" \/>\n\t<meta name=\"twitter:label2\" content=\"Est. reading time\" \/>\n\t<meta name=\"twitter:data2\" content=\"1 minute\" \/>\n<script type=\"application\/ld+json\" class=\"yoast-schema-graph\">{\"@context\":\"https:\/\/schema.org\",\"@graph\":[{\"@type\":\"WebPage\",\"@id\":\"https:\/\/sulsc.com\/index.php\/2026\/01\/08\/educacao-tubarao-provas-de-processo-seletivo-acontecem-neste-domingo-11\/\",\"url\":\"https:\/\/sulsc.com\/index.php\/2026\/01\/08\/educacao-tubarao-provas-de-processo-seletivo-acontecem-neste-domingo-11\/\",\"name\":\"Educa\u00e7\u00e3o Tubar\u00e3o - Provas de Processo Seletivo acontecem neste domingo (11) -\",\"isPartOf\":{\"@id\":\"https:\/\/sulsc.com\/#website\"},\"datePublished\":\"2026-01-08T20:54:27+00:00\",\"dateModified\":\"2026-01-08T20:54:27+00:00\",\"author\":{\"@id\":\"https:\/\/sulsc.com\/#\/schema\/person\/84d2fc571684f6248ba83092f07750a3\"},\"breadcrumb\":{\"@id\":\"https:\/\/sulsc.com\/index.php\/2026\/01\/08\/educacao-tubarao-provas-de-processo-seletivo-acontecem-neste-domingo-11\/#breadcrumb\"},\"inLanguage\":\"en-US\",\"potentialAction\":[{\"@type\":\"ReadAction\",\"target\":[\"https:\/\/sulsc.com\/index.php\/2026\/01\/08\/educacao-tubarao-provas-de-processo-seletivo-acontecem-neste-domingo-11\/\"]}]},{\"@type\":\"BreadcrumbList\",\"@id\":\"https:\/\/sulsc.com\/index.php\/2026\/01\/08\/educacao-tubarao-provas-de-processo-seletivo-acontecem-neste-domingo-11\/#breadcrumb\",\"itemListElement\":[{\"@type\":\"ListItem\",\"position\":1,\"name\":\"In\u00edcio\",\"item\":\"https:\/\/sulsc.com\/\"},{\"@type\":\"ListItem\",\"position\":2,\"name\":\"Educa\u00e7\u00e3o Tubar\u00e3o &#8211; Provas de Processo Seletivo acontecem neste domingo (11)\"}]},{\"@type\":\"WebSite\",\"@id\":\"https:\/\/sulsc.com\/#website\",\"url\":\"https:\/\/sulsc.com\/\",\"name\":\"\",\"description\":\"\",\"potentialAction\":[{\"@type\":\"SearchAction\",\"target\":{\"@type\":\"EntryPoint\",\"urlTemplate\":\"https:\/\/sulsc.com\/?s={search_term_string}\"},\"query-input\":\"required name=search_term_string\"}],\"inLanguage\":\"en-US\"},{\"@type\":\"Person\",\"@id\":\"https:\/\/sulsc.com\/#\/schema\/person\/84d2fc571684f6248ba83092f07750a3\",\"name\":\"Reda\u00e7\u00e3o Sul SC\",\"image\":{\"@type\":\"ImageObject\",\"inLanguage\":\"en-US\",\"@id\":\"https:\/\/sulsc.com\/#\/schema\/person\/image\/e08d7fe2cc4ed596372063bbe852b8d0\",\"url\":\"https:\/\/sulsc.com\/wp-content\/uploads\/2023\/09\/redacao.png\",\"contentUrl\":\"https:\/\/sulsc.com\/wp-content\/uploads\/2023\/09\/redacao.png\",\"caption\":\"Reda\u00e7\u00e3o Sul SC\"},\"description\":\"Foco em um jornalismo imparcial, voltado \u00e0 qualidade dos seus conte\u00fados e, assim, levar informa\u00e7\u00e3o de valor que agregue \u00e0 vida dos leitores. Esta \u00e9 grande miss\u00e3o do Portal de Not\u00edcias Sul SC. N\u00e3o \u00e9 quantidade que muda o mundo, sempre foi e seguir\u00e1 sendo qualidade!\",\"sameAs\":[\"https:\/\/sulsc.com\/\",\"https:\/\/www.facebook.com\/profile.php?id=61559278119680\",\"https:\/\/www.instagram.com\/sulscportal\/?hl=pt-br\",\"https:\/\/twitter.com\/https:\/\/twitter.com\/PortalSulSC\",\"https:\/\/www.youtube.com\/channel\/UCv_BE8GeySluDov2n8qhVmw\"],\"url\":\"https:\/\/sulsc.com\/index.php\/author\/redacao\/\"}]}<\/script>\n<!-- \/ Yoast SEO plugin. -->","yoast_head_json":{"title":"Educa\u00e7\u00e3o Tubar\u00e3o - Provas de Processo Seletivo acontecem neste domingo (11) -","robots":{"index":"index","follow":"follow","max-snippet":"max-snippet:-1","max-image-preview":"max-image-preview:large","max-video-preview":"max-video-preview:-1"},"canonical":"https:\/\/sulsc.com\/index.php\/2026\/01\/08\/educacao-tubarao-provas-de-processo-seletivo-acontecem-neste-domingo-11\/","og_locale":"en_US","og_type":"article","og_title":"Educa\u00e7\u00e3o Tubar\u00e3o - Provas de Processo Seletivo acontecem neste domingo (11) -","og_description":"Na tarde desta quinta-feira (08), a Prefeitura de Tubar\u00e3o, atrav\u00e9s da Funda\u00e7\u00e3o Municipal de Educa\u00e7\u00e3o, publicou informativo referente as prova objetiva do Processo Seletivo n\u00ba 22\/2025, que acontecem neste domingo (11), acontecer\u00e3o no Bloco Pedag\u00f3gico (D) da UniSul. Pela manh\u00e3, acontece a prova objetiva, com abertura dos port\u00f5es \u00e0s 7h30, e o fechamento \u00e0s 8h30. &hellip; Educa\u00e7\u00e3o Tubar\u00e3o &#8211; Provas de Processo Seletivo acontecem neste domingo (11) Read More &raquo;","og_url":"https:\/\/sulsc.com\/index.php\/2026\/01\/08\/educacao-tubarao-provas-de-processo-seletivo-acontecem-neste-domingo-11\/","article_author":"https:\/\/www.facebook.com\/profile.php?id=61559278119680","article_published_time":"2026-01-08T20:54:27+00:00","og_image":[{"width":2560,"height":1707,"url":"http:\/\/sulsc.com\/wp-content\/uploads\/2026\/01\/desenho-estudante-concentrado-scaled.jpg","type":"image\/jpeg"}],"author":"Reda\u00e7\u00e3o Sul SC","twitter_card":"summary_large_image","twitter_creator":"@https:\/\/twitter.com\/PortalSulSC","twitter_misc":{"Written by":"Reda\u00e7\u00e3o Sul SC","Est. reading time":"1 minute"},"schema":{"@context":"https:\/\/schema.org","@graph":[{"@type":"WebPage","@id":"https:\/\/sulsc.com\/index.php\/2026\/01\/08\/educacao-tubarao-provas-de-processo-seletivo-acontecem-neste-domingo-11\/","url":"https:\/\/sulsc.com\/index.php\/2026\/01\/08\/educacao-tubarao-provas-de-processo-seletivo-acontecem-neste-domingo-11\/","name":"Educa\u00e7\u00e3o Tubar\u00e3o - Provas de Processo Seletivo acontecem neste domingo (11) -","isPartOf":{"@id":"https:\/\/sulsc.com\/#website"},"datePublished":"2026-01-08T20:54:27+00:00","dateModified":"2026-01-08T20:54:27+00:00","author":{"@id":"https:\/\/sulsc.com\/#\/schema\/person\/84d2fc571684f6248ba83092f07750a3"},"breadcrumb":{"@id":"https:\/\/sulsc.com\/index.php\/2026\/01\/08\/educacao-tubarao-provas-de-processo-seletivo-acontecem-neste-domingo-11\/#breadcrumb"},"inLanguage":"en-US","potentialAction":[{"@type":"ReadAction","target":["https:\/\/sulsc.com\/index.php\/2026\/01\/08\/educacao-tubarao-provas-de-processo-seletivo-acontecem-neste-domingo-11\/"]}]},{"@type":"BreadcrumbList","@id":"https:\/\/sulsc.com\/index.php\/2026\/01\/08\/educacao-tubarao-provas-de-processo-seletivo-acontecem-neste-domingo-11\/#breadcrumb","itemListElement":[{"@type":"ListItem","position":1,"name":"In\u00edcio","item":"https:\/\/sulsc.com\/"},{"@type":"ListItem","position":2,"name":"Educa\u00e7\u00e3o Tubar\u00e3o &#8211; Provas de Processo Seletivo acontecem neste domingo (11)"}]},{"@type":"WebSite","@id":"https:\/\/sulsc.com\/#website","url":"https:\/\/sulsc.com\/","name":"","description":"","potentialAction":[{"@type":"SearchAction","target":{"@type":"EntryPoint","urlTemplate":"https:\/\/sulsc.com\/?s={search_term_string}"},"query-input":"required name=search_term_string"}],"inLanguage":"en-US"},{"@type":"Person","@id":"https:\/\/sulsc.com\/#\/schema\/person\/84d2fc571684f6248ba83092f07750a3","name":"Reda\u00e7\u00e3o Sul SC","image":{"@type":"ImageObject","inLanguage":"en-US","@id":"https:\/\/sulsc.com\/#\/schema\/person\/image\/e08d7fe2cc4ed596372063bbe852b8d0","url":"https:\/\/sulsc.com\/wp-content\/uploads\/2023\/09\/redacao.png","contentUrl":"https:\/\/sulsc.com\/wp-content\/uploads\/2023\/09\/redacao.png","caption":"Reda\u00e7\u00e3o Sul SC"},"description":"Foco em um jornalismo imparcial, voltado \u00e0 qualidade dos seus conte\u00fados e, assim, levar informa\u00e7\u00e3o de valor que agregue \u00e0 vida dos leitores. Esta \u00e9 grande miss\u00e3o do Portal de Not\u00edcias Sul SC. N\u00e3o \u00e9 quantidade que muda o mundo, sempre foi e seguir\u00e1 sendo qualidade!","sameAs":["https:\/\/sulsc.com\/","https:\/\/www.facebook.com\/profile.php?id=61559278119680","https:\/\/www.instagram.com\/sulscportal\/?hl=pt-br","https:\/\/twitter.com\/https:\/\/twitter.com\/PortalSulSC","https:\/\/www.youtube.com\/channel\/UCv_BE8GeySluDov2n8qhVmw"],"url":"https:\/\/sulsc.com\/index.php\/author\/redacao\/"}]}},"authors":[],"_links":{"self":[{"href":"https:\/\/sulsc.com\/index.php\/wp-json\/wp\/v2\/posts\/31374"}],"collection":[{"href":"https:\/\/sulsc.com\/index.php\/wp-json\/wp\/v2\/posts"}],"about":[{"href":"https:\/\/sulsc.com\/index.php\/wp-json\/wp\/v2\/types\/post"}],"author":[{"embeddable":true,"href":"https:\/\/sulsc.com\/index.php\/wp-json\/wp\/v2\/users\/3"}],"replies":[{"embeddable":true,"href":"https:\/\/sulsc.com\/index.php\/wp-json\/wp\/v2\/comments?post=31374"}],"version-history":[{"count":1,"href":"https:\/\/sulsc.com\/index.php\/wp-json\/wp\/v2\/posts\/31374\/revisions"}],"predecessor-version":[{"id":31376,"href":"https:\/\/sulsc.com\/index.php\/wp-json\/wp\/v2\/posts\/31374\/revisions\/31376"}],"wp:featuredmedia":[{"embeddable":true,"href":"https:\/\/sulsc.com\/index.php\/wp-json\/wp\/v2\/media\/31375"}],"wp:attachment":[{"href":"https:\/\/sulsc.com\/index.php\/wp-json\/wp\/v2\/media?parent=31374"}],"wp:term":[{"taxonomy":"category","embeddable":true,"href":"https:\/\/sulsc.com\/index.php\/wp-json\/wp\/v2\/categories?post=31374"},{"taxonomy":"post_tag","embeddable":true,"href":"https:\/\/sulsc.com\/index.php\/wp-json\/wp\/v2\/tags?post=31374"}],"curies":[{"name":"wp","href":"https:\/\/api.w.org\/{rel}","templated":true}]}}