{"id":31383,"date":"2026-01-08T18:18:07","date_gmt":"2026-01-08T21:18:07","guid":{"rendered":"https:\/\/sulsc.com\/?p=31383"},"modified":"2026-01-08T18:18:07","modified_gmt":"2026-01-08T21:18:07","slug":"tubarao-gabinete-do-prefeito-nota-oficial","status":"publish","type":"post","link":"https:\/\/sulsc.com\/index.php\/2026\/01\/08\/tubarao-gabinete-do-prefeito-nota-oficial\/","title":{"rendered":"Tubar\u00e3o Gabinete do Prefeito &#8211; Nota Oficial"},"content":{"rendered":"<p>A Prefeitura de Tubar\u00e3o informa que n\u00e3o houve qualquer opera\u00e7\u00e3o policial, cumprimento de mandados ou a\u00e7\u00f5es da Opera\u00e7\u00e3o Coleta Seletiva nas depend\u00eancias da Administra\u00e7\u00e3o Municipal nesta quinta-feira (o8).<\/p>\n<div id=\"metaslider-id-25573\" style=\"width: 100%;\" class=\"ml-slider-3-99-0 metaslider metaslider-flex metaslider-25573 ml-slider has-onhover-arrows ms-theme-default-base has-dots-nav\" role=\"region\" aria-label=\"Meio\" data-width=\"1200\">\n    <div id=\"metaslider_container_25573\">\n        <div id=\"metaslider_25573\">\n            <ul class='slides'>\n                <li style=\"display: block; width: 100%;\" class=\"slide-25684 ms-image \" aria-roledescription=\"slide\" data-date=\"2025-07-24 07:55:40\"><img src=\"https:\/\/sulsc.com\/wp-content\/uploads\/2025\/07\/Marr-2-1000x166.jpg\" height=\"200\" width=\"1200\" alt=\"\" class=\"slider-25573 slide-25684 msDefaultImage\" title=\"Marr 2\" \/><\/li>\n                <li style=\"display: none; width: 100%;\" class=\"slide-32412 ms-image \" aria-roledescription=\"slide\" data-date=\"2026-02-18 13:59:46\"><img src=\"https:\/\/sulsc.com\/wp-content\/uploads\/2026\/02\/40dc1580-cad5-4867-bc58-c4243821ad38-1000x166.jpeg\" height=\"200\" width=\"1200\" alt=\"\" class=\"slider-25573 slide-32412 msDefaultImage\" title=\"40dc1580-cad5-4867-bc58-c4243821ad38\" \/><\/li>\n                <li style=\"display: none; width: 100%;\" class=\"slide-32766 ms-image \" aria-roledescription=\"slide\" data-date=\"2026-03-03 17:22:59\"><img src=\"https:\/\/sulsc.com\/wp-content\/uploads\/2026\/03\/271ce739-f268-41c5-8051-3de1a1750359-1000x166.jpeg\" height=\"200\" width=\"1200\" alt=\"\" class=\"slider-25573 slide-32766 msDefaultImage\" title=\"271ce739-f268-41c5-8051-3de1a1750359\" \/><\/li>\n            <\/ul>\n        <\/div>\n        \n    <\/div>\n<\/div>\n<p>O Munic\u00edpio esclarece que n\u00e3o \u00e9 alvo da investiga\u00e7\u00e3o conduzida pela Pol\u00edcia Civil e que nenhuma secretaria, servidor ou gestor da Prefeitura de Tubar\u00e3o est\u00e1 envolvido nos fatos apurados.<\/p>\n<p>A Administra\u00e7\u00e3o Municipal reafirma seu compromisso com a transpar\u00eancia, a legalidade e o respeito \u00e0s institui\u00e7\u00f5es, permanecendo \u00e0 disposi\u00e7\u00e3o das autoridades competentes para quaisquer esclarecimentos que se fa\u00e7am necess\u00e1rios.<\/p>\n<p><strong>As charges mais hil\u00e1rias dos fatos do cotidiano, politico e suspeitos voc\u00ea encontra aqui no SulSC!<\/strong><\/p>\n<p><img fetchpriority=\"high\" decoding=\"async\" class=\"aligncenter size-full wp-image-29224\" src=\"http:\/\/sulsc.com\/wp-content\/uploads\/2025\/11\/a4-14-768x548-1.jpg\" alt=\"\" width=\"768\" height=\"548\" srcset=\"https:\/\/sulsc.com\/wp-content\/uploads\/2025\/11\/a4-14-768x548-1.jpg 768w, https:\/\/sulsc.com\/wp-content\/uploads\/2025\/11\/a4-14-768x548-1-300x214.jpg 300w\" sizes=\"(max-width: 768px) 100vw, 768px\" \/><\/p>\n","protected":false},"excerpt":{"rendered":"<p>A Prefeitura de Tubar\u00e3o informa que n\u00e3o houve qualquer opera\u00e7\u00e3o policial, cumprimento de mandados ou a\u00e7\u00f5es da Opera\u00e7\u00e3o Coleta Seletiva nas depend\u00eancias da Administra\u00e7\u00e3o Municipal nesta quinta-feira (o8). O Munic\u00edpio esclarece que n\u00e3o \u00e9 alvo da investiga\u00e7\u00e3o conduzida pela Pol\u00edcia Civil e que nenhuma secretaria, servidor ou gestor da Prefeitura de Tubar\u00e3o est\u00e1 envolvido nos &hellip;<\/p>\n<p class=\"read-more\"> <a class=\"\" href=\"https:\/\/sulsc.com\/index.php\/2026\/01\/08\/tubarao-gabinete-do-prefeito-nota-oficial\/\"> <span class=\"screen-reader-text\">Tubar\u00e3o Gabinete do Prefeito &#8211; Nota Oficial<\/span> Read More &raquo;<\/a><\/p>\n","protected":false},"author":3,"featured_media":31384,"comment_status":"open","ping_status":"open","sticky":false,"template":"","format":"standard","meta":{"site-sidebar-layout":"default","site-content-layout":"","ast-site-content-layout":"default","site-content-style":"default","site-sidebar-style":"default","ast-global-header-display":"","ast-banner-title-visibility":"","ast-main-header-display":"","ast-hfb-above-header-display":"","ast-hfb-below-header-display":"","ast-hfb-mobile-header-display":"","site-post-title":"","ast-breadcrumbs-content":"","ast-featured-img":"","footer-sml-layout":"","theme-transparent-header-meta":"default","adv-header-id-meta":"","stick-header-meta":"","header-above-stick-meta":"","header-main-stick-meta":"","header-below-stick-meta":"","astra-migrate-meta-layouts":"set","footnotes":""},"categories":[2231,1,14,21,12],"tags":[1193],"yoast_head":"<!-- This site is optimized with the Yoast SEO plugin v21.4 - https:\/\/yoast.com\/wordpress\/plugins\/seo\/ -->\n<title>Tubar\u00e3o Gabinete do Prefeito - Nota Oficial -<\/title>\n<meta name=\"robots\" content=\"index, follow, max-snippet:-1, max-image-preview:large, max-video-preview:-1\" \/>\n<link rel=\"canonical\" href=\"https:\/\/sulsc.com\/index.php\/2026\/01\/08\/tubarao-gabinete-do-prefeito-nota-oficial\/\" \/>\n<meta property=\"og:locale\" content=\"en_US\" \/>\n<meta property=\"og:type\" content=\"article\" \/>\n<meta property=\"og:title\" content=\"Tubar\u00e3o Gabinete do Prefeito - Nota Oficial -\" \/>\n<meta property=\"og:description\" content=\"A Prefeitura de Tubar\u00e3o informa que n\u00e3o houve qualquer opera\u00e7\u00e3o policial, cumprimento de mandados ou a\u00e7\u00f5es da Opera\u00e7\u00e3o Coleta Seletiva nas depend\u00eancias da Administra\u00e7\u00e3o Municipal nesta quinta-feira (o8). O Munic\u00edpio esclarece que n\u00e3o \u00e9 alvo da investiga\u00e7\u00e3o conduzida pela Pol\u00edcia Civil e que nenhuma secretaria, servidor ou gestor da Prefeitura de Tubar\u00e3o est\u00e1 envolvido nos &hellip; Tubar\u00e3o Gabinete do Prefeito &#8211; Nota Oficial Read More &raquo;\" \/>\n<meta property=\"og:url\" content=\"https:\/\/sulsc.com\/index.php\/2026\/01\/08\/tubarao-gabinete-do-prefeito-nota-oficial\/\" \/>\n<meta property=\"article:author\" content=\"https:\/\/www.facebook.com\/profile.php?id=61559278119680\" \/>\n<meta property=\"article:published_time\" content=\"2026-01-08T21:18:07+00:00\" \/>\n<meta property=\"og:image\" content=\"http:\/\/sulsc.com\/wp-content\/uploads\/2026\/01\/0d6baba4-5b96-463d-ac64-14eda566a94d.jpeg\" \/>\n\t<meta property=\"og:image:width\" content=\"1280\" \/>\n\t<meta property=\"og:image:height\" content=\"960\" \/>\n\t<meta property=\"og:image:type\" content=\"image\/jpeg\" \/>\n<meta name=\"author\" content=\"Reda\u00e7\u00e3o Sul SC\" \/>\n<meta name=\"twitter:card\" content=\"summary_large_image\" \/>\n<meta name=\"twitter:creator\" content=\"@https:\/\/twitter.com\/PortalSulSC\" \/>\n<meta name=\"twitter:label1\" content=\"Written by\" \/>\n\t<meta name=\"twitter:data1\" content=\"Reda\u00e7\u00e3o Sul SC\" \/>\n\t<meta name=\"twitter:label2\" content=\"Est. reading time\" \/>\n\t<meta name=\"twitter:data2\" content=\"1 minute\" \/>\n<script type=\"application\/ld+json\" class=\"yoast-schema-graph\">{\"@context\":\"https:\/\/schema.org\",\"@graph\":[{\"@type\":\"WebPage\",\"@id\":\"https:\/\/sulsc.com\/index.php\/2026\/01\/08\/tubarao-gabinete-do-prefeito-nota-oficial\/\",\"url\":\"https:\/\/sulsc.com\/index.php\/2026\/01\/08\/tubarao-gabinete-do-prefeito-nota-oficial\/\",\"name\":\"Tubar\u00e3o Gabinete do Prefeito - Nota Oficial -\",\"isPartOf\":{\"@id\":\"https:\/\/sulsc.com\/#website\"},\"datePublished\":\"2026-01-08T21:18:07+00:00\",\"dateModified\":\"2026-01-08T21:18:07+00:00\",\"author\":{\"@id\":\"https:\/\/sulsc.com\/#\/schema\/person\/84d2fc571684f6248ba83092f07750a3\"},\"breadcrumb\":{\"@id\":\"https:\/\/sulsc.com\/index.php\/2026\/01\/08\/tubarao-gabinete-do-prefeito-nota-oficial\/#breadcrumb\"},\"inLanguage\":\"en-US\",\"potentialAction\":[{\"@type\":\"ReadAction\",\"target\":[\"https:\/\/sulsc.com\/index.php\/2026\/01\/08\/tubarao-gabinete-do-prefeito-nota-oficial\/\"]}]},{\"@type\":\"BreadcrumbList\",\"@id\":\"https:\/\/sulsc.com\/index.php\/2026\/01\/08\/tubarao-gabinete-do-prefeito-nota-oficial\/#breadcrumb\",\"itemListElement\":[{\"@type\":\"ListItem\",\"position\":1,\"name\":\"In\u00edcio\",\"item\":\"https:\/\/sulsc.com\/\"},{\"@type\":\"ListItem\",\"position\":2,\"name\":\"Tubar\u00e3o Gabinete do Prefeito &#8211; Nota Oficial\"}]},{\"@type\":\"WebSite\",\"@id\":\"https:\/\/sulsc.com\/#website\",\"url\":\"https:\/\/sulsc.com\/\",\"name\":\"\",\"description\":\"\",\"potentialAction\":[{\"@type\":\"SearchAction\",\"target\":{\"@type\":\"EntryPoint\",\"urlTemplate\":\"https:\/\/sulsc.com\/?s={search_term_string}\"},\"query-input\":\"required name=search_term_string\"}],\"inLanguage\":\"en-US\"},{\"@type\":\"Person\",\"@id\":\"https:\/\/sulsc.com\/#\/schema\/person\/84d2fc571684f6248ba83092f07750a3\",\"name\":\"Reda\u00e7\u00e3o Sul SC\",\"image\":{\"@type\":\"ImageObject\",\"inLanguage\":\"en-US\",\"@id\":\"https:\/\/sulsc.com\/#\/schema\/person\/image\/e08d7fe2cc4ed596372063bbe852b8d0\",\"url\":\"https:\/\/sulsc.com\/wp-content\/uploads\/2023\/09\/redacao.png\",\"contentUrl\":\"https:\/\/sulsc.com\/wp-content\/uploads\/2023\/09\/redacao.png\",\"caption\":\"Reda\u00e7\u00e3o Sul SC\"},\"description\":\"Foco em um jornalismo imparcial, voltado \u00e0 qualidade dos seus conte\u00fados e, assim, levar informa\u00e7\u00e3o de valor que agregue \u00e0 vida dos leitores. Esta \u00e9 grande miss\u00e3o do Portal de Not\u00edcias Sul SC. N\u00e3o \u00e9 quantidade que muda o mundo, sempre foi e seguir\u00e1 sendo qualidade!\",\"sameAs\":[\"https:\/\/sulsc.com\/\",\"https:\/\/www.facebook.com\/profile.php?id=61559278119680\",\"https:\/\/www.instagram.com\/sulscportal\/?hl=pt-br\",\"https:\/\/twitter.com\/https:\/\/twitter.com\/PortalSulSC\",\"https:\/\/www.youtube.com\/channel\/UCv_BE8GeySluDov2n8qhVmw\"],\"url\":\"https:\/\/sulsc.com\/index.php\/author\/redacao\/\"}]}<\/script>\n<!-- \/ Yoast SEO plugin. -->","yoast_head_json":{"title":"Tubar\u00e3o Gabinete do Prefeito - Nota Oficial -","robots":{"index":"index","follow":"follow","max-snippet":"max-snippet:-1","max-image-preview":"max-image-preview:large","max-video-preview":"max-video-preview:-1"},"canonical":"https:\/\/sulsc.com\/index.php\/2026\/01\/08\/tubarao-gabinete-do-prefeito-nota-oficial\/","og_locale":"en_US","og_type":"article","og_title":"Tubar\u00e3o Gabinete do Prefeito - Nota Oficial -","og_description":"A Prefeitura de Tubar\u00e3o informa que n\u00e3o houve qualquer opera\u00e7\u00e3o policial, cumprimento de mandados ou a\u00e7\u00f5es da Opera\u00e7\u00e3o Coleta Seletiva nas depend\u00eancias da Administra\u00e7\u00e3o Municipal nesta quinta-feira (o8). O Munic\u00edpio esclarece que n\u00e3o \u00e9 alvo da investiga\u00e7\u00e3o conduzida pela Pol\u00edcia Civil e que nenhuma secretaria, servidor ou gestor da Prefeitura de Tubar\u00e3o est\u00e1 envolvido nos &hellip; Tubar\u00e3o Gabinete do Prefeito &#8211; Nota Oficial Read More &raquo;","og_url":"https:\/\/sulsc.com\/index.php\/2026\/01\/08\/tubarao-gabinete-do-prefeito-nota-oficial\/","article_author":"https:\/\/www.facebook.com\/profile.php?id=61559278119680","article_published_time":"2026-01-08T21:18:07+00:00","og_image":[{"width":1280,"height":960,"url":"http:\/\/sulsc.com\/wp-content\/uploads\/2026\/01\/0d6baba4-5b96-463d-ac64-14eda566a94d.jpeg","type":"image\/jpeg"}],"author":"Reda\u00e7\u00e3o Sul SC","twitter_card":"summary_large_image","twitter_creator":"@https:\/\/twitter.com\/PortalSulSC","twitter_misc":{"Written by":"Reda\u00e7\u00e3o Sul SC","Est. reading time":"1 minute"},"schema":{"@context":"https:\/\/schema.org","@graph":[{"@type":"WebPage","@id":"https:\/\/sulsc.com\/index.php\/2026\/01\/08\/tubarao-gabinete-do-prefeito-nota-oficial\/","url":"https:\/\/sulsc.com\/index.php\/2026\/01\/08\/tubarao-gabinete-do-prefeito-nota-oficial\/","name":"Tubar\u00e3o Gabinete do Prefeito - Nota Oficial -","isPartOf":{"@id":"https:\/\/sulsc.com\/#website"},"datePublished":"2026-01-08T21:18:07+00:00","dateModified":"2026-01-08T21:18:07+00:00","author":{"@id":"https:\/\/sulsc.com\/#\/schema\/person\/84d2fc571684f6248ba83092f07750a3"},"breadcrumb":{"@id":"https:\/\/sulsc.com\/index.php\/2026\/01\/08\/tubarao-gabinete-do-prefeito-nota-oficial\/#breadcrumb"},"inLanguage":"en-US","potentialAction":[{"@type":"ReadAction","target":["https:\/\/sulsc.com\/index.php\/2026\/01\/08\/tubarao-gabinete-do-prefeito-nota-oficial\/"]}]},{"@type":"BreadcrumbList","@id":"https:\/\/sulsc.com\/index.php\/2026\/01\/08\/tubarao-gabinete-do-prefeito-nota-oficial\/#breadcrumb","itemListElement":[{"@type":"ListItem","position":1,"name":"In\u00edcio","item":"https:\/\/sulsc.com\/"},{"@type":"ListItem","position":2,"name":"Tubar\u00e3o Gabinete do Prefeito &#8211; Nota Oficial"}]},{"@type":"WebSite","@id":"https:\/\/sulsc.com\/#website","url":"https:\/\/sulsc.com\/","name":"","description":"","potentialAction":[{"@type":"SearchAction","target":{"@type":"EntryPoint","urlTemplate":"https:\/\/sulsc.com\/?s={search_term_string}"},"query-input":"required name=search_term_string"}],"inLanguage":"en-US"},{"@type":"Person","@id":"https:\/\/sulsc.com\/#\/schema\/person\/84d2fc571684f6248ba83092f07750a3","name":"Reda\u00e7\u00e3o Sul SC","image":{"@type":"ImageObject","inLanguage":"en-US","@id":"https:\/\/sulsc.com\/#\/schema\/person\/image\/e08d7fe2cc4ed596372063bbe852b8d0","url":"https:\/\/sulsc.com\/wp-content\/uploads\/2023\/09\/redacao.png","contentUrl":"https:\/\/sulsc.com\/wp-content\/uploads\/2023\/09\/redacao.png","caption":"Reda\u00e7\u00e3o Sul SC"},"description":"Foco em um jornalismo imparcial, voltado \u00e0 qualidade dos seus conte\u00fados e, assim, levar informa\u00e7\u00e3o de valor que agregue \u00e0 vida dos leitores. Esta \u00e9 grande miss\u00e3o do Portal de Not\u00edcias Sul SC. N\u00e3o \u00e9 quantidade que muda o mundo, sempre foi e seguir\u00e1 sendo qualidade!","sameAs":["https:\/\/sulsc.com\/","https:\/\/www.facebook.com\/profile.php?id=61559278119680","https:\/\/www.instagram.com\/sulscportal\/?hl=pt-br","https:\/\/twitter.com\/https:\/\/twitter.com\/PortalSulSC","https:\/\/www.youtube.com\/channel\/UCv_BE8GeySluDov2n8qhVmw"],"url":"https:\/\/sulsc.com\/index.php\/author\/redacao\/"}]}},"authors":[],"_links":{"self":[{"href":"https:\/\/sulsc.com\/index.php\/wp-json\/wp\/v2\/posts\/31383"}],"collection":[{"href":"https:\/\/sulsc.com\/index.php\/wp-json\/wp\/v2\/posts"}],"about":[{"href":"https:\/\/sulsc.com\/index.php\/wp-json\/wp\/v2\/types\/post"}],"author":[{"embeddable":true,"href":"https:\/\/sulsc.com\/index.php\/wp-json\/wp\/v2\/users\/3"}],"replies":[{"embeddable":true,"href":"https:\/\/sulsc.com\/index.php\/wp-json\/wp\/v2\/comments?post=31383"}],"version-history":[{"count":1,"href":"https:\/\/sulsc.com\/index.php\/wp-json\/wp\/v2\/posts\/31383\/revisions"}],"predecessor-version":[{"id":31385,"href":"https:\/\/sulsc.com\/index.php\/wp-json\/wp\/v2\/posts\/31383\/revisions\/31385"}],"wp:featuredmedia":[{"embeddable":true,"href":"https:\/\/sulsc.com\/index.php\/wp-json\/wp\/v2\/media\/31384"}],"wp:attachment":[{"href":"https:\/\/sulsc.com\/index.php\/wp-json\/wp\/v2\/media?parent=31383"}],"wp:term":[{"taxonomy":"category","embeddable":true,"href":"https:\/\/sulsc.com\/index.php\/wp-json\/wp\/v2\/categories?post=31383"},{"taxonomy":"post_tag","embeddable":true,"href":"https:\/\/sulsc.com\/index.php\/wp-json\/wp\/v2\/tags?post=31383"}],"curies":[{"name":"wp","href":"https:\/\/api.w.org\/{rel}","templated":true}]}}