{"id":31403,"date":"2026-01-10T07:18:30","date_gmt":"2026-01-10T10:18:30","guid":{"rendered":"https:\/\/sulsc.com\/?p=31403"},"modified":"2026-01-10T07:22:38","modified_gmt":"2026-01-10T10:22:38","slug":"primeiro-ciclone-extratropical-de-2026-traz-alerta-de-risco-alto-para-temporais-neste-sabado-10","status":"publish","type":"post","link":"https:\/\/sulsc.com\/index.php\/2026\/01\/10\/primeiro-ciclone-extratropical-de-2026-traz-alerta-de-risco-alto-para-temporais-neste-sabado-10\/","title":{"rendered":"Primeiro Ciclone Extratropical de 2026 traz alerta de risco alto para temporais neste s\u00e1bado (10)"},"content":{"rendered":"<p><span dir=\"auto\" style=\"vertical-align: inherit;\"><span dir=\"auto\" style=\"vertical-align: inherit;\">Sendo o primeiro ciclone extratropical de 2026, o Instituto Nacional de Meteorologia (Inmet) emite um alerta vermelho de &#8220;Grande Perigo&#8221; para o oeste do RS, com chuvas acima de 100 mm\/dia \u200b\u200be ventos de 100 km\/h. As observa\u00e7\u00f5es, originadas entre Argentina e Uruguai, <\/span><\/span><strong><span dir=\"auto\" style=\"vertical-align: inherit;\"><span dir=\"auto\" style=\"vertical-align: inherit;\">relativas \u00e0 Regi\u00e3o Sul<\/span><\/span><\/strong><span dir=\"auto\" style=\"vertical-align: inherit;\"><span dir=\"auto\" style=\"vertical-align: inherit;\"> , com riscos de danos e recomenda\u00e7\u00f5es para desligar aparelhos el\u00e9tricos. J\u00e1 em toda Santa Catarina o tempo fica inst\u00e1vel neste s\u00e1bado (10), com condi\u00e7\u00f5es para chuva a qualquer hora, devido \u00e0 atua\u00e7\u00e3o de um Ciclone Extratropical que se desloca em dire\u00e7\u00e3o ao mar. H\u00e1 condi\u00e7\u00f5es para temporais com raios, rajadas de vento, queda de granizo, chuva intensa e condi\u00e7\u00f5es para tempestades diversas de maneira localizada, principalmente a partir da tarde. <\/span><\/span><strong><span dir=\"auto\" style=\"vertical-align: inherit;\"><span dir=\"auto\" style=\"vertical-align: inherit;\">O risco \u00e9 alto<\/span><\/span><\/strong><span dir=\"auto\" style=\"vertical-align: inherit;\"><span dir=\"auto\" style=\"vertical-align: inherit;\"> de ocorr\u00eancias associadas a alagamentos, enxarradas, danos na rede el\u00e9trica, queda de galhos e \u00e1rvores e destelhamentos.<\/span><\/span><\/p>\n<div id=\"metaslider-id-25573\" style=\"width: 100%;\" class=\"ml-slider-3-99-0 metaslider metaslider-flex metaslider-25573 ml-slider has-onhover-arrows ms-theme-default-base has-dots-nav\" role=\"region\" aria-label=\"Meio\" data-width=\"1200\">\n    <div id=\"metaslider_container_25573\">\n        <div id=\"metaslider_25573\">\n            <ul class='slides'>\n                <li style=\"display: block; width: 100%;\" class=\"slide-25684 ms-image \" aria-roledescription=\"slide\" data-date=\"2025-07-24 07:55:40\"><img src=\"https:\/\/sulsc.com\/wp-content\/uploads\/2025\/07\/Marr-2-1000x166.jpg\" height=\"200\" width=\"1200\" alt=\"\" class=\"slider-25573 slide-25684 msDefaultImage\" title=\"Marr 2\" \/><\/li>\n                <li style=\"display: none; width: 100%;\" class=\"slide-32412 ms-image \" aria-roledescription=\"slide\" data-date=\"2026-02-18 13:59:46\"><img src=\"https:\/\/sulsc.com\/wp-content\/uploads\/2026\/02\/40dc1580-cad5-4867-bc58-c4243821ad38-1000x166.jpeg\" height=\"200\" width=\"1200\" alt=\"\" class=\"slider-25573 slide-32412 msDefaultImage\" title=\"40dc1580-cad5-4867-bc58-c4243821ad38\" \/><\/li>\n                <li style=\"display: none; width: 100%;\" class=\"slide-32766 ms-image \" aria-roledescription=\"slide\" data-date=\"2026-03-03 17:22:59\"><img src=\"https:\/\/sulsc.com\/wp-content\/uploads\/2026\/03\/271ce739-f268-41c5-8051-3de1a1750359-1000x166.jpeg\" height=\"200\" width=\"1200\" alt=\"\" class=\"slider-25573 slide-32766 msDefaultImage\" title=\"271ce739-f268-41c5-8051-3de1a1750359\" \/><\/li>\n            <\/ul>\n        <\/div>\n        \n    <\/div>\n<\/div>\n<p><strong><span dir=\"auto\" style=\"vertical-align: inherit;\"><span dir=\"auto\" style=\"vertical-align: inherit;\">Temperaturas<\/span><\/span><\/strong><\/p>\n<p><span dir=\"auto\" style=\"vertical-align: inherit;\"><span dir=\"auto\" style=\"vertical-align: inherit;\">As temperaturas m\u00e1ximas, \u00e0 tarde, ultrapassaram os 35 \u00b0C no Litoral Sul, varia\u00e7\u00e3o entre 20 \u00b0C e 28 \u00b0C nos Planaltos e no Alto Vale do Itaja\u00ed e ficam entre 25 \u00b0C e 30 \u00b0C no Grande Oeste.<\/span><\/span><\/p>\n<p><img fetchpriority=\"high\" decoding=\"async\" class=\"aligncenter size-full wp-image-31405\" src=\"http:\/\/sulsc.com\/wp-content\/uploads\/2026\/01\/image-216-1024x695-1.png\" alt=\"\" width=\"1024\" height=\"695\" srcset=\"https:\/\/sulsc.com\/wp-content\/uploads\/2026\/01\/image-216-1024x695-1.png 1024w, https:\/\/sulsc.com\/wp-content\/uploads\/2026\/01\/image-216-1024x695-1-300x204.png 300w, https:\/\/sulsc.com\/wp-content\/uploads\/2026\/01\/image-216-1024x695-1-768x521.png 768w\" sizes=\"(max-width: 1024px) 100vw, 1024px\" \/><\/p>\n<p><img decoding=\"async\" class=\"aligncenter size-full wp-image-22836\" src=\"http:\/\/sulsc.com\/wp-content\/uploads\/2025\/04\/Tempo-2.png\" alt=\"\" width=\"1024\" height=\"189\" srcset=\"https:\/\/sulsc.com\/wp-content\/uploads\/2025\/04\/Tempo-2.png 1024w, https:\/\/sulsc.com\/wp-content\/uploads\/2025\/04\/Tempo-2-300x55.png 300w, https:\/\/sulsc.com\/wp-content\/uploads\/2025\/04\/Tempo-2-768x142.png 768w\" sizes=\"(max-width: 1024px) 100vw, 1024px\" \/><\/p>\n<p><strong><span dir=\"auto\" style=\"vertical-align: inherit;\"><span dir=\"auto\" style=\"vertical-align: inherit;\">Ventos:<\/span><\/span><\/strong><span dir=\"auto\" style=\"vertical-align: inherit;\"><span dir=\"auto\" style=\"vertical-align: inherit;\"> nordeste a noroeste, fraco a moderado com rajadas associadas \u00e0s trovoadas.<\/span><\/span><\/p>\n<p><strong><span dir=\"auto\" style=\"vertical-align: inherit;\"><span dir=\"auto\" style=\"vertical-align: inherit;\">Sistema predominante<\/span><\/span><\/strong><span dir=\"auto\" style=\"vertical-align: inherit;\"><span dir=\"auto\" style=\"vertical-align: inherit;\"> : frente fria associado a um ciclone extratropical sobre o Uruguai.<\/span><\/span><\/p>\n<p><span dir=\"auto\" style=\"vertical-align: inherit;\"><span dir=\"auto\" style=\"vertical-align: inherit;\">A secretaria da Defesa Civil do estado publicou <\/span><\/span><strong><span dir=\"auto\" style=\"vertical-align: inherit;\"><span dir=\"auto\" style=\"vertical-align: inherit;\">agora \u00e0s 07h02<\/span><\/span><\/strong><span dir=\"auto\" style=\"vertical-align: inherit;\"><span dir=\"auto\" style=\"vertical-align: inherit;\"> \u2013 TEMPORES ISOLADOS com RAIOS, RAJADAS DE VENTO e ALAGAMENTOS pontuais para os <\/span><\/span><strong><span dir=\"auto\" style=\"vertical-align: inherit;\"><span dir=\"auto\" style=\"vertical-align: inherit;\">munic\u00edpios de<\/span><\/span><\/strong><span dir=\"auto\" style=\"vertical-align: inherit;\"><span dir=\"auto\" style=\"vertical-align: inherit;\"> Araquari, Armaz\u00e9m, Balne\u00e1rio Barra do Sul, Balne\u00e1rio Cambori\u00fa, Balne\u00e1rio Pi\u00e7arras, Barra Velha, Bigua\u00e7u, Bombinhas, Cambori\u00fa, Florian\u00f3polis, Garopaba, Garuva, Governador Celso Ramos, Imaru\u00ed, Imbituba, Itaja\u00ed, Itapema, Itapo\u00e1, Navegantes, Palho\u00e7a, Paulo Lopes, Penha, Porto Belo, S\u00e3o Bonif\u00e1cio, S\u00e3o Francisco do Sul, S\u00e3o Jos\u00e9 e Tijucas nas pr\u00f3ximas 3 horas. <\/span><\/span><strong><span dir=\"auto\" style=\"vertical-align: inherit;\"><span dir=\"auto\" style=\"vertical-align: inherit;\">Ocorr\u00eancias ligue 199 ou 193.<\/span><\/span><\/strong><\/p>\n<p><img decoding=\"async\" class=\"aligncenter size-full wp-image-31406\" src=\"http:\/\/sulsc.com\/wp-content\/uploads\/2026\/01\/image-235-1005x1024-2-e1768040020858.png\" alt=\"\" width=\"998\" height=\"542\" srcset=\"https:\/\/sulsc.com\/wp-content\/uploads\/2026\/01\/image-235-1005x1024-2-e1768040020858.png 998w, https:\/\/sulsc.com\/wp-content\/uploads\/2026\/01\/image-235-1005x1024-2-e1768040020858-300x163.png 300w, https:\/\/sulsc.com\/wp-content\/uploads\/2026\/01\/image-235-1005x1024-2-e1768040020858-768x417.png 768w\" sizes=\"(max-width: 998px) 100vw, 998px\" \/><\/p>\n<p>&nbsp;<\/p>\n<p><strong><span dir=\"auto\" style=\"vertical-align: inherit;\"><span dir=\"auto\" style=\"vertical-align: inherit;\">Amanh\u00e3 domingo (11),<\/span><\/span><\/strong><span dir=\"auto\" style=\"vertical-align: inherit;\"><span dir=\"auto\" style=\"vertical-align: inherit;\"> pancadas de chuva durante a tarde e noite no Estado, com trovoadas e risco de temporais localizados. As temperaturas continuam em altas, com m\u00e1ximas de 30\u00b0C a 33\u00b0C, com ventos de nordeste a noroeste, fracos a moderados com rajadas associadas \u00e0s trovoadas.<\/span><\/span><\/p>\n<p><span dir=\"auto\" style=\"vertical-align: inherit;\"><span dir=\"auto\" style=\"vertical-align: inherit;\">Fontes: Defesa Civil-SC\/Epagri-Ciram<\/span><\/span><\/p>\n","protected":false},"excerpt":{"rendered":"<p>Sendo o primeiro ciclone extratropical de 2026, o Instituto Nacional de Meteorologia (Inmet) emite um alerta vermelho de &#8220;Grande Perigo&#8221; para o oeste do RS, com chuvas acima de 100 mm\/dia \u200b\u200be ventos de 100 km\/h. As observa\u00e7\u00f5es, originadas entre Argentina e Uruguai, relativas \u00e0 Regi\u00e3o Sul , com riscos de danos e recomenda\u00e7\u00f5es para &hellip;<\/p>\n<p class=\"read-more\"> <a class=\"\" href=\"https:\/\/sulsc.com\/index.php\/2026\/01\/10\/primeiro-ciclone-extratropical-de-2026-traz-alerta-de-risco-alto-para-temporais-neste-sabado-10\/\"> <span class=\"screen-reader-text\">Primeiro Ciclone Extratropical de 2026 traz alerta de risco alto para temporais neste s\u00e1bado (10)<\/span> Read More &raquo;<\/a><\/p>\n","protected":false},"author":3,"featured_media":16430,"comment_status":"open","ping_status":"open","sticky":false,"template":"","format":"standard","meta":{"site-sidebar-layout":"default","site-content-layout":"","ast-site-content-layout":"default","site-content-style":"default","site-sidebar-style":"default","ast-global-header-display":"","ast-banner-title-visibility":"","ast-main-header-display":"","ast-hfb-above-header-display":"","ast-hfb-below-header-display":"","ast-hfb-mobile-header-display":"","site-post-title":"","ast-breadcrumbs-content":"","ast-featured-img":"","footer-sml-layout":"","theme-transparent-header-meta":"default","adv-header-id-meta":"","stick-header-meta":"","header-above-stick-meta":"","header-main-stick-meta":"","header-below-stick-meta":"","astra-migrate-meta-layouts":"set","footnotes":""},"categories":[2354,2231,1,14,38,12],"tags":[],"yoast_head":"<!-- This site is optimized with the Yoast SEO plugin v21.4 - https:\/\/yoast.com\/wordpress\/plugins\/seo\/ -->\n<title>Primeiro Ciclone Extratropical de 2026 traz alerta de risco alto para temporais neste s\u00e1bado (10) -<\/title>\n<meta name=\"robots\" content=\"index, follow, max-snippet:-1, max-image-preview:large, max-video-preview:-1\" \/>\n<link rel=\"canonical\" href=\"https:\/\/sulsc.com\/index.php\/2026\/01\/10\/primeiro-ciclone-extratropical-de-2026-traz-alerta-de-risco-alto-para-temporais-neste-sabado-10\/\" \/>\n<meta property=\"og:locale\" content=\"en_US\" \/>\n<meta property=\"og:type\" content=\"article\" \/>\n<meta property=\"og:title\" content=\"Primeiro Ciclone Extratropical de 2026 traz alerta de risco alto para temporais neste s\u00e1bado (10) -\" \/>\n<meta property=\"og:description\" content=\"Sendo o primeiro ciclone extratropical de 2026, o Instituto Nacional de Meteorologia (Inmet) emite um alerta vermelho de &#8220;Grande Perigo&#8221; para o oeste do RS, com chuvas acima de 100 mm\/dia \u200b\u200be ventos de 100 km\/h. As observa\u00e7\u00f5es, originadas entre Argentina e Uruguai, relativas \u00e0 Regi\u00e3o Sul , com riscos de danos e recomenda\u00e7\u00f5es para &hellip; Primeiro Ciclone Extratropical de 2026 traz alerta de risco alto para temporais neste s\u00e1bado (10) Read More &raquo;\" \/>\n<meta property=\"og:url\" content=\"https:\/\/sulsc.com\/index.php\/2026\/01\/10\/primeiro-ciclone-extratropical-de-2026-traz-alerta-de-risco-alto-para-temporais-neste-sabado-10\/\" \/>\n<meta property=\"article:author\" content=\"https:\/\/www.facebook.com\/profile.php?id=61559278119680\" \/>\n<meta property=\"article:published_time\" content=\"2026-01-10T10:18:30+00:00\" \/>\n<meta property=\"article:modified_time\" content=\"2026-01-10T10:22:38+00:00\" \/>\n<meta property=\"og:image\" content=\"http:\/\/sulsc.com\/wp-content\/uploads\/2024\/10\/temporal.jpg\" \/>\n\t<meta property=\"og:image:width\" content=\"1920\" \/>\n\t<meta property=\"og:image:height\" content=\"866\" \/>\n\t<meta property=\"og:image:type\" content=\"image\/jpeg\" \/>\n<meta name=\"author\" content=\"Reda\u00e7\u00e3o Sul SC\" \/>\n<meta name=\"twitter:card\" content=\"summary_large_image\" \/>\n<meta name=\"twitter:creator\" content=\"@https:\/\/twitter.com\/PortalSulSC\" \/>\n<meta name=\"twitter:label1\" content=\"Written by\" \/>\n\t<meta name=\"twitter:data1\" content=\"Reda\u00e7\u00e3o Sul SC\" \/>\n\t<meta name=\"twitter:label2\" content=\"Est. reading time\" \/>\n\t<meta name=\"twitter:data2\" content=\"3 minutes\" \/>\n<script type=\"application\/ld+json\" class=\"yoast-schema-graph\">{\"@context\":\"https:\/\/schema.org\",\"@graph\":[{\"@type\":\"WebPage\",\"@id\":\"https:\/\/sulsc.com\/index.php\/2026\/01\/10\/primeiro-ciclone-extratropical-de-2026-traz-alerta-de-risco-alto-para-temporais-neste-sabado-10\/\",\"url\":\"https:\/\/sulsc.com\/index.php\/2026\/01\/10\/primeiro-ciclone-extratropical-de-2026-traz-alerta-de-risco-alto-para-temporais-neste-sabado-10\/\",\"name\":\"Primeiro Ciclone Extratropical de 2026 traz alerta de risco alto para temporais neste s\u00e1bado (10) -\",\"isPartOf\":{\"@id\":\"https:\/\/sulsc.com\/#website\"},\"datePublished\":\"2026-01-10T10:18:30+00:00\",\"dateModified\":\"2026-01-10T10:22:38+00:00\",\"author\":{\"@id\":\"https:\/\/sulsc.com\/#\/schema\/person\/84d2fc571684f6248ba83092f07750a3\"},\"breadcrumb\":{\"@id\":\"https:\/\/sulsc.com\/index.php\/2026\/01\/10\/primeiro-ciclone-extratropical-de-2026-traz-alerta-de-risco-alto-para-temporais-neste-sabado-10\/#breadcrumb\"},\"inLanguage\":\"en-US\",\"potentialAction\":[{\"@type\":\"ReadAction\",\"target\":[\"https:\/\/sulsc.com\/index.php\/2026\/01\/10\/primeiro-ciclone-extratropical-de-2026-traz-alerta-de-risco-alto-para-temporais-neste-sabado-10\/\"]}]},{\"@type\":\"BreadcrumbList\",\"@id\":\"https:\/\/sulsc.com\/index.php\/2026\/01\/10\/primeiro-ciclone-extratropical-de-2026-traz-alerta-de-risco-alto-para-temporais-neste-sabado-10\/#breadcrumb\",\"itemListElement\":[{\"@type\":\"ListItem\",\"position\":1,\"name\":\"In\u00edcio\",\"item\":\"https:\/\/sulsc.com\/\"},{\"@type\":\"ListItem\",\"position\":2,\"name\":\"Primeiro Ciclone Extratropical de 2026 traz alerta de risco alto para temporais neste s\u00e1bado (10)\"}]},{\"@type\":\"WebSite\",\"@id\":\"https:\/\/sulsc.com\/#website\",\"url\":\"https:\/\/sulsc.com\/\",\"name\":\"\",\"description\":\"\",\"potentialAction\":[{\"@type\":\"SearchAction\",\"target\":{\"@type\":\"EntryPoint\",\"urlTemplate\":\"https:\/\/sulsc.com\/?s={search_term_string}\"},\"query-input\":\"required name=search_term_string\"}],\"inLanguage\":\"en-US\"},{\"@type\":\"Person\",\"@id\":\"https:\/\/sulsc.com\/#\/schema\/person\/84d2fc571684f6248ba83092f07750a3\",\"name\":\"Reda\u00e7\u00e3o Sul SC\",\"image\":{\"@type\":\"ImageObject\",\"inLanguage\":\"en-US\",\"@id\":\"https:\/\/sulsc.com\/#\/schema\/person\/image\/e08d7fe2cc4ed596372063bbe852b8d0\",\"url\":\"https:\/\/sulsc.com\/wp-content\/uploads\/2023\/09\/redacao.png\",\"contentUrl\":\"https:\/\/sulsc.com\/wp-content\/uploads\/2023\/09\/redacao.png\",\"caption\":\"Reda\u00e7\u00e3o Sul SC\"},\"description\":\"Foco em um jornalismo imparcial, voltado \u00e0 qualidade dos seus conte\u00fados e, assim, levar informa\u00e7\u00e3o de valor que agregue \u00e0 vida dos leitores. Esta \u00e9 grande miss\u00e3o do Portal de Not\u00edcias Sul SC. N\u00e3o \u00e9 quantidade que muda o mundo, sempre foi e seguir\u00e1 sendo qualidade!\",\"sameAs\":[\"https:\/\/sulsc.com\/\",\"https:\/\/www.facebook.com\/profile.php?id=61559278119680\",\"https:\/\/www.instagram.com\/sulscportal\/?hl=pt-br\",\"https:\/\/twitter.com\/https:\/\/twitter.com\/PortalSulSC\",\"https:\/\/www.youtube.com\/channel\/UCv_BE8GeySluDov2n8qhVmw\"],\"url\":\"https:\/\/sulsc.com\/index.php\/author\/redacao\/\"}]}<\/script>\n<!-- \/ Yoast SEO plugin. -->","yoast_head_json":{"title":"Primeiro Ciclone Extratropical de 2026 traz alerta de risco alto para temporais neste s\u00e1bado (10) -","robots":{"index":"index","follow":"follow","max-snippet":"max-snippet:-1","max-image-preview":"max-image-preview:large","max-video-preview":"max-video-preview:-1"},"canonical":"https:\/\/sulsc.com\/index.php\/2026\/01\/10\/primeiro-ciclone-extratropical-de-2026-traz-alerta-de-risco-alto-para-temporais-neste-sabado-10\/","og_locale":"en_US","og_type":"article","og_title":"Primeiro Ciclone Extratropical de 2026 traz alerta de risco alto para temporais neste s\u00e1bado (10) -","og_description":"Sendo o primeiro ciclone extratropical de 2026, o Instituto Nacional de Meteorologia (Inmet) emite um alerta vermelho de &#8220;Grande Perigo&#8221; para o oeste do RS, com chuvas acima de 100 mm\/dia \u200b\u200be ventos de 100 km\/h. As observa\u00e7\u00f5es, originadas entre Argentina e Uruguai, relativas \u00e0 Regi\u00e3o Sul , com riscos de danos e recomenda\u00e7\u00f5es para &hellip; Primeiro Ciclone Extratropical de 2026 traz alerta de risco alto para temporais neste s\u00e1bado (10) Read More &raquo;","og_url":"https:\/\/sulsc.com\/index.php\/2026\/01\/10\/primeiro-ciclone-extratropical-de-2026-traz-alerta-de-risco-alto-para-temporais-neste-sabado-10\/","article_author":"https:\/\/www.facebook.com\/profile.php?id=61559278119680","article_published_time":"2026-01-10T10:18:30+00:00","article_modified_time":"2026-01-10T10:22:38+00:00","og_image":[{"width":1920,"height":866,"url":"http:\/\/sulsc.com\/wp-content\/uploads\/2024\/10\/temporal.jpg","type":"image\/jpeg"}],"author":"Reda\u00e7\u00e3o Sul SC","twitter_card":"summary_large_image","twitter_creator":"@https:\/\/twitter.com\/PortalSulSC","twitter_misc":{"Written by":"Reda\u00e7\u00e3o Sul SC","Est. reading time":"3 minutes"},"schema":{"@context":"https:\/\/schema.org","@graph":[{"@type":"WebPage","@id":"https:\/\/sulsc.com\/index.php\/2026\/01\/10\/primeiro-ciclone-extratropical-de-2026-traz-alerta-de-risco-alto-para-temporais-neste-sabado-10\/","url":"https:\/\/sulsc.com\/index.php\/2026\/01\/10\/primeiro-ciclone-extratropical-de-2026-traz-alerta-de-risco-alto-para-temporais-neste-sabado-10\/","name":"Primeiro Ciclone Extratropical de 2026 traz alerta de risco alto para temporais neste s\u00e1bado (10) -","isPartOf":{"@id":"https:\/\/sulsc.com\/#website"},"datePublished":"2026-01-10T10:18:30+00:00","dateModified":"2026-01-10T10:22:38+00:00","author":{"@id":"https:\/\/sulsc.com\/#\/schema\/person\/84d2fc571684f6248ba83092f07750a3"},"breadcrumb":{"@id":"https:\/\/sulsc.com\/index.php\/2026\/01\/10\/primeiro-ciclone-extratropical-de-2026-traz-alerta-de-risco-alto-para-temporais-neste-sabado-10\/#breadcrumb"},"inLanguage":"en-US","potentialAction":[{"@type":"ReadAction","target":["https:\/\/sulsc.com\/index.php\/2026\/01\/10\/primeiro-ciclone-extratropical-de-2026-traz-alerta-de-risco-alto-para-temporais-neste-sabado-10\/"]}]},{"@type":"BreadcrumbList","@id":"https:\/\/sulsc.com\/index.php\/2026\/01\/10\/primeiro-ciclone-extratropical-de-2026-traz-alerta-de-risco-alto-para-temporais-neste-sabado-10\/#breadcrumb","itemListElement":[{"@type":"ListItem","position":1,"name":"In\u00edcio","item":"https:\/\/sulsc.com\/"},{"@type":"ListItem","position":2,"name":"Primeiro Ciclone Extratropical de 2026 traz alerta de risco alto para temporais neste s\u00e1bado (10)"}]},{"@type":"WebSite","@id":"https:\/\/sulsc.com\/#website","url":"https:\/\/sulsc.com\/","name":"","description":"","potentialAction":[{"@type":"SearchAction","target":{"@type":"EntryPoint","urlTemplate":"https:\/\/sulsc.com\/?s={search_term_string}"},"query-input":"required name=search_term_string"}],"inLanguage":"en-US"},{"@type":"Person","@id":"https:\/\/sulsc.com\/#\/schema\/person\/84d2fc571684f6248ba83092f07750a3","name":"Reda\u00e7\u00e3o Sul SC","image":{"@type":"ImageObject","inLanguage":"en-US","@id":"https:\/\/sulsc.com\/#\/schema\/person\/image\/e08d7fe2cc4ed596372063bbe852b8d0","url":"https:\/\/sulsc.com\/wp-content\/uploads\/2023\/09\/redacao.png","contentUrl":"https:\/\/sulsc.com\/wp-content\/uploads\/2023\/09\/redacao.png","caption":"Reda\u00e7\u00e3o Sul SC"},"description":"Foco em um jornalismo imparcial, voltado \u00e0 qualidade dos seus conte\u00fados e, assim, levar informa\u00e7\u00e3o de valor que agregue \u00e0 vida dos leitores. Esta \u00e9 grande miss\u00e3o do Portal de Not\u00edcias Sul SC. N\u00e3o \u00e9 quantidade que muda o mundo, sempre foi e seguir\u00e1 sendo qualidade!","sameAs":["https:\/\/sulsc.com\/","https:\/\/www.facebook.com\/profile.php?id=61559278119680","https:\/\/www.instagram.com\/sulscportal\/?hl=pt-br","https:\/\/twitter.com\/https:\/\/twitter.com\/PortalSulSC","https:\/\/www.youtube.com\/channel\/UCv_BE8GeySluDov2n8qhVmw"],"url":"https:\/\/sulsc.com\/index.php\/author\/redacao\/"}]}},"authors":[],"_links":{"self":[{"href":"https:\/\/sulsc.com\/index.php\/wp-json\/wp\/v2\/posts\/31403"}],"collection":[{"href":"https:\/\/sulsc.com\/index.php\/wp-json\/wp\/v2\/posts"}],"about":[{"href":"https:\/\/sulsc.com\/index.php\/wp-json\/wp\/v2\/types\/post"}],"author":[{"embeddable":true,"href":"https:\/\/sulsc.com\/index.php\/wp-json\/wp\/v2\/users\/3"}],"replies":[{"embeddable":true,"href":"https:\/\/sulsc.com\/index.php\/wp-json\/wp\/v2\/comments?post=31403"}],"version-history":[{"count":3,"href":"https:\/\/sulsc.com\/index.php\/wp-json\/wp\/v2\/posts\/31403\/revisions"}],"predecessor-version":[{"id":31409,"href":"https:\/\/sulsc.com\/index.php\/wp-json\/wp\/v2\/posts\/31403\/revisions\/31409"}],"wp:featuredmedia":[{"embeddable":true,"href":"https:\/\/sulsc.com\/index.php\/wp-json\/wp\/v2\/media\/16430"}],"wp:attachment":[{"href":"https:\/\/sulsc.com\/index.php\/wp-json\/wp\/v2\/media?parent=31403"}],"wp:term":[{"taxonomy":"category","embeddable":true,"href":"https:\/\/sulsc.com\/index.php\/wp-json\/wp\/v2\/categories?post=31403"},{"taxonomy":"post_tag","embeddable":true,"href":"https:\/\/sulsc.com\/index.php\/wp-json\/wp\/v2\/tags?post=31403"}],"curies":[{"name":"wp","href":"https:\/\/api.w.org\/{rel}","templated":true}]}}