{"id":31416,"date":"2026-01-10T09:05:25","date_gmt":"2026-01-10T12:05:25","guid":{"rendered":"https:\/\/sulsc.com\/?p=31416"},"modified":"2026-01-10T09:06:10","modified_gmt":"2026-01-10T12:06:10","slug":"policia-investiga-morte-de-miguel-abdalla-tio-de-suzane-von-richthofen-e-tutor-de-andreas-von-richthofen","status":"publish","type":"post","link":"https:\/\/sulsc.com\/index.php\/2026\/01\/10\/policia-investiga-morte-de-miguel-abdalla-tio-de-suzane-von-richthofen-e-tutor-de-andreas-von-richthofen\/","title":{"rendered":"Pol\u00edcia Investiga morte de Miguel Abdalla tio de Suzane Von Richthofen e tutor de Andreas Von Richthofen"},"content":{"rendered":"<p><span dir=\"auto\" style=\"vertical-align: inherit;\"><span dir=\"auto\" style=\"vertical-align: inherit;\">Na tarde desta sexta-feira (09), Miguel Abdalla, de 76 anos, foi encontrado morto em sua resid\u00eancia na Rua Baronesa de Bela Vista, em Vila Congonhas, zona sul de S\u00e3o Paulo. A Pol\u00edcia Militar informou que a causa da morte foi natural e n\u00e3o houve sinais de arrombamento no local.<\/span><\/span><\/p>\n<div id=\"metaslider-id-25573\" style=\"width: 100%;\" class=\"ml-slider-3-99-0 metaslider metaslider-flex metaslider-25573 ml-slider has-onhover-arrows ms-theme-default-base has-dots-nav\" role=\"region\" aria-label=\"Meio\" data-width=\"1200\">\n    <div id=\"metaslider_container_25573\">\n        <div id=\"metaslider_25573\">\n            <ul class='slides'>\n                <li style=\"display: block; width: 100%;\" class=\"slide-25684 ms-image \" aria-roledescription=\"slide\" data-date=\"2025-07-24 07:55:40\"><img src=\"https:\/\/sulsc.com\/wp-content\/uploads\/2025\/07\/Marr-2-1000x166.jpg\" height=\"200\" width=\"1200\" alt=\"\" class=\"slider-25573 slide-25684 msDefaultImage\" title=\"Marr 2\" \/><\/li>\n                <li style=\"display: none; width: 100%;\" class=\"slide-32412 ms-image \" aria-roledescription=\"slide\" data-date=\"2026-02-18 13:59:46\"><img src=\"https:\/\/sulsc.com\/wp-content\/uploads\/2026\/02\/40dc1580-cad5-4867-bc58-c4243821ad38-1000x166.jpeg\" height=\"200\" width=\"1200\" alt=\"\" class=\"slider-25573 slide-32412 msDefaultImage\" title=\"40dc1580-cad5-4867-bc58-c4243821ad38\" \/><\/li>\n                <li style=\"display: none; width: 100%;\" class=\"slide-32766 ms-image \" aria-roledescription=\"slide\" data-date=\"2026-03-03 17:22:59\"><img src=\"https:\/\/sulsc.com\/wp-content\/uploads\/2026\/03\/271ce739-f268-41c5-8051-3de1a1750359-1000x166.jpeg\" height=\"200\" width=\"1200\" alt=\"\" class=\"slider-25573 slide-32766 msDefaultImage\" title=\"271ce739-f268-41c5-8051-3de1a1750359\" \/><\/li>\n            <\/ul>\n        <\/div>\n        \n    <\/div>\n<\/div>\n<p><span dir=\"auto\" style=\"vertical-align: inherit;\"><span dir=\"auto\" style=\"vertical-align: inherit;\">Miguel, que era tio materno de Suzane von Richthofen e tutor de seu irm\u00e3o, Andreas, ap\u00f3s o assassinato do casal Richthofen, foi localizado em estado de liquida\u00e7\u00e3o. A descoberta ocorreu por volta das 15h40, quando um vizinho acionou a pol\u00edcia ap\u00f3s funcion\u00e1rios da v\u00edtima notarem sua aus\u00eancia por dois dias.<\/span><\/span><\/p>\n<p><span dir=\"auto\" style=\"vertical-align: inherit;\"><span dir=\"auto\" style=\"vertical-align: inherit;\">O caso foi registrado como morte suspeita no 27\u00ba Distrito Policial, e a investiga\u00e7\u00e3o est\u00e1 em andamento. Miguel Abdalla morava sozinho e, segundo a PM, n\u00e3o dava sinais de vida havia dois dias. O corpo foi encontrado ao lado de um im\u00f3vel, sem acusa\u00e7\u00f5es de viol\u00eancia.<\/span><\/span><\/p>\n<p><span dir=\"auto\" style=\"vertical-align: inherit;\"><span dir=\"auto\" style=\"vertical-align: inherit;\">Suzane Von Richthofen foi condenada a 39 anos de pris\u00e3o por mandar matar os pais em 2002 e cumpriu pena na penitenci\u00e1ria Santa Maria Eufr\u00e1sia Pelletier, a P1 Feminina de Trememb\u00e9, no interior de S\u00e3o Paulo. Ela foi solta em janeiro de 2023, ap\u00f3s a Justi\u00e7a conceder prorroga\u00e7\u00e3o para o regime aberto. Ela cumpriu pena havia 20 anos.<\/span><\/span><\/p>\n<p><img fetchpriority=\"high\" decoding=\"async\" class=\"aligncenter size-full wp-image-31417\" src=\"http:\/\/sulsc.com\/wp-content\/uploads\/2026\/01\/52bc8118-bf8c-464d-ae21-d78644a6ff82.jpeg\" alt=\"\" width=\"1067\" height=\"765\" srcset=\"https:\/\/sulsc.com\/wp-content\/uploads\/2026\/01\/52bc8118-bf8c-464d-ae21-d78644a6ff82.jpeg 1067w, https:\/\/sulsc.com\/wp-content\/uploads\/2026\/01\/52bc8118-bf8c-464d-ae21-d78644a6ff82-300x215.jpeg 300w, https:\/\/sulsc.com\/wp-content\/uploads\/2026\/01\/52bc8118-bf8c-464d-ae21-d78644a6ff82-1024x734.jpeg 1024w, https:\/\/sulsc.com\/wp-content\/uploads\/2026\/01\/52bc8118-bf8c-464d-ae21-d78644a6ff82-768x551.jpeg 768w\" sizes=\"(max-width: 1067px) 100vw, 1067px\" \/><\/p>\n<p><span dir=\"auto\" style=\"vertical-align: inherit;\"><span dir=\"auto\" style=\"vertical-align: inherit;\">Foto\/Rede Social Instagram<\/span><\/span><\/p>\n","protected":false},"excerpt":{"rendered":"<p>Na tarde desta sexta-feira (09), Miguel Abdalla, de 76 anos, foi encontrado morto em sua resid\u00eancia na Rua Baronesa de Bela Vista, em Vila Congonhas, zona sul de S\u00e3o Paulo. A Pol\u00edcia Militar informou que a causa da morte foi natural e n\u00e3o houve sinais de arrombamento no local. Miguel, que era tio materno de &hellip;<\/p>\n<p class=\"read-more\"> <a class=\"\" href=\"https:\/\/sulsc.com\/index.php\/2026\/01\/10\/policia-investiga-morte-de-miguel-abdalla-tio-de-suzane-von-richthofen-e-tutor-de-andreas-von-richthofen\/\"> <span class=\"screen-reader-text\">Pol\u00edcia Investiga morte de Miguel Abdalla tio de Suzane Von Richthofen e tutor de Andreas Von Richthofen<\/span> Read More &raquo;<\/a><\/p>\n","protected":false},"author":3,"featured_media":31417,"comment_status":"open","ping_status":"open","sticky":false,"template":"","format":"standard","meta":{"site-sidebar-layout":"default","site-content-layout":"","ast-site-content-layout":"default","site-content-style":"default","site-sidebar-style":"default","ast-global-header-display":"","ast-banner-title-visibility":"","ast-main-header-display":"","ast-hfb-above-header-display":"","ast-hfb-below-header-display":"","ast-hfb-mobile-header-display":"","site-post-title":"","ast-breadcrumbs-content":"","ast-featured-img":"","footer-sml-layout":"","theme-transparent-header-meta":"default","adv-header-id-meta":"","stick-header-meta":"","header-above-stick-meta":"","header-main-stick-meta":"","header-below-stick-meta":"","astra-migrate-meta-layouts":"set","footnotes":""},"categories":[1,15,12],"tags":[846],"yoast_head":"<!-- This site is optimized with the Yoast SEO plugin v21.4 - https:\/\/yoast.com\/wordpress\/plugins\/seo\/ -->\n<title>Pol\u00edcia Investiga morte de Miguel Abdalla tio de Suzane Von Richthofen e tutor de Andreas Von Richthofen -<\/title>\n<meta name=\"robots\" content=\"index, follow, max-snippet:-1, max-image-preview:large, max-video-preview:-1\" \/>\n<link rel=\"canonical\" href=\"https:\/\/sulsc.com\/index.php\/2026\/01\/10\/policia-investiga-morte-de-miguel-abdalla-tio-de-suzane-von-richthofen-e-tutor-de-andreas-von-richthofen\/\" \/>\n<meta property=\"og:locale\" content=\"en_US\" \/>\n<meta property=\"og:type\" content=\"article\" \/>\n<meta property=\"og:title\" content=\"Pol\u00edcia Investiga morte de Miguel Abdalla tio de Suzane Von Richthofen e tutor de Andreas Von Richthofen -\" \/>\n<meta property=\"og:description\" content=\"Na tarde desta sexta-feira (09), Miguel Abdalla, de 76 anos, foi encontrado morto em sua resid\u00eancia na Rua Baronesa de Bela Vista, em Vila Congonhas, zona sul de S\u00e3o Paulo. A Pol\u00edcia Militar informou que a causa da morte foi natural e n\u00e3o houve sinais de arrombamento no local. Miguel, que era tio materno de &hellip; Pol\u00edcia Investiga morte de Miguel Abdalla tio de Suzane Von Richthofen e tutor de Andreas Von Richthofen Read More &raquo;\" \/>\n<meta property=\"og:url\" content=\"https:\/\/sulsc.com\/index.php\/2026\/01\/10\/policia-investiga-morte-de-miguel-abdalla-tio-de-suzane-von-richthofen-e-tutor-de-andreas-von-richthofen\/\" \/>\n<meta property=\"article:author\" content=\"https:\/\/www.facebook.com\/profile.php?id=61559278119680\" \/>\n<meta property=\"article:published_time\" content=\"2026-01-10T12:05:25+00:00\" \/>\n<meta property=\"article:modified_time\" content=\"2026-01-10T12:06:10+00:00\" \/>\n<meta property=\"og:image\" content=\"http:\/\/sulsc.com\/wp-content\/uploads\/2026\/01\/52bc8118-bf8c-464d-ae21-d78644a6ff82.jpeg\" \/>\n\t<meta property=\"og:image:width\" content=\"1067\" \/>\n\t<meta property=\"og:image:height\" content=\"765\" \/>\n\t<meta property=\"og:image:type\" content=\"image\/jpeg\" \/>\n<meta name=\"author\" content=\"Reda\u00e7\u00e3o Sul SC\" \/>\n<meta name=\"twitter:card\" content=\"summary_large_image\" \/>\n<meta name=\"twitter:creator\" content=\"@https:\/\/twitter.com\/PortalSulSC\" \/>\n<meta name=\"twitter:label1\" content=\"Written by\" \/>\n\t<meta name=\"twitter:data1\" content=\"Reda\u00e7\u00e3o Sul SC\" \/>\n\t<meta name=\"twitter:label2\" content=\"Est. reading time\" \/>\n\t<meta name=\"twitter:data2\" content=\"2 minutes\" \/>\n<script type=\"application\/ld+json\" class=\"yoast-schema-graph\">{\"@context\":\"https:\/\/schema.org\",\"@graph\":[{\"@type\":\"WebPage\",\"@id\":\"https:\/\/sulsc.com\/index.php\/2026\/01\/10\/policia-investiga-morte-de-miguel-abdalla-tio-de-suzane-von-richthofen-e-tutor-de-andreas-von-richthofen\/\",\"url\":\"https:\/\/sulsc.com\/index.php\/2026\/01\/10\/policia-investiga-morte-de-miguel-abdalla-tio-de-suzane-von-richthofen-e-tutor-de-andreas-von-richthofen\/\",\"name\":\"Pol\u00edcia Investiga morte de Miguel Abdalla tio de Suzane Von Richthofen e tutor de Andreas Von Richthofen -\",\"isPartOf\":{\"@id\":\"https:\/\/sulsc.com\/#website\"},\"datePublished\":\"2026-01-10T12:05:25+00:00\",\"dateModified\":\"2026-01-10T12:06:10+00:00\",\"author\":{\"@id\":\"https:\/\/sulsc.com\/#\/schema\/person\/84d2fc571684f6248ba83092f07750a3\"},\"breadcrumb\":{\"@id\":\"https:\/\/sulsc.com\/index.php\/2026\/01\/10\/policia-investiga-morte-de-miguel-abdalla-tio-de-suzane-von-richthofen-e-tutor-de-andreas-von-richthofen\/#breadcrumb\"},\"inLanguage\":\"en-US\",\"potentialAction\":[{\"@type\":\"ReadAction\",\"target\":[\"https:\/\/sulsc.com\/index.php\/2026\/01\/10\/policia-investiga-morte-de-miguel-abdalla-tio-de-suzane-von-richthofen-e-tutor-de-andreas-von-richthofen\/\"]}]},{\"@type\":\"BreadcrumbList\",\"@id\":\"https:\/\/sulsc.com\/index.php\/2026\/01\/10\/policia-investiga-morte-de-miguel-abdalla-tio-de-suzane-von-richthofen-e-tutor-de-andreas-von-richthofen\/#breadcrumb\",\"itemListElement\":[{\"@type\":\"ListItem\",\"position\":1,\"name\":\"In\u00edcio\",\"item\":\"https:\/\/sulsc.com\/\"},{\"@type\":\"ListItem\",\"position\":2,\"name\":\"Pol\u00edcia Investiga morte de Miguel Abdalla tio de Suzane Von Richthofen e tutor de Andreas Von Richthofen\"}]},{\"@type\":\"WebSite\",\"@id\":\"https:\/\/sulsc.com\/#website\",\"url\":\"https:\/\/sulsc.com\/\",\"name\":\"\",\"description\":\"\",\"potentialAction\":[{\"@type\":\"SearchAction\",\"target\":{\"@type\":\"EntryPoint\",\"urlTemplate\":\"https:\/\/sulsc.com\/?s={search_term_string}\"},\"query-input\":\"required name=search_term_string\"}],\"inLanguage\":\"en-US\"},{\"@type\":\"Person\",\"@id\":\"https:\/\/sulsc.com\/#\/schema\/person\/84d2fc571684f6248ba83092f07750a3\",\"name\":\"Reda\u00e7\u00e3o Sul SC\",\"image\":{\"@type\":\"ImageObject\",\"inLanguage\":\"en-US\",\"@id\":\"https:\/\/sulsc.com\/#\/schema\/person\/image\/e08d7fe2cc4ed596372063bbe852b8d0\",\"url\":\"https:\/\/sulsc.com\/wp-content\/uploads\/2023\/09\/redacao.png\",\"contentUrl\":\"https:\/\/sulsc.com\/wp-content\/uploads\/2023\/09\/redacao.png\",\"caption\":\"Reda\u00e7\u00e3o Sul SC\"},\"description\":\"Foco em um jornalismo imparcial, voltado \u00e0 qualidade dos seus conte\u00fados e, assim, levar informa\u00e7\u00e3o de valor que agregue \u00e0 vida dos leitores. Esta \u00e9 grande miss\u00e3o do Portal de Not\u00edcias Sul SC. N\u00e3o \u00e9 quantidade que muda o mundo, sempre foi e seguir\u00e1 sendo qualidade!\",\"sameAs\":[\"https:\/\/sulsc.com\/\",\"https:\/\/www.facebook.com\/profile.php?id=61559278119680\",\"https:\/\/www.instagram.com\/sulscportal\/?hl=pt-br\",\"https:\/\/twitter.com\/https:\/\/twitter.com\/PortalSulSC\",\"https:\/\/www.youtube.com\/channel\/UCv_BE8GeySluDov2n8qhVmw\"],\"url\":\"https:\/\/sulsc.com\/index.php\/author\/redacao\/\"}]}<\/script>\n<!-- \/ Yoast SEO plugin. -->","yoast_head_json":{"title":"Pol\u00edcia Investiga morte de Miguel Abdalla tio de Suzane Von Richthofen e tutor de Andreas Von Richthofen -","robots":{"index":"index","follow":"follow","max-snippet":"max-snippet:-1","max-image-preview":"max-image-preview:large","max-video-preview":"max-video-preview:-1"},"canonical":"https:\/\/sulsc.com\/index.php\/2026\/01\/10\/policia-investiga-morte-de-miguel-abdalla-tio-de-suzane-von-richthofen-e-tutor-de-andreas-von-richthofen\/","og_locale":"en_US","og_type":"article","og_title":"Pol\u00edcia Investiga morte de Miguel Abdalla tio de Suzane Von Richthofen e tutor de Andreas Von Richthofen -","og_description":"Na tarde desta sexta-feira (09), Miguel Abdalla, de 76 anos, foi encontrado morto em sua resid\u00eancia na Rua Baronesa de Bela Vista, em Vila Congonhas, zona sul de S\u00e3o Paulo. A Pol\u00edcia Militar informou que a causa da morte foi natural e n\u00e3o houve sinais de arrombamento no local. Miguel, que era tio materno de &hellip; Pol\u00edcia Investiga morte de Miguel Abdalla tio de Suzane Von Richthofen e tutor de Andreas Von Richthofen Read More &raquo;","og_url":"https:\/\/sulsc.com\/index.php\/2026\/01\/10\/policia-investiga-morte-de-miguel-abdalla-tio-de-suzane-von-richthofen-e-tutor-de-andreas-von-richthofen\/","article_author":"https:\/\/www.facebook.com\/profile.php?id=61559278119680","article_published_time":"2026-01-10T12:05:25+00:00","article_modified_time":"2026-01-10T12:06:10+00:00","og_image":[{"width":1067,"height":765,"url":"http:\/\/sulsc.com\/wp-content\/uploads\/2026\/01\/52bc8118-bf8c-464d-ae21-d78644a6ff82.jpeg","type":"image\/jpeg"}],"author":"Reda\u00e7\u00e3o Sul SC","twitter_card":"summary_large_image","twitter_creator":"@https:\/\/twitter.com\/PortalSulSC","twitter_misc":{"Written by":"Reda\u00e7\u00e3o Sul SC","Est. reading time":"2 minutes"},"schema":{"@context":"https:\/\/schema.org","@graph":[{"@type":"WebPage","@id":"https:\/\/sulsc.com\/index.php\/2026\/01\/10\/policia-investiga-morte-de-miguel-abdalla-tio-de-suzane-von-richthofen-e-tutor-de-andreas-von-richthofen\/","url":"https:\/\/sulsc.com\/index.php\/2026\/01\/10\/policia-investiga-morte-de-miguel-abdalla-tio-de-suzane-von-richthofen-e-tutor-de-andreas-von-richthofen\/","name":"Pol\u00edcia Investiga morte de Miguel Abdalla tio de Suzane Von Richthofen e tutor de Andreas Von Richthofen -","isPartOf":{"@id":"https:\/\/sulsc.com\/#website"},"datePublished":"2026-01-10T12:05:25+00:00","dateModified":"2026-01-10T12:06:10+00:00","author":{"@id":"https:\/\/sulsc.com\/#\/schema\/person\/84d2fc571684f6248ba83092f07750a3"},"breadcrumb":{"@id":"https:\/\/sulsc.com\/index.php\/2026\/01\/10\/policia-investiga-morte-de-miguel-abdalla-tio-de-suzane-von-richthofen-e-tutor-de-andreas-von-richthofen\/#breadcrumb"},"inLanguage":"en-US","potentialAction":[{"@type":"ReadAction","target":["https:\/\/sulsc.com\/index.php\/2026\/01\/10\/policia-investiga-morte-de-miguel-abdalla-tio-de-suzane-von-richthofen-e-tutor-de-andreas-von-richthofen\/"]}]},{"@type":"BreadcrumbList","@id":"https:\/\/sulsc.com\/index.php\/2026\/01\/10\/policia-investiga-morte-de-miguel-abdalla-tio-de-suzane-von-richthofen-e-tutor-de-andreas-von-richthofen\/#breadcrumb","itemListElement":[{"@type":"ListItem","position":1,"name":"In\u00edcio","item":"https:\/\/sulsc.com\/"},{"@type":"ListItem","position":2,"name":"Pol\u00edcia Investiga morte de Miguel Abdalla tio de Suzane Von Richthofen e tutor de Andreas Von Richthofen"}]},{"@type":"WebSite","@id":"https:\/\/sulsc.com\/#website","url":"https:\/\/sulsc.com\/","name":"","description":"","potentialAction":[{"@type":"SearchAction","target":{"@type":"EntryPoint","urlTemplate":"https:\/\/sulsc.com\/?s={search_term_string}"},"query-input":"required name=search_term_string"}],"inLanguage":"en-US"},{"@type":"Person","@id":"https:\/\/sulsc.com\/#\/schema\/person\/84d2fc571684f6248ba83092f07750a3","name":"Reda\u00e7\u00e3o Sul SC","image":{"@type":"ImageObject","inLanguage":"en-US","@id":"https:\/\/sulsc.com\/#\/schema\/person\/image\/e08d7fe2cc4ed596372063bbe852b8d0","url":"https:\/\/sulsc.com\/wp-content\/uploads\/2023\/09\/redacao.png","contentUrl":"https:\/\/sulsc.com\/wp-content\/uploads\/2023\/09\/redacao.png","caption":"Reda\u00e7\u00e3o Sul SC"},"description":"Foco em um jornalismo imparcial, voltado \u00e0 qualidade dos seus conte\u00fados e, assim, levar informa\u00e7\u00e3o de valor que agregue \u00e0 vida dos leitores. Esta \u00e9 grande miss\u00e3o do Portal de Not\u00edcias Sul SC. N\u00e3o \u00e9 quantidade que muda o mundo, sempre foi e seguir\u00e1 sendo qualidade!","sameAs":["https:\/\/sulsc.com\/","https:\/\/www.facebook.com\/profile.php?id=61559278119680","https:\/\/www.instagram.com\/sulscportal\/?hl=pt-br","https:\/\/twitter.com\/https:\/\/twitter.com\/PortalSulSC","https:\/\/www.youtube.com\/channel\/UCv_BE8GeySluDov2n8qhVmw"],"url":"https:\/\/sulsc.com\/index.php\/author\/redacao\/"}]}},"authors":[],"_links":{"self":[{"href":"https:\/\/sulsc.com\/index.php\/wp-json\/wp\/v2\/posts\/31416"}],"collection":[{"href":"https:\/\/sulsc.com\/index.php\/wp-json\/wp\/v2\/posts"}],"about":[{"href":"https:\/\/sulsc.com\/index.php\/wp-json\/wp\/v2\/types\/post"}],"author":[{"embeddable":true,"href":"https:\/\/sulsc.com\/index.php\/wp-json\/wp\/v2\/users\/3"}],"replies":[{"embeddable":true,"href":"https:\/\/sulsc.com\/index.php\/wp-json\/wp\/v2\/comments?post=31416"}],"version-history":[{"count":2,"href":"https:\/\/sulsc.com\/index.php\/wp-json\/wp\/v2\/posts\/31416\/revisions"}],"predecessor-version":[{"id":31419,"href":"https:\/\/sulsc.com\/index.php\/wp-json\/wp\/v2\/posts\/31416\/revisions\/31419"}],"wp:featuredmedia":[{"embeddable":true,"href":"https:\/\/sulsc.com\/index.php\/wp-json\/wp\/v2\/media\/31417"}],"wp:attachment":[{"href":"https:\/\/sulsc.com\/index.php\/wp-json\/wp\/v2\/media?parent=31416"}],"wp:term":[{"taxonomy":"category","embeddable":true,"href":"https:\/\/sulsc.com\/index.php\/wp-json\/wp\/v2\/categories?post=31416"},{"taxonomy":"post_tag","embeddable":true,"href":"https:\/\/sulsc.com\/index.php\/wp-json\/wp\/v2\/tags?post=31416"}],"curies":[{"name":"wp","href":"https:\/\/api.w.org\/{rel}","templated":true}]}}