{"id":31420,"date":"2026-01-11T23:36:43","date_gmt":"2026-01-12T02:36:43","guid":{"rendered":"https:\/\/sulsc.com\/?p=31420"},"modified":"2026-01-11T23:36:43","modified_gmt":"2026-01-12T02:36:43","slug":"programa-golfinho-preve-formar-mais-de-seis-mil-criancas-durante-a-alta-temporada-em-sc","status":"publish","type":"post","link":"https:\/\/sulsc.com\/index.php\/2026\/01\/11\/programa-golfinho-preve-formar-mais-de-seis-mil-criancas-durante-a-alta-temporada-em-sc\/","title":{"rendered":"Programa Golfinho prev\u00ea formar mais de seis mil crian\u00e7as durante a alta temporada em SC"},"content":{"rendered":"<p>Criado em 1998, o Programa Golfinho vem, h\u00e1 mais de duas d\u00e9cadas, inspirando e formando gera\u00e7\u00f5es de crian\u00e7as para a preven\u00e7\u00e3o de acidentes em ambientes aqu\u00e1ticos. Gratuito e voltado a crian\u00e7as de 7 a 11 anos, o programa, desde a temporada 2020\/2021, passou a ser realizado tamb\u00e9m em cidades do interior do estado, al\u00e9m das praias que integram a Opera\u00e7\u00e3o Esta\u00e7\u00e3o Ver\u00e3o, entre os meses de dezembro e mar\u00e7o. Atualmente, todos os batalh\u00f5es do CBMSC executam o programa em Santa Catarina. No ano passado, 10.268 crian\u00e7as passaram pelo programa e a expectativa para 2026 \u00e9 aumentar esse n\u00famero.<\/p>\n<div id=\"metaslider-id-25573\" style=\"width: 100%;\" class=\"ml-slider-3-99-0 metaslider metaslider-flex metaslider-25573 ml-slider has-onhover-arrows ms-theme-default-base has-dots-nav\" role=\"region\" aria-label=\"Meio\" data-width=\"1200\">\n    <div id=\"metaslider_container_25573\">\n        <div id=\"metaslider_25573\">\n            <ul class='slides'>\n                <li style=\"display: block; width: 100%;\" class=\"slide-25684 ms-image \" aria-roledescription=\"slide\" data-date=\"2025-07-24 07:55:40\"><img src=\"https:\/\/sulsc.com\/wp-content\/uploads\/2025\/07\/Marr-2-1000x166.jpg\" height=\"200\" width=\"1200\" alt=\"\" class=\"slider-25573 slide-25684 msDefaultImage\" title=\"Marr 2\" \/><\/li>\n                <li style=\"display: none; width: 100%;\" class=\"slide-32412 ms-image \" aria-roledescription=\"slide\" data-date=\"2026-02-18 13:59:46\"><img src=\"https:\/\/sulsc.com\/wp-content\/uploads\/2026\/02\/40dc1580-cad5-4867-bc58-c4243821ad38-1000x166.jpeg\" height=\"200\" width=\"1200\" alt=\"\" class=\"slider-25573 slide-32412 msDefaultImage\" title=\"40dc1580-cad5-4867-bc58-c4243821ad38\" \/><\/li>\n                <li style=\"display: none; width: 100%;\" class=\"slide-32766 ms-image \" aria-roledescription=\"slide\" data-date=\"2026-03-03 17:22:59\"><img src=\"https:\/\/sulsc.com\/wp-content\/uploads\/2026\/03\/271ce739-f268-41c5-8051-3de1a1750359-1000x166.jpeg\" height=\"200\" width=\"1200\" alt=\"\" class=\"slider-25573 slide-32766 msDefaultImage\" title=\"271ce739-f268-41c5-8051-3de1a1750359\" \/><\/li>\n            <\/ul>\n        <\/div>\n        \n    <\/div>\n<\/div>\n<p>S\u00f3 durante a temporada de ver\u00e3o, estima-se que cerca de dois ter\u00e7os desse total seja atendido ainda nas praias, o que representa mais de 6 mil crian\u00e7as formadas at\u00e9 o m\u00eas de mar\u00e7o. Depois disso, o programa continua nas escolas. Todo o aprendizado \u00e9 conduzido de forma l\u00fadica, leve e educativa, abordando temas como seguran\u00e7a no mar, rios, lagos e piscinas, leitura das bandeiras, identifica\u00e7\u00e3o de locais seguros para banho e orienta\u00e7\u00f5es sobre como agir em situa\u00e7\u00f5es de risco. A preven\u00e7\u00e3o \u00e9 a chave.<\/p>\n<p><img fetchpriority=\"high\" decoding=\"async\" class=\"aligncenter size-full wp-image-31421\" src=\"http:\/\/sulsc.com\/wp-content\/uploads\/2026\/01\/WhatsApp-Image-2026-01-06-at-17.23.49-1.jpeg\" alt=\"\" width=\"1600\" height=\"900\" srcset=\"https:\/\/sulsc.com\/wp-content\/uploads\/2026\/01\/WhatsApp-Image-2026-01-06-at-17.23.49-1.jpeg 1600w, https:\/\/sulsc.com\/wp-content\/uploads\/2026\/01\/WhatsApp-Image-2026-01-06-at-17.23.49-1-300x169.jpeg 300w, https:\/\/sulsc.com\/wp-content\/uploads\/2026\/01\/WhatsApp-Image-2026-01-06-at-17.23.49-1-1024x576.jpeg 1024w, https:\/\/sulsc.com\/wp-content\/uploads\/2026\/01\/WhatsApp-Image-2026-01-06-at-17.23.49-1-768x432.jpeg 768w, https:\/\/sulsc.com\/wp-content\/uploads\/2026\/01\/WhatsApp-Image-2026-01-06-at-17.23.49-1-1536x864.jpeg 1536w\" sizes=\"(max-width: 1600px) 100vw, 1600px\" \/><\/p>\n<p>CBMSC\/Divulga\u00e7\u00e3o\/SulSC<\/p>\n<p><strong>Calend\u00e1rio de 2026<\/strong><br \/>\nO CBMSC disponibilizou o calend\u00e1rio das atividades do Programa Golfinho para esta temporada, abrangendo diversas praias do litoral catarinense e interior.<\/p>\n<p><strong>Confira a seguir as datas e praias com inscri\u00e7\u00f5es abertas:<\/strong><\/p>\n<p>10 e 11 de janeiro \u2013 Imbituba<\/p>\n<p>S\u00e1bado:<\/p>\n<p>Canto da Vila (8h)<br \/>\nPorto (15h)<br \/>\nDomingo:<\/p>\n<p>Ibiraquera (8h)<br \/>\nItapirub\u00e1 Norte (15h)<br \/>\n10 e 25 de janeiro \u2013 Balne\u00e1rio Arroio do Silva<\/p>\n<p>A partir das 8h30<\/p>\n<p>10, 24 de janeiro e 7 de fevereiro\u2013 Balne\u00e1rio Rinc\u00e3o<\/p>\n<p>Posto Central 05 (8h \u00e0s 12h) \u2013 Refer\u00eancia: Rua Rui Barbosa<\/p>\n<p>10, 25 de janeiro e 22 de fevereiro \u2013 Balne\u00e1rio Arroio do Silva<\/p>\n<p>A partir das 8h30<\/p>\n<p>11, 25 de janeiro e 21 de fevereiro \u2013 Balne\u00e1rio Gaivota<\/p>\n<p>A partir das 8h30<\/p>\n<p>11, 24 de janeiro e 15 de fevereiro\u2013 Morro dos Conventos<\/p>\n<p>A partir das 8h30<\/p>\n<p>12 e 13 de janeiro\u2013 Lages<\/p>\n<p>Turno Matutino \u2013 5\u00ba BBM \u2013 Lages<\/p>\n<p>13 at\u00e9 16 de janeiro \u2013 Itapo\u00e1<\/p>\n<p>P10\/Itapema do Norte (8h)<br \/>\nP10\/Itapema do Norte (15h)<\/p>\n<p>17 e 18 de janeiro \u2013 Laguna<\/p>\n<p>S\u00e1bado:<\/p>\n<p>Praia do Sol (8h)<br \/>\nItapirub\u00e1 Sul (15h)<br \/>\nDomingo:<\/p>\n<p>Mar Grosso (8h)<br \/>\nCardoso (15h)<br \/>\n18 de janeiro e 8 de fevereiro \u2013 Passo de Torres<\/p>\n<p>A partir das 8h30<\/p>\n<p>19 e 20 de janeiro\u2013 Lages<\/p>\n<p>Turno Matutino: 5\u00ba BBM \u2013 Lages<\/p>\n<p>21 at\u00e9 24 de janeiro \u2013 Itapo\u00e1<\/p>\n<p>P14\/Itapema do Norte (8h)<br \/>\nP17\/Itapo\u00e1 centro (15h)<br \/>\n24 e 25 de janeiro \u2013 Garopaba<\/p>\n<p>S\u00e1bado:<\/p>\n<p>Central (8h)<\/p>\n<p>Siri\u00fa (15h)<\/p>\n<p>Domingo:<\/p>\n<p>Ferrugem (8h)<\/p>\n<p>Ouvidor (15h)<\/p>\n<p>28 at\u00e9 31 de janeiro \u2013 Itapo\u00e1<\/p>\n<p>P12\/Itapema do Norte (8h)<\/p>\n<p>P12\/Itapema do Norte (15h)<\/p>\n<p>31 de janeiro \u2013 Jaguaruna<\/p>\n<p>Esplanada (8h)<\/p>\n<p><img decoding=\"async\" class=\"aligncenter size-full wp-image-31422\" src=\"http:\/\/sulsc.com\/wp-content\/uploads\/2026\/01\/02-02-projeto_golfinho-4-1.jpeg\" alt=\"\" width=\"894\" height=\"596\" srcset=\"https:\/\/sulsc.com\/wp-content\/uploads\/2026\/01\/02-02-projeto_golfinho-4-1.jpeg 894w, https:\/\/sulsc.com\/wp-content\/uploads\/2026\/01\/02-02-projeto_golfinho-4-1-300x200.jpeg 300w, https:\/\/sulsc.com\/wp-content\/uploads\/2026\/01\/02-02-projeto_golfinho-4-1-768x512.jpeg 768w\" sizes=\"(max-width: 894px) 100vw, 894px\" \/><\/p>\n<p>Nas praias, informa\u00e7\u00f5es do programa podem ser adquiridas diretamente nos postos de guarda-vidas. Nas cidades em que n\u00e3o h\u00e1 praias, ou para mais informa\u00e7\u00f5es, entre em contato com o quartel respons\u00e1vel. O endere\u00e7o e o telefone podem ser consultados por meio do link:<strong>\u00a0<a href=\"https:\/\/www.cbm.sc.gov.br\/index.php\/institucional\/enderecos-e-contatos\" target=\"_blank\" rel=\"noreferrer noopener\">https:\/\/www.cbm.sc.gov.br\/index.php\/institucional\/enderecos-e-contatos<\/a><\/strong><\/p>\n<p>As vagas s\u00e3o limitadas e destinadas apenas para crian\u00e7as.<\/p>\n","protected":false},"excerpt":{"rendered":"<p>Criado em 1998, o Programa Golfinho vem, h\u00e1 mais de duas d\u00e9cadas, inspirando e formando gera\u00e7\u00f5es de crian\u00e7as para a preven\u00e7\u00e3o de acidentes em ambientes aqu\u00e1ticos. Gratuito e voltado a crian\u00e7as de 7 a 11 anos, o programa, desde a temporada 2020\/2021, passou a ser realizado tamb\u00e9m em cidades do interior do estado, al\u00e9m das &hellip;<\/p>\n<p class=\"read-more\"> <a class=\"\" href=\"https:\/\/sulsc.com\/index.php\/2026\/01\/11\/programa-golfinho-preve-formar-mais-de-seis-mil-criancas-durante-a-alta-temporada-em-sc\/\"> <span class=\"screen-reader-text\">Programa Golfinho prev\u00ea formar mais de seis mil crian\u00e7as durante a alta temporada em SC<\/span> Read More &raquo;<\/a><\/p>\n","protected":false},"author":3,"featured_media":31423,"comment_status":"open","ping_status":"open","sticky":false,"template":"","format":"standard","meta":{"site-sidebar-layout":"default","site-content-layout":"","ast-site-content-layout":"default","site-content-style":"default","site-sidebar-style":"default","ast-global-header-display":"","ast-banner-title-visibility":"","ast-main-header-display":"","ast-hfb-above-header-display":"","ast-hfb-below-header-display":"","ast-hfb-mobile-header-display":"","site-post-title":"","ast-breadcrumbs-content":"","ast-featured-img":"","footer-sml-layout":"","theme-transparent-header-meta":"default","adv-header-id-meta":"","stick-header-meta":"","header-above-stick-meta":"","header-main-stick-meta":"","header-below-stick-meta":"","astra-migrate-meta-layouts":"set","footnotes":""},"categories":[2354,2231,1,14,12],"tags":[391],"yoast_head":"<!-- This site is optimized with the Yoast SEO plugin v21.4 - https:\/\/yoast.com\/wordpress\/plugins\/seo\/ -->\n<title>Programa Golfinho prev\u00ea formar mais de seis mil crian\u00e7as durante a alta temporada em SC -<\/title>\n<meta name=\"robots\" content=\"index, follow, max-snippet:-1, max-image-preview:large, max-video-preview:-1\" \/>\n<link rel=\"canonical\" href=\"https:\/\/sulsc.com\/index.php\/2026\/01\/11\/programa-golfinho-preve-formar-mais-de-seis-mil-criancas-durante-a-alta-temporada-em-sc\/\" \/>\n<meta property=\"og:locale\" content=\"en_US\" \/>\n<meta property=\"og:type\" content=\"article\" \/>\n<meta property=\"og:title\" content=\"Programa Golfinho prev\u00ea formar mais de seis mil crian\u00e7as durante a alta temporada em SC -\" \/>\n<meta property=\"og:description\" content=\"Criado em 1998, o Programa Golfinho vem, h\u00e1 mais de duas d\u00e9cadas, inspirando e formando gera\u00e7\u00f5es de crian\u00e7as para a preven\u00e7\u00e3o de acidentes em ambientes aqu\u00e1ticos. Gratuito e voltado a crian\u00e7as de 7 a 11 anos, o programa, desde a temporada 2020\/2021, passou a ser realizado tamb\u00e9m em cidades do interior do estado, al\u00e9m das &hellip; Programa Golfinho prev\u00ea formar mais de seis mil crian\u00e7as durante a alta temporada em SC Read More &raquo;\" \/>\n<meta property=\"og:url\" content=\"https:\/\/sulsc.com\/index.php\/2026\/01\/11\/programa-golfinho-preve-formar-mais-de-seis-mil-criancas-durante-a-alta-temporada-em-sc\/\" \/>\n<meta property=\"article:author\" content=\"https:\/\/www.facebook.com\/profile.php?id=61559278119680\" \/>\n<meta property=\"article:published_time\" content=\"2026-01-12T02:36:43+00:00\" \/>\n<meta property=\"og:image\" content=\"http:\/\/sulsc.com\/wp-content\/uploads\/2026\/01\/WhatsApp-Image-2026-01-06-at-17.23.49.jpeg\" \/>\n\t<meta property=\"og:image:width\" content=\"1280\" \/>\n\t<meta property=\"og:image:height\" content=\"960\" \/>\n\t<meta property=\"og:image:type\" content=\"image\/jpeg\" \/>\n<meta name=\"author\" content=\"Reda\u00e7\u00e3o Sul SC\" \/>\n<meta name=\"twitter:card\" content=\"summary_large_image\" \/>\n<meta name=\"twitter:creator\" content=\"@https:\/\/twitter.com\/PortalSulSC\" \/>\n<meta name=\"twitter:label1\" content=\"Written by\" \/>\n\t<meta name=\"twitter:data1\" content=\"Reda\u00e7\u00e3o Sul SC\" \/>\n\t<meta name=\"twitter:label2\" content=\"Est. reading time\" \/>\n\t<meta name=\"twitter:data2\" content=\"3 minutes\" \/>\n<script type=\"application\/ld+json\" class=\"yoast-schema-graph\">{\"@context\":\"https:\/\/schema.org\",\"@graph\":[{\"@type\":\"WebPage\",\"@id\":\"https:\/\/sulsc.com\/index.php\/2026\/01\/11\/programa-golfinho-preve-formar-mais-de-seis-mil-criancas-durante-a-alta-temporada-em-sc\/\",\"url\":\"https:\/\/sulsc.com\/index.php\/2026\/01\/11\/programa-golfinho-preve-formar-mais-de-seis-mil-criancas-durante-a-alta-temporada-em-sc\/\",\"name\":\"Programa Golfinho prev\u00ea formar mais de seis mil crian\u00e7as durante a alta temporada em SC -\",\"isPartOf\":{\"@id\":\"https:\/\/sulsc.com\/#website\"},\"datePublished\":\"2026-01-12T02:36:43+00:00\",\"dateModified\":\"2026-01-12T02:36:43+00:00\",\"author\":{\"@id\":\"https:\/\/sulsc.com\/#\/schema\/person\/84d2fc571684f6248ba83092f07750a3\"},\"breadcrumb\":{\"@id\":\"https:\/\/sulsc.com\/index.php\/2026\/01\/11\/programa-golfinho-preve-formar-mais-de-seis-mil-criancas-durante-a-alta-temporada-em-sc\/#breadcrumb\"},\"inLanguage\":\"en-US\",\"potentialAction\":[{\"@type\":\"ReadAction\",\"target\":[\"https:\/\/sulsc.com\/index.php\/2026\/01\/11\/programa-golfinho-preve-formar-mais-de-seis-mil-criancas-durante-a-alta-temporada-em-sc\/\"]}]},{\"@type\":\"BreadcrumbList\",\"@id\":\"https:\/\/sulsc.com\/index.php\/2026\/01\/11\/programa-golfinho-preve-formar-mais-de-seis-mil-criancas-durante-a-alta-temporada-em-sc\/#breadcrumb\",\"itemListElement\":[{\"@type\":\"ListItem\",\"position\":1,\"name\":\"In\u00edcio\",\"item\":\"https:\/\/sulsc.com\/\"},{\"@type\":\"ListItem\",\"position\":2,\"name\":\"Programa Golfinho prev\u00ea formar mais de seis mil crian\u00e7as durante a alta temporada em SC\"}]},{\"@type\":\"WebSite\",\"@id\":\"https:\/\/sulsc.com\/#website\",\"url\":\"https:\/\/sulsc.com\/\",\"name\":\"\",\"description\":\"\",\"potentialAction\":[{\"@type\":\"SearchAction\",\"target\":{\"@type\":\"EntryPoint\",\"urlTemplate\":\"https:\/\/sulsc.com\/?s={search_term_string}\"},\"query-input\":\"required name=search_term_string\"}],\"inLanguage\":\"en-US\"},{\"@type\":\"Person\",\"@id\":\"https:\/\/sulsc.com\/#\/schema\/person\/84d2fc571684f6248ba83092f07750a3\",\"name\":\"Reda\u00e7\u00e3o Sul SC\",\"image\":{\"@type\":\"ImageObject\",\"inLanguage\":\"en-US\",\"@id\":\"https:\/\/sulsc.com\/#\/schema\/person\/image\/e08d7fe2cc4ed596372063bbe852b8d0\",\"url\":\"https:\/\/sulsc.com\/wp-content\/uploads\/2023\/09\/redacao.png\",\"contentUrl\":\"https:\/\/sulsc.com\/wp-content\/uploads\/2023\/09\/redacao.png\",\"caption\":\"Reda\u00e7\u00e3o Sul SC\"},\"description\":\"Foco em um jornalismo imparcial, voltado \u00e0 qualidade dos seus conte\u00fados e, assim, levar informa\u00e7\u00e3o de valor que agregue \u00e0 vida dos leitores. Esta \u00e9 grande miss\u00e3o do Portal de Not\u00edcias Sul SC. N\u00e3o \u00e9 quantidade que muda o mundo, sempre foi e seguir\u00e1 sendo qualidade!\",\"sameAs\":[\"https:\/\/sulsc.com\/\",\"https:\/\/www.facebook.com\/profile.php?id=61559278119680\",\"https:\/\/www.instagram.com\/sulscportal\/?hl=pt-br\",\"https:\/\/twitter.com\/https:\/\/twitter.com\/PortalSulSC\",\"https:\/\/www.youtube.com\/channel\/UCv_BE8GeySluDov2n8qhVmw\"],\"url\":\"https:\/\/sulsc.com\/index.php\/author\/redacao\/\"}]}<\/script>\n<!-- \/ Yoast SEO plugin. -->","yoast_head_json":{"title":"Programa Golfinho prev\u00ea formar mais de seis mil crian\u00e7as durante a alta temporada em SC -","robots":{"index":"index","follow":"follow","max-snippet":"max-snippet:-1","max-image-preview":"max-image-preview:large","max-video-preview":"max-video-preview:-1"},"canonical":"https:\/\/sulsc.com\/index.php\/2026\/01\/11\/programa-golfinho-preve-formar-mais-de-seis-mil-criancas-durante-a-alta-temporada-em-sc\/","og_locale":"en_US","og_type":"article","og_title":"Programa Golfinho prev\u00ea formar mais de seis mil crian\u00e7as durante a alta temporada em SC -","og_description":"Criado em 1998, o Programa Golfinho vem, h\u00e1 mais de duas d\u00e9cadas, inspirando e formando gera\u00e7\u00f5es de crian\u00e7as para a preven\u00e7\u00e3o de acidentes em ambientes aqu\u00e1ticos. Gratuito e voltado a crian\u00e7as de 7 a 11 anos, o programa, desde a temporada 2020\/2021, passou a ser realizado tamb\u00e9m em cidades do interior do estado, al\u00e9m das &hellip; Programa Golfinho prev\u00ea formar mais de seis mil crian\u00e7as durante a alta temporada em SC Read More &raquo;","og_url":"https:\/\/sulsc.com\/index.php\/2026\/01\/11\/programa-golfinho-preve-formar-mais-de-seis-mil-criancas-durante-a-alta-temporada-em-sc\/","article_author":"https:\/\/www.facebook.com\/profile.php?id=61559278119680","article_published_time":"2026-01-12T02:36:43+00:00","og_image":[{"width":1280,"height":960,"url":"http:\/\/sulsc.com\/wp-content\/uploads\/2026\/01\/WhatsApp-Image-2026-01-06-at-17.23.49.jpeg","type":"image\/jpeg"}],"author":"Reda\u00e7\u00e3o Sul SC","twitter_card":"summary_large_image","twitter_creator":"@https:\/\/twitter.com\/PortalSulSC","twitter_misc":{"Written by":"Reda\u00e7\u00e3o Sul SC","Est. reading time":"3 minutes"},"schema":{"@context":"https:\/\/schema.org","@graph":[{"@type":"WebPage","@id":"https:\/\/sulsc.com\/index.php\/2026\/01\/11\/programa-golfinho-preve-formar-mais-de-seis-mil-criancas-durante-a-alta-temporada-em-sc\/","url":"https:\/\/sulsc.com\/index.php\/2026\/01\/11\/programa-golfinho-preve-formar-mais-de-seis-mil-criancas-durante-a-alta-temporada-em-sc\/","name":"Programa Golfinho prev\u00ea formar mais de seis mil crian\u00e7as durante a alta temporada em SC -","isPartOf":{"@id":"https:\/\/sulsc.com\/#website"},"datePublished":"2026-01-12T02:36:43+00:00","dateModified":"2026-01-12T02:36:43+00:00","author":{"@id":"https:\/\/sulsc.com\/#\/schema\/person\/84d2fc571684f6248ba83092f07750a3"},"breadcrumb":{"@id":"https:\/\/sulsc.com\/index.php\/2026\/01\/11\/programa-golfinho-preve-formar-mais-de-seis-mil-criancas-durante-a-alta-temporada-em-sc\/#breadcrumb"},"inLanguage":"en-US","potentialAction":[{"@type":"ReadAction","target":["https:\/\/sulsc.com\/index.php\/2026\/01\/11\/programa-golfinho-preve-formar-mais-de-seis-mil-criancas-durante-a-alta-temporada-em-sc\/"]}]},{"@type":"BreadcrumbList","@id":"https:\/\/sulsc.com\/index.php\/2026\/01\/11\/programa-golfinho-preve-formar-mais-de-seis-mil-criancas-durante-a-alta-temporada-em-sc\/#breadcrumb","itemListElement":[{"@type":"ListItem","position":1,"name":"In\u00edcio","item":"https:\/\/sulsc.com\/"},{"@type":"ListItem","position":2,"name":"Programa Golfinho prev\u00ea formar mais de seis mil crian\u00e7as durante a alta temporada em SC"}]},{"@type":"WebSite","@id":"https:\/\/sulsc.com\/#website","url":"https:\/\/sulsc.com\/","name":"","description":"","potentialAction":[{"@type":"SearchAction","target":{"@type":"EntryPoint","urlTemplate":"https:\/\/sulsc.com\/?s={search_term_string}"},"query-input":"required name=search_term_string"}],"inLanguage":"en-US"},{"@type":"Person","@id":"https:\/\/sulsc.com\/#\/schema\/person\/84d2fc571684f6248ba83092f07750a3","name":"Reda\u00e7\u00e3o Sul SC","image":{"@type":"ImageObject","inLanguage":"en-US","@id":"https:\/\/sulsc.com\/#\/schema\/person\/image\/e08d7fe2cc4ed596372063bbe852b8d0","url":"https:\/\/sulsc.com\/wp-content\/uploads\/2023\/09\/redacao.png","contentUrl":"https:\/\/sulsc.com\/wp-content\/uploads\/2023\/09\/redacao.png","caption":"Reda\u00e7\u00e3o Sul SC"},"description":"Foco em um jornalismo imparcial, voltado \u00e0 qualidade dos seus conte\u00fados e, assim, levar informa\u00e7\u00e3o de valor que agregue \u00e0 vida dos leitores. Esta \u00e9 grande miss\u00e3o do Portal de Not\u00edcias Sul SC. N\u00e3o \u00e9 quantidade que muda o mundo, sempre foi e seguir\u00e1 sendo qualidade!","sameAs":["https:\/\/sulsc.com\/","https:\/\/www.facebook.com\/profile.php?id=61559278119680","https:\/\/www.instagram.com\/sulscportal\/?hl=pt-br","https:\/\/twitter.com\/https:\/\/twitter.com\/PortalSulSC","https:\/\/www.youtube.com\/channel\/UCv_BE8GeySluDov2n8qhVmw"],"url":"https:\/\/sulsc.com\/index.php\/author\/redacao\/"}]}},"authors":[],"_links":{"self":[{"href":"https:\/\/sulsc.com\/index.php\/wp-json\/wp\/v2\/posts\/31420"}],"collection":[{"href":"https:\/\/sulsc.com\/index.php\/wp-json\/wp\/v2\/posts"}],"about":[{"href":"https:\/\/sulsc.com\/index.php\/wp-json\/wp\/v2\/types\/post"}],"author":[{"embeddable":true,"href":"https:\/\/sulsc.com\/index.php\/wp-json\/wp\/v2\/users\/3"}],"replies":[{"embeddable":true,"href":"https:\/\/sulsc.com\/index.php\/wp-json\/wp\/v2\/comments?post=31420"}],"version-history":[{"count":1,"href":"https:\/\/sulsc.com\/index.php\/wp-json\/wp\/v2\/posts\/31420\/revisions"}],"predecessor-version":[{"id":31424,"href":"https:\/\/sulsc.com\/index.php\/wp-json\/wp\/v2\/posts\/31420\/revisions\/31424"}],"wp:featuredmedia":[{"embeddable":true,"href":"https:\/\/sulsc.com\/index.php\/wp-json\/wp\/v2\/media\/31423"}],"wp:attachment":[{"href":"https:\/\/sulsc.com\/index.php\/wp-json\/wp\/v2\/media?parent=31420"}],"wp:term":[{"taxonomy":"category","embeddable":true,"href":"https:\/\/sulsc.com\/index.php\/wp-json\/wp\/v2\/categories?post=31420"},{"taxonomy":"post_tag","embeddable":true,"href":"https:\/\/sulsc.com\/index.php\/wp-json\/wp\/v2\/tags?post=31420"}],"curies":[{"name":"wp","href":"https:\/\/api.w.org\/{rel}","templated":true}]}}