{"id":31425,"date":"2026-01-12T08:05:57","date_gmt":"2026-01-12T11:05:57","guid":{"rendered":"https:\/\/sulsc.com\/?p=31425"},"modified":"2026-01-12T08:05:57","modified_gmt":"2026-01-12T11:05:57","slug":"instabilidades-se-afastam-nesta-segunda-feira-12-mas-o-tempo-ainda-continua-instavel-em-sc","status":"publish","type":"post","link":"https:\/\/sulsc.com\/index.php\/2026\/01\/12\/instabilidades-se-afastam-nesta-segunda-feira-12-mas-o-tempo-ainda-continua-instavel-em-sc\/","title":{"rendered":"Instabilidades se afastam nesta segunda-feira (12) mas o tempo ainda continua inst\u00e1vel em SC"},"content":{"rendered":"<p>Nesta segunda-feira (12), as instabilidades se afastam para alto mar, por\u00e9m o tempo permanece inst\u00e1vel em SC, com varia\u00e7\u00e3o de nebulosidade e chuva a qualquer momento, especialmente dos Planaltos ao Litoral. \u00c0 tarde, h\u00e1 condi\u00e7\u00f5es para novos temporais isolados com raios e rajadas de vento na metade leste do estado.<\/p>\n<div id=\"metaslider-id-25573\" style=\"width: 100%;\" class=\"ml-slider-3-99-0 metaslider metaslider-flex metaslider-25573 ml-slider has-onhover-arrows ms-theme-default-base has-dots-nav\" role=\"region\" aria-label=\"Meio\" data-width=\"1200\">\n    <div id=\"metaslider_container_25573\">\n        <div id=\"metaslider_25573\">\n            <ul class='slides'>\n                <li style=\"display: block; width: 100%;\" class=\"slide-25684 ms-image \" aria-roledescription=\"slide\" data-date=\"2025-07-24 07:55:40\"><img src=\"https:\/\/sulsc.com\/wp-content\/uploads\/2025\/07\/Marr-2-1000x166.jpg\" height=\"200\" width=\"1200\" alt=\"\" class=\"slider-25573 slide-25684 msDefaultImage\" title=\"Marr 2\" \/><\/li>\n                <li style=\"display: none; width: 100%;\" class=\"slide-32412 ms-image \" aria-roledescription=\"slide\" data-date=\"2026-02-18 13:59:46\"><img src=\"https:\/\/sulsc.com\/wp-content\/uploads\/2026\/02\/40dc1580-cad5-4867-bc58-c4243821ad38-1000x166.jpeg\" height=\"200\" width=\"1200\" alt=\"\" class=\"slider-25573 slide-32412 msDefaultImage\" title=\"40dc1580-cad5-4867-bc58-c4243821ad38\" \/><\/li>\n                <li style=\"display: none; width: 100%;\" class=\"slide-32766 ms-image \" aria-roledescription=\"slide\" data-date=\"2026-03-03 17:22:59\"><img src=\"https:\/\/sulsc.com\/wp-content\/uploads\/2026\/03\/271ce739-f268-41c5-8051-3de1a1750359-1000x166.jpeg\" height=\"200\" width=\"1200\" alt=\"\" class=\"slider-25573 slide-32766 msDefaultImage\" title=\"271ce739-f268-41c5-8051-3de1a1750359\" \/><\/li>\n            <\/ul>\n        <\/div>\n        \n    <\/div>\n<\/div>\n<p>O risco \u00e9 baixo a moderado para ocorr\u00eancias associadas a alagamentos, queda de galhos e \u00e1rvores, danos na rede el\u00e9trica e destelhamentos, especialmente entre a Grande Florian\u00f3polis, Litoral Norte e Planalto Norte. Nas demais regi\u00f5es do estado, a chuva ocorre na forma de pancadas isoladas com trovoadas e o risco \u00e9 baixo para ocorr\u00eancias.<\/p>\n<p><strong>Temperaturas<\/strong><\/p>\n<p>Neste dia, as temperaturas m\u00e1ximas variam entre 27\u00b0C e 30\u00b0C \u00e0 tarde, ficando pontualmente mais elevadas no Litoral Norte e no Baixo Vale do Itaja\u00ed.<\/p>\n<p><img fetchpriority=\"high\" decoding=\"async\" class=\"aligncenter size-full wp-image-31426\" src=\"http:\/\/sulsc.com\/wp-content\/uploads\/2026\/01\/image-292-1024x695-1.png\" alt=\"\" width=\"1024\" height=\"695\" srcset=\"https:\/\/sulsc.com\/wp-content\/uploads\/2026\/01\/image-292-1024x695-1.png 1024w, https:\/\/sulsc.com\/wp-content\/uploads\/2026\/01\/image-292-1024x695-1-300x204.png 300w, https:\/\/sulsc.com\/wp-content\/uploads\/2026\/01\/image-292-1024x695-1-768x521.png 768w\" sizes=\"(max-width: 1024px) 100vw, 1024px\" \/><\/p>\n<p><img decoding=\"async\" class=\"aligncenter size-full wp-image-22836\" src=\"http:\/\/sulsc.com\/wp-content\/uploads\/2025\/04\/Tempo-2.png\" alt=\"\" width=\"1024\" height=\"189\" srcset=\"https:\/\/sulsc.com\/wp-content\/uploads\/2025\/04\/Tempo-2.png 1024w, https:\/\/sulsc.com\/wp-content\/uploads\/2025\/04\/Tempo-2-300x55.png 300w, https:\/\/sulsc.com\/wp-content\/uploads\/2025\/04\/Tempo-2-768x142.png 768w\" sizes=\"(max-width: 1024px) 100vw, 1024px\" \/><\/p>\n<p><strong>Ventos:<\/strong> nordeste, com varia\u00e7\u00f5es de sudeste\/leste no Extremo Oeste e Oeste de SC, fraco a moderado com rajadas.<\/p>\n<p><strong>Sistema predominante:<\/strong> alta press\u00e3o (massa de ar seco) no RS e oeste de SC, frente fria no oceano na altura de SC e forma\u00e7\u00e3o de \u00e1reas de instabilidade devido ao calor da tarde.<\/p>\n<p><strong>Nesta ter\u00e7a-feira (13),<\/strong> Na ter\u00e7a-feira (13), o dia ser\u00e1 t\u00edpico de ver\u00e3o em Santa Catarina: predom\u00ednio de sol, temperaturas em eleva\u00e7\u00e3o \u2013 m\u00e1ximas, \u00e0 tarde, pr\u00f3ximas dos 30\u00b0C em grande parte do estado, podendo ser ainda mais elevadas no Litoral e em \u00e1reas pr\u00f3ximas.<\/p>\n<p>Fontes: Defesa Civil &#8211; SC\/Epagri-Ciram<\/p>\n<p>Foto Capa: SC-100 na Passagem da Barra\/Laguna-SC<\/p>\n","protected":false},"excerpt":{"rendered":"<p>Nesta segunda-feira (12), as instabilidades se afastam para alto mar, por\u00e9m o tempo permanece inst\u00e1vel em SC, com varia\u00e7\u00e3o de nebulosidade e chuva a qualquer momento, especialmente dos Planaltos ao Litoral. \u00c0 tarde, h\u00e1 condi\u00e7\u00f5es para novos temporais isolados com raios e rajadas de vento na metade leste do estado. O risco \u00e9 baixo a &hellip;<\/p>\n<p class=\"read-more\"> <a class=\"\" href=\"https:\/\/sulsc.com\/index.php\/2026\/01\/12\/instabilidades-se-afastam-nesta-segunda-feira-12-mas-o-tempo-ainda-continua-instavel-em-sc\/\"> <span class=\"screen-reader-text\">Instabilidades se afastam nesta segunda-feira (12) mas o tempo ainda continua inst\u00e1vel em SC<\/span> Read More &raquo;<\/a><\/p>\n","protected":false},"author":3,"featured_media":31427,"comment_status":"open","ping_status":"open","sticky":false,"template":"","format":"standard","meta":{"site-sidebar-layout":"default","site-content-layout":"","ast-site-content-layout":"default","site-content-style":"default","site-sidebar-style":"default","ast-global-header-display":"","ast-banner-title-visibility":"","ast-main-header-display":"","ast-hfb-above-header-display":"","ast-hfb-below-header-display":"","ast-hfb-mobile-header-display":"","site-post-title":"","ast-breadcrumbs-content":"","ast-featured-img":"","footer-sml-layout":"","theme-transparent-header-meta":"default","adv-header-id-meta":"","stick-header-meta":"","header-above-stick-meta":"","header-main-stick-meta":"","header-below-stick-meta":"","astra-migrate-meta-layouts":"set","footnotes":""},"categories":[2354,2231,1,38,12],"tags":[90],"yoast_head":"<!-- This site is optimized with the Yoast SEO plugin v21.4 - https:\/\/yoast.com\/wordpress\/plugins\/seo\/ -->\n<title>Instabilidades se afastam nesta segunda-feira (12) mas o tempo ainda continua inst\u00e1vel em SC -<\/title>\n<meta name=\"robots\" content=\"index, follow, max-snippet:-1, max-image-preview:large, max-video-preview:-1\" \/>\n<link rel=\"canonical\" href=\"https:\/\/sulsc.com\/index.php\/2026\/01\/12\/instabilidades-se-afastam-nesta-segunda-feira-12-mas-o-tempo-ainda-continua-instavel-em-sc\/\" \/>\n<meta property=\"og:locale\" content=\"en_US\" \/>\n<meta property=\"og:type\" content=\"article\" \/>\n<meta property=\"og:title\" content=\"Instabilidades se afastam nesta segunda-feira (12) mas o tempo ainda continua inst\u00e1vel em SC -\" \/>\n<meta property=\"og:description\" content=\"Nesta segunda-feira (12), as instabilidades se afastam para alto mar, por\u00e9m o tempo permanece inst\u00e1vel em SC, com varia\u00e7\u00e3o de nebulosidade e chuva a qualquer momento, especialmente dos Planaltos ao Litoral. \u00c0 tarde, h\u00e1 condi\u00e7\u00f5es para novos temporais isolados com raios e rajadas de vento na metade leste do estado. O risco \u00e9 baixo a &hellip; Instabilidades se afastam nesta segunda-feira (12) mas o tempo ainda continua inst\u00e1vel em SC Read More &raquo;\" \/>\n<meta property=\"og:url\" content=\"https:\/\/sulsc.com\/index.php\/2026\/01\/12\/instabilidades-se-afastam-nesta-segunda-feira-12-mas-o-tempo-ainda-continua-instavel-em-sc\/\" \/>\n<meta property=\"article:author\" content=\"https:\/\/www.facebook.com\/profile.php?id=61559278119680\" \/>\n<meta property=\"article:published_time\" content=\"2026-01-12T11:05:57+00:00\" \/>\n<meta property=\"og:image\" content=\"http:\/\/sulsc.com\/wp-content\/uploads\/2026\/01\/df64b72e-3444-49a3-833f-e25ee1668665-e1768215893109.jpeg\" \/>\n\t<meta property=\"og:image:width\" content=\"712\" \/>\n\t<meta property=\"og:image:height\" content=\"1205\" \/>\n\t<meta property=\"og:image:type\" content=\"image\/jpeg\" \/>\n<meta name=\"author\" content=\"Reda\u00e7\u00e3o Sul SC\" \/>\n<meta name=\"twitter:card\" content=\"summary_large_image\" \/>\n<meta name=\"twitter:creator\" content=\"@https:\/\/twitter.com\/PortalSulSC\" \/>\n<meta name=\"twitter:label1\" content=\"Written by\" \/>\n\t<meta name=\"twitter:data1\" content=\"Reda\u00e7\u00e3o Sul SC\" \/>\n\t<meta name=\"twitter:label2\" content=\"Est. reading time\" \/>\n\t<meta name=\"twitter:data2\" content=\"2 minutes\" \/>\n<script type=\"application\/ld+json\" class=\"yoast-schema-graph\">{\"@context\":\"https:\/\/schema.org\",\"@graph\":[{\"@type\":\"WebPage\",\"@id\":\"https:\/\/sulsc.com\/index.php\/2026\/01\/12\/instabilidades-se-afastam-nesta-segunda-feira-12-mas-o-tempo-ainda-continua-instavel-em-sc\/\",\"url\":\"https:\/\/sulsc.com\/index.php\/2026\/01\/12\/instabilidades-se-afastam-nesta-segunda-feira-12-mas-o-tempo-ainda-continua-instavel-em-sc\/\",\"name\":\"Instabilidades se afastam nesta segunda-feira (12) mas o tempo ainda continua inst\u00e1vel em SC -\",\"isPartOf\":{\"@id\":\"https:\/\/sulsc.com\/#website\"},\"datePublished\":\"2026-01-12T11:05:57+00:00\",\"dateModified\":\"2026-01-12T11:05:57+00:00\",\"author\":{\"@id\":\"https:\/\/sulsc.com\/#\/schema\/person\/84d2fc571684f6248ba83092f07750a3\"},\"breadcrumb\":{\"@id\":\"https:\/\/sulsc.com\/index.php\/2026\/01\/12\/instabilidades-se-afastam-nesta-segunda-feira-12-mas-o-tempo-ainda-continua-instavel-em-sc\/#breadcrumb\"},\"inLanguage\":\"en-US\",\"potentialAction\":[{\"@type\":\"ReadAction\",\"target\":[\"https:\/\/sulsc.com\/index.php\/2026\/01\/12\/instabilidades-se-afastam-nesta-segunda-feira-12-mas-o-tempo-ainda-continua-instavel-em-sc\/\"]}]},{\"@type\":\"BreadcrumbList\",\"@id\":\"https:\/\/sulsc.com\/index.php\/2026\/01\/12\/instabilidades-se-afastam-nesta-segunda-feira-12-mas-o-tempo-ainda-continua-instavel-em-sc\/#breadcrumb\",\"itemListElement\":[{\"@type\":\"ListItem\",\"position\":1,\"name\":\"In\u00edcio\",\"item\":\"https:\/\/sulsc.com\/\"},{\"@type\":\"ListItem\",\"position\":2,\"name\":\"Instabilidades se afastam nesta segunda-feira (12) mas o tempo ainda continua inst\u00e1vel em SC\"}]},{\"@type\":\"WebSite\",\"@id\":\"https:\/\/sulsc.com\/#website\",\"url\":\"https:\/\/sulsc.com\/\",\"name\":\"\",\"description\":\"\",\"potentialAction\":[{\"@type\":\"SearchAction\",\"target\":{\"@type\":\"EntryPoint\",\"urlTemplate\":\"https:\/\/sulsc.com\/?s={search_term_string}\"},\"query-input\":\"required name=search_term_string\"}],\"inLanguage\":\"en-US\"},{\"@type\":\"Person\",\"@id\":\"https:\/\/sulsc.com\/#\/schema\/person\/84d2fc571684f6248ba83092f07750a3\",\"name\":\"Reda\u00e7\u00e3o Sul SC\",\"image\":{\"@type\":\"ImageObject\",\"inLanguage\":\"en-US\",\"@id\":\"https:\/\/sulsc.com\/#\/schema\/person\/image\/e08d7fe2cc4ed596372063bbe852b8d0\",\"url\":\"https:\/\/sulsc.com\/wp-content\/uploads\/2023\/09\/redacao.png\",\"contentUrl\":\"https:\/\/sulsc.com\/wp-content\/uploads\/2023\/09\/redacao.png\",\"caption\":\"Reda\u00e7\u00e3o Sul SC\"},\"description\":\"Foco em um jornalismo imparcial, voltado \u00e0 qualidade dos seus conte\u00fados e, assim, levar informa\u00e7\u00e3o de valor que agregue \u00e0 vida dos leitores. Esta \u00e9 grande miss\u00e3o do Portal de Not\u00edcias Sul SC. N\u00e3o \u00e9 quantidade que muda o mundo, sempre foi e seguir\u00e1 sendo qualidade!\",\"sameAs\":[\"https:\/\/sulsc.com\/\",\"https:\/\/www.facebook.com\/profile.php?id=61559278119680\",\"https:\/\/www.instagram.com\/sulscportal\/?hl=pt-br\",\"https:\/\/twitter.com\/https:\/\/twitter.com\/PortalSulSC\",\"https:\/\/www.youtube.com\/channel\/UCv_BE8GeySluDov2n8qhVmw\"],\"url\":\"https:\/\/sulsc.com\/index.php\/author\/redacao\/\"}]}<\/script>\n<!-- \/ Yoast SEO plugin. -->","yoast_head_json":{"title":"Instabilidades se afastam nesta segunda-feira (12) mas o tempo ainda continua inst\u00e1vel em SC -","robots":{"index":"index","follow":"follow","max-snippet":"max-snippet:-1","max-image-preview":"max-image-preview:large","max-video-preview":"max-video-preview:-1"},"canonical":"https:\/\/sulsc.com\/index.php\/2026\/01\/12\/instabilidades-se-afastam-nesta-segunda-feira-12-mas-o-tempo-ainda-continua-instavel-em-sc\/","og_locale":"en_US","og_type":"article","og_title":"Instabilidades se afastam nesta segunda-feira (12) mas o tempo ainda continua inst\u00e1vel em SC -","og_description":"Nesta segunda-feira (12), as instabilidades se afastam para alto mar, por\u00e9m o tempo permanece inst\u00e1vel em SC, com varia\u00e7\u00e3o de nebulosidade e chuva a qualquer momento, especialmente dos Planaltos ao Litoral. \u00c0 tarde, h\u00e1 condi\u00e7\u00f5es para novos temporais isolados com raios e rajadas de vento na metade leste do estado. O risco \u00e9 baixo a &hellip; Instabilidades se afastam nesta segunda-feira (12) mas o tempo ainda continua inst\u00e1vel em SC Read More &raquo;","og_url":"https:\/\/sulsc.com\/index.php\/2026\/01\/12\/instabilidades-se-afastam-nesta-segunda-feira-12-mas-o-tempo-ainda-continua-instavel-em-sc\/","article_author":"https:\/\/www.facebook.com\/profile.php?id=61559278119680","article_published_time":"2026-01-12T11:05:57+00:00","og_image":[{"width":712,"height":1205,"url":"http:\/\/sulsc.com\/wp-content\/uploads\/2026\/01\/df64b72e-3444-49a3-833f-e25ee1668665-e1768215893109.jpeg","type":"image\/jpeg"}],"author":"Reda\u00e7\u00e3o Sul SC","twitter_card":"summary_large_image","twitter_creator":"@https:\/\/twitter.com\/PortalSulSC","twitter_misc":{"Written by":"Reda\u00e7\u00e3o Sul SC","Est. reading time":"2 minutes"},"schema":{"@context":"https:\/\/schema.org","@graph":[{"@type":"WebPage","@id":"https:\/\/sulsc.com\/index.php\/2026\/01\/12\/instabilidades-se-afastam-nesta-segunda-feira-12-mas-o-tempo-ainda-continua-instavel-em-sc\/","url":"https:\/\/sulsc.com\/index.php\/2026\/01\/12\/instabilidades-se-afastam-nesta-segunda-feira-12-mas-o-tempo-ainda-continua-instavel-em-sc\/","name":"Instabilidades se afastam nesta segunda-feira (12) mas o tempo ainda continua inst\u00e1vel em SC -","isPartOf":{"@id":"https:\/\/sulsc.com\/#website"},"datePublished":"2026-01-12T11:05:57+00:00","dateModified":"2026-01-12T11:05:57+00:00","author":{"@id":"https:\/\/sulsc.com\/#\/schema\/person\/84d2fc571684f6248ba83092f07750a3"},"breadcrumb":{"@id":"https:\/\/sulsc.com\/index.php\/2026\/01\/12\/instabilidades-se-afastam-nesta-segunda-feira-12-mas-o-tempo-ainda-continua-instavel-em-sc\/#breadcrumb"},"inLanguage":"en-US","potentialAction":[{"@type":"ReadAction","target":["https:\/\/sulsc.com\/index.php\/2026\/01\/12\/instabilidades-se-afastam-nesta-segunda-feira-12-mas-o-tempo-ainda-continua-instavel-em-sc\/"]}]},{"@type":"BreadcrumbList","@id":"https:\/\/sulsc.com\/index.php\/2026\/01\/12\/instabilidades-se-afastam-nesta-segunda-feira-12-mas-o-tempo-ainda-continua-instavel-em-sc\/#breadcrumb","itemListElement":[{"@type":"ListItem","position":1,"name":"In\u00edcio","item":"https:\/\/sulsc.com\/"},{"@type":"ListItem","position":2,"name":"Instabilidades se afastam nesta segunda-feira (12) mas o tempo ainda continua inst\u00e1vel em SC"}]},{"@type":"WebSite","@id":"https:\/\/sulsc.com\/#website","url":"https:\/\/sulsc.com\/","name":"","description":"","potentialAction":[{"@type":"SearchAction","target":{"@type":"EntryPoint","urlTemplate":"https:\/\/sulsc.com\/?s={search_term_string}"},"query-input":"required name=search_term_string"}],"inLanguage":"en-US"},{"@type":"Person","@id":"https:\/\/sulsc.com\/#\/schema\/person\/84d2fc571684f6248ba83092f07750a3","name":"Reda\u00e7\u00e3o Sul SC","image":{"@type":"ImageObject","inLanguage":"en-US","@id":"https:\/\/sulsc.com\/#\/schema\/person\/image\/e08d7fe2cc4ed596372063bbe852b8d0","url":"https:\/\/sulsc.com\/wp-content\/uploads\/2023\/09\/redacao.png","contentUrl":"https:\/\/sulsc.com\/wp-content\/uploads\/2023\/09\/redacao.png","caption":"Reda\u00e7\u00e3o Sul SC"},"description":"Foco em um jornalismo imparcial, voltado \u00e0 qualidade dos seus conte\u00fados e, assim, levar informa\u00e7\u00e3o de valor que agregue \u00e0 vida dos leitores. Esta \u00e9 grande miss\u00e3o do Portal de Not\u00edcias Sul SC. N\u00e3o \u00e9 quantidade que muda o mundo, sempre foi e seguir\u00e1 sendo qualidade!","sameAs":["https:\/\/sulsc.com\/","https:\/\/www.facebook.com\/profile.php?id=61559278119680","https:\/\/www.instagram.com\/sulscportal\/?hl=pt-br","https:\/\/twitter.com\/https:\/\/twitter.com\/PortalSulSC","https:\/\/www.youtube.com\/channel\/UCv_BE8GeySluDov2n8qhVmw"],"url":"https:\/\/sulsc.com\/index.php\/author\/redacao\/"}]}},"authors":[],"_links":{"self":[{"href":"https:\/\/sulsc.com\/index.php\/wp-json\/wp\/v2\/posts\/31425"}],"collection":[{"href":"https:\/\/sulsc.com\/index.php\/wp-json\/wp\/v2\/posts"}],"about":[{"href":"https:\/\/sulsc.com\/index.php\/wp-json\/wp\/v2\/types\/post"}],"author":[{"embeddable":true,"href":"https:\/\/sulsc.com\/index.php\/wp-json\/wp\/v2\/users\/3"}],"replies":[{"embeddable":true,"href":"https:\/\/sulsc.com\/index.php\/wp-json\/wp\/v2\/comments?post=31425"}],"version-history":[{"count":1,"href":"https:\/\/sulsc.com\/index.php\/wp-json\/wp\/v2\/posts\/31425\/revisions"}],"predecessor-version":[{"id":31428,"href":"https:\/\/sulsc.com\/index.php\/wp-json\/wp\/v2\/posts\/31425\/revisions\/31428"}],"wp:featuredmedia":[{"embeddable":true,"href":"https:\/\/sulsc.com\/index.php\/wp-json\/wp\/v2\/media\/31427"}],"wp:attachment":[{"href":"https:\/\/sulsc.com\/index.php\/wp-json\/wp\/v2\/media?parent=31425"}],"wp:term":[{"taxonomy":"category","embeddable":true,"href":"https:\/\/sulsc.com\/index.php\/wp-json\/wp\/v2\/categories?post=31425"},{"taxonomy":"post_tag","embeddable":true,"href":"https:\/\/sulsc.com\/index.php\/wp-json\/wp\/v2\/tags?post=31425"}],"curies":[{"name":"wp","href":"https:\/\/api.w.org\/{rel}","templated":true}]}}