{"id":31429,"date":"2026-01-12T08:25:30","date_gmt":"2026-01-12T11:25:30","guid":{"rendered":"https:\/\/sulsc.com\/?p=31429"},"modified":"2026-01-12T08:26:03","modified_gmt":"2026-01-12T11:26:03","slug":"caminhonete-e-furta-na-praca-do-aviao-em-tubarao-na-noite-deste-domingo-11","status":"publish","type":"post","link":"https:\/\/sulsc.com\/index.php\/2026\/01\/12\/caminhonete-e-furta-na-praca-do-aviao-em-tubarao-na-noite-deste-domingo-11\/","title":{"rendered":"Caminhonete \u00e9 furta na Pra\u00e7a do Avi\u00e3o em Tubar\u00e3o na noite deste domingo (11)"},"content":{"rendered":"<p><span dir=\"auto\" style=\"vertical-align: inherit;\"><span dir=\"auto\" style=\"vertical-align: inherit;\">Na noite deste domingo (11), um furto de ve\u00edculo foi registrado em Tubar\u00e3o, especificamente na Pra\u00e7a do Avi\u00e3o. O fato ocorreu por volta das 23h18min, quando a Pol\u00edcia Militar recebeu uma comunica\u00e7\u00e3o atrav\u00e9s do n\u00famero 190.<\/span><\/span><\/p>\n<div id=\"metaslider-id-25573\" style=\"width: 100%;\" class=\"ml-slider-3-99-0 metaslider metaslider-flex metaslider-25573 ml-slider has-onhover-arrows ms-theme-default-base has-dots-nav\" role=\"region\" aria-label=\"Meio\" data-width=\"1200\">\n    <div id=\"metaslider_container_25573\">\n        <div id=\"metaslider_25573\">\n            <ul class='slides'>\n                <li style=\"display: block; width: 100%;\" class=\"slide-25684 ms-image \" aria-roledescription=\"slide\" data-date=\"2025-07-24 07:55:40\"><img src=\"https:\/\/sulsc.com\/wp-content\/uploads\/2025\/07\/Marr-2-1000x166.jpg\" height=\"200\" width=\"1200\" alt=\"\" class=\"slider-25573 slide-25684 msDefaultImage\" title=\"Marr 2\" \/><\/li>\n                <li style=\"display: none; width: 100%;\" class=\"slide-32412 ms-image \" aria-roledescription=\"slide\" data-date=\"2026-02-18 13:59:46\"><img src=\"https:\/\/sulsc.com\/wp-content\/uploads\/2026\/02\/40dc1580-cad5-4867-bc58-c4243821ad38-1000x166.jpeg\" height=\"200\" width=\"1200\" alt=\"\" class=\"slider-25573 slide-32412 msDefaultImage\" title=\"40dc1580-cad5-4867-bc58-c4243821ad38\" \/><\/li>\n                <li style=\"display: none; width: 100%;\" class=\"slide-32766 ms-image \" aria-roledescription=\"slide\" data-date=\"2026-03-03 17:22:59\"><img src=\"https:\/\/sulsc.com\/wp-content\/uploads\/2026\/03\/271ce739-f268-41c5-8051-3de1a1750359-1000x166.jpeg\" height=\"200\" width=\"1200\" alt=\"\" class=\"slider-25573 slide-32766 msDefaultImage\" title=\"271ce739-f268-41c5-8051-3de1a1750359\" \/><\/li>\n            <\/ul>\n        <\/div>\n        \n    <\/div>\n<\/div>\n<p><span dir=\"auto\" style=\"vertical-align: inherit;\"><span dir=\"auto\" style=\"vertical-align: inherit;\">De acordo com o relato do solicitante, um jovem de 21 anos, ele havia estacionado seu caminhonete Chevrolet\/S10 prata em frente a um sal\u00e3o de beleza por volta das 20h30min. Ao retornar \u00e0s 23h, o propriet\u00e1rio constatou que o ve\u00edculo havia sido subtra\u00eddo.<\/span><\/span><\/p>\n<p><span dir=\"auto\" style=\"vertical-align: inherit;\"><span dir=\"auto\" style=\"vertical-align: inherit;\">Ocorreu, uma ocorr\u00eancia policial foi acionada para o local, onde os policiais conversaram com a v\u00edtima e registraram o boletim de ocorr\u00eancia. em seguida os policiais repassaram o fato na rede policial de r\u00e1dio, mas at\u00e9 o fechamento do boletim, o caminhonete ainda n\u00e3o havia sido localizado.<\/span><\/span><\/p>\n<p><img fetchpriority=\"high\" decoding=\"async\" class=\"aligncenter size-full wp-image-27046\" src=\"http:\/\/sulsc.com\/wp-content\/uploads\/2025\/09\/policia-militar-sirene.jpg\" alt=\"\" width=\"1200\" height=\"792\" srcset=\"https:\/\/sulsc.com\/wp-content\/uploads\/2025\/09\/policia-militar-sirene.jpg 1200w, https:\/\/sulsc.com\/wp-content\/uploads\/2025\/09\/policia-militar-sirene-300x198.jpg 300w, https:\/\/sulsc.com\/wp-content\/uploads\/2025\/09\/policia-militar-sirene-1024x676.jpg 1024w, https:\/\/sulsc.com\/wp-content\/uploads\/2025\/09\/policia-militar-sirene-768x507.jpg 768w\" sizes=\"(max-width: 1200px) 100vw, 1200px\" \/><\/p>\n<p><span dir=\"auto\" style=\"vertical-align: inherit;\"><span dir=\"auto\" style=\"vertical-align: inherit;\">PMSC\/Divulga\u00e7\u00e3o\/SulSC<\/span><\/span><\/p>\n","protected":false},"excerpt":{"rendered":"<p>Na noite deste domingo (11), um furto de ve\u00edculo foi registrado em Tubar\u00e3o, especificamente na Pra\u00e7a do Avi\u00e3o. O fato ocorreu por volta das 23h18min, quando a Pol\u00edcia Militar recebeu uma comunica\u00e7\u00e3o atrav\u00e9s do n\u00famero 190. De acordo com o relato do solicitante, um jovem de 21 anos, ele havia estacionado seu caminhonete Chevrolet\/S10 prata &hellip;<\/p>\n<p class=\"read-more\"> <a class=\"\" href=\"https:\/\/sulsc.com\/index.php\/2026\/01\/12\/caminhonete-e-furta-na-praca-do-aviao-em-tubarao-na-noite-deste-domingo-11\/\"> <span class=\"screen-reader-text\">Caminhonete \u00e9 furta na Pra\u00e7a do Avi\u00e3o em Tubar\u00e3o na noite deste domingo (11)<\/span> Read More &raquo;<\/a><\/p>\n","protected":false},"author":3,"featured_media":26981,"comment_status":"open","ping_status":"open","sticky":false,"template":"","format":"standard","meta":{"site-sidebar-layout":"default","site-content-layout":"","ast-site-content-layout":"default","site-content-style":"default","site-sidebar-style":"default","ast-global-header-display":"","ast-banner-title-visibility":"","ast-main-header-display":"","ast-hfb-above-header-display":"","ast-hfb-below-header-display":"","ast-hfb-mobile-header-display":"","site-post-title":"","ast-breadcrumbs-content":"","ast-featured-img":"","footer-sml-layout":"","theme-transparent-header-meta":"default","adv-header-id-meta":"","stick-header-meta":"","header-above-stick-meta":"","header-main-stick-meta":"","header-below-stick-meta":"","astra-migrate-meta-layouts":"set","footnotes":""},"categories":[2231,1,2782,21,12],"tags":[2273],"yoast_head":"<!-- This site is optimized with the Yoast SEO plugin v21.4 - https:\/\/yoast.com\/wordpress\/plugins\/seo\/ -->\n<title>Caminhonete \u00e9 furta na Pra\u00e7a do Avi\u00e3o em Tubar\u00e3o na noite deste domingo (11) -<\/title>\n<meta name=\"robots\" content=\"index, follow, max-snippet:-1, max-image-preview:large, max-video-preview:-1\" \/>\n<link rel=\"canonical\" href=\"https:\/\/sulsc.com\/index.php\/2026\/01\/12\/caminhonete-e-furta-na-praca-do-aviao-em-tubarao-na-noite-deste-domingo-11\/\" \/>\n<meta property=\"og:locale\" content=\"en_US\" \/>\n<meta property=\"og:type\" content=\"article\" \/>\n<meta property=\"og:title\" content=\"Caminhonete \u00e9 furta na Pra\u00e7a do Avi\u00e3o em Tubar\u00e3o na noite deste domingo (11) -\" \/>\n<meta property=\"og:description\" content=\"Na noite deste domingo (11), um furto de ve\u00edculo foi registrado em Tubar\u00e3o, especificamente na Pra\u00e7a do Avi\u00e3o. O fato ocorreu por volta das 23h18min, quando a Pol\u00edcia Militar recebeu uma comunica\u00e7\u00e3o atrav\u00e9s do n\u00famero 190. De acordo com o relato do solicitante, um jovem de 21 anos, ele havia estacionado seu caminhonete Chevrolet\/S10 prata &hellip; Caminhonete \u00e9 furta na Pra\u00e7a do Avi\u00e3o em Tubar\u00e3o na noite deste domingo (11) Read More &raquo;\" \/>\n<meta property=\"og:url\" content=\"https:\/\/sulsc.com\/index.php\/2026\/01\/12\/caminhonete-e-furta-na-praca-do-aviao-em-tubarao-na-noite-deste-domingo-11\/\" \/>\n<meta property=\"article:author\" content=\"https:\/\/www.facebook.com\/profile.php?id=61559278119680\" \/>\n<meta property=\"article:published_time\" content=\"2026-01-12T11:25:30+00:00\" \/>\n<meta property=\"article:modified_time\" content=\"2026-01-12T11:26:03+00:00\" \/>\n<meta property=\"og:image\" content=\"http:\/\/sulsc.com\/wp-content\/uploads\/2025\/09\/Policia-Militar.png\" \/>\n\t<meta property=\"og:image:width\" content=\"941\" \/>\n\t<meta property=\"og:image:height\" content=\"622\" \/>\n\t<meta property=\"og:image:type\" content=\"image\/png\" \/>\n<meta name=\"author\" content=\"Reda\u00e7\u00e3o Sul SC\" \/>\n<meta name=\"twitter:card\" content=\"summary_large_image\" \/>\n<meta name=\"twitter:creator\" content=\"@https:\/\/twitter.com\/PortalSulSC\" \/>\n<meta name=\"twitter:label1\" content=\"Written by\" \/>\n\t<meta name=\"twitter:data1\" content=\"Reda\u00e7\u00e3o Sul SC\" \/>\n\t<meta name=\"twitter:label2\" content=\"Est. reading time\" \/>\n\t<meta name=\"twitter:data2\" content=\"1 minute\" \/>\n<script type=\"application\/ld+json\" class=\"yoast-schema-graph\">{\"@context\":\"https:\/\/schema.org\",\"@graph\":[{\"@type\":\"WebPage\",\"@id\":\"https:\/\/sulsc.com\/index.php\/2026\/01\/12\/caminhonete-e-furta-na-praca-do-aviao-em-tubarao-na-noite-deste-domingo-11\/\",\"url\":\"https:\/\/sulsc.com\/index.php\/2026\/01\/12\/caminhonete-e-furta-na-praca-do-aviao-em-tubarao-na-noite-deste-domingo-11\/\",\"name\":\"Caminhonete \u00e9 furta na Pra\u00e7a do Avi\u00e3o em Tubar\u00e3o na noite deste domingo (11) -\",\"isPartOf\":{\"@id\":\"https:\/\/sulsc.com\/#website\"},\"datePublished\":\"2026-01-12T11:25:30+00:00\",\"dateModified\":\"2026-01-12T11:26:03+00:00\",\"author\":{\"@id\":\"https:\/\/sulsc.com\/#\/schema\/person\/84d2fc571684f6248ba83092f07750a3\"},\"breadcrumb\":{\"@id\":\"https:\/\/sulsc.com\/index.php\/2026\/01\/12\/caminhonete-e-furta-na-praca-do-aviao-em-tubarao-na-noite-deste-domingo-11\/#breadcrumb\"},\"inLanguage\":\"en-US\",\"potentialAction\":[{\"@type\":\"ReadAction\",\"target\":[\"https:\/\/sulsc.com\/index.php\/2026\/01\/12\/caminhonete-e-furta-na-praca-do-aviao-em-tubarao-na-noite-deste-domingo-11\/\"]}]},{\"@type\":\"BreadcrumbList\",\"@id\":\"https:\/\/sulsc.com\/index.php\/2026\/01\/12\/caminhonete-e-furta-na-praca-do-aviao-em-tubarao-na-noite-deste-domingo-11\/#breadcrumb\",\"itemListElement\":[{\"@type\":\"ListItem\",\"position\":1,\"name\":\"In\u00edcio\",\"item\":\"https:\/\/sulsc.com\/\"},{\"@type\":\"ListItem\",\"position\":2,\"name\":\"Caminhonete \u00e9 furta na Pra\u00e7a do Avi\u00e3o em Tubar\u00e3o na noite deste domingo (11)\"}]},{\"@type\":\"WebSite\",\"@id\":\"https:\/\/sulsc.com\/#website\",\"url\":\"https:\/\/sulsc.com\/\",\"name\":\"\",\"description\":\"\",\"potentialAction\":[{\"@type\":\"SearchAction\",\"target\":{\"@type\":\"EntryPoint\",\"urlTemplate\":\"https:\/\/sulsc.com\/?s={search_term_string}\"},\"query-input\":\"required name=search_term_string\"}],\"inLanguage\":\"en-US\"},{\"@type\":\"Person\",\"@id\":\"https:\/\/sulsc.com\/#\/schema\/person\/84d2fc571684f6248ba83092f07750a3\",\"name\":\"Reda\u00e7\u00e3o Sul SC\",\"image\":{\"@type\":\"ImageObject\",\"inLanguage\":\"en-US\",\"@id\":\"https:\/\/sulsc.com\/#\/schema\/person\/image\/e08d7fe2cc4ed596372063bbe852b8d0\",\"url\":\"https:\/\/sulsc.com\/wp-content\/uploads\/2023\/09\/redacao.png\",\"contentUrl\":\"https:\/\/sulsc.com\/wp-content\/uploads\/2023\/09\/redacao.png\",\"caption\":\"Reda\u00e7\u00e3o Sul SC\"},\"description\":\"Foco em um jornalismo imparcial, voltado \u00e0 qualidade dos seus conte\u00fados e, assim, levar informa\u00e7\u00e3o de valor que agregue \u00e0 vida dos leitores. Esta \u00e9 grande miss\u00e3o do Portal de Not\u00edcias Sul SC. N\u00e3o \u00e9 quantidade que muda o mundo, sempre foi e seguir\u00e1 sendo qualidade!\",\"sameAs\":[\"https:\/\/sulsc.com\/\",\"https:\/\/www.facebook.com\/profile.php?id=61559278119680\",\"https:\/\/www.instagram.com\/sulscportal\/?hl=pt-br\",\"https:\/\/twitter.com\/https:\/\/twitter.com\/PortalSulSC\",\"https:\/\/www.youtube.com\/channel\/UCv_BE8GeySluDov2n8qhVmw\"],\"url\":\"https:\/\/sulsc.com\/index.php\/author\/redacao\/\"}]}<\/script>\n<!-- \/ Yoast SEO plugin. -->","yoast_head_json":{"title":"Caminhonete \u00e9 furta na Pra\u00e7a do Avi\u00e3o em Tubar\u00e3o na noite deste domingo (11) -","robots":{"index":"index","follow":"follow","max-snippet":"max-snippet:-1","max-image-preview":"max-image-preview:large","max-video-preview":"max-video-preview:-1"},"canonical":"https:\/\/sulsc.com\/index.php\/2026\/01\/12\/caminhonete-e-furta-na-praca-do-aviao-em-tubarao-na-noite-deste-domingo-11\/","og_locale":"en_US","og_type":"article","og_title":"Caminhonete \u00e9 furta na Pra\u00e7a do Avi\u00e3o em Tubar\u00e3o na noite deste domingo (11) -","og_description":"Na noite deste domingo (11), um furto de ve\u00edculo foi registrado em Tubar\u00e3o, especificamente na Pra\u00e7a do Avi\u00e3o. O fato ocorreu por volta das 23h18min, quando a Pol\u00edcia Militar recebeu uma comunica\u00e7\u00e3o atrav\u00e9s do n\u00famero 190. De acordo com o relato do solicitante, um jovem de 21 anos, ele havia estacionado seu caminhonete Chevrolet\/S10 prata &hellip; Caminhonete \u00e9 furta na Pra\u00e7a do Avi\u00e3o em Tubar\u00e3o na noite deste domingo (11) Read More &raquo;","og_url":"https:\/\/sulsc.com\/index.php\/2026\/01\/12\/caminhonete-e-furta-na-praca-do-aviao-em-tubarao-na-noite-deste-domingo-11\/","article_author":"https:\/\/www.facebook.com\/profile.php?id=61559278119680","article_published_time":"2026-01-12T11:25:30+00:00","article_modified_time":"2026-01-12T11:26:03+00:00","og_image":[{"width":941,"height":622,"url":"http:\/\/sulsc.com\/wp-content\/uploads\/2025\/09\/Policia-Militar.png","type":"image\/png"}],"author":"Reda\u00e7\u00e3o Sul SC","twitter_card":"summary_large_image","twitter_creator":"@https:\/\/twitter.com\/PortalSulSC","twitter_misc":{"Written by":"Reda\u00e7\u00e3o Sul SC","Est. reading time":"1 minute"},"schema":{"@context":"https:\/\/schema.org","@graph":[{"@type":"WebPage","@id":"https:\/\/sulsc.com\/index.php\/2026\/01\/12\/caminhonete-e-furta-na-praca-do-aviao-em-tubarao-na-noite-deste-domingo-11\/","url":"https:\/\/sulsc.com\/index.php\/2026\/01\/12\/caminhonete-e-furta-na-praca-do-aviao-em-tubarao-na-noite-deste-domingo-11\/","name":"Caminhonete \u00e9 furta na Pra\u00e7a do Avi\u00e3o em Tubar\u00e3o na noite deste domingo (11) -","isPartOf":{"@id":"https:\/\/sulsc.com\/#website"},"datePublished":"2026-01-12T11:25:30+00:00","dateModified":"2026-01-12T11:26:03+00:00","author":{"@id":"https:\/\/sulsc.com\/#\/schema\/person\/84d2fc571684f6248ba83092f07750a3"},"breadcrumb":{"@id":"https:\/\/sulsc.com\/index.php\/2026\/01\/12\/caminhonete-e-furta-na-praca-do-aviao-em-tubarao-na-noite-deste-domingo-11\/#breadcrumb"},"inLanguage":"en-US","potentialAction":[{"@type":"ReadAction","target":["https:\/\/sulsc.com\/index.php\/2026\/01\/12\/caminhonete-e-furta-na-praca-do-aviao-em-tubarao-na-noite-deste-domingo-11\/"]}]},{"@type":"BreadcrumbList","@id":"https:\/\/sulsc.com\/index.php\/2026\/01\/12\/caminhonete-e-furta-na-praca-do-aviao-em-tubarao-na-noite-deste-domingo-11\/#breadcrumb","itemListElement":[{"@type":"ListItem","position":1,"name":"In\u00edcio","item":"https:\/\/sulsc.com\/"},{"@type":"ListItem","position":2,"name":"Caminhonete \u00e9 furta na Pra\u00e7a do Avi\u00e3o em Tubar\u00e3o na noite deste domingo (11)"}]},{"@type":"WebSite","@id":"https:\/\/sulsc.com\/#website","url":"https:\/\/sulsc.com\/","name":"","description":"","potentialAction":[{"@type":"SearchAction","target":{"@type":"EntryPoint","urlTemplate":"https:\/\/sulsc.com\/?s={search_term_string}"},"query-input":"required name=search_term_string"}],"inLanguage":"en-US"},{"@type":"Person","@id":"https:\/\/sulsc.com\/#\/schema\/person\/84d2fc571684f6248ba83092f07750a3","name":"Reda\u00e7\u00e3o Sul SC","image":{"@type":"ImageObject","inLanguage":"en-US","@id":"https:\/\/sulsc.com\/#\/schema\/person\/image\/e08d7fe2cc4ed596372063bbe852b8d0","url":"https:\/\/sulsc.com\/wp-content\/uploads\/2023\/09\/redacao.png","contentUrl":"https:\/\/sulsc.com\/wp-content\/uploads\/2023\/09\/redacao.png","caption":"Reda\u00e7\u00e3o Sul SC"},"description":"Foco em um jornalismo imparcial, voltado \u00e0 qualidade dos seus conte\u00fados e, assim, levar informa\u00e7\u00e3o de valor que agregue \u00e0 vida dos leitores. Esta \u00e9 grande miss\u00e3o do Portal de Not\u00edcias Sul SC. N\u00e3o \u00e9 quantidade que muda o mundo, sempre foi e seguir\u00e1 sendo qualidade!","sameAs":["https:\/\/sulsc.com\/","https:\/\/www.facebook.com\/profile.php?id=61559278119680","https:\/\/www.instagram.com\/sulscportal\/?hl=pt-br","https:\/\/twitter.com\/https:\/\/twitter.com\/PortalSulSC","https:\/\/www.youtube.com\/channel\/UCv_BE8GeySluDov2n8qhVmw"],"url":"https:\/\/sulsc.com\/index.php\/author\/redacao\/"}]}},"authors":[],"_links":{"self":[{"href":"https:\/\/sulsc.com\/index.php\/wp-json\/wp\/v2\/posts\/31429"}],"collection":[{"href":"https:\/\/sulsc.com\/index.php\/wp-json\/wp\/v2\/posts"}],"about":[{"href":"https:\/\/sulsc.com\/index.php\/wp-json\/wp\/v2\/types\/post"}],"author":[{"embeddable":true,"href":"https:\/\/sulsc.com\/index.php\/wp-json\/wp\/v2\/users\/3"}],"replies":[{"embeddable":true,"href":"https:\/\/sulsc.com\/index.php\/wp-json\/wp\/v2\/comments?post=31429"}],"version-history":[{"count":2,"href":"https:\/\/sulsc.com\/index.php\/wp-json\/wp\/v2\/posts\/31429\/revisions"}],"predecessor-version":[{"id":31431,"href":"https:\/\/sulsc.com\/index.php\/wp-json\/wp\/v2\/posts\/31429\/revisions\/31431"}],"wp:featuredmedia":[{"embeddable":true,"href":"https:\/\/sulsc.com\/index.php\/wp-json\/wp\/v2\/media\/26981"}],"wp:attachment":[{"href":"https:\/\/sulsc.com\/index.php\/wp-json\/wp\/v2\/media?parent=31429"}],"wp:term":[{"taxonomy":"category","embeddable":true,"href":"https:\/\/sulsc.com\/index.php\/wp-json\/wp\/v2\/categories?post=31429"},{"taxonomy":"post_tag","embeddable":true,"href":"https:\/\/sulsc.com\/index.php\/wp-json\/wp\/v2\/tags?post=31429"}],"curies":[{"name":"wp","href":"https:\/\/api.w.org\/{rel}","templated":true}]}}