{"id":31432,"date":"2026-01-12T08:51:55","date_gmt":"2026-01-12T11:51:55","guid":{"rendered":"https:\/\/sulsc.com\/?p=31432"},"modified":"2026-01-12T08:51:55","modified_gmt":"2026-01-12T11:51:55","slug":"populacao-de-tubarao-e-convidada-para-conhecer-novo-gabinete-do-prefeito","status":"publish","type":"post","link":"https:\/\/sulsc.com\/index.php\/2026\/01\/12\/populacao-de-tubarao-e-convidada-para-conhecer-novo-gabinete-do-prefeito\/","title":{"rendered":"Popula\u00e7\u00e3o de Tubar\u00e3o \u00e9 convidada para conhecer novo gabinete do prefeito"},"content":{"rendered":"<p>O prefeito Estener Soratto convida toda popula\u00e7\u00e3o para realizar duas visitas neste segunda-feira (12), uma no Pa\u00e7o Municipal onde funcionava seu gabinete e outra no endere\u00e7o do seu novo gabinete.<\/p>\n<p><img fetchpriority=\"high\" decoding=\"async\" class=\"aligncenter size-full wp-image-31433\" src=\"http:\/\/sulsc.com\/wp-content\/uploads\/2026\/01\/6dd72dcc-5bd3-49ba-9c48-f2ed7a05bbcc.jpeg\" alt=\"\" width=\"1600\" height=\"715\" srcset=\"https:\/\/sulsc.com\/wp-content\/uploads\/2026\/01\/6dd72dcc-5bd3-49ba-9c48-f2ed7a05bbcc.jpeg 1600w, https:\/\/sulsc.com\/wp-content\/uploads\/2026\/01\/6dd72dcc-5bd3-49ba-9c48-f2ed7a05bbcc-300x134.jpeg 300w, https:\/\/sulsc.com\/wp-content\/uploads\/2026\/01\/6dd72dcc-5bd3-49ba-9c48-f2ed7a05bbcc-1024x458.jpeg 1024w, https:\/\/sulsc.com\/wp-content\/uploads\/2026\/01\/6dd72dcc-5bd3-49ba-9c48-f2ed7a05bbcc-768x343.jpeg 768w, https:\/\/sulsc.com\/wp-content\/uploads\/2026\/01\/6dd72dcc-5bd3-49ba-9c48-f2ed7a05bbcc-1536x686.jpeg 1536w\" sizes=\"(max-width: 1600px) 100vw, 1600px\" \/><\/p>\n<p><strong>Hor\u00e1rios:<\/strong><br \/>\n\u2022 <strong>14h30<\/strong> \u2013 Pa\u00e7o Municipal (Rua Felipe Schmidt, 108 \u2013 Centro)<br \/>\n\u2022 <strong>15h30<\/strong> \u2013 Centro Administrativo Municipal (Rua Teresa Cristina, 250 \u2013 Oficinas)<\/p>\n<p><strong>Sua assessoria informa aos interessados que os atos da Prefeitura de Tubar\u00e3o s\u00e3o pontuais.<\/strong><\/p>\n","protected":false},"excerpt":{"rendered":"<p>O prefeito Estener Soratto convida toda popula\u00e7\u00e3o para realizar duas visitas neste segunda-feira (12), uma no Pa\u00e7o Municipal onde funcionava seu gabinete e outra no endere\u00e7o do seu novo gabinete. Hor\u00e1rios: \u2022 14h30 \u2013 Pa\u00e7o Municipal (Rua Felipe Schmidt, 108 \u2013 Centro) \u2022 15h30 \u2013 Centro Administrativo Municipal (Rua Teresa Cristina, 250 \u2013 Oficinas) Sua &hellip;<\/p>\n<p class=\"read-more\"> <a class=\"\" href=\"https:\/\/sulsc.com\/index.php\/2026\/01\/12\/populacao-de-tubarao-e-convidada-para-conhecer-novo-gabinete-do-prefeito\/\"> <span class=\"screen-reader-text\">Popula\u00e7\u00e3o de Tubar\u00e3o \u00e9 convidada para conhecer novo gabinete do prefeito<\/span> Read More &raquo;<\/a><\/p>\n","protected":false},"author":3,"featured_media":31433,"comment_status":"open","ping_status":"open","sticky":false,"template":"","format":"standard","meta":{"site-sidebar-layout":"default","site-content-layout":"","ast-site-content-layout":"default","site-content-style":"default","site-sidebar-style":"default","ast-global-header-display":"","ast-banner-title-visibility":"","ast-main-header-display":"","ast-hfb-above-header-display":"","ast-hfb-below-header-display":"","ast-hfb-mobile-header-display":"","site-post-title":"","ast-breadcrumbs-content":"","ast-featured-img":"","footer-sml-layout":"","theme-transparent-header-meta":"default","adv-header-id-meta":"","stick-header-meta":"","header-above-stick-meta":"","header-main-stick-meta":"","header-below-stick-meta":"","astra-migrate-meta-layouts":"set","footnotes":""},"categories":[2231,1,14,21,12],"tags":[1193],"yoast_head":"<!-- This site is optimized with the Yoast SEO plugin v21.4 - https:\/\/yoast.com\/wordpress\/plugins\/seo\/ -->\n<title>Popula\u00e7\u00e3o de Tubar\u00e3o \u00e9 convidada para conhecer novo gabinete do prefeito -<\/title>\n<meta name=\"robots\" content=\"index, follow, max-snippet:-1, max-image-preview:large, max-video-preview:-1\" \/>\n<link rel=\"canonical\" href=\"https:\/\/sulsc.com\/index.php\/2026\/01\/12\/populacao-de-tubarao-e-convidada-para-conhecer-novo-gabinete-do-prefeito\/\" \/>\n<meta property=\"og:locale\" content=\"en_US\" \/>\n<meta property=\"og:type\" content=\"article\" \/>\n<meta property=\"og:title\" content=\"Popula\u00e7\u00e3o de Tubar\u00e3o \u00e9 convidada para conhecer novo gabinete do prefeito -\" \/>\n<meta property=\"og:description\" content=\"O prefeito Estener Soratto convida toda popula\u00e7\u00e3o para realizar duas visitas neste segunda-feira (12), uma no Pa\u00e7o Municipal onde funcionava seu gabinete e outra no endere\u00e7o do seu novo gabinete. Hor\u00e1rios: \u2022 14h30 \u2013 Pa\u00e7o Municipal (Rua Felipe Schmidt, 108 \u2013 Centro) \u2022 15h30 \u2013 Centro Administrativo Municipal (Rua Teresa Cristina, 250 \u2013 Oficinas) Sua &hellip; Popula\u00e7\u00e3o de Tubar\u00e3o \u00e9 convidada para conhecer novo gabinete do prefeito Read More &raquo;\" \/>\n<meta property=\"og:url\" content=\"https:\/\/sulsc.com\/index.php\/2026\/01\/12\/populacao-de-tubarao-e-convidada-para-conhecer-novo-gabinete-do-prefeito\/\" \/>\n<meta property=\"article:author\" content=\"https:\/\/www.facebook.com\/profile.php?id=61559278119680\" \/>\n<meta property=\"article:published_time\" content=\"2026-01-12T11:51:55+00:00\" \/>\n<meta property=\"og:image\" content=\"http:\/\/sulsc.com\/wp-content\/uploads\/2026\/01\/6dd72dcc-5bd3-49ba-9c48-f2ed7a05bbcc.jpeg\" \/>\n\t<meta property=\"og:image:width\" content=\"1600\" \/>\n\t<meta property=\"og:image:height\" content=\"715\" \/>\n\t<meta property=\"og:image:type\" content=\"image\/jpeg\" \/>\n<meta name=\"author\" content=\"Reda\u00e7\u00e3o Sul SC\" \/>\n<meta name=\"twitter:card\" content=\"summary_large_image\" \/>\n<meta name=\"twitter:creator\" content=\"@https:\/\/twitter.com\/PortalSulSC\" \/>\n<meta name=\"twitter:label1\" content=\"Written by\" \/>\n\t<meta name=\"twitter:data1\" content=\"Reda\u00e7\u00e3o Sul SC\" \/>\n\t<meta name=\"twitter:label2\" content=\"Est. reading time\" \/>\n\t<meta name=\"twitter:data2\" content=\"1 minute\" \/>\n<script type=\"application\/ld+json\" class=\"yoast-schema-graph\">{\"@context\":\"https:\/\/schema.org\",\"@graph\":[{\"@type\":\"WebPage\",\"@id\":\"https:\/\/sulsc.com\/index.php\/2026\/01\/12\/populacao-de-tubarao-e-convidada-para-conhecer-novo-gabinete-do-prefeito\/\",\"url\":\"https:\/\/sulsc.com\/index.php\/2026\/01\/12\/populacao-de-tubarao-e-convidada-para-conhecer-novo-gabinete-do-prefeito\/\",\"name\":\"Popula\u00e7\u00e3o de Tubar\u00e3o \u00e9 convidada para conhecer novo gabinete do prefeito -\",\"isPartOf\":{\"@id\":\"https:\/\/sulsc.com\/#website\"},\"datePublished\":\"2026-01-12T11:51:55+00:00\",\"dateModified\":\"2026-01-12T11:51:55+00:00\",\"author\":{\"@id\":\"https:\/\/sulsc.com\/#\/schema\/person\/84d2fc571684f6248ba83092f07750a3\"},\"breadcrumb\":{\"@id\":\"https:\/\/sulsc.com\/index.php\/2026\/01\/12\/populacao-de-tubarao-e-convidada-para-conhecer-novo-gabinete-do-prefeito\/#breadcrumb\"},\"inLanguage\":\"en-US\",\"potentialAction\":[{\"@type\":\"ReadAction\",\"target\":[\"https:\/\/sulsc.com\/index.php\/2026\/01\/12\/populacao-de-tubarao-e-convidada-para-conhecer-novo-gabinete-do-prefeito\/\"]}]},{\"@type\":\"BreadcrumbList\",\"@id\":\"https:\/\/sulsc.com\/index.php\/2026\/01\/12\/populacao-de-tubarao-e-convidada-para-conhecer-novo-gabinete-do-prefeito\/#breadcrumb\",\"itemListElement\":[{\"@type\":\"ListItem\",\"position\":1,\"name\":\"In\u00edcio\",\"item\":\"https:\/\/sulsc.com\/\"},{\"@type\":\"ListItem\",\"position\":2,\"name\":\"Popula\u00e7\u00e3o de Tubar\u00e3o \u00e9 convidada para conhecer novo gabinete do prefeito\"}]},{\"@type\":\"WebSite\",\"@id\":\"https:\/\/sulsc.com\/#website\",\"url\":\"https:\/\/sulsc.com\/\",\"name\":\"\",\"description\":\"\",\"potentialAction\":[{\"@type\":\"SearchAction\",\"target\":{\"@type\":\"EntryPoint\",\"urlTemplate\":\"https:\/\/sulsc.com\/?s={search_term_string}\"},\"query-input\":\"required name=search_term_string\"}],\"inLanguage\":\"en-US\"},{\"@type\":\"Person\",\"@id\":\"https:\/\/sulsc.com\/#\/schema\/person\/84d2fc571684f6248ba83092f07750a3\",\"name\":\"Reda\u00e7\u00e3o Sul SC\",\"image\":{\"@type\":\"ImageObject\",\"inLanguage\":\"en-US\",\"@id\":\"https:\/\/sulsc.com\/#\/schema\/person\/image\/e08d7fe2cc4ed596372063bbe852b8d0\",\"url\":\"https:\/\/sulsc.com\/wp-content\/uploads\/2023\/09\/redacao.png\",\"contentUrl\":\"https:\/\/sulsc.com\/wp-content\/uploads\/2023\/09\/redacao.png\",\"caption\":\"Reda\u00e7\u00e3o Sul SC\"},\"description\":\"Foco em um jornalismo imparcial, voltado \u00e0 qualidade dos seus conte\u00fados e, assim, levar informa\u00e7\u00e3o de valor que agregue \u00e0 vida dos leitores. Esta \u00e9 grande miss\u00e3o do Portal de Not\u00edcias Sul SC. N\u00e3o \u00e9 quantidade que muda o mundo, sempre foi e seguir\u00e1 sendo qualidade!\",\"sameAs\":[\"https:\/\/sulsc.com\/\",\"https:\/\/www.facebook.com\/profile.php?id=61559278119680\",\"https:\/\/www.instagram.com\/sulscportal\/?hl=pt-br\",\"https:\/\/twitter.com\/https:\/\/twitter.com\/PortalSulSC\",\"https:\/\/www.youtube.com\/channel\/UCv_BE8GeySluDov2n8qhVmw\"],\"url\":\"https:\/\/sulsc.com\/index.php\/author\/redacao\/\"}]}<\/script>\n<!-- \/ Yoast SEO plugin. -->","yoast_head_json":{"title":"Popula\u00e7\u00e3o de Tubar\u00e3o \u00e9 convidada para conhecer novo gabinete do prefeito -","robots":{"index":"index","follow":"follow","max-snippet":"max-snippet:-1","max-image-preview":"max-image-preview:large","max-video-preview":"max-video-preview:-1"},"canonical":"https:\/\/sulsc.com\/index.php\/2026\/01\/12\/populacao-de-tubarao-e-convidada-para-conhecer-novo-gabinete-do-prefeito\/","og_locale":"en_US","og_type":"article","og_title":"Popula\u00e7\u00e3o de Tubar\u00e3o \u00e9 convidada para conhecer novo gabinete do prefeito -","og_description":"O prefeito Estener Soratto convida toda popula\u00e7\u00e3o para realizar duas visitas neste segunda-feira (12), uma no Pa\u00e7o Municipal onde funcionava seu gabinete e outra no endere\u00e7o do seu novo gabinete. Hor\u00e1rios: \u2022 14h30 \u2013 Pa\u00e7o Municipal (Rua Felipe Schmidt, 108 \u2013 Centro) \u2022 15h30 \u2013 Centro Administrativo Municipal (Rua Teresa Cristina, 250 \u2013 Oficinas) Sua &hellip; Popula\u00e7\u00e3o de Tubar\u00e3o \u00e9 convidada para conhecer novo gabinete do prefeito Read More &raquo;","og_url":"https:\/\/sulsc.com\/index.php\/2026\/01\/12\/populacao-de-tubarao-e-convidada-para-conhecer-novo-gabinete-do-prefeito\/","article_author":"https:\/\/www.facebook.com\/profile.php?id=61559278119680","article_published_time":"2026-01-12T11:51:55+00:00","og_image":[{"width":1600,"height":715,"url":"http:\/\/sulsc.com\/wp-content\/uploads\/2026\/01\/6dd72dcc-5bd3-49ba-9c48-f2ed7a05bbcc.jpeg","type":"image\/jpeg"}],"author":"Reda\u00e7\u00e3o Sul SC","twitter_card":"summary_large_image","twitter_creator":"@https:\/\/twitter.com\/PortalSulSC","twitter_misc":{"Written by":"Reda\u00e7\u00e3o Sul SC","Est. reading time":"1 minute"},"schema":{"@context":"https:\/\/schema.org","@graph":[{"@type":"WebPage","@id":"https:\/\/sulsc.com\/index.php\/2026\/01\/12\/populacao-de-tubarao-e-convidada-para-conhecer-novo-gabinete-do-prefeito\/","url":"https:\/\/sulsc.com\/index.php\/2026\/01\/12\/populacao-de-tubarao-e-convidada-para-conhecer-novo-gabinete-do-prefeito\/","name":"Popula\u00e7\u00e3o de Tubar\u00e3o \u00e9 convidada para conhecer novo gabinete do prefeito -","isPartOf":{"@id":"https:\/\/sulsc.com\/#website"},"datePublished":"2026-01-12T11:51:55+00:00","dateModified":"2026-01-12T11:51:55+00:00","author":{"@id":"https:\/\/sulsc.com\/#\/schema\/person\/84d2fc571684f6248ba83092f07750a3"},"breadcrumb":{"@id":"https:\/\/sulsc.com\/index.php\/2026\/01\/12\/populacao-de-tubarao-e-convidada-para-conhecer-novo-gabinete-do-prefeito\/#breadcrumb"},"inLanguage":"en-US","potentialAction":[{"@type":"ReadAction","target":["https:\/\/sulsc.com\/index.php\/2026\/01\/12\/populacao-de-tubarao-e-convidada-para-conhecer-novo-gabinete-do-prefeito\/"]}]},{"@type":"BreadcrumbList","@id":"https:\/\/sulsc.com\/index.php\/2026\/01\/12\/populacao-de-tubarao-e-convidada-para-conhecer-novo-gabinete-do-prefeito\/#breadcrumb","itemListElement":[{"@type":"ListItem","position":1,"name":"In\u00edcio","item":"https:\/\/sulsc.com\/"},{"@type":"ListItem","position":2,"name":"Popula\u00e7\u00e3o de Tubar\u00e3o \u00e9 convidada para conhecer novo gabinete do prefeito"}]},{"@type":"WebSite","@id":"https:\/\/sulsc.com\/#website","url":"https:\/\/sulsc.com\/","name":"","description":"","potentialAction":[{"@type":"SearchAction","target":{"@type":"EntryPoint","urlTemplate":"https:\/\/sulsc.com\/?s={search_term_string}"},"query-input":"required name=search_term_string"}],"inLanguage":"en-US"},{"@type":"Person","@id":"https:\/\/sulsc.com\/#\/schema\/person\/84d2fc571684f6248ba83092f07750a3","name":"Reda\u00e7\u00e3o Sul SC","image":{"@type":"ImageObject","inLanguage":"en-US","@id":"https:\/\/sulsc.com\/#\/schema\/person\/image\/e08d7fe2cc4ed596372063bbe852b8d0","url":"https:\/\/sulsc.com\/wp-content\/uploads\/2023\/09\/redacao.png","contentUrl":"https:\/\/sulsc.com\/wp-content\/uploads\/2023\/09\/redacao.png","caption":"Reda\u00e7\u00e3o Sul SC"},"description":"Foco em um jornalismo imparcial, voltado \u00e0 qualidade dos seus conte\u00fados e, assim, levar informa\u00e7\u00e3o de valor que agregue \u00e0 vida dos leitores. Esta \u00e9 grande miss\u00e3o do Portal de Not\u00edcias Sul SC. N\u00e3o \u00e9 quantidade que muda o mundo, sempre foi e seguir\u00e1 sendo qualidade!","sameAs":["https:\/\/sulsc.com\/","https:\/\/www.facebook.com\/profile.php?id=61559278119680","https:\/\/www.instagram.com\/sulscportal\/?hl=pt-br","https:\/\/twitter.com\/https:\/\/twitter.com\/PortalSulSC","https:\/\/www.youtube.com\/channel\/UCv_BE8GeySluDov2n8qhVmw"],"url":"https:\/\/sulsc.com\/index.php\/author\/redacao\/"}]}},"authors":[],"_links":{"self":[{"href":"https:\/\/sulsc.com\/index.php\/wp-json\/wp\/v2\/posts\/31432"}],"collection":[{"href":"https:\/\/sulsc.com\/index.php\/wp-json\/wp\/v2\/posts"}],"about":[{"href":"https:\/\/sulsc.com\/index.php\/wp-json\/wp\/v2\/types\/post"}],"author":[{"embeddable":true,"href":"https:\/\/sulsc.com\/index.php\/wp-json\/wp\/v2\/users\/3"}],"replies":[{"embeddable":true,"href":"https:\/\/sulsc.com\/index.php\/wp-json\/wp\/v2\/comments?post=31432"}],"version-history":[{"count":1,"href":"https:\/\/sulsc.com\/index.php\/wp-json\/wp\/v2\/posts\/31432\/revisions"}],"predecessor-version":[{"id":31434,"href":"https:\/\/sulsc.com\/index.php\/wp-json\/wp\/v2\/posts\/31432\/revisions\/31434"}],"wp:featuredmedia":[{"embeddable":true,"href":"https:\/\/sulsc.com\/index.php\/wp-json\/wp\/v2\/media\/31433"}],"wp:attachment":[{"href":"https:\/\/sulsc.com\/index.php\/wp-json\/wp\/v2\/media?parent=31432"}],"wp:term":[{"taxonomy":"category","embeddable":true,"href":"https:\/\/sulsc.com\/index.php\/wp-json\/wp\/v2\/categories?post=31432"},{"taxonomy":"post_tag","embeddable":true,"href":"https:\/\/sulsc.com\/index.php\/wp-json\/wp\/v2\/tags?post=31432"}],"curies":[{"name":"wp","href":"https:\/\/api.w.org\/{rel}","templated":true}]}}