{"id":31435,"date":"2026-01-12T09:32:09","date_gmt":"2026-01-12T12:32:09","guid":{"rendered":"https:\/\/sulsc.com\/?p=31435"},"modified":"2026-01-12T09:32:09","modified_gmt":"2026-01-12T12:32:09","slug":"homem-e-detido-em-jaguaruna-apos-furto-e-mandado-de-prisao-ativo","status":"publish","type":"post","link":"https:\/\/sulsc.com\/index.php\/2026\/01\/12\/homem-e-detido-em-jaguaruna-apos-furto-e-mandado-de-prisao-ativo\/","title":{"rendered":"Homem \u00e9 detido em Jaguaruna ap\u00f3s furto e mandado de pris\u00e3o ativo"},"content":{"rendered":"<p>Na manh\u00e3 deste domingo (11), \u00e0s 05h56min, a Pol\u00edcia Militar prendeu um homem de 46 anos em Jaguaruna, no Balne\u00e1rio Copa 70, ap\u00f3s envolvimento em um furto e por estar com um mandado de pris\u00e3o em aberto. A a\u00e7\u00e3o policial foi desencadeada ap\u00f3s uma solicita\u00e7\u00e3o recebida pelo 190, informando sobre um indiv\u00edduo que teria furtado uma resid\u00eancia e estava andando em dire\u00e7\u00e3o ao Balne\u00e1rio Arroio Corrente.<\/p>\n<div id=\"metaslider-id-25573\" style=\"width: 100%;\" class=\"ml-slider-3-99-0 metaslider metaslider-flex metaslider-25573 ml-slider has-onhover-arrows ms-theme-default-base has-dots-nav\" role=\"region\" aria-label=\"Meio\" data-width=\"1200\">\n    <div id=\"metaslider_container_25573\">\n        <div id=\"metaslider_25573\">\n            <ul class='slides'>\n                <li style=\"display: block; width: 100%;\" class=\"slide-25684 ms-image \" aria-roledescription=\"slide\" data-date=\"2025-07-24 07:55:40\"><img src=\"https:\/\/sulsc.com\/wp-content\/uploads\/2025\/07\/Marr-2-1000x166.jpg\" height=\"200\" width=\"1200\" alt=\"\" class=\"slider-25573 slide-25684 msDefaultImage\" title=\"Marr 2\" \/><\/li>\n                <li style=\"display: none; width: 100%;\" class=\"slide-32412 ms-image \" aria-roledescription=\"slide\" data-date=\"2026-02-18 13:59:46\"><img src=\"https:\/\/sulsc.com\/wp-content\/uploads\/2026\/02\/40dc1580-cad5-4867-bc58-c4243821ad38-1000x166.jpeg\" height=\"200\" width=\"1200\" alt=\"\" class=\"slider-25573 slide-32412 msDefaultImage\" title=\"40dc1580-cad5-4867-bc58-c4243821ad38\" \/><\/li>\n                <li style=\"display: none; width: 100%;\" class=\"slide-32766 ms-image \" aria-roledescription=\"slide\" data-date=\"2026-03-03 17:22:59\"><img src=\"https:\/\/sulsc.com\/wp-content\/uploads\/2026\/03\/271ce739-f268-41c5-8051-3de1a1750359-1000x166.jpeg\" height=\"200\" width=\"1200\" alt=\"\" class=\"slider-25573 slide-32766 msDefaultImage\" title=\"271ce739-f268-41c5-8051-3de1a1750359\" \/><\/li>\n            <\/ul>\n        <\/div>\n        \n    <\/div>\n<\/div>\n<p>Os policiais se deslocaram at\u00e9 o local e encontraram o suspeito deitado na vegeta\u00e7\u00e3o de um terreno baldio, acompanhado pela v\u00edtima, um homem de 45 anos. Durante a abordagem, o suspeito estava na posse de uma mochila cinza que continha quatro celulares, um drone com controle e diversas bijuterias. Ao ser questionado, ele confessou a pr\u00e1tica do furto.<\/p>\n<p>A identifica\u00e7\u00e3o do suspeito revelou um mandado de pris\u00e3o ativo expedido pelo Tribunal de Justi\u00e7a do Estado do Rio Grande do Sul, relacionado a um crime de roubo. A v\u00edtima confirmou que os itens encontrados pertenciam \u00e0 sua resid\u00eancia, de onde foram subtra\u00eddos no dia anterior.<\/p>\n<p>Diante dos fatos, o homem recebeu voz de pris\u00e3o e foi conduzido at\u00e9 a Delegacia de Pol\u00edcia de Jaguaruna para as devidas provid\u00eancias.<\/p>\n<p><img fetchpriority=\"high\" decoding=\"async\" class=\"aligncenter size-full wp-image-24585\" src=\"http:\/\/sulsc.com\/wp-content\/uploads\/2025\/06\/PM-e1754069452748.jpg\" alt=\"\" width=\"1073\" height=\"905\" srcset=\"https:\/\/sulsc.com\/wp-content\/uploads\/2025\/06\/PM-e1754069452748.jpg 1073w, https:\/\/sulsc.com\/wp-content\/uploads\/2025\/06\/PM-e1754069452748-300x253.jpg 300w, https:\/\/sulsc.com\/wp-content\/uploads\/2025\/06\/PM-e1754069452748-1024x864.jpg 1024w, https:\/\/sulsc.com\/wp-content\/uploads\/2025\/06\/PM-e1754069452748-768x648.jpg 768w\" sizes=\"(max-width: 1073px) 100vw, 1073px\" \/><\/p>\n<p>PMSC\/Divulga\u00e7\u00e3o\/SulSC<\/p>\n","protected":false},"excerpt":{"rendered":"<p>Na manh\u00e3 deste domingo (11), \u00e0s 05h56min, a Pol\u00edcia Militar prendeu um homem de 46 anos em Jaguaruna, no Balne\u00e1rio Copa 70, ap\u00f3s envolvimento em um furto e por estar com um mandado de pris\u00e3o em aberto. A a\u00e7\u00e3o policial foi desencadeada ap\u00f3s uma solicita\u00e7\u00e3o recebida pelo 190, informando sobre um indiv\u00edduo que teria furtado &hellip;<\/p>\n<p class=\"read-more\"> <a class=\"\" href=\"https:\/\/sulsc.com\/index.php\/2026\/01\/12\/homem-e-detido-em-jaguaruna-apos-furto-e-mandado-de-prisao-ativo\/\"> <span class=\"screen-reader-text\">Homem \u00e9 detido em Jaguaruna ap\u00f3s furto e mandado de pris\u00e3o ativo<\/span> Read More &raquo;<\/a><\/p>\n","protected":false},"author":3,"featured_media":24585,"comment_status":"open","ping_status":"open","sticky":false,"template":"","format":"standard","meta":{"site-sidebar-layout":"default","site-content-layout":"","ast-site-content-layout":"default","site-content-style":"default","site-sidebar-style":"default","ast-global-header-display":"","ast-banner-title-visibility":"","ast-main-header-display":"","ast-hfb-above-header-display":"","ast-hfb-below-header-display":"","ast-hfb-mobile-header-display":"","site-post-title":"","ast-breadcrumbs-content":"","ast-featured-img":"","footer-sml-layout":"","theme-transparent-header-meta":"default","adv-header-id-meta":"","stick-header-meta":"","header-above-stick-meta":"","header-main-stick-meta":"","header-below-stick-meta":"","astra-migrate-meta-layouts":"set","footnotes":""},"categories":[2231,1,2105,2782,12],"tags":[2800],"yoast_head":"<!-- This site is optimized with the Yoast SEO plugin v21.4 - https:\/\/yoast.com\/wordpress\/plugins\/seo\/ -->\n<title>Homem \u00e9 detido em Jaguaruna ap\u00f3s furto e mandado de pris\u00e3o ativo -<\/title>\n<meta name=\"robots\" content=\"index, follow, max-snippet:-1, max-image-preview:large, max-video-preview:-1\" \/>\n<link rel=\"canonical\" href=\"https:\/\/sulsc.com\/index.php\/2026\/01\/12\/homem-e-detido-em-jaguaruna-apos-furto-e-mandado-de-prisao-ativo\/\" \/>\n<meta property=\"og:locale\" content=\"en_US\" \/>\n<meta property=\"og:type\" content=\"article\" \/>\n<meta property=\"og:title\" content=\"Homem \u00e9 detido em Jaguaruna ap\u00f3s furto e mandado de pris\u00e3o ativo -\" \/>\n<meta property=\"og:description\" content=\"Na manh\u00e3 deste domingo (11), \u00e0s 05h56min, a Pol\u00edcia Militar prendeu um homem de 46 anos em Jaguaruna, no Balne\u00e1rio Copa 70, ap\u00f3s envolvimento em um furto e por estar com um mandado de pris\u00e3o em aberto. A a\u00e7\u00e3o policial foi desencadeada ap\u00f3s uma solicita\u00e7\u00e3o recebida pelo 190, informando sobre um indiv\u00edduo que teria furtado &hellip; Homem \u00e9 detido em Jaguaruna ap\u00f3s furto e mandado de pris\u00e3o ativo Read More &raquo;\" \/>\n<meta property=\"og:url\" content=\"https:\/\/sulsc.com\/index.php\/2026\/01\/12\/homem-e-detido-em-jaguaruna-apos-furto-e-mandado-de-prisao-ativo\/\" \/>\n<meta property=\"article:author\" content=\"https:\/\/www.facebook.com\/profile.php?id=61559278119680\" \/>\n<meta property=\"article:published_time\" content=\"2026-01-12T12:32:09+00:00\" \/>\n<meta property=\"og:image\" content=\"http:\/\/sulsc.com\/wp-content\/uploads\/2025\/06\/PM-e1754069452748.jpg\" \/>\n\t<meta property=\"og:image:width\" content=\"1073\" \/>\n\t<meta property=\"og:image:height\" content=\"905\" \/>\n\t<meta property=\"og:image:type\" content=\"image\/jpeg\" \/>\n<meta name=\"author\" content=\"Reda\u00e7\u00e3o Sul SC\" \/>\n<meta name=\"twitter:card\" content=\"summary_large_image\" \/>\n<meta name=\"twitter:creator\" content=\"@https:\/\/twitter.com\/PortalSulSC\" \/>\n<meta name=\"twitter:label1\" content=\"Written by\" \/>\n\t<meta name=\"twitter:data1\" content=\"Reda\u00e7\u00e3o Sul SC\" \/>\n\t<meta name=\"twitter:label2\" content=\"Est. reading time\" \/>\n\t<meta name=\"twitter:data2\" content=\"2 minutes\" \/>\n<script type=\"application\/ld+json\" class=\"yoast-schema-graph\">{\"@context\":\"https:\/\/schema.org\",\"@graph\":[{\"@type\":\"WebPage\",\"@id\":\"https:\/\/sulsc.com\/index.php\/2026\/01\/12\/homem-e-detido-em-jaguaruna-apos-furto-e-mandado-de-prisao-ativo\/\",\"url\":\"https:\/\/sulsc.com\/index.php\/2026\/01\/12\/homem-e-detido-em-jaguaruna-apos-furto-e-mandado-de-prisao-ativo\/\",\"name\":\"Homem \u00e9 detido em Jaguaruna ap\u00f3s furto e mandado de pris\u00e3o ativo -\",\"isPartOf\":{\"@id\":\"https:\/\/sulsc.com\/#website\"},\"datePublished\":\"2026-01-12T12:32:09+00:00\",\"dateModified\":\"2026-01-12T12:32:09+00:00\",\"author\":{\"@id\":\"https:\/\/sulsc.com\/#\/schema\/person\/84d2fc571684f6248ba83092f07750a3\"},\"breadcrumb\":{\"@id\":\"https:\/\/sulsc.com\/index.php\/2026\/01\/12\/homem-e-detido-em-jaguaruna-apos-furto-e-mandado-de-prisao-ativo\/#breadcrumb\"},\"inLanguage\":\"en-US\",\"potentialAction\":[{\"@type\":\"ReadAction\",\"target\":[\"https:\/\/sulsc.com\/index.php\/2026\/01\/12\/homem-e-detido-em-jaguaruna-apos-furto-e-mandado-de-prisao-ativo\/\"]}]},{\"@type\":\"BreadcrumbList\",\"@id\":\"https:\/\/sulsc.com\/index.php\/2026\/01\/12\/homem-e-detido-em-jaguaruna-apos-furto-e-mandado-de-prisao-ativo\/#breadcrumb\",\"itemListElement\":[{\"@type\":\"ListItem\",\"position\":1,\"name\":\"In\u00edcio\",\"item\":\"https:\/\/sulsc.com\/\"},{\"@type\":\"ListItem\",\"position\":2,\"name\":\"Homem \u00e9 detido em Jaguaruna ap\u00f3s furto e mandado de pris\u00e3o ativo\"}]},{\"@type\":\"WebSite\",\"@id\":\"https:\/\/sulsc.com\/#website\",\"url\":\"https:\/\/sulsc.com\/\",\"name\":\"\",\"description\":\"\",\"potentialAction\":[{\"@type\":\"SearchAction\",\"target\":{\"@type\":\"EntryPoint\",\"urlTemplate\":\"https:\/\/sulsc.com\/?s={search_term_string}\"},\"query-input\":\"required name=search_term_string\"}],\"inLanguage\":\"en-US\"},{\"@type\":\"Person\",\"@id\":\"https:\/\/sulsc.com\/#\/schema\/person\/84d2fc571684f6248ba83092f07750a3\",\"name\":\"Reda\u00e7\u00e3o Sul SC\",\"image\":{\"@type\":\"ImageObject\",\"inLanguage\":\"en-US\",\"@id\":\"https:\/\/sulsc.com\/#\/schema\/person\/image\/e08d7fe2cc4ed596372063bbe852b8d0\",\"url\":\"https:\/\/sulsc.com\/wp-content\/uploads\/2023\/09\/redacao.png\",\"contentUrl\":\"https:\/\/sulsc.com\/wp-content\/uploads\/2023\/09\/redacao.png\",\"caption\":\"Reda\u00e7\u00e3o Sul SC\"},\"description\":\"Foco em um jornalismo imparcial, voltado \u00e0 qualidade dos seus conte\u00fados e, assim, levar informa\u00e7\u00e3o de valor que agregue \u00e0 vida dos leitores. Esta \u00e9 grande miss\u00e3o do Portal de Not\u00edcias Sul SC. N\u00e3o \u00e9 quantidade que muda o mundo, sempre foi e seguir\u00e1 sendo qualidade!\",\"sameAs\":[\"https:\/\/sulsc.com\/\",\"https:\/\/www.facebook.com\/profile.php?id=61559278119680\",\"https:\/\/www.instagram.com\/sulscportal\/?hl=pt-br\",\"https:\/\/twitter.com\/https:\/\/twitter.com\/PortalSulSC\",\"https:\/\/www.youtube.com\/channel\/UCv_BE8GeySluDov2n8qhVmw\"],\"url\":\"https:\/\/sulsc.com\/index.php\/author\/redacao\/\"}]}<\/script>\n<!-- \/ Yoast SEO plugin. -->","yoast_head_json":{"title":"Homem \u00e9 detido em Jaguaruna ap\u00f3s furto e mandado de pris\u00e3o ativo -","robots":{"index":"index","follow":"follow","max-snippet":"max-snippet:-1","max-image-preview":"max-image-preview:large","max-video-preview":"max-video-preview:-1"},"canonical":"https:\/\/sulsc.com\/index.php\/2026\/01\/12\/homem-e-detido-em-jaguaruna-apos-furto-e-mandado-de-prisao-ativo\/","og_locale":"en_US","og_type":"article","og_title":"Homem \u00e9 detido em Jaguaruna ap\u00f3s furto e mandado de pris\u00e3o ativo -","og_description":"Na manh\u00e3 deste domingo (11), \u00e0s 05h56min, a Pol\u00edcia Militar prendeu um homem de 46 anos em Jaguaruna, no Balne\u00e1rio Copa 70, ap\u00f3s envolvimento em um furto e por estar com um mandado de pris\u00e3o em aberto. A a\u00e7\u00e3o policial foi desencadeada ap\u00f3s uma solicita\u00e7\u00e3o recebida pelo 190, informando sobre um indiv\u00edduo que teria furtado &hellip; Homem \u00e9 detido em Jaguaruna ap\u00f3s furto e mandado de pris\u00e3o ativo Read More &raquo;","og_url":"https:\/\/sulsc.com\/index.php\/2026\/01\/12\/homem-e-detido-em-jaguaruna-apos-furto-e-mandado-de-prisao-ativo\/","article_author":"https:\/\/www.facebook.com\/profile.php?id=61559278119680","article_published_time":"2026-01-12T12:32:09+00:00","og_image":[{"width":1073,"height":905,"url":"http:\/\/sulsc.com\/wp-content\/uploads\/2025\/06\/PM-e1754069452748.jpg","type":"image\/jpeg"}],"author":"Reda\u00e7\u00e3o Sul SC","twitter_card":"summary_large_image","twitter_creator":"@https:\/\/twitter.com\/PortalSulSC","twitter_misc":{"Written by":"Reda\u00e7\u00e3o Sul SC","Est. reading time":"2 minutes"},"schema":{"@context":"https:\/\/schema.org","@graph":[{"@type":"WebPage","@id":"https:\/\/sulsc.com\/index.php\/2026\/01\/12\/homem-e-detido-em-jaguaruna-apos-furto-e-mandado-de-prisao-ativo\/","url":"https:\/\/sulsc.com\/index.php\/2026\/01\/12\/homem-e-detido-em-jaguaruna-apos-furto-e-mandado-de-prisao-ativo\/","name":"Homem \u00e9 detido em Jaguaruna ap\u00f3s furto e mandado de pris\u00e3o ativo -","isPartOf":{"@id":"https:\/\/sulsc.com\/#website"},"datePublished":"2026-01-12T12:32:09+00:00","dateModified":"2026-01-12T12:32:09+00:00","author":{"@id":"https:\/\/sulsc.com\/#\/schema\/person\/84d2fc571684f6248ba83092f07750a3"},"breadcrumb":{"@id":"https:\/\/sulsc.com\/index.php\/2026\/01\/12\/homem-e-detido-em-jaguaruna-apos-furto-e-mandado-de-prisao-ativo\/#breadcrumb"},"inLanguage":"en-US","potentialAction":[{"@type":"ReadAction","target":["https:\/\/sulsc.com\/index.php\/2026\/01\/12\/homem-e-detido-em-jaguaruna-apos-furto-e-mandado-de-prisao-ativo\/"]}]},{"@type":"BreadcrumbList","@id":"https:\/\/sulsc.com\/index.php\/2026\/01\/12\/homem-e-detido-em-jaguaruna-apos-furto-e-mandado-de-prisao-ativo\/#breadcrumb","itemListElement":[{"@type":"ListItem","position":1,"name":"In\u00edcio","item":"https:\/\/sulsc.com\/"},{"@type":"ListItem","position":2,"name":"Homem \u00e9 detido em Jaguaruna ap\u00f3s furto e mandado de pris\u00e3o ativo"}]},{"@type":"WebSite","@id":"https:\/\/sulsc.com\/#website","url":"https:\/\/sulsc.com\/","name":"","description":"","potentialAction":[{"@type":"SearchAction","target":{"@type":"EntryPoint","urlTemplate":"https:\/\/sulsc.com\/?s={search_term_string}"},"query-input":"required name=search_term_string"}],"inLanguage":"en-US"},{"@type":"Person","@id":"https:\/\/sulsc.com\/#\/schema\/person\/84d2fc571684f6248ba83092f07750a3","name":"Reda\u00e7\u00e3o Sul SC","image":{"@type":"ImageObject","inLanguage":"en-US","@id":"https:\/\/sulsc.com\/#\/schema\/person\/image\/e08d7fe2cc4ed596372063bbe852b8d0","url":"https:\/\/sulsc.com\/wp-content\/uploads\/2023\/09\/redacao.png","contentUrl":"https:\/\/sulsc.com\/wp-content\/uploads\/2023\/09\/redacao.png","caption":"Reda\u00e7\u00e3o Sul SC"},"description":"Foco em um jornalismo imparcial, voltado \u00e0 qualidade dos seus conte\u00fados e, assim, levar informa\u00e7\u00e3o de valor que agregue \u00e0 vida dos leitores. Esta \u00e9 grande miss\u00e3o do Portal de Not\u00edcias Sul SC. N\u00e3o \u00e9 quantidade que muda o mundo, sempre foi e seguir\u00e1 sendo qualidade!","sameAs":["https:\/\/sulsc.com\/","https:\/\/www.facebook.com\/profile.php?id=61559278119680","https:\/\/www.instagram.com\/sulscportal\/?hl=pt-br","https:\/\/twitter.com\/https:\/\/twitter.com\/PortalSulSC","https:\/\/www.youtube.com\/channel\/UCv_BE8GeySluDov2n8qhVmw"],"url":"https:\/\/sulsc.com\/index.php\/author\/redacao\/"}]}},"authors":[],"_links":{"self":[{"href":"https:\/\/sulsc.com\/index.php\/wp-json\/wp\/v2\/posts\/31435"}],"collection":[{"href":"https:\/\/sulsc.com\/index.php\/wp-json\/wp\/v2\/posts"}],"about":[{"href":"https:\/\/sulsc.com\/index.php\/wp-json\/wp\/v2\/types\/post"}],"author":[{"embeddable":true,"href":"https:\/\/sulsc.com\/index.php\/wp-json\/wp\/v2\/users\/3"}],"replies":[{"embeddable":true,"href":"https:\/\/sulsc.com\/index.php\/wp-json\/wp\/v2\/comments?post=31435"}],"version-history":[{"count":1,"href":"https:\/\/sulsc.com\/index.php\/wp-json\/wp\/v2\/posts\/31435\/revisions"}],"predecessor-version":[{"id":31436,"href":"https:\/\/sulsc.com\/index.php\/wp-json\/wp\/v2\/posts\/31435\/revisions\/31436"}],"wp:featuredmedia":[{"embeddable":true,"href":"https:\/\/sulsc.com\/index.php\/wp-json\/wp\/v2\/media\/24585"}],"wp:attachment":[{"href":"https:\/\/sulsc.com\/index.php\/wp-json\/wp\/v2\/media?parent=31435"}],"wp:term":[{"taxonomy":"category","embeddable":true,"href":"https:\/\/sulsc.com\/index.php\/wp-json\/wp\/v2\/categories?post=31435"},{"taxonomy":"post_tag","embeddable":true,"href":"https:\/\/sulsc.com\/index.php\/wp-json\/wp\/v2\/tags?post=31435"}],"curies":[{"name":"wp","href":"https:\/\/api.w.org\/{rel}","templated":true}]}}