{"id":31437,"date":"2026-01-12T12:03:09","date_gmt":"2026-01-12T15:03:09","guid":{"rendered":"https:\/\/sulsc.com\/?p=31437"},"modified":"2026-01-12T12:05:36","modified_gmt":"2026-01-12T15:05:36","slug":"cultura-o-cinema-brasileiro-viveu-uma-noite-historica-neste-domingo-11-no-globo-de-ouro-realizado-no-the-beverly-hilton-em-los-angeles-eua-o-filme-o-agente-secreto-dirigido-por-kleber-mendon","status":"publish","type":"post","link":"https:\/\/sulsc.com\/index.php\/2026\/01\/12\/cultura-o-cinema-brasileiro-viveu-uma-noite-historica-neste-domingo-11-no-globo-de-ouro-realizado-no-the-beverly-hilton-em-los-angeles-eua-o-filme-o-agente-secreto-dirigido-por-kleber-mendon\/","title":{"rendered":"O Agente Secreto faz hist\u00f3ria no Globo de Ouro com dois pr\u00eamios"},"content":{"rendered":"<p><span dir=\"auto\" style=\"vertical-align: inherit;\"><span dir=\"auto\" style=\"vertical-align: inherit;\">O cinema brasileiro viveu uma noite hist\u00f3rica neste domingo (11), no Globo de Ouro, realizado no The Beverly Hilton, em Los Angeles (EUA). O filme O Agente Secreto, dirigido por Kleber Mendon\u00e7a Filho, venceu duas das principais categorias da categoria: Melhor Filme em L\u00edngua N\u00e3o Inglesa e Melhor Ator em Filme de Drama, com Wagner Moura.<\/span><\/span><\/p>\n<p><span dir=\"auto\" style=\"vertical-align: inherit;\"><span dir=\"auto\" style=\"vertical-align: inherit;\">Apesar do desempenho expressivo, o longa brasileiro n\u00e3o levou o pr\u00eamio de Melhor Filme de Drama, categoria principal da noite, que ficou com Hamnet. Ainda assim, a chamada \u201cnoite do Brasil\u201d consolidou a presen\u00e7a do pa\u00eds entre os destaques da premia\u00e7\u00e3o.<\/span><\/span><\/p>\n<div id=\"metaslider-id-25573\" style=\"width: 100%;\" class=\"ml-slider-3-99-0 metaslider metaslider-flex metaslider-25573 ml-slider has-onhover-arrows ms-theme-default-base has-dots-nav\" role=\"region\" aria-label=\"Meio\" data-width=\"1200\">\n    <div id=\"metaslider_container_25573\">\n        <div id=\"metaslider_25573\">\n            <ul class='slides'>\n                <li style=\"display: block; width: 100%;\" class=\"slide-25684 ms-image \" aria-roledescription=\"slide\" data-date=\"2025-07-24 07:55:40\"><img src=\"https:\/\/sulsc.com\/wp-content\/uploads\/2025\/07\/Marr-2-1000x166.jpg\" height=\"200\" width=\"1200\" alt=\"\" class=\"slider-25573 slide-25684 msDefaultImage\" title=\"Marr 2\" \/><\/li>\n                <li style=\"display: none; width: 100%;\" class=\"slide-32412 ms-image \" aria-roledescription=\"slide\" data-date=\"2026-02-18 13:59:46\"><img src=\"https:\/\/sulsc.com\/wp-content\/uploads\/2026\/02\/40dc1580-cad5-4867-bc58-c4243821ad38-1000x166.jpeg\" height=\"200\" width=\"1200\" alt=\"\" class=\"slider-25573 slide-32412 msDefaultImage\" title=\"40dc1580-cad5-4867-bc58-c4243821ad38\" \/><\/li>\n                <li style=\"display: none; width: 100%;\" class=\"slide-32766 ms-image \" aria-roledescription=\"slide\" data-date=\"2026-03-03 17:22:59\"><img src=\"https:\/\/sulsc.com\/wp-content\/uploads\/2026\/03\/271ce739-f268-41c5-8051-3de1a1750359-1000x166.jpeg\" height=\"200\" width=\"1200\" alt=\"\" class=\"slider-25573 slide-32766 msDefaultImage\" title=\"271ce739-f268-41c5-8051-3de1a1750359\" \/><\/li>\n            <\/ul>\n        <\/div>\n        \n    <\/div>\n<\/div>\n<p><span dir=\"auto\" style=\"vertical-align: inherit;\"><span dir=\"auto\" style=\"vertical-align: inherit;\">O an\u00fancio de Melhor Filme em L\u00edngua N\u00e3o Inglesa foi feito pelos atores Orlando Bloom e Minnie Driver. Ao revelar o vencedor, Driver saudou o p\u00fablico brasileiro com um \u201cParab\u00e9ns\u201d, aqui em portugu\u00eas. Na categoria, O Agente Secreto superou produ\u00e7\u00f5es de cinco pa\u00edses: Valor Sentimental (Noruega), Sir\u00e2t (Espanha), A \u00danica Sa\u00edda (Coreia do Sul), A Voz de Hind Rajab (Tun\u00edsia) e Foi Apenas um Acidente (Fran\u00e7a).<\/span><\/span><\/p>\n<p><span dir=\"auto\" style=\"vertical-align: inherit;\"><span dir=\"auto\" style=\"vertical-align: inherit;\">Ao receber a estatueta, Kleber Mendon\u00e7a Filho iniciou o discurso saudando o pa\u00eds. \u201cEu quero dar um al\u00f4 ao Brasil: al\u00f4, Brasil\u201d, disse. Em seguida, agrade\u00e7o \u00e0 distribuidora brasileira Vitrine Filmes, \u00e0 produtora e companheira Emilie, \u00e0 equipe e ao elenco. &#8220;Obrigado, Wagner Moura. As melhores coisas acontecem quando voc\u00ea tem um grande ator e um grande amigo. Eu dedico esse filme aos jovens cineastas. Esse \u00e9 um grande momento&#8221;, afirmou o diretor.<\/span><\/span><\/p>\n<p><span dir=\"auto\" style=\"vertical-align: inherit;\"><span dir=\"auto\" style=\"vertical-align: inherit;\">A vit\u00f3ria coroou um percurso internacional iniciado no Festival de Cannes, onde o filme teve estreia concorrendo \u00e0 Palma de Ouro. Na ocasi\u00e3o, uma apresenta\u00e7\u00e3o de frevo tomou a Avenida Croisette e se tornou um dos momentos mais comentados da edi\u00e7\u00e3o.<\/span><\/span><\/p>\n<p><img fetchpriority=\"high\" decoding=\"async\" class=\"aligncenter size-full wp-image-31438\" src=\"http:\/\/sulsc.com\/wp-content\/uploads\/2026\/01\/5d4559ed-f4b7-4da6-811e-e3a14bb21469.jpeg\" alt=\"\" width=\"600\" height=\"400\" srcset=\"https:\/\/sulsc.com\/wp-content\/uploads\/2026\/01\/5d4559ed-f4b7-4da6-811e-e3a14bb21469.jpeg 600w, https:\/\/sulsc.com\/wp-content\/uploads\/2026\/01\/5d4559ed-f4b7-4da6-811e-e3a14bb21469-300x200.jpeg 300w\" sizes=\"(max-width: 600px) 100vw, 600px\" \/><\/p>\n<p><span dir=\"auto\" style=\"vertical-align: inherit;\"><span dir=\"auto\" style=\"vertical-align: inherit;\">Foto\/Chris Pizello\/AP\/G1<\/span><\/span><\/p>\n<p><strong><span dir=\"auto\" style=\"vertical-align: inherit;\"><span dir=\"auto\" style=\"vertical-align: inherit;\">O Melhor ator<\/span><\/span><\/strong><br \/>\n<span dir=\"auto\" style=\"vertical-align: inherit;\"><span dir=\"auto\" style=\"vertical-align: inherit;\"> Wagner Moura fez hist\u00f3ria ao se tornar o primeiro brasileiro a vencer o Globo de Ouro de Melhor Ator em Filme de Drama. Em seu discurso, falou em portugu\u00eas e celebrou a cultura brasileira. \u201cViva a cultura brasileira\u201d, disse o ator, ao destacar a parceria com Kleber Mendon\u00e7a Filho, a quem define como \u201cum g\u00eanio\u201d, e a amizade constru\u00edda ao longo do projeto.<\/span><\/span><\/p>\n<p><span dir=\"auto\" style=\"vertical-align: inherit;\"><span dir=\"auto\" style=\"vertical-align: inherit;\">Al\u00e9m de Wagner Moura, concorrem \u00e0 categoria Joel Edgerton (Sonhos de Trem), Oscar Isaac (Frankenstein), Dwayne Johnson (Cora\u00e7\u00e3o de Lutador: The Smashing Machine), Michael B. Jordan (Pecadores) e Jeremy Allen White (Springsteen: Salve-me do Desconhecido).<\/span><\/span><\/p>\n<p><span dir=\"auto\" style=\"vertical-align: inherit;\"><span dir=\"auto\" style=\"vertical-align: inherit;\">A vit\u00f3ria de O Agente Secreto resgatou uma tradi\u00e7\u00e3o brasileira na premia\u00e7\u00e3o: Central do Brasil venceu a mesma categoria em 1999, e, no ano passado, Fernanda Torres conquistou o pr\u00eamio de Melhor Atriz em Filme de Drama.<\/span><\/span><\/p>\n<p><span dir=\"auto\" style=\"vertical-align: inherit;\"><span dir=\"auto\" style=\"vertical-align: inherit;\">Entre os demais vencedores do Globo de Ouro, o pr\u00eamio de Melhor Dire\u00e7\u00e3o em Filme ficou com Paul Thomas Anderson, por Uma Batalha Ap\u00f3s a Outra. J\u00e1 Melhor Ator em Filme de Musical ou Com\u00e9dia foi conquistado por Timoth\u00e9e Chalamet, por Marty Supreme.<\/span><\/span><\/p>\n<p><span dir=\"auto\" style=\"vertical-align: inherit;\"><span dir=\"auto\" style=\"vertical-align: inherit;\">Na televis\u00e3o, a s\u00e9rie Adolesc\u00eancia saiu com dois pr\u00eamios de atua\u00e7\u00e3o: Owen Cooper venceu como Melhor Ator Coadjuvante em S\u00e9rie, e Stephen Graham foi premiado pela atua\u00e7\u00e3o como protagonista, al\u00e9m de tamb\u00e9m participar da dire\u00e7\u00e3o da produ\u00e7\u00e3o.<\/span><\/span><\/p>\n<p><span dir=\"auto\" style=\"vertical-align: inherit;\"><span dir=\"auto\" style=\"vertical-align: inherit;\">Com duas estatuetas e forte repercuss\u00e3o internacional, O Agente Secreto consolida o Brasil como um dos grandes protagonistas da atual temporada de premia\u00e7\u00f5es do cinema mundial.<\/span><\/span><\/p>\n","protected":false},"excerpt":{"rendered":"<p>O cinema brasileiro viveu uma noite hist\u00f3rica neste domingo (11), no Globo de Ouro, realizado no The Beverly Hilton, em Los Angeles (EUA). O filme O Agente Secreto, dirigido por Kleber Mendon\u00e7a Filho, venceu duas das principais categorias da categoria: Melhor Filme em L\u00edngua N\u00e3o Inglesa e Melhor Ator em Filme de Drama, com Wagner &hellip;<\/p>\n<p class=\"read-more\"> <a class=\"\" href=\"https:\/\/sulsc.com\/index.php\/2026\/01\/12\/cultura-o-cinema-brasileiro-viveu-uma-noite-historica-neste-domingo-11-no-globo-de-ouro-realizado-no-the-beverly-hilton-em-los-angeles-eua-o-filme-o-agente-secreto-dirigido-por-kleber-mendon\/\"> <span class=\"screen-reader-text\">O Agente Secreto faz hist\u00f3ria no Globo de Ouro com dois pr\u00eamios<\/span> Read More &raquo;<\/a><\/p>\n","protected":false},"author":3,"featured_media":31439,"comment_status":"open","ping_status":"open","sticky":false,"template":"","format":"standard","meta":{"site-sidebar-layout":"default","site-content-layout":"","ast-site-content-layout":"default","site-content-style":"default","site-sidebar-style":"default","ast-global-header-display":"","ast-banner-title-visibility":"","ast-main-header-display":"","ast-hfb-above-header-display":"","ast-hfb-below-header-display":"","ast-hfb-mobile-header-display":"","site-post-title":"","ast-breadcrumbs-content":"","ast-featured-img":"","footer-sml-layout":"","theme-transparent-header-meta":"default","adv-header-id-meta":"","stick-header-meta":"","header-above-stick-meta":"","header-main-stick-meta":"","header-below-stick-meta":"","astra-migrate-meta-layouts":"set","footnotes":""},"categories":[18,2597,16,15,12],"tags":[387],"yoast_head":"<!-- This site is optimized with the Yoast SEO plugin v21.4 - https:\/\/yoast.com\/wordpress\/plugins\/seo\/ -->\n<title>O Agente Secreto faz hist\u00f3ria no Globo de Ouro com dois pr\u00eamios -<\/title>\n<meta name=\"robots\" content=\"index, follow, max-snippet:-1, max-image-preview:large, max-video-preview:-1\" \/>\n<link rel=\"canonical\" href=\"https:\/\/sulsc.com\/index.php\/2026\/01\/12\/cultura-o-cinema-brasileiro-viveu-uma-noite-historica-neste-domingo-11-no-globo-de-ouro-realizado-no-the-beverly-hilton-em-los-angeles-eua-o-filme-o-agente-secreto-dirigido-por-kleber-mendon\/\" \/>\n<meta property=\"og:locale\" content=\"en_US\" \/>\n<meta property=\"og:type\" content=\"article\" \/>\n<meta property=\"og:title\" content=\"O Agente Secreto faz hist\u00f3ria no Globo de Ouro com dois pr\u00eamios -\" \/>\n<meta property=\"og:description\" content=\"O cinema brasileiro viveu uma noite hist\u00f3rica neste domingo (11), no Globo de Ouro, realizado no The Beverly Hilton, em Los Angeles (EUA). O filme O Agente Secreto, dirigido por Kleber Mendon\u00e7a Filho, venceu duas das principais categorias da categoria: Melhor Filme em L\u00edngua N\u00e3o Inglesa e Melhor Ator em Filme de Drama, com Wagner &hellip; O Agente Secreto faz hist\u00f3ria no Globo de Ouro com dois pr\u00eamios Read More &raquo;\" \/>\n<meta property=\"og:url\" content=\"https:\/\/sulsc.com\/index.php\/2026\/01\/12\/cultura-o-cinema-brasileiro-viveu-uma-noite-historica-neste-domingo-11-no-globo-de-ouro-realizado-no-the-beverly-hilton-em-los-angeles-eua-o-filme-o-agente-secreto-dirigido-por-kleber-mendon\/\" \/>\n<meta property=\"article:author\" content=\"https:\/\/www.facebook.com\/profile.php?id=61559278119680\" \/>\n<meta property=\"article:published_time\" content=\"2026-01-12T15:03:09+00:00\" \/>\n<meta property=\"article:modified_time\" content=\"2026-01-12T15:05:36+00:00\" \/>\n<meta property=\"og:image\" content=\"http:\/\/sulsc.com\/wp-content\/uploads\/2026\/01\/cde6aea9-6606-4cb6-8a17-2881df61e54b-e1768230313147.jpeg\" \/>\n\t<meta property=\"og:image:width\" content=\"1060\" \/>\n\t<meta property=\"og:image:height\" content=\"1021\" \/>\n\t<meta property=\"og:image:type\" content=\"image\/jpeg\" \/>\n<meta name=\"author\" content=\"Reda\u00e7\u00e3o Sul SC\" \/>\n<meta name=\"twitter:card\" content=\"summary_large_image\" \/>\n<meta name=\"twitter:creator\" content=\"@https:\/\/twitter.com\/PortalSulSC\" \/>\n<meta name=\"twitter:label1\" content=\"Written by\" \/>\n\t<meta name=\"twitter:data1\" content=\"Reda\u00e7\u00e3o Sul SC\" \/>\n\t<meta name=\"twitter:label2\" content=\"Est. reading time\" \/>\n\t<meta name=\"twitter:data2\" content=\"3 minutes\" \/>\n<script type=\"application\/ld+json\" class=\"yoast-schema-graph\">{\"@context\":\"https:\/\/schema.org\",\"@graph\":[{\"@type\":\"WebPage\",\"@id\":\"https:\/\/sulsc.com\/index.php\/2026\/01\/12\/cultura-o-cinema-brasileiro-viveu-uma-noite-historica-neste-domingo-11-no-globo-de-ouro-realizado-no-the-beverly-hilton-em-los-angeles-eua-o-filme-o-agente-secreto-dirigido-por-kleber-mendon\/\",\"url\":\"https:\/\/sulsc.com\/index.php\/2026\/01\/12\/cultura-o-cinema-brasileiro-viveu-uma-noite-historica-neste-domingo-11-no-globo-de-ouro-realizado-no-the-beverly-hilton-em-los-angeles-eua-o-filme-o-agente-secreto-dirigido-por-kleber-mendon\/\",\"name\":\"O Agente Secreto faz hist\u00f3ria no Globo de Ouro com dois pr\u00eamios -\",\"isPartOf\":{\"@id\":\"https:\/\/sulsc.com\/#website\"},\"datePublished\":\"2026-01-12T15:03:09+00:00\",\"dateModified\":\"2026-01-12T15:05:36+00:00\",\"author\":{\"@id\":\"https:\/\/sulsc.com\/#\/schema\/person\/84d2fc571684f6248ba83092f07750a3\"},\"breadcrumb\":{\"@id\":\"https:\/\/sulsc.com\/index.php\/2026\/01\/12\/cultura-o-cinema-brasileiro-viveu-uma-noite-historica-neste-domingo-11-no-globo-de-ouro-realizado-no-the-beverly-hilton-em-los-angeles-eua-o-filme-o-agente-secreto-dirigido-por-kleber-mendon\/#breadcrumb\"},\"inLanguage\":\"en-US\",\"potentialAction\":[{\"@type\":\"ReadAction\",\"target\":[\"https:\/\/sulsc.com\/index.php\/2026\/01\/12\/cultura-o-cinema-brasileiro-viveu-uma-noite-historica-neste-domingo-11-no-globo-de-ouro-realizado-no-the-beverly-hilton-em-los-angeles-eua-o-filme-o-agente-secreto-dirigido-por-kleber-mendon\/\"]}]},{\"@type\":\"BreadcrumbList\",\"@id\":\"https:\/\/sulsc.com\/index.php\/2026\/01\/12\/cultura-o-cinema-brasileiro-viveu-uma-noite-historica-neste-domingo-11-no-globo-de-ouro-realizado-no-the-beverly-hilton-em-los-angeles-eua-o-filme-o-agente-secreto-dirigido-por-kleber-mendon\/#breadcrumb\",\"itemListElement\":[{\"@type\":\"ListItem\",\"position\":1,\"name\":\"In\u00edcio\",\"item\":\"https:\/\/sulsc.com\/\"},{\"@type\":\"ListItem\",\"position\":2,\"name\":\"O Agente Secreto faz hist\u00f3ria no Globo de Ouro com dois pr\u00eamios\"}]},{\"@type\":\"WebSite\",\"@id\":\"https:\/\/sulsc.com\/#website\",\"url\":\"https:\/\/sulsc.com\/\",\"name\":\"\",\"description\":\"\",\"potentialAction\":[{\"@type\":\"SearchAction\",\"target\":{\"@type\":\"EntryPoint\",\"urlTemplate\":\"https:\/\/sulsc.com\/?s={search_term_string}\"},\"query-input\":\"required name=search_term_string\"}],\"inLanguage\":\"en-US\"},{\"@type\":\"Person\",\"@id\":\"https:\/\/sulsc.com\/#\/schema\/person\/84d2fc571684f6248ba83092f07750a3\",\"name\":\"Reda\u00e7\u00e3o Sul SC\",\"image\":{\"@type\":\"ImageObject\",\"inLanguage\":\"en-US\",\"@id\":\"https:\/\/sulsc.com\/#\/schema\/person\/image\/e08d7fe2cc4ed596372063bbe852b8d0\",\"url\":\"https:\/\/sulsc.com\/wp-content\/uploads\/2023\/09\/redacao.png\",\"contentUrl\":\"https:\/\/sulsc.com\/wp-content\/uploads\/2023\/09\/redacao.png\",\"caption\":\"Reda\u00e7\u00e3o Sul SC\"},\"description\":\"Foco em um jornalismo imparcial, voltado \u00e0 qualidade dos seus conte\u00fados e, assim, levar informa\u00e7\u00e3o de valor que agregue \u00e0 vida dos leitores. Esta \u00e9 grande miss\u00e3o do Portal de Not\u00edcias Sul SC. N\u00e3o \u00e9 quantidade que muda o mundo, sempre foi e seguir\u00e1 sendo qualidade!\",\"sameAs\":[\"https:\/\/sulsc.com\/\",\"https:\/\/www.facebook.com\/profile.php?id=61559278119680\",\"https:\/\/www.instagram.com\/sulscportal\/?hl=pt-br\",\"https:\/\/twitter.com\/https:\/\/twitter.com\/PortalSulSC\",\"https:\/\/www.youtube.com\/channel\/UCv_BE8GeySluDov2n8qhVmw\"],\"url\":\"https:\/\/sulsc.com\/index.php\/author\/redacao\/\"}]}<\/script>\n<!-- \/ Yoast SEO plugin. -->","yoast_head_json":{"title":"O Agente Secreto faz hist\u00f3ria no Globo de Ouro com dois pr\u00eamios -","robots":{"index":"index","follow":"follow","max-snippet":"max-snippet:-1","max-image-preview":"max-image-preview:large","max-video-preview":"max-video-preview:-1"},"canonical":"https:\/\/sulsc.com\/index.php\/2026\/01\/12\/cultura-o-cinema-brasileiro-viveu-uma-noite-historica-neste-domingo-11-no-globo-de-ouro-realizado-no-the-beverly-hilton-em-los-angeles-eua-o-filme-o-agente-secreto-dirigido-por-kleber-mendon\/","og_locale":"en_US","og_type":"article","og_title":"O Agente Secreto faz hist\u00f3ria no Globo de Ouro com dois pr\u00eamios -","og_description":"O cinema brasileiro viveu uma noite hist\u00f3rica neste domingo (11), no Globo de Ouro, realizado no The Beverly Hilton, em Los Angeles (EUA). O filme O Agente Secreto, dirigido por Kleber Mendon\u00e7a Filho, venceu duas das principais categorias da categoria: Melhor Filme em L\u00edngua N\u00e3o Inglesa e Melhor Ator em Filme de Drama, com Wagner &hellip; O Agente Secreto faz hist\u00f3ria no Globo de Ouro com dois pr\u00eamios Read More &raquo;","og_url":"https:\/\/sulsc.com\/index.php\/2026\/01\/12\/cultura-o-cinema-brasileiro-viveu-uma-noite-historica-neste-domingo-11-no-globo-de-ouro-realizado-no-the-beverly-hilton-em-los-angeles-eua-o-filme-o-agente-secreto-dirigido-por-kleber-mendon\/","article_author":"https:\/\/www.facebook.com\/profile.php?id=61559278119680","article_published_time":"2026-01-12T15:03:09+00:00","article_modified_time":"2026-01-12T15:05:36+00:00","og_image":[{"width":1060,"height":1021,"url":"http:\/\/sulsc.com\/wp-content\/uploads\/2026\/01\/cde6aea9-6606-4cb6-8a17-2881df61e54b-e1768230313147.jpeg","type":"image\/jpeg"}],"author":"Reda\u00e7\u00e3o Sul SC","twitter_card":"summary_large_image","twitter_creator":"@https:\/\/twitter.com\/PortalSulSC","twitter_misc":{"Written by":"Reda\u00e7\u00e3o Sul SC","Est. reading time":"3 minutes"},"schema":{"@context":"https:\/\/schema.org","@graph":[{"@type":"WebPage","@id":"https:\/\/sulsc.com\/index.php\/2026\/01\/12\/cultura-o-cinema-brasileiro-viveu-uma-noite-historica-neste-domingo-11-no-globo-de-ouro-realizado-no-the-beverly-hilton-em-los-angeles-eua-o-filme-o-agente-secreto-dirigido-por-kleber-mendon\/","url":"https:\/\/sulsc.com\/index.php\/2026\/01\/12\/cultura-o-cinema-brasileiro-viveu-uma-noite-historica-neste-domingo-11-no-globo-de-ouro-realizado-no-the-beverly-hilton-em-los-angeles-eua-o-filme-o-agente-secreto-dirigido-por-kleber-mendon\/","name":"O Agente Secreto faz hist\u00f3ria no Globo de Ouro com dois pr\u00eamios -","isPartOf":{"@id":"https:\/\/sulsc.com\/#website"},"datePublished":"2026-01-12T15:03:09+00:00","dateModified":"2026-01-12T15:05:36+00:00","author":{"@id":"https:\/\/sulsc.com\/#\/schema\/person\/84d2fc571684f6248ba83092f07750a3"},"breadcrumb":{"@id":"https:\/\/sulsc.com\/index.php\/2026\/01\/12\/cultura-o-cinema-brasileiro-viveu-uma-noite-historica-neste-domingo-11-no-globo-de-ouro-realizado-no-the-beverly-hilton-em-los-angeles-eua-o-filme-o-agente-secreto-dirigido-por-kleber-mendon\/#breadcrumb"},"inLanguage":"en-US","potentialAction":[{"@type":"ReadAction","target":["https:\/\/sulsc.com\/index.php\/2026\/01\/12\/cultura-o-cinema-brasileiro-viveu-uma-noite-historica-neste-domingo-11-no-globo-de-ouro-realizado-no-the-beverly-hilton-em-los-angeles-eua-o-filme-o-agente-secreto-dirigido-por-kleber-mendon\/"]}]},{"@type":"BreadcrumbList","@id":"https:\/\/sulsc.com\/index.php\/2026\/01\/12\/cultura-o-cinema-brasileiro-viveu-uma-noite-historica-neste-domingo-11-no-globo-de-ouro-realizado-no-the-beverly-hilton-em-los-angeles-eua-o-filme-o-agente-secreto-dirigido-por-kleber-mendon\/#breadcrumb","itemListElement":[{"@type":"ListItem","position":1,"name":"In\u00edcio","item":"https:\/\/sulsc.com\/"},{"@type":"ListItem","position":2,"name":"O Agente Secreto faz hist\u00f3ria no Globo de Ouro com dois pr\u00eamios"}]},{"@type":"WebSite","@id":"https:\/\/sulsc.com\/#website","url":"https:\/\/sulsc.com\/","name":"","description":"","potentialAction":[{"@type":"SearchAction","target":{"@type":"EntryPoint","urlTemplate":"https:\/\/sulsc.com\/?s={search_term_string}"},"query-input":"required name=search_term_string"}],"inLanguage":"en-US"},{"@type":"Person","@id":"https:\/\/sulsc.com\/#\/schema\/person\/84d2fc571684f6248ba83092f07750a3","name":"Reda\u00e7\u00e3o Sul SC","image":{"@type":"ImageObject","inLanguage":"en-US","@id":"https:\/\/sulsc.com\/#\/schema\/person\/image\/e08d7fe2cc4ed596372063bbe852b8d0","url":"https:\/\/sulsc.com\/wp-content\/uploads\/2023\/09\/redacao.png","contentUrl":"https:\/\/sulsc.com\/wp-content\/uploads\/2023\/09\/redacao.png","caption":"Reda\u00e7\u00e3o Sul SC"},"description":"Foco em um jornalismo imparcial, voltado \u00e0 qualidade dos seus conte\u00fados e, assim, levar informa\u00e7\u00e3o de valor que agregue \u00e0 vida dos leitores. Esta \u00e9 grande miss\u00e3o do Portal de Not\u00edcias Sul SC. N\u00e3o \u00e9 quantidade que muda o mundo, sempre foi e seguir\u00e1 sendo qualidade!","sameAs":["https:\/\/sulsc.com\/","https:\/\/www.facebook.com\/profile.php?id=61559278119680","https:\/\/www.instagram.com\/sulscportal\/?hl=pt-br","https:\/\/twitter.com\/https:\/\/twitter.com\/PortalSulSC","https:\/\/www.youtube.com\/channel\/UCv_BE8GeySluDov2n8qhVmw"],"url":"https:\/\/sulsc.com\/index.php\/author\/redacao\/"}]}},"authors":[],"_links":{"self":[{"href":"https:\/\/sulsc.com\/index.php\/wp-json\/wp\/v2\/posts\/31437"}],"collection":[{"href":"https:\/\/sulsc.com\/index.php\/wp-json\/wp\/v2\/posts"}],"about":[{"href":"https:\/\/sulsc.com\/index.php\/wp-json\/wp\/v2\/types\/post"}],"author":[{"embeddable":true,"href":"https:\/\/sulsc.com\/index.php\/wp-json\/wp\/v2\/users\/3"}],"replies":[{"embeddable":true,"href":"https:\/\/sulsc.com\/index.php\/wp-json\/wp\/v2\/comments?post=31437"}],"version-history":[{"count":3,"href":"https:\/\/sulsc.com\/index.php\/wp-json\/wp\/v2\/posts\/31437\/revisions"}],"predecessor-version":[{"id":31442,"href":"https:\/\/sulsc.com\/index.php\/wp-json\/wp\/v2\/posts\/31437\/revisions\/31442"}],"wp:featuredmedia":[{"embeddable":true,"href":"https:\/\/sulsc.com\/index.php\/wp-json\/wp\/v2\/media\/31439"}],"wp:attachment":[{"href":"https:\/\/sulsc.com\/index.php\/wp-json\/wp\/v2\/media?parent=31437"}],"wp:term":[{"taxonomy":"category","embeddable":true,"href":"https:\/\/sulsc.com\/index.php\/wp-json\/wp\/v2\/categories?post=31437"},{"taxonomy":"post_tag","embeddable":true,"href":"https:\/\/sulsc.com\/index.php\/wp-json\/wp\/v2\/tags?post=31437"}],"curies":[{"name":"wp","href":"https:\/\/api.w.org\/{rel}","templated":true}]}}