{"id":31447,"date":"2026-01-12T16:08:00","date_gmt":"2026-01-12T19:08:00","guid":{"rendered":"https:\/\/sulsc.com\/?p=31447"},"modified":"2026-01-12T16:08:00","modified_gmt":"2026-01-12T19:08:00","slug":"sob-novo-comando-prefeito-de-gravatal-clei-rodrigues-toma-posse-como-presidente-da-amurel","status":"publish","type":"post","link":"https:\/\/sulsc.com\/index.php\/2026\/01\/12\/sob-novo-comando-prefeito-de-gravatal-clei-rodrigues-toma-posse-como-presidente-da-amurel\/","title":{"rendered":"Sob Novo Comando: Prefeito de Gravatal, Clei Rodrigues, toma posse como presidente da Amurel"},"content":{"rendered":"<p>Na manh\u00e3 desta segunda-feira, 12, a Associa\u00e7\u00e3o de Munic\u00edpios da Regi\u00e3o de Laguna \u2013 AMUREL, reiniciou suas atividades ap\u00f3s o per\u00edodo de f\u00e9rias coletivas.<\/p>\n<div id=\"metaslider-id-25573\" style=\"width: 100%;\" class=\"ml-slider-3-99-0 metaslider metaslider-flex metaslider-25573 ml-slider has-onhover-arrows ms-theme-default-base has-dots-nav\" role=\"region\" aria-label=\"Meio\" data-width=\"1200\">\n    <div id=\"metaslider_container_25573\">\n        <div id=\"metaslider_25573\">\n            <ul class='slides'>\n                <li style=\"display: block; width: 100%;\" class=\"slide-25684 ms-image \" aria-roledescription=\"slide\" data-date=\"2025-07-24 07:55:40\"><img src=\"https:\/\/sulsc.com\/wp-content\/uploads\/2025\/07\/Marr-2-1000x166.jpg\" height=\"200\" width=\"1200\" alt=\"\" class=\"slider-25573 slide-25684 msDefaultImage\" title=\"Marr 2\" \/><\/li>\n                <li style=\"display: none; width: 100%;\" class=\"slide-32412 ms-image \" aria-roledescription=\"slide\" data-date=\"2026-02-18 13:59:46\"><img src=\"https:\/\/sulsc.com\/wp-content\/uploads\/2026\/02\/40dc1580-cad5-4867-bc58-c4243821ad38-1000x166.jpeg\" height=\"200\" width=\"1200\" alt=\"\" class=\"slider-25573 slide-32412 msDefaultImage\" title=\"40dc1580-cad5-4867-bc58-c4243821ad38\" \/><\/li>\n                <li style=\"display: none; width: 100%;\" class=\"slide-32766 ms-image \" aria-roledescription=\"slide\" data-date=\"2026-03-03 17:22:59\"><img src=\"https:\/\/sulsc.com\/wp-content\/uploads\/2026\/03\/271ce739-f268-41c5-8051-3de1a1750359-1000x166.jpeg\" height=\"200\" width=\"1200\" alt=\"\" class=\"slider-25573 slide-32766 msDefaultImage\" title=\"271ce739-f268-41c5-8051-3de1a1750359\" \/><\/li>\n            <\/ul>\n        <\/div>\n        \n    <\/div>\n<\/div>\n<p>O novo presidente da AMUREL e prefeito de Gravatal, Clei Rodrigues, reuniu todos os colaboradores e terceirizados para uma conversa sobre as a\u00e7\u00f5es deste ano. \u201cVamos dar continuidade a todo trabalho que j\u00e1 vem sendo executado e potencializar ainda mais as a\u00e7\u00f5es para que a nossa Amurel possa crescer cada vez mais\u201d, disse o novo presidente.<\/p>\n<p><img fetchpriority=\"high\" decoding=\"async\" class=\"aligncenter size-full wp-image-31448\" src=\"http:\/\/sulsc.com\/wp-content\/uploads\/2026\/01\/WhatsApp-Image-2026-01-12-at-11.16.58-1.jpeg\" alt=\"\" width=\"1280\" height=\"720\" srcset=\"https:\/\/sulsc.com\/wp-content\/uploads\/2026\/01\/WhatsApp-Image-2026-01-12-at-11.16.58-1.jpeg 1280w, https:\/\/sulsc.com\/wp-content\/uploads\/2026\/01\/WhatsApp-Image-2026-01-12-at-11.16.58-1-300x169.jpeg 300w, https:\/\/sulsc.com\/wp-content\/uploads\/2026\/01\/WhatsApp-Image-2026-01-12-at-11.16.58-1-1024x576.jpeg 1024w, https:\/\/sulsc.com\/wp-content\/uploads\/2026\/01\/WhatsApp-Image-2026-01-12-at-11.16.58-1-768x432.jpeg 768w\" sizes=\"(max-width: 1280px) 100vw, 1280px\" \/><\/p>\n<p>Foto: Amurel\/Divulga\u00e7\u00e3o\/SulSC<\/p>\n<p>O prefeito de Tubar\u00e3o, Est\u00eaner Soratto, que passou a presid\u00eancia da entidade ao prefeito Clei, participou do encontro e enfatizou as a\u00e7\u00f5es desenvolvidas, destacando a compra do pr\u00e9dio onde ser\u00e1 instalada a nova sede da AMUREL.<\/p>\n<p>O Diretor Executivo, Celso Heidemann, recepcionou todos os colaboradores dando as boas-vindas neste primeiro dia de retomada dos trabalhos.<\/p>\n<p>Ap\u00f3s o encontro, foi realizada uma visita t\u00e9cnica para acompanhar o in\u00edcio das obras de reforma da nova sede da Amurel.<\/p>\n","protected":false},"excerpt":{"rendered":"<p>Na manh\u00e3 desta segunda-feira, 12, a Associa\u00e7\u00e3o de Munic\u00edpios da Regi\u00e3o de Laguna \u2013 AMUREL, reiniciou suas atividades ap\u00f3s o per\u00edodo de f\u00e9rias coletivas. O novo presidente da AMUREL e prefeito de Gravatal, Clei Rodrigues, reuniu todos os colaboradores e terceirizados para uma conversa sobre as a\u00e7\u00f5es deste ano. \u201cVamos dar continuidade a todo trabalho &hellip;<\/p>\n<p class=\"read-more\"> <a class=\"\" href=\"https:\/\/sulsc.com\/index.php\/2026\/01\/12\/sob-novo-comando-prefeito-de-gravatal-clei-rodrigues-toma-posse-como-presidente-da-amurel\/\"> <span class=\"screen-reader-text\">Sob Novo Comando: Prefeito de Gravatal, Clei Rodrigues, toma posse como presidente da Amurel<\/span> Read More &raquo;<\/a><\/p>\n","protected":false},"author":3,"featured_media":31448,"comment_status":"open","ping_status":"open","sticky":false,"template":"","format":"standard","meta":{"site-sidebar-layout":"default","site-content-layout":"","ast-site-content-layout":"default","site-content-style":"default","site-sidebar-style":"default","ast-global-header-display":"","ast-banner-title-visibility":"","ast-main-header-display":"","ast-hfb-above-header-display":"","ast-hfb-below-header-display":"","ast-hfb-mobile-header-display":"","site-post-title":"","ast-breadcrumbs-content":"","ast-featured-img":"","footer-sml-layout":"","theme-transparent-header-meta":"default","adv-header-id-meta":"","stick-header-meta":"","header-above-stick-meta":"","header-main-stick-meta":"","header-below-stick-meta":"","astra-migrate-meta-layouts":"set","footnotes":""},"categories":[2231,1,21,12],"tags":[95],"yoast_head":"<!-- This site is optimized with the Yoast SEO plugin v21.4 - https:\/\/yoast.com\/wordpress\/plugins\/seo\/ -->\n<title>Sob Novo Comando: Prefeito de Gravatal, Clei Rodrigues, toma posse como presidente da Amurel -<\/title>\n<meta name=\"robots\" content=\"index, follow, max-snippet:-1, max-image-preview:large, max-video-preview:-1\" \/>\n<link rel=\"canonical\" href=\"https:\/\/sulsc.com\/index.php\/2026\/01\/12\/sob-novo-comando-prefeito-de-gravatal-clei-rodrigues-toma-posse-como-presidente-da-amurel\/\" \/>\n<meta property=\"og:locale\" content=\"en_US\" \/>\n<meta property=\"og:type\" content=\"article\" \/>\n<meta property=\"og:title\" content=\"Sob Novo Comando: Prefeito de Gravatal, Clei Rodrigues, toma posse como presidente da Amurel -\" \/>\n<meta property=\"og:description\" content=\"Na manh\u00e3 desta segunda-feira, 12, a Associa\u00e7\u00e3o de Munic\u00edpios da Regi\u00e3o de Laguna \u2013 AMUREL, reiniciou suas atividades ap\u00f3s o per\u00edodo de f\u00e9rias coletivas. O novo presidente da AMUREL e prefeito de Gravatal, Clei Rodrigues, reuniu todos os colaboradores e terceirizados para uma conversa sobre as a\u00e7\u00f5es deste ano. \u201cVamos dar continuidade a todo trabalho &hellip; Sob Novo Comando: Prefeito de Gravatal, Clei Rodrigues, toma posse como presidente da Amurel Read More &raquo;\" \/>\n<meta property=\"og:url\" content=\"https:\/\/sulsc.com\/index.php\/2026\/01\/12\/sob-novo-comando-prefeito-de-gravatal-clei-rodrigues-toma-posse-como-presidente-da-amurel\/\" \/>\n<meta property=\"article:author\" content=\"https:\/\/www.facebook.com\/profile.php?id=61559278119680\" \/>\n<meta property=\"article:published_time\" content=\"2026-01-12T19:08:00+00:00\" \/>\n<meta property=\"og:image\" content=\"http:\/\/sulsc.com\/wp-content\/uploads\/2026\/01\/WhatsApp-Image-2026-01-12-at-11.16.58-1.jpeg\" \/>\n\t<meta property=\"og:image:width\" content=\"1280\" \/>\n\t<meta property=\"og:image:height\" content=\"720\" \/>\n\t<meta property=\"og:image:type\" content=\"image\/jpeg\" \/>\n<meta name=\"author\" content=\"Reda\u00e7\u00e3o Sul SC\" \/>\n<meta name=\"twitter:card\" content=\"summary_large_image\" \/>\n<meta name=\"twitter:creator\" content=\"@https:\/\/twitter.com\/PortalSulSC\" \/>\n<meta name=\"twitter:label1\" content=\"Written by\" \/>\n\t<meta name=\"twitter:data1\" content=\"Reda\u00e7\u00e3o Sul SC\" \/>\n\t<meta name=\"twitter:label2\" content=\"Est. reading time\" \/>\n\t<meta name=\"twitter:data2\" content=\"1 minute\" \/>\n<script type=\"application\/ld+json\" class=\"yoast-schema-graph\">{\"@context\":\"https:\/\/schema.org\",\"@graph\":[{\"@type\":\"WebPage\",\"@id\":\"https:\/\/sulsc.com\/index.php\/2026\/01\/12\/sob-novo-comando-prefeito-de-gravatal-clei-rodrigues-toma-posse-como-presidente-da-amurel\/\",\"url\":\"https:\/\/sulsc.com\/index.php\/2026\/01\/12\/sob-novo-comando-prefeito-de-gravatal-clei-rodrigues-toma-posse-como-presidente-da-amurel\/\",\"name\":\"Sob Novo Comando: Prefeito de Gravatal, Clei Rodrigues, toma posse como presidente da Amurel -\",\"isPartOf\":{\"@id\":\"https:\/\/sulsc.com\/#website\"},\"datePublished\":\"2026-01-12T19:08:00+00:00\",\"dateModified\":\"2026-01-12T19:08:00+00:00\",\"author\":{\"@id\":\"https:\/\/sulsc.com\/#\/schema\/person\/84d2fc571684f6248ba83092f07750a3\"},\"breadcrumb\":{\"@id\":\"https:\/\/sulsc.com\/index.php\/2026\/01\/12\/sob-novo-comando-prefeito-de-gravatal-clei-rodrigues-toma-posse-como-presidente-da-amurel\/#breadcrumb\"},\"inLanguage\":\"en-US\",\"potentialAction\":[{\"@type\":\"ReadAction\",\"target\":[\"https:\/\/sulsc.com\/index.php\/2026\/01\/12\/sob-novo-comando-prefeito-de-gravatal-clei-rodrigues-toma-posse-como-presidente-da-amurel\/\"]}]},{\"@type\":\"BreadcrumbList\",\"@id\":\"https:\/\/sulsc.com\/index.php\/2026\/01\/12\/sob-novo-comando-prefeito-de-gravatal-clei-rodrigues-toma-posse-como-presidente-da-amurel\/#breadcrumb\",\"itemListElement\":[{\"@type\":\"ListItem\",\"position\":1,\"name\":\"In\u00edcio\",\"item\":\"https:\/\/sulsc.com\/\"},{\"@type\":\"ListItem\",\"position\":2,\"name\":\"Sob Novo Comando: Prefeito de Gravatal, Clei Rodrigues, toma posse como presidente da Amurel\"}]},{\"@type\":\"WebSite\",\"@id\":\"https:\/\/sulsc.com\/#website\",\"url\":\"https:\/\/sulsc.com\/\",\"name\":\"\",\"description\":\"\",\"potentialAction\":[{\"@type\":\"SearchAction\",\"target\":{\"@type\":\"EntryPoint\",\"urlTemplate\":\"https:\/\/sulsc.com\/?s={search_term_string}\"},\"query-input\":\"required name=search_term_string\"}],\"inLanguage\":\"en-US\"},{\"@type\":\"Person\",\"@id\":\"https:\/\/sulsc.com\/#\/schema\/person\/84d2fc571684f6248ba83092f07750a3\",\"name\":\"Reda\u00e7\u00e3o Sul SC\",\"image\":{\"@type\":\"ImageObject\",\"inLanguage\":\"en-US\",\"@id\":\"https:\/\/sulsc.com\/#\/schema\/person\/image\/e08d7fe2cc4ed596372063bbe852b8d0\",\"url\":\"https:\/\/sulsc.com\/wp-content\/uploads\/2023\/09\/redacao.png\",\"contentUrl\":\"https:\/\/sulsc.com\/wp-content\/uploads\/2023\/09\/redacao.png\",\"caption\":\"Reda\u00e7\u00e3o Sul SC\"},\"description\":\"Foco em um jornalismo imparcial, voltado \u00e0 qualidade dos seus conte\u00fados e, assim, levar informa\u00e7\u00e3o de valor que agregue \u00e0 vida dos leitores. Esta \u00e9 grande miss\u00e3o do Portal de Not\u00edcias Sul SC. N\u00e3o \u00e9 quantidade que muda o mundo, sempre foi e seguir\u00e1 sendo qualidade!\",\"sameAs\":[\"https:\/\/sulsc.com\/\",\"https:\/\/www.facebook.com\/profile.php?id=61559278119680\",\"https:\/\/www.instagram.com\/sulscportal\/?hl=pt-br\",\"https:\/\/twitter.com\/https:\/\/twitter.com\/PortalSulSC\",\"https:\/\/www.youtube.com\/channel\/UCv_BE8GeySluDov2n8qhVmw\"],\"url\":\"https:\/\/sulsc.com\/index.php\/author\/redacao\/\"}]}<\/script>\n<!-- \/ Yoast SEO plugin. -->","yoast_head_json":{"title":"Sob Novo Comando: Prefeito de Gravatal, Clei Rodrigues, toma posse como presidente da Amurel -","robots":{"index":"index","follow":"follow","max-snippet":"max-snippet:-1","max-image-preview":"max-image-preview:large","max-video-preview":"max-video-preview:-1"},"canonical":"https:\/\/sulsc.com\/index.php\/2026\/01\/12\/sob-novo-comando-prefeito-de-gravatal-clei-rodrigues-toma-posse-como-presidente-da-amurel\/","og_locale":"en_US","og_type":"article","og_title":"Sob Novo Comando: Prefeito de Gravatal, Clei Rodrigues, toma posse como presidente da Amurel -","og_description":"Na manh\u00e3 desta segunda-feira, 12, a Associa\u00e7\u00e3o de Munic\u00edpios da Regi\u00e3o de Laguna \u2013 AMUREL, reiniciou suas atividades ap\u00f3s o per\u00edodo de f\u00e9rias coletivas. O novo presidente da AMUREL e prefeito de Gravatal, Clei Rodrigues, reuniu todos os colaboradores e terceirizados para uma conversa sobre as a\u00e7\u00f5es deste ano. \u201cVamos dar continuidade a todo trabalho &hellip; Sob Novo Comando: Prefeito de Gravatal, Clei Rodrigues, toma posse como presidente da Amurel Read More &raquo;","og_url":"https:\/\/sulsc.com\/index.php\/2026\/01\/12\/sob-novo-comando-prefeito-de-gravatal-clei-rodrigues-toma-posse-como-presidente-da-amurel\/","article_author":"https:\/\/www.facebook.com\/profile.php?id=61559278119680","article_published_time":"2026-01-12T19:08:00+00:00","og_image":[{"width":1280,"height":720,"url":"http:\/\/sulsc.com\/wp-content\/uploads\/2026\/01\/WhatsApp-Image-2026-01-12-at-11.16.58-1.jpeg","type":"image\/jpeg"}],"author":"Reda\u00e7\u00e3o Sul SC","twitter_card":"summary_large_image","twitter_creator":"@https:\/\/twitter.com\/PortalSulSC","twitter_misc":{"Written by":"Reda\u00e7\u00e3o Sul SC","Est. reading time":"1 minute"},"schema":{"@context":"https:\/\/schema.org","@graph":[{"@type":"WebPage","@id":"https:\/\/sulsc.com\/index.php\/2026\/01\/12\/sob-novo-comando-prefeito-de-gravatal-clei-rodrigues-toma-posse-como-presidente-da-amurel\/","url":"https:\/\/sulsc.com\/index.php\/2026\/01\/12\/sob-novo-comando-prefeito-de-gravatal-clei-rodrigues-toma-posse-como-presidente-da-amurel\/","name":"Sob Novo Comando: Prefeito de Gravatal, Clei Rodrigues, toma posse como presidente da Amurel -","isPartOf":{"@id":"https:\/\/sulsc.com\/#website"},"datePublished":"2026-01-12T19:08:00+00:00","dateModified":"2026-01-12T19:08:00+00:00","author":{"@id":"https:\/\/sulsc.com\/#\/schema\/person\/84d2fc571684f6248ba83092f07750a3"},"breadcrumb":{"@id":"https:\/\/sulsc.com\/index.php\/2026\/01\/12\/sob-novo-comando-prefeito-de-gravatal-clei-rodrigues-toma-posse-como-presidente-da-amurel\/#breadcrumb"},"inLanguage":"en-US","potentialAction":[{"@type":"ReadAction","target":["https:\/\/sulsc.com\/index.php\/2026\/01\/12\/sob-novo-comando-prefeito-de-gravatal-clei-rodrigues-toma-posse-como-presidente-da-amurel\/"]}]},{"@type":"BreadcrumbList","@id":"https:\/\/sulsc.com\/index.php\/2026\/01\/12\/sob-novo-comando-prefeito-de-gravatal-clei-rodrigues-toma-posse-como-presidente-da-amurel\/#breadcrumb","itemListElement":[{"@type":"ListItem","position":1,"name":"In\u00edcio","item":"https:\/\/sulsc.com\/"},{"@type":"ListItem","position":2,"name":"Sob Novo Comando: Prefeito de Gravatal, Clei Rodrigues, toma posse como presidente da Amurel"}]},{"@type":"WebSite","@id":"https:\/\/sulsc.com\/#website","url":"https:\/\/sulsc.com\/","name":"","description":"","potentialAction":[{"@type":"SearchAction","target":{"@type":"EntryPoint","urlTemplate":"https:\/\/sulsc.com\/?s={search_term_string}"},"query-input":"required name=search_term_string"}],"inLanguage":"en-US"},{"@type":"Person","@id":"https:\/\/sulsc.com\/#\/schema\/person\/84d2fc571684f6248ba83092f07750a3","name":"Reda\u00e7\u00e3o Sul SC","image":{"@type":"ImageObject","inLanguage":"en-US","@id":"https:\/\/sulsc.com\/#\/schema\/person\/image\/e08d7fe2cc4ed596372063bbe852b8d0","url":"https:\/\/sulsc.com\/wp-content\/uploads\/2023\/09\/redacao.png","contentUrl":"https:\/\/sulsc.com\/wp-content\/uploads\/2023\/09\/redacao.png","caption":"Reda\u00e7\u00e3o Sul SC"},"description":"Foco em um jornalismo imparcial, voltado \u00e0 qualidade dos seus conte\u00fados e, assim, levar informa\u00e7\u00e3o de valor que agregue \u00e0 vida dos leitores. Esta \u00e9 grande miss\u00e3o do Portal de Not\u00edcias Sul SC. N\u00e3o \u00e9 quantidade que muda o mundo, sempre foi e seguir\u00e1 sendo qualidade!","sameAs":["https:\/\/sulsc.com\/","https:\/\/www.facebook.com\/profile.php?id=61559278119680","https:\/\/www.instagram.com\/sulscportal\/?hl=pt-br","https:\/\/twitter.com\/https:\/\/twitter.com\/PortalSulSC","https:\/\/www.youtube.com\/channel\/UCv_BE8GeySluDov2n8qhVmw"],"url":"https:\/\/sulsc.com\/index.php\/author\/redacao\/"}]}},"authors":[],"_links":{"self":[{"href":"https:\/\/sulsc.com\/index.php\/wp-json\/wp\/v2\/posts\/31447"}],"collection":[{"href":"https:\/\/sulsc.com\/index.php\/wp-json\/wp\/v2\/posts"}],"about":[{"href":"https:\/\/sulsc.com\/index.php\/wp-json\/wp\/v2\/types\/post"}],"author":[{"embeddable":true,"href":"https:\/\/sulsc.com\/index.php\/wp-json\/wp\/v2\/users\/3"}],"replies":[{"embeddable":true,"href":"https:\/\/sulsc.com\/index.php\/wp-json\/wp\/v2\/comments?post=31447"}],"version-history":[{"count":1,"href":"https:\/\/sulsc.com\/index.php\/wp-json\/wp\/v2\/posts\/31447\/revisions"}],"predecessor-version":[{"id":31449,"href":"https:\/\/sulsc.com\/index.php\/wp-json\/wp\/v2\/posts\/31447\/revisions\/31449"}],"wp:featuredmedia":[{"embeddable":true,"href":"https:\/\/sulsc.com\/index.php\/wp-json\/wp\/v2\/media\/31448"}],"wp:attachment":[{"href":"https:\/\/sulsc.com\/index.php\/wp-json\/wp\/v2\/media?parent=31447"}],"wp:term":[{"taxonomy":"category","embeddable":true,"href":"https:\/\/sulsc.com\/index.php\/wp-json\/wp\/v2\/categories?post=31447"},{"taxonomy":"post_tag","embeddable":true,"href":"https:\/\/sulsc.com\/index.php\/wp-json\/wp\/v2\/tags?post=31447"}],"curies":[{"name":"wp","href":"https:\/\/api.w.org\/{rel}","templated":true}]}}