{"id":31453,"date":"2026-01-13T08:37:44","date_gmt":"2026-01-13T11:37:44","guid":{"rendered":"https:\/\/sulsc.com\/?p=31453"},"modified":"2026-01-13T08:37:44","modified_gmt":"2026-01-13T11:37:44","slug":"terca-feira-13-ensolarada-com-maximas-passando-dos-32c","status":"publish","type":"post","link":"https:\/\/sulsc.com\/index.php\/2026\/01\/13\/terca-feira-13-ensolarada-com-maximas-passando-dos-32c\/","title":{"rendered":"Ter\u00e7a-feira (13) ensolarada com m\u00e1ximas passando dos 32\u00b0C"},"content":{"rendered":"<p>O dia ser\u00e1 t\u00edpico de ver\u00e3o nesta ter\u00e7a-feira (13), em Santa Catarina. Predom\u00ednio de sol, temperaturas em eleva\u00e7\u00e3o\u00a0 em grande parte do estado, podendo ser ainda mais elevadas no Litoral e em \u00e1reas pr\u00f3ximas, com sensa\u00e7\u00e3o de calor e condi\u00e7\u00f5es para temporais isolados com chuva pontualmente intensa, raios e rajadas de vento a partir da tarde.<\/p>\n<div id=\"metaslider-id-25573\" style=\"width: 100%;\" class=\"ml-slider-3-99-0 metaslider metaslider-flex metaslider-25573 ml-slider has-onhover-arrows ms-theme-default-base has-dots-nav\" role=\"region\" aria-label=\"Meio\" data-width=\"1200\">\n    <div id=\"metaslider_container_25573\">\n        <div id=\"metaslider_25573\">\n            <ul class='slides'>\n                <li style=\"display: block; width: 100%;\" class=\"slide-25684 ms-image \" aria-roledescription=\"slide\" data-date=\"2025-07-24 07:55:40\"><img src=\"https:\/\/sulsc.com\/wp-content\/uploads\/2025\/07\/Marr-2-1000x166.jpg\" height=\"200\" width=\"1200\" alt=\"\" class=\"slider-25573 slide-25684 msDefaultImage\" title=\"Marr 2\" \/><\/li>\n                <li style=\"display: none; width: 100%;\" class=\"slide-32412 ms-image \" aria-roledescription=\"slide\" data-date=\"2026-02-18 13:59:46\"><img src=\"https:\/\/sulsc.com\/wp-content\/uploads\/2026\/02\/40dc1580-cad5-4867-bc58-c4243821ad38-1000x166.jpeg\" height=\"200\" width=\"1200\" alt=\"\" class=\"slider-25573 slide-32412 msDefaultImage\" title=\"40dc1580-cad5-4867-bc58-c4243821ad38\" \/><\/li>\n                <li style=\"display: none; width: 100%;\" class=\"slide-32766 ms-image \" aria-roledescription=\"slide\" data-date=\"2026-03-03 17:22:59\"><img src=\"https:\/\/sulsc.com\/wp-content\/uploads\/2026\/03\/271ce739-f268-41c5-8051-3de1a1750359-1000x166.jpeg\" height=\"200\" width=\"1200\" alt=\"\" class=\"slider-25573 slide-32766 msDefaultImage\" title=\"271ce739-f268-41c5-8051-3de1a1750359\" \/><\/li>\n            <\/ul>\n        <\/div>\n        \n    <\/div>\n<\/div>\n<p>O risco \u00e9 moderado para ocorr\u00eancias associadas a destelhamentos, danos na rede el\u00e9trica, queda de galhos e \u00e1rvores e alagamentos, especialmente no Planalto Norte, Litoral Norte, Vale do Itaja\u00ed e Grande Florian\u00f3polis. Nas demais regi\u00f5es do estado, a chuva vem na forma de pancadas isoladas, acompanhadas por trovoadas. N\u00e3o h\u00e1 risco para ocorr\u00eancias associadas.<\/p>\n<p><strong>Temperaturas\u00a0<\/strong><\/p>\n<p>Elevadas com m\u00e1ximas de 29\u00b0C a 33\u00b0C, na parte da tarde.<\/p>\n<p><img fetchpriority=\"high\" decoding=\"async\" class=\"aligncenter size-full wp-image-31454\" src=\"http:\/\/sulsc.com\/wp-content\/uploads\/2026\/01\/image-292-1024x695-2.png\" alt=\"\" width=\"1024\" height=\"695\" srcset=\"https:\/\/sulsc.com\/wp-content\/uploads\/2026\/01\/image-292-1024x695-2.png 1024w, https:\/\/sulsc.com\/wp-content\/uploads\/2026\/01\/image-292-1024x695-2-300x204.png 300w, https:\/\/sulsc.com\/wp-content\/uploads\/2026\/01\/image-292-1024x695-2-768x521.png 768w\" sizes=\"(max-width: 1024px) 100vw, 1024px\" \/><\/p>\n<p><img decoding=\"async\" class=\"aligncenter size-full wp-image-22836\" src=\"http:\/\/sulsc.com\/wp-content\/uploads\/2025\/04\/Tempo-2.png\" alt=\"\" width=\"1024\" height=\"189\" srcset=\"https:\/\/sulsc.com\/wp-content\/uploads\/2025\/04\/Tempo-2.png 1024w, https:\/\/sulsc.com\/wp-content\/uploads\/2025\/04\/Tempo-2-300x55.png 300w, https:\/\/sulsc.com\/wp-content\/uploads\/2025\/04\/Tempo-2-768x142.png 768w\" sizes=\"(max-width: 1024px) 100vw, 1024px\" \/><\/p>\n<p><strong>Ventos:<\/strong> nordeste a noroeste, fraco a moderado com rajadas.<\/p>\n<p><strong>Sistema predominante:<\/strong> alta press\u00e3o (massa de ar seco) e cavado sobre o Sul do Brasil.<\/p>\n<p>Nesta quarta-feira (14), tempo mais firme com presen\u00e7a de sol e poucas nuvens no Oeste, Meio-Oeste e Planalto Sul de SC. Durante a tarde e noite mais nuvens, com pancadas de chuva, moderada ou forte por alguns momentos, devido a \u00e1reas de instabilidade associadas ao calor nas demais regi\u00f5es catarinenses. Risco de temporais isolados. As\u00a0 temperaturas continuam alta com m\u00e1ximas de 32\u00b0C e 35\u00b0C.<\/p>\n<p>Fontes: Defesa Civil &#8211; SC\/Epagri-Ciram<\/p>\n<p>Foto de Capa: SulSC\/Praia da Galheta &#8211; Laguna-SC<\/p>\n","protected":false},"excerpt":{"rendered":"<p>O dia ser\u00e1 t\u00edpico de ver\u00e3o nesta ter\u00e7a-feira (13), em Santa Catarina. Predom\u00ednio de sol, temperaturas em eleva\u00e7\u00e3o\u00a0 em grande parte do estado, podendo ser ainda mais elevadas no Litoral e em \u00e1reas pr\u00f3ximas, com sensa\u00e7\u00e3o de calor e condi\u00e7\u00f5es para temporais isolados com chuva pontualmente intensa, raios e rajadas de vento a partir da &hellip;<\/p>\n<p class=\"read-more\"> <a class=\"\" href=\"https:\/\/sulsc.com\/index.php\/2026\/01\/13\/terca-feira-13-ensolarada-com-maximas-passando-dos-32c\/\"> <span class=\"screen-reader-text\">Ter\u00e7a-feira (13) ensolarada com m\u00e1ximas passando dos 32\u00b0C<\/span> Read More &raquo;<\/a><\/p>\n","protected":false},"author":3,"featured_media":16902,"comment_status":"open","ping_status":"open","sticky":false,"template":"","format":"standard","meta":{"site-sidebar-layout":"default","site-content-layout":"","ast-site-content-layout":"default","site-content-style":"default","site-sidebar-style":"default","ast-global-header-display":"","ast-banner-title-visibility":"","ast-main-header-display":"","ast-hfb-above-header-display":"","ast-hfb-below-header-display":"","ast-hfb-mobile-header-display":"","site-post-title":"","ast-breadcrumbs-content":"","ast-featured-img":"","footer-sml-layout":"","theme-transparent-header-meta":"default","adv-header-id-meta":"","stick-header-meta":"","header-above-stick-meta":"","header-main-stick-meta":"","header-below-stick-meta":"","astra-migrate-meta-layouts":"set","footnotes":""},"categories":[1,38,12],"tags":[90],"yoast_head":"<!-- This site is optimized with the Yoast SEO plugin v21.4 - https:\/\/yoast.com\/wordpress\/plugins\/seo\/ -->\n<title>Ter\u00e7a-feira (13) ensolarada com m\u00e1ximas passando dos 32\u00b0C -<\/title>\n<meta name=\"robots\" content=\"index, follow, max-snippet:-1, max-image-preview:large, max-video-preview:-1\" \/>\n<link rel=\"canonical\" href=\"https:\/\/sulsc.com\/index.php\/2026\/01\/13\/terca-feira-13-ensolarada-com-maximas-passando-dos-32c\/\" \/>\n<meta property=\"og:locale\" content=\"en_US\" \/>\n<meta property=\"og:type\" content=\"article\" \/>\n<meta property=\"og:title\" content=\"Ter\u00e7a-feira (13) ensolarada com m\u00e1ximas passando dos 32\u00b0C -\" \/>\n<meta property=\"og:description\" content=\"O dia ser\u00e1 t\u00edpico de ver\u00e3o nesta ter\u00e7a-feira (13), em Santa Catarina. Predom\u00ednio de sol, temperaturas em eleva\u00e7\u00e3o\u00a0 em grande parte do estado, podendo ser ainda mais elevadas no Litoral e em \u00e1reas pr\u00f3ximas, com sensa\u00e7\u00e3o de calor e condi\u00e7\u00f5es para temporais isolados com chuva pontualmente intensa, raios e rajadas de vento a partir da &hellip; Ter\u00e7a-feira (13) ensolarada com m\u00e1ximas passando dos 32\u00b0C Read More &raquo;\" \/>\n<meta property=\"og:url\" content=\"https:\/\/sulsc.com\/index.php\/2026\/01\/13\/terca-feira-13-ensolarada-com-maximas-passando-dos-32c\/\" \/>\n<meta property=\"article:author\" content=\"https:\/\/www.facebook.com\/profile.php?id=61559278119680\" \/>\n<meta property=\"article:published_time\" content=\"2026-01-13T11:37:44+00:00\" \/>\n<meta property=\"og:image\" content=\"http:\/\/sulsc.com\/wp-content\/uploads\/2024\/10\/Previsao-do-Tempo.jpg\" \/>\n\t<meta property=\"og:image:width\" content=\"960\" \/>\n\t<meta property=\"og:image:height\" content=\"540\" \/>\n\t<meta property=\"og:image:type\" content=\"image\/jpeg\" \/>\n<meta name=\"author\" content=\"Reda\u00e7\u00e3o Sul SC\" \/>\n<meta name=\"twitter:card\" content=\"summary_large_image\" \/>\n<meta name=\"twitter:creator\" content=\"@https:\/\/twitter.com\/PortalSulSC\" \/>\n<meta name=\"twitter:label1\" content=\"Written by\" \/>\n\t<meta name=\"twitter:data1\" content=\"Reda\u00e7\u00e3o Sul SC\" \/>\n\t<meta name=\"twitter:label2\" content=\"Est. reading time\" \/>\n\t<meta name=\"twitter:data2\" content=\"2 minutes\" \/>\n<script type=\"application\/ld+json\" class=\"yoast-schema-graph\">{\"@context\":\"https:\/\/schema.org\",\"@graph\":[{\"@type\":\"WebPage\",\"@id\":\"https:\/\/sulsc.com\/index.php\/2026\/01\/13\/terca-feira-13-ensolarada-com-maximas-passando-dos-32c\/\",\"url\":\"https:\/\/sulsc.com\/index.php\/2026\/01\/13\/terca-feira-13-ensolarada-com-maximas-passando-dos-32c\/\",\"name\":\"Ter\u00e7a-feira (13) ensolarada com m\u00e1ximas passando dos 32\u00b0C -\",\"isPartOf\":{\"@id\":\"https:\/\/sulsc.com\/#website\"},\"datePublished\":\"2026-01-13T11:37:44+00:00\",\"dateModified\":\"2026-01-13T11:37:44+00:00\",\"author\":{\"@id\":\"https:\/\/sulsc.com\/#\/schema\/person\/84d2fc571684f6248ba83092f07750a3\"},\"breadcrumb\":{\"@id\":\"https:\/\/sulsc.com\/index.php\/2026\/01\/13\/terca-feira-13-ensolarada-com-maximas-passando-dos-32c\/#breadcrumb\"},\"inLanguage\":\"en-US\",\"potentialAction\":[{\"@type\":\"ReadAction\",\"target\":[\"https:\/\/sulsc.com\/index.php\/2026\/01\/13\/terca-feira-13-ensolarada-com-maximas-passando-dos-32c\/\"]}]},{\"@type\":\"BreadcrumbList\",\"@id\":\"https:\/\/sulsc.com\/index.php\/2026\/01\/13\/terca-feira-13-ensolarada-com-maximas-passando-dos-32c\/#breadcrumb\",\"itemListElement\":[{\"@type\":\"ListItem\",\"position\":1,\"name\":\"In\u00edcio\",\"item\":\"https:\/\/sulsc.com\/\"},{\"@type\":\"ListItem\",\"position\":2,\"name\":\"Ter\u00e7a-feira (13) ensolarada com m\u00e1ximas passando dos 32\u00b0C\"}]},{\"@type\":\"WebSite\",\"@id\":\"https:\/\/sulsc.com\/#website\",\"url\":\"https:\/\/sulsc.com\/\",\"name\":\"\",\"description\":\"\",\"potentialAction\":[{\"@type\":\"SearchAction\",\"target\":{\"@type\":\"EntryPoint\",\"urlTemplate\":\"https:\/\/sulsc.com\/?s={search_term_string}\"},\"query-input\":\"required name=search_term_string\"}],\"inLanguage\":\"en-US\"},{\"@type\":\"Person\",\"@id\":\"https:\/\/sulsc.com\/#\/schema\/person\/84d2fc571684f6248ba83092f07750a3\",\"name\":\"Reda\u00e7\u00e3o Sul SC\",\"image\":{\"@type\":\"ImageObject\",\"inLanguage\":\"en-US\",\"@id\":\"https:\/\/sulsc.com\/#\/schema\/person\/image\/e08d7fe2cc4ed596372063bbe852b8d0\",\"url\":\"https:\/\/sulsc.com\/wp-content\/uploads\/2023\/09\/redacao.png\",\"contentUrl\":\"https:\/\/sulsc.com\/wp-content\/uploads\/2023\/09\/redacao.png\",\"caption\":\"Reda\u00e7\u00e3o Sul SC\"},\"description\":\"Foco em um jornalismo imparcial, voltado \u00e0 qualidade dos seus conte\u00fados e, assim, levar informa\u00e7\u00e3o de valor que agregue \u00e0 vida dos leitores. Esta \u00e9 grande miss\u00e3o do Portal de Not\u00edcias Sul SC. N\u00e3o \u00e9 quantidade que muda o mundo, sempre foi e seguir\u00e1 sendo qualidade!\",\"sameAs\":[\"https:\/\/sulsc.com\/\",\"https:\/\/www.facebook.com\/profile.php?id=61559278119680\",\"https:\/\/www.instagram.com\/sulscportal\/?hl=pt-br\",\"https:\/\/twitter.com\/https:\/\/twitter.com\/PortalSulSC\",\"https:\/\/www.youtube.com\/channel\/UCv_BE8GeySluDov2n8qhVmw\"],\"url\":\"https:\/\/sulsc.com\/index.php\/author\/redacao\/\"}]}<\/script>\n<!-- \/ Yoast SEO plugin. -->","yoast_head_json":{"title":"Ter\u00e7a-feira (13) ensolarada com m\u00e1ximas passando dos 32\u00b0C -","robots":{"index":"index","follow":"follow","max-snippet":"max-snippet:-1","max-image-preview":"max-image-preview:large","max-video-preview":"max-video-preview:-1"},"canonical":"https:\/\/sulsc.com\/index.php\/2026\/01\/13\/terca-feira-13-ensolarada-com-maximas-passando-dos-32c\/","og_locale":"en_US","og_type":"article","og_title":"Ter\u00e7a-feira (13) ensolarada com m\u00e1ximas passando dos 32\u00b0C -","og_description":"O dia ser\u00e1 t\u00edpico de ver\u00e3o nesta ter\u00e7a-feira (13), em Santa Catarina. Predom\u00ednio de sol, temperaturas em eleva\u00e7\u00e3o\u00a0 em grande parte do estado, podendo ser ainda mais elevadas no Litoral e em \u00e1reas pr\u00f3ximas, com sensa\u00e7\u00e3o de calor e condi\u00e7\u00f5es para temporais isolados com chuva pontualmente intensa, raios e rajadas de vento a partir da &hellip; Ter\u00e7a-feira (13) ensolarada com m\u00e1ximas passando dos 32\u00b0C Read More &raquo;","og_url":"https:\/\/sulsc.com\/index.php\/2026\/01\/13\/terca-feira-13-ensolarada-com-maximas-passando-dos-32c\/","article_author":"https:\/\/www.facebook.com\/profile.php?id=61559278119680","article_published_time":"2026-01-13T11:37:44+00:00","og_image":[{"width":960,"height":540,"url":"http:\/\/sulsc.com\/wp-content\/uploads\/2024\/10\/Previsao-do-Tempo.jpg","type":"image\/jpeg"}],"author":"Reda\u00e7\u00e3o Sul SC","twitter_card":"summary_large_image","twitter_creator":"@https:\/\/twitter.com\/PortalSulSC","twitter_misc":{"Written by":"Reda\u00e7\u00e3o Sul SC","Est. reading time":"2 minutes"},"schema":{"@context":"https:\/\/schema.org","@graph":[{"@type":"WebPage","@id":"https:\/\/sulsc.com\/index.php\/2026\/01\/13\/terca-feira-13-ensolarada-com-maximas-passando-dos-32c\/","url":"https:\/\/sulsc.com\/index.php\/2026\/01\/13\/terca-feira-13-ensolarada-com-maximas-passando-dos-32c\/","name":"Ter\u00e7a-feira (13) ensolarada com m\u00e1ximas passando dos 32\u00b0C -","isPartOf":{"@id":"https:\/\/sulsc.com\/#website"},"datePublished":"2026-01-13T11:37:44+00:00","dateModified":"2026-01-13T11:37:44+00:00","author":{"@id":"https:\/\/sulsc.com\/#\/schema\/person\/84d2fc571684f6248ba83092f07750a3"},"breadcrumb":{"@id":"https:\/\/sulsc.com\/index.php\/2026\/01\/13\/terca-feira-13-ensolarada-com-maximas-passando-dos-32c\/#breadcrumb"},"inLanguage":"en-US","potentialAction":[{"@type":"ReadAction","target":["https:\/\/sulsc.com\/index.php\/2026\/01\/13\/terca-feira-13-ensolarada-com-maximas-passando-dos-32c\/"]}]},{"@type":"BreadcrumbList","@id":"https:\/\/sulsc.com\/index.php\/2026\/01\/13\/terca-feira-13-ensolarada-com-maximas-passando-dos-32c\/#breadcrumb","itemListElement":[{"@type":"ListItem","position":1,"name":"In\u00edcio","item":"https:\/\/sulsc.com\/"},{"@type":"ListItem","position":2,"name":"Ter\u00e7a-feira (13) ensolarada com m\u00e1ximas passando dos 32\u00b0C"}]},{"@type":"WebSite","@id":"https:\/\/sulsc.com\/#website","url":"https:\/\/sulsc.com\/","name":"","description":"","potentialAction":[{"@type":"SearchAction","target":{"@type":"EntryPoint","urlTemplate":"https:\/\/sulsc.com\/?s={search_term_string}"},"query-input":"required name=search_term_string"}],"inLanguage":"en-US"},{"@type":"Person","@id":"https:\/\/sulsc.com\/#\/schema\/person\/84d2fc571684f6248ba83092f07750a3","name":"Reda\u00e7\u00e3o Sul SC","image":{"@type":"ImageObject","inLanguage":"en-US","@id":"https:\/\/sulsc.com\/#\/schema\/person\/image\/e08d7fe2cc4ed596372063bbe852b8d0","url":"https:\/\/sulsc.com\/wp-content\/uploads\/2023\/09\/redacao.png","contentUrl":"https:\/\/sulsc.com\/wp-content\/uploads\/2023\/09\/redacao.png","caption":"Reda\u00e7\u00e3o Sul SC"},"description":"Foco em um jornalismo imparcial, voltado \u00e0 qualidade dos seus conte\u00fados e, assim, levar informa\u00e7\u00e3o de valor que agregue \u00e0 vida dos leitores. Esta \u00e9 grande miss\u00e3o do Portal de Not\u00edcias Sul SC. N\u00e3o \u00e9 quantidade que muda o mundo, sempre foi e seguir\u00e1 sendo qualidade!","sameAs":["https:\/\/sulsc.com\/","https:\/\/www.facebook.com\/profile.php?id=61559278119680","https:\/\/www.instagram.com\/sulscportal\/?hl=pt-br","https:\/\/twitter.com\/https:\/\/twitter.com\/PortalSulSC","https:\/\/www.youtube.com\/channel\/UCv_BE8GeySluDov2n8qhVmw"],"url":"https:\/\/sulsc.com\/index.php\/author\/redacao\/"}]}},"authors":[],"_links":{"self":[{"href":"https:\/\/sulsc.com\/index.php\/wp-json\/wp\/v2\/posts\/31453"}],"collection":[{"href":"https:\/\/sulsc.com\/index.php\/wp-json\/wp\/v2\/posts"}],"about":[{"href":"https:\/\/sulsc.com\/index.php\/wp-json\/wp\/v2\/types\/post"}],"author":[{"embeddable":true,"href":"https:\/\/sulsc.com\/index.php\/wp-json\/wp\/v2\/users\/3"}],"replies":[{"embeddable":true,"href":"https:\/\/sulsc.com\/index.php\/wp-json\/wp\/v2\/comments?post=31453"}],"version-history":[{"count":1,"href":"https:\/\/sulsc.com\/index.php\/wp-json\/wp\/v2\/posts\/31453\/revisions"}],"predecessor-version":[{"id":31455,"href":"https:\/\/sulsc.com\/index.php\/wp-json\/wp\/v2\/posts\/31453\/revisions\/31455"}],"wp:featuredmedia":[{"embeddable":true,"href":"https:\/\/sulsc.com\/index.php\/wp-json\/wp\/v2\/media\/16902"}],"wp:attachment":[{"href":"https:\/\/sulsc.com\/index.php\/wp-json\/wp\/v2\/media?parent=31453"}],"wp:term":[{"taxonomy":"category","embeddable":true,"href":"https:\/\/sulsc.com\/index.php\/wp-json\/wp\/v2\/categories?post=31453"},{"taxonomy":"post_tag","embeddable":true,"href":"https:\/\/sulsc.com\/index.php\/wp-json\/wp\/v2\/tags?post=31453"}],"curies":[{"name":"wp","href":"https:\/\/api.w.org\/{rel}","templated":true}]}}