{"id":31460,"date":"2026-01-13T09:12:47","date_gmt":"2026-01-13T12:12:47","guid":{"rendered":"https:\/\/sulsc.com\/?p=31460"},"modified":"2026-01-13T09:14:13","modified_gmt":"2026-01-13T12:14:13","slug":"inicio-das-obras-de-reservatorios-de-agua-em-capivari-de-baixo-e-autorizado","status":"publish","type":"post","link":"https:\/\/sulsc.com\/index.php\/2026\/01\/13\/inicio-das-obras-de-reservatorios-de-agua-em-capivari-de-baixo-e-autorizado\/","title":{"rendered":"In\u00edcio das obras de dois novos reservat\u00f3rios de \u00e1gua em Capivari de Baixo \u00e9 autorizado"},"content":{"rendered":"<p><span dir=\"auto\" style=\"vertical-align: inherit;\"><span dir=\"auto\" style=\"vertical-align: inherit;\">Nesta segunda-feira (12), foi autorizado o in\u00edcio das obras das funda\u00e7\u00f5es de concreto, que servir\u00e3o de bases estruturais destinadas ao apoio dos dois reservat\u00f3rios de \u00e1gua, que ser\u00e3o instalados em Capivari de Baixo.<\/span><\/span><\/p>\n<p><span dir=\"auto\" style=\"vertical-align: inherit;\"><span dir=\"auto\" style=\"vertical-align: inherit;\">As estruturas estimadas ser\u00e3o constru\u00eddas uma no Centro e outra no bairro Para\u00edso e as obras ser\u00e3o realizadas pela empresa WB Empreiteira de M\u00e3o de Obra, ao custo de R$ 115 mil para cada estrutura, devendo ficar prontas no prazo de 45 dias.<\/span><\/span><\/p>\n<div id=\"metaslider-id-25573\" style=\"width: 100%;\" class=\"ml-slider-3-99-0 metaslider metaslider-flex metaslider-25573 ml-slider has-onhover-arrows ms-theme-default-base has-dots-nav\" role=\"region\" aria-label=\"Meio\" data-width=\"1200\">\n    <div id=\"metaslider_container_25573\">\n        <div id=\"metaslider_25573\">\n            <ul class='slides'>\n                <li style=\"display: block; width: 100%;\" class=\"slide-25684 ms-image \" aria-roledescription=\"slide\" data-date=\"2025-07-24 07:55:40\"><img src=\"https:\/\/sulsc.com\/wp-content\/uploads\/2025\/07\/Marr-2-1000x166.jpg\" height=\"200\" width=\"1200\" alt=\"\" class=\"slider-25573 slide-25684 msDefaultImage\" title=\"Marr 2\" \/><\/li>\n                <li style=\"display: none; width: 100%;\" class=\"slide-32412 ms-image \" aria-roledescription=\"slide\" data-date=\"2026-02-18 13:59:46\"><img src=\"https:\/\/sulsc.com\/wp-content\/uploads\/2026\/02\/40dc1580-cad5-4867-bc58-c4243821ad38-1000x166.jpeg\" height=\"200\" width=\"1200\" alt=\"\" class=\"slider-25573 slide-32412 msDefaultImage\" title=\"40dc1580-cad5-4867-bc58-c4243821ad38\" \/><\/li>\n                <li style=\"display: none; width: 100%;\" class=\"slide-32766 ms-image \" aria-roledescription=\"slide\" data-date=\"2026-03-03 17:22:59\"><img src=\"https:\/\/sulsc.com\/wp-content\/uploads\/2026\/03\/271ce739-f268-41c5-8051-3de1a1750359-1000x166.jpeg\" height=\"200\" width=\"1200\" alt=\"\" class=\"slider-25573 slide-32766 msDefaultImage\" title=\"271ce739-f268-41c5-8051-3de1a1750359\" \/><\/li>\n            <\/ul>\n        <\/div>\n        \n    <\/div>\n<\/div>\n<p><span dir=\"auto\" style=\"vertical-align: inherit;\"><span dir=\"auto\" style=\"vertical-align: inherit;\">A assinatura da ordem de servi\u00e7o aconteceu no gabinete do prefeito Claudir Bitencourt, com a presen\u00e7a de vereadores, do Chefe de Gabinete do Prefeito e do secret\u00e1rio de Gest\u00e3o e Fazenda. Na oportunidade foram anunciados outros investimentos no sistema de abastecimento do munic\u00edpio, que contribuir\u00e3o para maior efici\u00eancia na distribui\u00e7\u00e3o de \u00e1gua tratada aos munic\u00edpios.<\/span><\/span><\/p>\n<p><span dir=\"auto\" style=\"vertical-align: inherit;\"><span dir=\"auto\" style=\"vertical-align: inherit;\">Al\u00e9m das bases, a prefeitura j\u00e1 licitou os dois reservat\u00f3rios met\u00e1licos, com capacidade para 500m\u00b3 de \u00e1gua cada. A empresa que venceu o processo licitat\u00f3rio e ser\u00e1 respons\u00e1vel pelo projeto, fabrica\u00e7\u00e3o, transporte, montagem e fornecimento de materiais e m\u00e3o de obra ser\u00e1 pela empresa contratada, que tem sede em Alagoinhas-BA. O valor investido foi de R$ 360 mil por cada reservat\u00f3rio.<\/span><\/span><\/p>\n<p><span dir=\"auto\" style=\"vertical-align: inherit;\"><span dir=\"auto\" style=\"vertical-align: inherit;\">Al\u00e9m dos reservat\u00f3rios, o munic\u00edpio tamb\u00e9m adquiriu boosters, que ser\u00e3o instalados no sistema de abastecimento e que visam melhorar a press\u00e3o din\u00e2mica nos pontos cr\u00edticos de baixa press\u00e3o, especialmente nas adutoras dos bairros Ilhotinha e Ca\u00e7ador. Os investimentos nestes equipamentos s\u00e3o de R$ 132,9 mil e a empresa fornecedora \u00e9 a Eletronando Pe\u00e7as e Servi\u00e7os Ltda. Ser\u00e3o ainda instalados no sistema dois conversores eletr\u00f4nicos de frequ\u00eancia (inversores de velocidade) para acionamento das bombas, com investimentos de R$ 58,6 mil.<\/span><\/span><\/p>\n<p><span dir=\"auto\" style=\"vertical-align: inherit;\"><span dir=\"auto\" style=\"vertical-align: inherit;\">O prefeito Claudir Bitencourt ao votar na ordem de servi\u00e7o falou da import\u00e2ncia da aquisi\u00e7\u00e3o. \u201cNossa reserva t\u00e9cnica de \u00e1gua tratada que hoje \u00e9 de 1.370 m\u00b3, ser\u00e1 aumentada em mais 1.000 m\u00b3, com a instala\u00e7\u00e3o de dois novos reservat\u00f3rios, o que deixar\u00e1 o sistema muito mais eficiente\u201d, declarou o prefeito.<\/span><\/span><\/p>\n<p><img fetchpriority=\"high\" decoding=\"async\" class=\"aligncenter size-full wp-image-31461\" src=\"http:\/\/sulsc.com\/wp-content\/uploads\/2026\/01\/09f94a5f-48d5-4392-a8e4-d36cad53a071.jpeg\" alt=\"\" width=\"1600\" height=\"952\" srcset=\"https:\/\/sulsc.com\/wp-content\/uploads\/2026\/01\/09f94a5f-48d5-4392-a8e4-d36cad53a071.jpeg 1600w, https:\/\/sulsc.com\/wp-content\/uploads\/2026\/01\/09f94a5f-48d5-4392-a8e4-d36cad53a071-300x179.jpeg 300w, https:\/\/sulsc.com\/wp-content\/uploads\/2026\/01\/09f94a5f-48d5-4392-a8e4-d36cad53a071-1024x609.jpeg 1024w, https:\/\/sulsc.com\/wp-content\/uploads\/2026\/01\/09f94a5f-48d5-4392-a8e4-d36cad53a071-768x457.jpeg 768w, https:\/\/sulsc.com\/wp-content\/uploads\/2026\/01\/09f94a5f-48d5-4392-a8e4-d36cad53a071-1536x914.jpeg 1536w\" sizes=\"(max-width: 1600px) 100vw, 1600px\" \/><\/p>\n<p><span dir=\"auto\" style=\"vertical-align: inherit;\"><span dir=\"auto\" style=\"vertical-align: inherit;\">PMCB\/Divulga\u00e7\u00e3o\/SulSC<\/span><\/span><\/p>\n","protected":false},"excerpt":{"rendered":"<p>Nesta segunda-feira (12), foi autorizado o in\u00edcio das obras das funda\u00e7\u00f5es de concreto, que servir\u00e3o de bases estruturais destinadas ao apoio dos dois reservat\u00f3rios de \u00e1gua, que ser\u00e3o instalados em Capivari de Baixo. As estruturas estimadas ser\u00e3o constru\u00eddas uma no Centro e outra no bairro Para\u00edso e as obras ser\u00e3o realizadas pela empresa WB Empreiteira &hellip;<\/p>\n<p class=\"read-more\"> <a class=\"\" href=\"https:\/\/sulsc.com\/index.php\/2026\/01\/13\/inicio-das-obras-de-reservatorios-de-agua-em-capivari-de-baixo-e-autorizado\/\"> <span class=\"screen-reader-text\">In\u00edcio das obras de dois novos reservat\u00f3rios de \u00e1gua em Capivari de Baixo \u00e9 autorizado<\/span> Read More &raquo;<\/a><\/p>\n","protected":false},"author":3,"featured_media":31461,"comment_status":"open","ping_status":"open","sticky":false,"template":"","format":"standard","meta":{"site-sidebar-layout":"default","site-content-layout":"","ast-site-content-layout":"default","site-content-style":"default","site-sidebar-style":"default","ast-global-header-display":"","ast-banner-title-visibility":"","ast-main-header-display":"","ast-hfb-above-header-display":"","ast-hfb-below-header-display":"","ast-hfb-mobile-header-display":"","site-post-title":"","ast-breadcrumbs-content":"","ast-featured-img":"","footer-sml-layout":"","theme-transparent-header-meta":"default","adv-header-id-meta":"","stick-header-meta":"","header-above-stick-meta":"","header-main-stick-meta":"","header-below-stick-meta":"","astra-migrate-meta-layouts":"set","footnotes":""},"categories":[2354,42,1,14,12],"tags":[104],"yoast_head":"<!-- This site is optimized with the Yoast SEO plugin v21.4 - https:\/\/yoast.com\/wordpress\/plugins\/seo\/ -->\n<title>In\u00edcio das obras de dois novos reservat\u00f3rios de \u00e1gua em Capivari de Baixo \u00e9 autorizado -<\/title>\n<meta name=\"robots\" content=\"index, follow, max-snippet:-1, max-image-preview:large, max-video-preview:-1\" \/>\n<link rel=\"canonical\" href=\"https:\/\/sulsc.com\/index.php\/2026\/01\/13\/inicio-das-obras-de-reservatorios-de-agua-em-capivari-de-baixo-e-autorizado\/\" \/>\n<meta property=\"og:locale\" content=\"en_US\" \/>\n<meta property=\"og:type\" content=\"article\" \/>\n<meta property=\"og:title\" content=\"In\u00edcio das obras de dois novos reservat\u00f3rios de \u00e1gua em Capivari de Baixo \u00e9 autorizado -\" \/>\n<meta property=\"og:description\" content=\"Nesta segunda-feira (12), foi autorizado o in\u00edcio das obras das funda\u00e7\u00f5es de concreto, que servir\u00e3o de bases estruturais destinadas ao apoio dos dois reservat\u00f3rios de \u00e1gua, que ser\u00e3o instalados em Capivari de Baixo. As estruturas estimadas ser\u00e3o constru\u00eddas uma no Centro e outra no bairro Para\u00edso e as obras ser\u00e3o realizadas pela empresa WB Empreiteira &hellip; In\u00edcio das obras de dois novos reservat\u00f3rios de \u00e1gua em Capivari de Baixo \u00e9 autorizado Read More &raquo;\" \/>\n<meta property=\"og:url\" content=\"https:\/\/sulsc.com\/index.php\/2026\/01\/13\/inicio-das-obras-de-reservatorios-de-agua-em-capivari-de-baixo-e-autorizado\/\" \/>\n<meta property=\"article:author\" content=\"https:\/\/www.facebook.com\/profile.php?id=61559278119680\" \/>\n<meta property=\"article:published_time\" content=\"2026-01-13T12:12:47+00:00\" \/>\n<meta property=\"article:modified_time\" content=\"2026-01-13T12:14:13+00:00\" \/>\n<meta property=\"og:image\" content=\"http:\/\/sulsc.com\/wp-content\/uploads\/2026\/01\/09f94a5f-48d5-4392-a8e4-d36cad53a071.jpeg\" \/>\n\t<meta property=\"og:image:width\" content=\"1600\" \/>\n\t<meta property=\"og:image:height\" content=\"952\" \/>\n\t<meta property=\"og:image:type\" content=\"image\/jpeg\" \/>\n<meta name=\"author\" content=\"Reda\u00e7\u00e3o Sul SC\" \/>\n<meta name=\"twitter:card\" content=\"summary_large_image\" \/>\n<meta name=\"twitter:creator\" content=\"@https:\/\/twitter.com\/PortalSulSC\" \/>\n<meta name=\"twitter:label1\" content=\"Written by\" \/>\n\t<meta name=\"twitter:data1\" content=\"Reda\u00e7\u00e3o Sul SC\" \/>\n\t<meta name=\"twitter:label2\" content=\"Est. reading time\" \/>\n\t<meta name=\"twitter:data2\" content=\"2 minutes\" \/>\n<script type=\"application\/ld+json\" class=\"yoast-schema-graph\">{\"@context\":\"https:\/\/schema.org\",\"@graph\":[{\"@type\":\"WebPage\",\"@id\":\"https:\/\/sulsc.com\/index.php\/2026\/01\/13\/inicio-das-obras-de-reservatorios-de-agua-em-capivari-de-baixo-e-autorizado\/\",\"url\":\"https:\/\/sulsc.com\/index.php\/2026\/01\/13\/inicio-das-obras-de-reservatorios-de-agua-em-capivari-de-baixo-e-autorizado\/\",\"name\":\"In\u00edcio das obras de dois novos reservat\u00f3rios de \u00e1gua em Capivari de Baixo \u00e9 autorizado -\",\"isPartOf\":{\"@id\":\"https:\/\/sulsc.com\/#website\"},\"datePublished\":\"2026-01-13T12:12:47+00:00\",\"dateModified\":\"2026-01-13T12:14:13+00:00\",\"author\":{\"@id\":\"https:\/\/sulsc.com\/#\/schema\/person\/84d2fc571684f6248ba83092f07750a3\"},\"breadcrumb\":{\"@id\":\"https:\/\/sulsc.com\/index.php\/2026\/01\/13\/inicio-das-obras-de-reservatorios-de-agua-em-capivari-de-baixo-e-autorizado\/#breadcrumb\"},\"inLanguage\":\"en-US\",\"potentialAction\":[{\"@type\":\"ReadAction\",\"target\":[\"https:\/\/sulsc.com\/index.php\/2026\/01\/13\/inicio-das-obras-de-reservatorios-de-agua-em-capivari-de-baixo-e-autorizado\/\"]}]},{\"@type\":\"BreadcrumbList\",\"@id\":\"https:\/\/sulsc.com\/index.php\/2026\/01\/13\/inicio-das-obras-de-reservatorios-de-agua-em-capivari-de-baixo-e-autorizado\/#breadcrumb\",\"itemListElement\":[{\"@type\":\"ListItem\",\"position\":1,\"name\":\"In\u00edcio\",\"item\":\"https:\/\/sulsc.com\/\"},{\"@type\":\"ListItem\",\"position\":2,\"name\":\"In\u00edcio das obras de dois novos reservat\u00f3rios de \u00e1gua em Capivari de Baixo \u00e9 autorizado\"}]},{\"@type\":\"WebSite\",\"@id\":\"https:\/\/sulsc.com\/#website\",\"url\":\"https:\/\/sulsc.com\/\",\"name\":\"\",\"description\":\"\",\"potentialAction\":[{\"@type\":\"SearchAction\",\"target\":{\"@type\":\"EntryPoint\",\"urlTemplate\":\"https:\/\/sulsc.com\/?s={search_term_string}\"},\"query-input\":\"required name=search_term_string\"}],\"inLanguage\":\"en-US\"},{\"@type\":\"Person\",\"@id\":\"https:\/\/sulsc.com\/#\/schema\/person\/84d2fc571684f6248ba83092f07750a3\",\"name\":\"Reda\u00e7\u00e3o Sul SC\",\"image\":{\"@type\":\"ImageObject\",\"inLanguage\":\"en-US\",\"@id\":\"https:\/\/sulsc.com\/#\/schema\/person\/image\/e08d7fe2cc4ed596372063bbe852b8d0\",\"url\":\"https:\/\/sulsc.com\/wp-content\/uploads\/2023\/09\/redacao.png\",\"contentUrl\":\"https:\/\/sulsc.com\/wp-content\/uploads\/2023\/09\/redacao.png\",\"caption\":\"Reda\u00e7\u00e3o Sul SC\"},\"description\":\"Foco em um jornalismo imparcial, voltado \u00e0 qualidade dos seus conte\u00fados e, assim, levar informa\u00e7\u00e3o de valor que agregue \u00e0 vida dos leitores. Esta \u00e9 grande miss\u00e3o do Portal de Not\u00edcias Sul SC. N\u00e3o \u00e9 quantidade que muda o mundo, sempre foi e seguir\u00e1 sendo qualidade!\",\"sameAs\":[\"https:\/\/sulsc.com\/\",\"https:\/\/www.facebook.com\/profile.php?id=61559278119680\",\"https:\/\/www.instagram.com\/sulscportal\/?hl=pt-br\",\"https:\/\/twitter.com\/https:\/\/twitter.com\/PortalSulSC\",\"https:\/\/www.youtube.com\/channel\/UCv_BE8GeySluDov2n8qhVmw\"],\"url\":\"https:\/\/sulsc.com\/index.php\/author\/redacao\/\"}]}<\/script>\n<!-- \/ Yoast SEO plugin. -->","yoast_head_json":{"title":"In\u00edcio das obras de dois novos reservat\u00f3rios de \u00e1gua em Capivari de Baixo \u00e9 autorizado -","robots":{"index":"index","follow":"follow","max-snippet":"max-snippet:-1","max-image-preview":"max-image-preview:large","max-video-preview":"max-video-preview:-1"},"canonical":"https:\/\/sulsc.com\/index.php\/2026\/01\/13\/inicio-das-obras-de-reservatorios-de-agua-em-capivari-de-baixo-e-autorizado\/","og_locale":"en_US","og_type":"article","og_title":"In\u00edcio das obras de dois novos reservat\u00f3rios de \u00e1gua em Capivari de Baixo \u00e9 autorizado -","og_description":"Nesta segunda-feira (12), foi autorizado o in\u00edcio das obras das funda\u00e7\u00f5es de concreto, que servir\u00e3o de bases estruturais destinadas ao apoio dos dois reservat\u00f3rios de \u00e1gua, que ser\u00e3o instalados em Capivari de Baixo. As estruturas estimadas ser\u00e3o constru\u00eddas uma no Centro e outra no bairro Para\u00edso e as obras ser\u00e3o realizadas pela empresa WB Empreiteira &hellip; In\u00edcio das obras de dois novos reservat\u00f3rios de \u00e1gua em Capivari de Baixo \u00e9 autorizado Read More &raquo;","og_url":"https:\/\/sulsc.com\/index.php\/2026\/01\/13\/inicio-das-obras-de-reservatorios-de-agua-em-capivari-de-baixo-e-autorizado\/","article_author":"https:\/\/www.facebook.com\/profile.php?id=61559278119680","article_published_time":"2026-01-13T12:12:47+00:00","article_modified_time":"2026-01-13T12:14:13+00:00","og_image":[{"width":1600,"height":952,"url":"http:\/\/sulsc.com\/wp-content\/uploads\/2026\/01\/09f94a5f-48d5-4392-a8e4-d36cad53a071.jpeg","type":"image\/jpeg"}],"author":"Reda\u00e7\u00e3o Sul SC","twitter_card":"summary_large_image","twitter_creator":"@https:\/\/twitter.com\/PortalSulSC","twitter_misc":{"Written by":"Reda\u00e7\u00e3o Sul SC","Est. reading time":"2 minutes"},"schema":{"@context":"https:\/\/schema.org","@graph":[{"@type":"WebPage","@id":"https:\/\/sulsc.com\/index.php\/2026\/01\/13\/inicio-das-obras-de-reservatorios-de-agua-em-capivari-de-baixo-e-autorizado\/","url":"https:\/\/sulsc.com\/index.php\/2026\/01\/13\/inicio-das-obras-de-reservatorios-de-agua-em-capivari-de-baixo-e-autorizado\/","name":"In\u00edcio das obras de dois novos reservat\u00f3rios de \u00e1gua em Capivari de Baixo \u00e9 autorizado -","isPartOf":{"@id":"https:\/\/sulsc.com\/#website"},"datePublished":"2026-01-13T12:12:47+00:00","dateModified":"2026-01-13T12:14:13+00:00","author":{"@id":"https:\/\/sulsc.com\/#\/schema\/person\/84d2fc571684f6248ba83092f07750a3"},"breadcrumb":{"@id":"https:\/\/sulsc.com\/index.php\/2026\/01\/13\/inicio-das-obras-de-reservatorios-de-agua-em-capivari-de-baixo-e-autorizado\/#breadcrumb"},"inLanguage":"en-US","potentialAction":[{"@type":"ReadAction","target":["https:\/\/sulsc.com\/index.php\/2026\/01\/13\/inicio-das-obras-de-reservatorios-de-agua-em-capivari-de-baixo-e-autorizado\/"]}]},{"@type":"BreadcrumbList","@id":"https:\/\/sulsc.com\/index.php\/2026\/01\/13\/inicio-das-obras-de-reservatorios-de-agua-em-capivari-de-baixo-e-autorizado\/#breadcrumb","itemListElement":[{"@type":"ListItem","position":1,"name":"In\u00edcio","item":"https:\/\/sulsc.com\/"},{"@type":"ListItem","position":2,"name":"In\u00edcio das obras de dois novos reservat\u00f3rios de \u00e1gua em Capivari de Baixo \u00e9 autorizado"}]},{"@type":"WebSite","@id":"https:\/\/sulsc.com\/#website","url":"https:\/\/sulsc.com\/","name":"","description":"","potentialAction":[{"@type":"SearchAction","target":{"@type":"EntryPoint","urlTemplate":"https:\/\/sulsc.com\/?s={search_term_string}"},"query-input":"required name=search_term_string"}],"inLanguage":"en-US"},{"@type":"Person","@id":"https:\/\/sulsc.com\/#\/schema\/person\/84d2fc571684f6248ba83092f07750a3","name":"Reda\u00e7\u00e3o Sul SC","image":{"@type":"ImageObject","inLanguage":"en-US","@id":"https:\/\/sulsc.com\/#\/schema\/person\/image\/e08d7fe2cc4ed596372063bbe852b8d0","url":"https:\/\/sulsc.com\/wp-content\/uploads\/2023\/09\/redacao.png","contentUrl":"https:\/\/sulsc.com\/wp-content\/uploads\/2023\/09\/redacao.png","caption":"Reda\u00e7\u00e3o Sul SC"},"description":"Foco em um jornalismo imparcial, voltado \u00e0 qualidade dos seus conte\u00fados e, assim, levar informa\u00e7\u00e3o de valor que agregue \u00e0 vida dos leitores. Esta \u00e9 grande miss\u00e3o do Portal de Not\u00edcias Sul SC. N\u00e3o \u00e9 quantidade que muda o mundo, sempre foi e seguir\u00e1 sendo qualidade!","sameAs":["https:\/\/sulsc.com\/","https:\/\/www.facebook.com\/profile.php?id=61559278119680","https:\/\/www.instagram.com\/sulscportal\/?hl=pt-br","https:\/\/twitter.com\/https:\/\/twitter.com\/PortalSulSC","https:\/\/www.youtube.com\/channel\/UCv_BE8GeySluDov2n8qhVmw"],"url":"https:\/\/sulsc.com\/index.php\/author\/redacao\/"}]}},"authors":[],"_links":{"self":[{"href":"https:\/\/sulsc.com\/index.php\/wp-json\/wp\/v2\/posts\/31460"}],"collection":[{"href":"https:\/\/sulsc.com\/index.php\/wp-json\/wp\/v2\/posts"}],"about":[{"href":"https:\/\/sulsc.com\/index.php\/wp-json\/wp\/v2\/types\/post"}],"author":[{"embeddable":true,"href":"https:\/\/sulsc.com\/index.php\/wp-json\/wp\/v2\/users\/3"}],"replies":[{"embeddable":true,"href":"https:\/\/sulsc.com\/index.php\/wp-json\/wp\/v2\/comments?post=31460"}],"version-history":[{"count":3,"href":"https:\/\/sulsc.com\/index.php\/wp-json\/wp\/v2\/posts\/31460\/revisions"}],"predecessor-version":[{"id":31464,"href":"https:\/\/sulsc.com\/index.php\/wp-json\/wp\/v2\/posts\/31460\/revisions\/31464"}],"wp:featuredmedia":[{"embeddable":true,"href":"https:\/\/sulsc.com\/index.php\/wp-json\/wp\/v2\/media\/31461"}],"wp:attachment":[{"href":"https:\/\/sulsc.com\/index.php\/wp-json\/wp\/v2\/media?parent=31460"}],"wp:term":[{"taxonomy":"category","embeddable":true,"href":"https:\/\/sulsc.com\/index.php\/wp-json\/wp\/v2\/categories?post=31460"},{"taxonomy":"post_tag","embeddable":true,"href":"https:\/\/sulsc.com\/index.php\/wp-json\/wp\/v2\/tags?post=31460"}],"curies":[{"name":"wp","href":"https:\/\/api.w.org\/{rel}","templated":true}]}}