{"id":31468,"date":"2026-01-13T14:54:12","date_gmt":"2026-01-13T17:54:12","guid":{"rendered":"https:\/\/sulsc.com\/?p=31468"},"modified":"2026-01-13T14:54:12","modified_gmt":"2026-01-13T17:54:12","slug":"teto-do-seguro-desemprego-sobe-para-r-2-51865-apos-reajuste","status":"publish","type":"post","link":"https:\/\/sulsc.com\/index.php\/2026\/01\/13\/teto-do-seguro-desemprego-sobe-para-r-2-51865-apos-reajuste\/","title":{"rendered":"Teto do seguro-desemprego sobe para R$ 2.518,65 ap\u00f3s reajuste"},"content":{"rendered":"<p>A partir desta segunda-feira (12), o trabalhador demitido sem justa causa est\u00e1 recebendo mais seguro-desemprego. A tabela das faixas salariais usadas para calcular o valor da parcela seguiu o \u00cdndice Nacional de Pre\u00e7os ao Consumidor (INPC) de 2024 e foi reajustada em 3,9%.<\/p>\n<p>Com a corre\u00e7\u00e3o, o valor m\u00e1ximo do seguro-desemprego subir\u00e1 de R$ 2.424,11 para R$ 2.518,65, diferen\u00e7a de R$ 94,54. O piso segue a varia\u00e7\u00e3o do sal\u00e1rio m\u00ednimo e aumenta de R$ 1.518 para R$ 1.621. Os novos montantes valem tanto para quem recebe o seguro-desemprego como para quem ainda dar\u00e1 entrada no pedido.<\/p>\n<div id=\"metaslider-id-25573\" style=\"width: 100%;\" class=\"ml-slider-3-99-0 metaslider metaslider-flex metaslider-25573 ml-slider has-onhover-arrows ms-theme-default-base has-dots-nav\" role=\"region\" aria-label=\"Meio\" data-width=\"1200\">\n    <div id=\"metaslider_container_25573\">\n        <div id=\"metaslider_25573\">\n            <ul class='slides'>\n                <li style=\"display: block; width: 100%;\" class=\"slide-25684 ms-image \" aria-roledescription=\"slide\" data-date=\"2025-07-24 07:55:40\"><img src=\"https:\/\/sulsc.com\/wp-content\/uploads\/2025\/07\/Marr-2-1000x166.jpg\" height=\"200\" width=\"1200\" alt=\"\" class=\"slider-25573 slide-25684 msDefaultImage\" title=\"Marr 2\" \/><\/li>\n                <li style=\"display: none; width: 100%;\" class=\"slide-32412 ms-image \" aria-roledescription=\"slide\" data-date=\"2026-02-18 13:59:46\"><img src=\"https:\/\/sulsc.com\/wp-content\/uploads\/2026\/02\/40dc1580-cad5-4867-bc58-c4243821ad38-1000x166.jpeg\" height=\"200\" width=\"1200\" alt=\"\" class=\"slider-25573 slide-32412 msDefaultImage\" title=\"40dc1580-cad5-4867-bc58-c4243821ad38\" \/><\/li>\n                <li style=\"display: none; width: 100%;\" class=\"slide-32766 ms-image \" aria-roledescription=\"slide\" data-date=\"2026-03-03 17:22:59\"><img src=\"https:\/\/sulsc.com\/wp-content\/uploads\/2026\/03\/271ce739-f268-41c5-8051-3de1a1750359-1000x166.jpeg\" height=\"200\" width=\"1200\" alt=\"\" class=\"slider-25573 slide-32766 msDefaultImage\" title=\"271ce739-f268-41c5-8051-3de1a1750359\" \/><\/li>\n            <\/ul>\n        <\/div>\n        \n    <\/div>\n<\/div>\n<p>A parcela do seguro-desemprego \u00e9 calculada com base na m\u00e9dia das tr\u00eas \u00faltimas remunera\u00e7\u00f5es do trabalhador antes da demiss\u00e3o. Ap\u00f3s a corre\u00e7\u00e3o das faixas salariais, o benef\u00edcio ser\u00e1 definido da seguinte forma:<\/p>\n<p><strong>Sal\u00e1rio m\u00e9dio: <\/strong>At\u00e9 R$ 2.222,17 \/\u00a0 <strong>Valor da parcela: <\/strong>80% do sal\u00e1rio m\u00e9dio ou sal\u00e1rio m\u00ednimo, prevalecendo o maior valor.<\/p>\n<p><strong>Sal\u00e1rio m\u00e9dio: <\/strong>De R$ 2.222,18 at\u00e9 R$ 3.703,99 \/<strong> Valor da Parcela: <\/strong>50% sobre o que ultrapassar R$ 2.222,17, mais valor fixo de R$ 1.777,74.<\/p>\n<p><strong>Sal\u00e1rio m\u00e9dio: <\/strong>Acima de R$ 3.703,99\u00a0 \/ <strong>Parcela<\/strong> invari\u00e1vel de R$ 2.518,65.<\/p>\n<p>Fonte: Minist\u00e9rio do Trabalho e Emprego<\/p>\n<p><img fetchpriority=\"high\" decoding=\"async\" class=\"aligncenter size-full wp-image-31469\" src=\"http:\/\/sulsc.com\/wp-content\/uploads\/2026\/01\/db8ecc02-fad3-4eb3-92ba-6bcd1d1c5d29.jpeg\" alt=\"\" width=\"750\" height=\"436\" srcset=\"https:\/\/sulsc.com\/wp-content\/uploads\/2026\/01\/db8ecc02-fad3-4eb3-92ba-6bcd1d1c5d29.jpeg 750w, https:\/\/sulsc.com\/wp-content\/uploads\/2026\/01\/db8ecc02-fad3-4eb3-92ba-6bcd1d1c5d29-300x174.jpeg 300w\" sizes=\"(max-width: 750px) 100vw, 750px\" \/><\/p>\n<p><strong>Direitos<\/strong><br \/>\nPago ao trabalhador com carteira assinada dispensado sem justa causa, o seguro-desemprego tem de tr\u00eas a cinco parcelas, que dependem do n\u00famero de meses trabalhados no emprego anterior e do n\u00famero de pedidos do benef\u00edcio. O benef\u00edcio pode ser requerido por meio do Portal Emprega Brasil, do Minist\u00e9rio do Trabalho e Emprego.<\/p>\n<p>Para ter direito ao seguro-desemprego, o trabalhador deve cumprir os seguintes requisitos:<\/p>\n<p>\u2022 Ter sido dispensado sem justa causa;<\/p>\n<p>\u2022 Estar desempregado, quando do requerimento do benef\u00edcio;<\/p>\n<p>\u2022 Ter recebido sal\u00e1rios de pessoa jur\u00eddica ou pessoa f\u00edsica equiparada \u00e0 jur\u00eddica (inscrita em cadastro espec\u00edfico da Previd\u00eancia Social) relativos a:<br \/>\n\u2013 pelo menos 12 meses nos \u00faltimos 18 meses imediatamente anteriores \u00e0 data de dispensa, no primeiro pedido;<br \/>\n\u2013 pelo menos nove meses nos \u00faltimos 12 meses imediatamente anteriores \u00e0 data de dispensa, no segundo pedido; e<br \/>\n\u2013 cada um dos seis meses imediatamente anteriores \u00e0 data de dispensa, nos demais pedidos;<\/p>\n<p>\u2022 N\u00e3o ter renda pr\u00f3pria para o seu sustento e de sua fam\u00edlia;<\/p>\n<p>\u2022 N\u00e3o estar recebendo benef\u00edcio de presta\u00e7\u00e3o continuada da Previd\u00eancia Social, exceto pens\u00e3o por morte ou aux\u00edlio-acidente.<\/p>\n<p>O trabalhador n\u00e3o pode ter outro v\u00ednculo empregat\u00edcio. O prazo para fazer o pedido varia entre o s\u00e9timo e o 120\u00ba dia da demiss\u00e3o, para trabalhadores formais, e entre o s\u00e9timo e o 90\u00ba dia, para empregados dom\u00e9sticos.<\/p>\n","protected":false},"excerpt":{"rendered":"<p>A partir desta segunda-feira (12), o trabalhador demitido sem justa causa est\u00e1 recebendo mais seguro-desemprego. A tabela das faixas salariais usadas para calcular o valor da parcela seguiu o \u00cdndice Nacional de Pre\u00e7os ao Consumidor (INPC) de 2024 e foi reajustada em 3,9%. Com a corre\u00e7\u00e3o, o valor m\u00e1ximo do seguro-desemprego subir\u00e1 de R$ 2.424,11 &hellip;<\/p>\n<p class=\"read-more\"> <a class=\"\" href=\"https:\/\/sulsc.com\/index.php\/2026\/01\/13\/teto-do-seguro-desemprego-sobe-para-r-2-51865-apos-reajuste\/\"> <span class=\"screen-reader-text\">Teto do seguro-desemprego sobe para R$ 2.518,65 ap\u00f3s reajuste<\/span> Read More &raquo;<\/a><\/p>\n","protected":false},"author":3,"featured_media":31470,"comment_status":"open","ping_status":"open","sticky":false,"template":"","format":"standard","meta":{"site-sidebar-layout":"default","site-content-layout":"","ast-site-content-layout":"default","site-content-style":"default","site-sidebar-style":"default","ast-global-header-display":"","ast-banner-title-visibility":"","ast-main-header-display":"","ast-hfb-above-header-display":"","ast-hfb-below-header-display":"","ast-hfb-mobile-header-display":"","site-post-title":"","ast-breadcrumbs-content":"","ast-featured-img":"","footer-sml-layout":"","theme-transparent-header-meta":"default","adv-header-id-meta":"","stick-header-meta":"","header-above-stick-meta":"","header-main-stick-meta":"","header-below-stick-meta":"","astra-migrate-meta-layouts":"set","footnotes":""},"categories":[11,1,14,12],"tags":[2802],"yoast_head":"<!-- This site is optimized with the Yoast SEO plugin v21.4 - https:\/\/yoast.com\/wordpress\/plugins\/seo\/ -->\n<title>Teto do seguro-desemprego sobe para R$ 2.518,65 ap\u00f3s reajuste -<\/title>\n<meta name=\"robots\" content=\"index, follow, max-snippet:-1, max-image-preview:large, max-video-preview:-1\" \/>\n<link rel=\"canonical\" href=\"https:\/\/sulsc.com\/index.php\/2026\/01\/13\/teto-do-seguro-desemprego-sobe-para-r-2-51865-apos-reajuste\/\" \/>\n<meta property=\"og:locale\" content=\"en_US\" \/>\n<meta property=\"og:type\" content=\"article\" \/>\n<meta property=\"og:title\" content=\"Teto do seguro-desemprego sobe para R$ 2.518,65 ap\u00f3s reajuste -\" \/>\n<meta property=\"og:description\" content=\"A partir desta segunda-feira (12), o trabalhador demitido sem justa causa est\u00e1 recebendo mais seguro-desemprego. A tabela das faixas salariais usadas para calcular o valor da parcela seguiu o \u00cdndice Nacional de Pre\u00e7os ao Consumidor (INPC) de 2024 e foi reajustada em 3,9%. Com a corre\u00e7\u00e3o, o valor m\u00e1ximo do seguro-desemprego subir\u00e1 de R$ 2.424,11 &hellip; Teto do seguro-desemprego sobe para R$ 2.518,65 ap\u00f3s reajuste Read More &raquo;\" \/>\n<meta property=\"og:url\" content=\"https:\/\/sulsc.com\/index.php\/2026\/01\/13\/teto-do-seguro-desemprego-sobe-para-r-2-51865-apos-reajuste\/\" \/>\n<meta property=\"article:author\" content=\"https:\/\/www.facebook.com\/profile.php?id=61559278119680\" \/>\n<meta property=\"article:published_time\" content=\"2026-01-13T17:54:12+00:00\" \/>\n<meta property=\"og:image\" content=\"http:\/\/sulsc.com\/wp-content\/uploads\/2026\/01\/d12d0214-7714-4a3f-a39c-9d1ee95ea7dd.jpeg\" \/>\n\t<meta property=\"og:image:width\" content=\"570\" \/>\n\t<meta property=\"og:image:height\" content=\"350\" \/>\n\t<meta property=\"og:image:type\" content=\"image\/jpeg\" \/>\n<meta name=\"author\" content=\"Reda\u00e7\u00e3o Sul SC\" \/>\n<meta name=\"twitter:card\" content=\"summary_large_image\" \/>\n<meta name=\"twitter:creator\" content=\"@https:\/\/twitter.com\/PortalSulSC\" \/>\n<meta name=\"twitter:label1\" content=\"Written by\" \/>\n\t<meta name=\"twitter:data1\" content=\"Reda\u00e7\u00e3o Sul SC\" \/>\n\t<meta name=\"twitter:label2\" content=\"Est. reading time\" \/>\n\t<meta name=\"twitter:data2\" content=\"3 minutes\" \/>\n<script type=\"application\/ld+json\" class=\"yoast-schema-graph\">{\"@context\":\"https:\/\/schema.org\",\"@graph\":[{\"@type\":\"WebPage\",\"@id\":\"https:\/\/sulsc.com\/index.php\/2026\/01\/13\/teto-do-seguro-desemprego-sobe-para-r-2-51865-apos-reajuste\/\",\"url\":\"https:\/\/sulsc.com\/index.php\/2026\/01\/13\/teto-do-seguro-desemprego-sobe-para-r-2-51865-apos-reajuste\/\",\"name\":\"Teto do seguro-desemprego sobe para R$ 2.518,65 ap\u00f3s reajuste -\",\"isPartOf\":{\"@id\":\"https:\/\/sulsc.com\/#website\"},\"datePublished\":\"2026-01-13T17:54:12+00:00\",\"dateModified\":\"2026-01-13T17:54:12+00:00\",\"author\":{\"@id\":\"https:\/\/sulsc.com\/#\/schema\/person\/84d2fc571684f6248ba83092f07750a3\"},\"breadcrumb\":{\"@id\":\"https:\/\/sulsc.com\/index.php\/2026\/01\/13\/teto-do-seguro-desemprego-sobe-para-r-2-51865-apos-reajuste\/#breadcrumb\"},\"inLanguage\":\"en-US\",\"potentialAction\":[{\"@type\":\"ReadAction\",\"target\":[\"https:\/\/sulsc.com\/index.php\/2026\/01\/13\/teto-do-seguro-desemprego-sobe-para-r-2-51865-apos-reajuste\/\"]}]},{\"@type\":\"BreadcrumbList\",\"@id\":\"https:\/\/sulsc.com\/index.php\/2026\/01\/13\/teto-do-seguro-desemprego-sobe-para-r-2-51865-apos-reajuste\/#breadcrumb\",\"itemListElement\":[{\"@type\":\"ListItem\",\"position\":1,\"name\":\"In\u00edcio\",\"item\":\"https:\/\/sulsc.com\/\"},{\"@type\":\"ListItem\",\"position\":2,\"name\":\"Teto do seguro-desemprego sobe para R$ 2.518,65 ap\u00f3s reajuste\"}]},{\"@type\":\"WebSite\",\"@id\":\"https:\/\/sulsc.com\/#website\",\"url\":\"https:\/\/sulsc.com\/\",\"name\":\"\",\"description\":\"\",\"potentialAction\":[{\"@type\":\"SearchAction\",\"target\":{\"@type\":\"EntryPoint\",\"urlTemplate\":\"https:\/\/sulsc.com\/?s={search_term_string}\"},\"query-input\":\"required name=search_term_string\"}],\"inLanguage\":\"en-US\"},{\"@type\":\"Person\",\"@id\":\"https:\/\/sulsc.com\/#\/schema\/person\/84d2fc571684f6248ba83092f07750a3\",\"name\":\"Reda\u00e7\u00e3o Sul SC\",\"image\":{\"@type\":\"ImageObject\",\"inLanguage\":\"en-US\",\"@id\":\"https:\/\/sulsc.com\/#\/schema\/person\/image\/e08d7fe2cc4ed596372063bbe852b8d0\",\"url\":\"https:\/\/sulsc.com\/wp-content\/uploads\/2023\/09\/redacao.png\",\"contentUrl\":\"https:\/\/sulsc.com\/wp-content\/uploads\/2023\/09\/redacao.png\",\"caption\":\"Reda\u00e7\u00e3o Sul SC\"},\"description\":\"Foco em um jornalismo imparcial, voltado \u00e0 qualidade dos seus conte\u00fados e, assim, levar informa\u00e7\u00e3o de valor que agregue \u00e0 vida dos leitores. Esta \u00e9 grande miss\u00e3o do Portal de Not\u00edcias Sul SC. N\u00e3o \u00e9 quantidade que muda o mundo, sempre foi e seguir\u00e1 sendo qualidade!\",\"sameAs\":[\"https:\/\/sulsc.com\/\",\"https:\/\/www.facebook.com\/profile.php?id=61559278119680\",\"https:\/\/www.instagram.com\/sulscportal\/?hl=pt-br\",\"https:\/\/twitter.com\/https:\/\/twitter.com\/PortalSulSC\",\"https:\/\/www.youtube.com\/channel\/UCv_BE8GeySluDov2n8qhVmw\"],\"url\":\"https:\/\/sulsc.com\/index.php\/author\/redacao\/\"}]}<\/script>\n<!-- \/ Yoast SEO plugin. -->","yoast_head_json":{"title":"Teto do seguro-desemprego sobe para R$ 2.518,65 ap\u00f3s reajuste -","robots":{"index":"index","follow":"follow","max-snippet":"max-snippet:-1","max-image-preview":"max-image-preview:large","max-video-preview":"max-video-preview:-1"},"canonical":"https:\/\/sulsc.com\/index.php\/2026\/01\/13\/teto-do-seguro-desemprego-sobe-para-r-2-51865-apos-reajuste\/","og_locale":"en_US","og_type":"article","og_title":"Teto do seguro-desemprego sobe para R$ 2.518,65 ap\u00f3s reajuste -","og_description":"A partir desta segunda-feira (12), o trabalhador demitido sem justa causa est\u00e1 recebendo mais seguro-desemprego. A tabela das faixas salariais usadas para calcular o valor da parcela seguiu o \u00cdndice Nacional de Pre\u00e7os ao Consumidor (INPC) de 2024 e foi reajustada em 3,9%. Com a corre\u00e7\u00e3o, o valor m\u00e1ximo do seguro-desemprego subir\u00e1 de R$ 2.424,11 &hellip; Teto do seguro-desemprego sobe para R$ 2.518,65 ap\u00f3s reajuste Read More &raquo;","og_url":"https:\/\/sulsc.com\/index.php\/2026\/01\/13\/teto-do-seguro-desemprego-sobe-para-r-2-51865-apos-reajuste\/","article_author":"https:\/\/www.facebook.com\/profile.php?id=61559278119680","article_published_time":"2026-01-13T17:54:12+00:00","og_image":[{"width":570,"height":350,"url":"http:\/\/sulsc.com\/wp-content\/uploads\/2026\/01\/d12d0214-7714-4a3f-a39c-9d1ee95ea7dd.jpeg","type":"image\/jpeg"}],"author":"Reda\u00e7\u00e3o Sul SC","twitter_card":"summary_large_image","twitter_creator":"@https:\/\/twitter.com\/PortalSulSC","twitter_misc":{"Written by":"Reda\u00e7\u00e3o Sul SC","Est. reading time":"3 minutes"},"schema":{"@context":"https:\/\/schema.org","@graph":[{"@type":"WebPage","@id":"https:\/\/sulsc.com\/index.php\/2026\/01\/13\/teto-do-seguro-desemprego-sobe-para-r-2-51865-apos-reajuste\/","url":"https:\/\/sulsc.com\/index.php\/2026\/01\/13\/teto-do-seguro-desemprego-sobe-para-r-2-51865-apos-reajuste\/","name":"Teto do seguro-desemprego sobe para R$ 2.518,65 ap\u00f3s reajuste -","isPartOf":{"@id":"https:\/\/sulsc.com\/#website"},"datePublished":"2026-01-13T17:54:12+00:00","dateModified":"2026-01-13T17:54:12+00:00","author":{"@id":"https:\/\/sulsc.com\/#\/schema\/person\/84d2fc571684f6248ba83092f07750a3"},"breadcrumb":{"@id":"https:\/\/sulsc.com\/index.php\/2026\/01\/13\/teto-do-seguro-desemprego-sobe-para-r-2-51865-apos-reajuste\/#breadcrumb"},"inLanguage":"en-US","potentialAction":[{"@type":"ReadAction","target":["https:\/\/sulsc.com\/index.php\/2026\/01\/13\/teto-do-seguro-desemprego-sobe-para-r-2-51865-apos-reajuste\/"]}]},{"@type":"BreadcrumbList","@id":"https:\/\/sulsc.com\/index.php\/2026\/01\/13\/teto-do-seguro-desemprego-sobe-para-r-2-51865-apos-reajuste\/#breadcrumb","itemListElement":[{"@type":"ListItem","position":1,"name":"In\u00edcio","item":"https:\/\/sulsc.com\/"},{"@type":"ListItem","position":2,"name":"Teto do seguro-desemprego sobe para R$ 2.518,65 ap\u00f3s reajuste"}]},{"@type":"WebSite","@id":"https:\/\/sulsc.com\/#website","url":"https:\/\/sulsc.com\/","name":"","description":"","potentialAction":[{"@type":"SearchAction","target":{"@type":"EntryPoint","urlTemplate":"https:\/\/sulsc.com\/?s={search_term_string}"},"query-input":"required name=search_term_string"}],"inLanguage":"en-US"},{"@type":"Person","@id":"https:\/\/sulsc.com\/#\/schema\/person\/84d2fc571684f6248ba83092f07750a3","name":"Reda\u00e7\u00e3o Sul SC","image":{"@type":"ImageObject","inLanguage":"en-US","@id":"https:\/\/sulsc.com\/#\/schema\/person\/image\/e08d7fe2cc4ed596372063bbe852b8d0","url":"https:\/\/sulsc.com\/wp-content\/uploads\/2023\/09\/redacao.png","contentUrl":"https:\/\/sulsc.com\/wp-content\/uploads\/2023\/09\/redacao.png","caption":"Reda\u00e7\u00e3o Sul SC"},"description":"Foco em um jornalismo imparcial, voltado \u00e0 qualidade dos seus conte\u00fados e, assim, levar informa\u00e7\u00e3o de valor que agregue \u00e0 vida dos leitores. Esta \u00e9 grande miss\u00e3o do Portal de Not\u00edcias Sul SC. N\u00e3o \u00e9 quantidade que muda o mundo, sempre foi e seguir\u00e1 sendo qualidade!","sameAs":["https:\/\/sulsc.com\/","https:\/\/www.facebook.com\/profile.php?id=61559278119680","https:\/\/www.instagram.com\/sulscportal\/?hl=pt-br","https:\/\/twitter.com\/https:\/\/twitter.com\/PortalSulSC","https:\/\/www.youtube.com\/channel\/UCv_BE8GeySluDov2n8qhVmw"],"url":"https:\/\/sulsc.com\/index.php\/author\/redacao\/"}]}},"authors":[],"_links":{"self":[{"href":"https:\/\/sulsc.com\/index.php\/wp-json\/wp\/v2\/posts\/31468"}],"collection":[{"href":"https:\/\/sulsc.com\/index.php\/wp-json\/wp\/v2\/posts"}],"about":[{"href":"https:\/\/sulsc.com\/index.php\/wp-json\/wp\/v2\/types\/post"}],"author":[{"embeddable":true,"href":"https:\/\/sulsc.com\/index.php\/wp-json\/wp\/v2\/users\/3"}],"replies":[{"embeddable":true,"href":"https:\/\/sulsc.com\/index.php\/wp-json\/wp\/v2\/comments?post=31468"}],"version-history":[{"count":1,"href":"https:\/\/sulsc.com\/index.php\/wp-json\/wp\/v2\/posts\/31468\/revisions"}],"predecessor-version":[{"id":31471,"href":"https:\/\/sulsc.com\/index.php\/wp-json\/wp\/v2\/posts\/31468\/revisions\/31471"}],"wp:featuredmedia":[{"embeddable":true,"href":"https:\/\/sulsc.com\/index.php\/wp-json\/wp\/v2\/media\/31470"}],"wp:attachment":[{"href":"https:\/\/sulsc.com\/index.php\/wp-json\/wp\/v2\/media?parent=31468"}],"wp:term":[{"taxonomy":"category","embeddable":true,"href":"https:\/\/sulsc.com\/index.php\/wp-json\/wp\/v2\/categories?post=31468"},{"taxonomy":"post_tag","embeddable":true,"href":"https:\/\/sulsc.com\/index.php\/wp-json\/wp\/v2\/tags?post=31468"}],"curies":[{"name":"wp","href":"https:\/\/api.w.org\/{rel}","templated":true}]}}