{"id":31472,"date":"2026-01-13T15:09:19","date_gmt":"2026-01-13T18:09:19","guid":{"rendered":"https:\/\/sulsc.com\/?p=31472"},"modified":"2026-01-13T15:09:19","modified_gmt":"2026-01-13T18:09:19","slug":"prefeitura-de-tubarao-inicia-mudanca-para-novo-centro-administrativo-e-anuncia-reforma-da-vila-dos-engenheiros","status":"publish","type":"post","link":"https:\/\/sulsc.com\/index.php\/2026\/01\/13\/prefeitura-de-tubarao-inicia-mudanca-para-novo-centro-administrativo-e-anuncia-reforma-da-vila-dos-engenheiros\/","title":{"rendered":"Prefeitura de Tubar\u00e3o inicia mudan\u00e7a para novo Centro Administrativo e anuncia reforma da Vila dos Engenheiros"},"content":{"rendered":"<p><strong>&#8220;Na \u00edntegra&#8221;:<\/strong>\u00a0A Prefeitura de Tubar\u00e3o iniciou, nos primeiros dias de 2026, a transfer\u00eancia gradual de setores administrativos para o novo Centro Administrativo Municipal, localizado no bairro Oficinas, diante das condi\u00e7\u00f5es insalubres e dos graves problemas estruturais do Pa\u00e7o Municipal, que j\u00e1 n\u00e3o comporta mais o funcionamento adequado da Administra\u00e7\u00e3o P\u00fablica.<\/p>\n<p>O antigo Pa\u00e7o Municipal apresenta chuva dentro das salas, infiltra\u00e7\u00f5es constantes, forros cedendo, pisos comprometidos, umidade excessiva, presen\u00e7a de animais pe\u00e7onhentos e risco estrutural no telhado, cen\u00e1rio que compromete a sa\u00fade dos servidores, a seguran\u00e7a do p\u00fablico e a qualidade do atendimento \u00e0 popula\u00e7\u00e3o.<\/p>\n<div id=\"metaslider-id-25573\" style=\"width: 100%;\" class=\"ml-slider-3-99-0 metaslider metaslider-flex metaslider-25573 ml-slider has-onhover-arrows ms-theme-default-base has-dots-nav\" role=\"region\" aria-label=\"Meio\" data-width=\"1200\">\n    <div id=\"metaslider_container_25573\">\n        <div id=\"metaslider_25573\">\n            <ul class='slides'>\n                <li style=\"display: block; width: 100%;\" class=\"slide-25684 ms-image \" aria-roledescription=\"slide\" data-date=\"2025-07-24 07:55:40\"><img src=\"https:\/\/sulsc.com\/wp-content\/uploads\/2025\/07\/Marr-2-1000x166.jpg\" height=\"200\" width=\"1200\" alt=\"\" class=\"slider-25573 slide-25684 msDefaultImage\" title=\"Marr 2\" \/><\/li>\n                <li style=\"display: none; width: 100%;\" class=\"slide-32412 ms-image \" aria-roledescription=\"slide\" data-date=\"2026-02-18 13:59:46\"><img src=\"https:\/\/sulsc.com\/wp-content\/uploads\/2026\/02\/40dc1580-cad5-4867-bc58-c4243821ad38-1000x166.jpeg\" height=\"200\" width=\"1200\" alt=\"\" class=\"slider-25573 slide-32412 msDefaultImage\" title=\"40dc1580-cad5-4867-bc58-c4243821ad38\" \/><\/li>\n                <li style=\"display: none; width: 100%;\" class=\"slide-32766 ms-image \" aria-roledescription=\"slide\" data-date=\"2026-03-03 17:22:59\"><img src=\"https:\/\/sulsc.com\/wp-content\/uploads\/2026\/03\/271ce739-f268-41c5-8051-3de1a1750359-1000x166.jpeg\" height=\"200\" width=\"1200\" alt=\"\" class=\"slider-25573 slide-32766 msDefaultImage\" title=\"271ce739-f268-41c5-8051-3de1a1750359\" \/><\/li>\n            <\/ul>\n        <\/div>\n        \n    <\/div>\n<\/div>\n<p>A nova estrutura foi locada pelo <strong>valor mensal de R$ 105 mil,<\/strong> ap\u00f3s avalia\u00e7\u00f5es de mercado. Laudo t\u00e9cnico contratado em 2023, referente ao mesmo im\u00f3vel agora locado, apontou que o valor m\u00e9dio ideal de aluguel para a estrutura seria de aproximadamente R$ 190 mil mensais. Com isso, a prefeitura obteve uma economia de cerca de 43%, representando significativa redu\u00e7\u00e3o de despesas aos cofres p\u00fablicos.<\/p>\n<p>A mudan\u00e7a est\u00e1 sendo realizada de forma gradual e organizada, setor por setor, com o envolvimento direto das pr\u00f3prias equipes, sem contrata\u00e7\u00e3o de empresa de frete, garantindo economia adicional e a continuidade dos servi\u00e7os durante o processo de transi\u00e7\u00e3o.<\/p>\n<p>J\u00e1 est\u00e3o em funcionamento no novo Centro Administrativo os setores de Recursos Humanos, Financeiro, Comunica\u00e7\u00e3o, Conv\u00eanios, Licita\u00e7\u00f5es e Procuradoria, al\u00e9m das Secretarias de Combate \u00e0 Corrup\u00e7\u00e3o e Controladoria e Administra\u00e7\u00e3o e Finan\u00e7as, bem como os gabinetes do prefeito e do vice-prefeito.<\/p>\n<p>Ainda em 2026, est\u00e1 prevista a transfer\u00eancia dos setores administrativos das secretarias de Infraestrutura, Prote\u00e7\u00e3o e Defesa Civil, Servi\u00e7os P\u00fablicos e Zeladoria e Agricultura.<\/p>\n<p>Paralelamente \u00e0 mudan\u00e7a, a Administra\u00e7\u00e3o Municipal dar\u00e1 in\u00edcio a um amplo processo de recupera\u00e7\u00e3o da antiga Vila dos Engenheiros. Duas edifica\u00e7\u00f5es hist\u00f3ricas \u2014 onde funcionavam o Gabinete do Prefeito e a Secretaria de Combate \u00e0 Corrup\u00e7\u00e3o e Controladoria \u2014 passar\u00e3o por reforma estrutural, com licita\u00e7\u00e3o em andamento. Na sequ\u00eancia, outras quatro edifica\u00e7\u00f5es tamb\u00e9m ser\u00e3o reformadas, em interven\u00e7\u00f5es menos complexas. Futuramente, a Prefeitura pretende discutir com a sociedade o uso definitivo dessas edifica\u00e7\u00f5es, respeitando seu valor hist\u00f3rico, arquitet\u00f4nico e cultural.<\/p>\n<p><strong>O prefeito Est\u00eaner Soratto<\/strong> ressaltou que a decis\u00e3o de mudan\u00e7a foi motivada, sobretudo, pela necessidade de garantir condi\u00e7\u00f5es dignas de trabalho aos servidores: \u201cN\u00f3s estamos nos mudando porque o Pa\u00e7o Municipal apresenta problemas estruturais graves e condi\u00e7\u00f5es de insalubridade. H\u00e1 infiltra\u00e7\u00f5es, forro caindo, pisos cedendo e risco no telhado. Eu jamais colocaria a seguran\u00e7a de qualquer servidor em risco. No dia 2 de janeiro de 2025, logo que assumimos, enfrentamos um dia de muita chuva e praticamente n\u00e3o conseguimos trabalhar, tamanha a quantidade de goteiras em diversos pontos do pr\u00e9dio.\u201d<\/p>\n<p><img fetchpriority=\"high\" decoding=\"async\" class=\"aligncenter size-full wp-image-31473\" src=\"http:\/\/sulsc.com\/wp-content\/uploads\/2026\/01\/IMG_8581-1-1024x575-1.jpg\" alt=\"\" width=\"1024\" height=\"575\" srcset=\"https:\/\/sulsc.com\/wp-content\/uploads\/2026\/01\/IMG_8581-1-1024x575-1.jpg 1024w, https:\/\/sulsc.com\/wp-content\/uploads\/2026\/01\/IMG_8581-1-1024x575-1-300x168.jpg 300w, https:\/\/sulsc.com\/wp-content\/uploads\/2026\/01\/IMG_8581-1-1024x575-1-768x431.jpg 768w\" sizes=\"(max-width: 1024px) 100vw, 1024px\" \/><\/p>\n<p>Fotos: Vinicius Duarte\/Decom\/PMT\/Divulga\u00e7\u00e3o\/SulSC<\/p>\n<p>Segundo o prefeito, apesar das melhorias emergenciais realizadas ao longo de 2025, o pr\u00e9dio exige uma solu\u00e7\u00e3o definitiva. \u201cFizemos interven\u00e7\u00f5es com recursos pr\u00f3prios, sem interromper o funcionamento da prefeitura, mas isso n\u00e3o substitui uma reforma estrutural adequada. Em 2026, iniciaremos uma grande obra de recupera\u00e7\u00e3o, preservando a arquitetura hist\u00f3rica. O Pa\u00e7o Municipal precisava dessa reforma h\u00e1 mais de uma d\u00e9cada. Chegou o momento de mudar essa realidade. N\u00e3o \u00e9 aceit\u00e1vel que servidores continuem trabalhando em meio \u00e0 umidade, mofo, infiltra\u00e7\u00f5es e sob risco de adoecer.\u201d<\/p>\n<p>Para garantir transpar\u00eancia e acesso \u00e0 informa\u00e7\u00e3o, jornalistas da regi\u00e3o foram convidados para uma visita ao antigo Pa\u00e7o Municipal, onde puderam verificar in loco as condi\u00e7\u00f5es insalubres da estrutura. Na sequ\u00eancia, foi realizada uma visita guiada ao novo Centro Administrativo Municipal, acompanhada pelo prefeito Est\u00eaner Soratto, pelo vice-prefeito Denis Matiola, al\u00e9m de secret\u00e1rios municipais e gestores dos setores j\u00e1 instalados no novo pr\u00e9dio, possibilitando o esclarecimento de d\u00favidas e a apresenta\u00e7\u00e3o detalhada da nova estrutura administrativa.<\/p>\n<p>Fonte: Prefeitura de Tubar\u00e3o<\/p>\n","protected":false},"excerpt":{"rendered":"<p>&#8220;Na \u00edntegra&#8221;:\u00a0A Prefeitura de Tubar\u00e3o iniciou, nos primeiros dias de 2026, a transfer\u00eancia gradual de setores administrativos para o novo Centro Administrativo Municipal, localizado no bairro Oficinas, diante das condi\u00e7\u00f5es insalubres e dos graves problemas estruturais do Pa\u00e7o Municipal, que j\u00e1 n\u00e3o comporta mais o funcionamento adequado da Administra\u00e7\u00e3o P\u00fablica. O antigo Pa\u00e7o Municipal apresenta &hellip;<\/p>\n<p class=\"read-more\"> <a class=\"\" href=\"https:\/\/sulsc.com\/index.php\/2026\/01\/13\/prefeitura-de-tubarao-inicia-mudanca-para-novo-centro-administrativo-e-anuncia-reforma-da-vila-dos-engenheiros\/\"> <span class=\"screen-reader-text\">Prefeitura de Tubar\u00e3o inicia mudan\u00e7a para novo Centro Administrativo e anuncia reforma da Vila dos Engenheiros<\/span> Read More &raquo;<\/a><\/p>\n","protected":false},"author":3,"featured_media":31474,"comment_status":"open","ping_status":"open","sticky":false,"template":"","format":"standard","meta":{"site-sidebar-layout":"default","site-content-layout":"","ast-site-content-layout":"default","site-content-style":"default","site-sidebar-style":"default","ast-global-header-display":"","ast-banner-title-visibility":"","ast-main-header-display":"","ast-hfb-above-header-display":"","ast-hfb-below-header-display":"","ast-hfb-mobile-header-display":"","site-post-title":"","ast-breadcrumbs-content":"","ast-featured-img":"","footer-sml-layout":"","theme-transparent-header-meta":"default","adv-header-id-meta":"","stick-header-meta":"","header-above-stick-meta":"","header-main-stick-meta":"","header-below-stick-meta":"","astra-migrate-meta-layouts":"set","footnotes":""},"categories":[2231,1,14,21,12],"tags":[1193],"yoast_head":"<!-- This site is optimized with the Yoast SEO plugin v21.4 - https:\/\/yoast.com\/wordpress\/plugins\/seo\/ -->\n<title>Prefeitura de Tubar\u00e3o inicia mudan\u00e7a para novo Centro Administrativo e anuncia reforma da Vila dos Engenheiros -<\/title>\n<meta name=\"robots\" content=\"index, follow, max-snippet:-1, max-image-preview:large, max-video-preview:-1\" \/>\n<link rel=\"canonical\" href=\"https:\/\/sulsc.com\/index.php\/2026\/01\/13\/prefeitura-de-tubarao-inicia-mudanca-para-novo-centro-administrativo-e-anuncia-reforma-da-vila-dos-engenheiros\/\" \/>\n<meta property=\"og:locale\" content=\"en_US\" \/>\n<meta property=\"og:type\" content=\"article\" \/>\n<meta property=\"og:title\" content=\"Prefeitura de Tubar\u00e3o inicia mudan\u00e7a para novo Centro Administrativo e anuncia reforma da Vila dos Engenheiros -\" \/>\n<meta property=\"og:description\" content=\"&#8220;Na \u00edntegra&#8221;:\u00a0A Prefeitura de Tubar\u00e3o iniciou, nos primeiros dias de 2026, a transfer\u00eancia gradual de setores administrativos para o novo Centro Administrativo Municipal, localizado no bairro Oficinas, diante das condi\u00e7\u00f5es insalubres e dos graves problemas estruturais do Pa\u00e7o Municipal, que j\u00e1 n\u00e3o comporta mais o funcionamento adequado da Administra\u00e7\u00e3o P\u00fablica. O antigo Pa\u00e7o Municipal apresenta &hellip; Prefeitura de Tubar\u00e3o inicia mudan\u00e7a para novo Centro Administrativo e anuncia reforma da Vila dos Engenheiros Read More &raquo;\" \/>\n<meta property=\"og:url\" content=\"https:\/\/sulsc.com\/index.php\/2026\/01\/13\/prefeitura-de-tubarao-inicia-mudanca-para-novo-centro-administrativo-e-anuncia-reforma-da-vila-dos-engenheiros\/\" \/>\n<meta property=\"article:author\" content=\"https:\/\/www.facebook.com\/profile.php?id=61559278119680\" \/>\n<meta property=\"article:published_time\" content=\"2026-01-13T18:09:19+00:00\" \/>\n<meta property=\"og:image\" content=\"http:\/\/sulsc.com\/wp-content\/uploads\/2026\/01\/IMG_8546-1-575x1024-1.jpg\" \/>\n\t<meta property=\"og:image:width\" content=\"575\" \/>\n\t<meta property=\"og:image:height\" content=\"1024\" \/>\n\t<meta property=\"og:image:type\" content=\"image\/jpeg\" \/>\n<meta name=\"author\" content=\"Reda\u00e7\u00e3o Sul SC\" \/>\n<meta name=\"twitter:card\" content=\"summary_large_image\" \/>\n<meta name=\"twitter:creator\" content=\"@https:\/\/twitter.com\/PortalSulSC\" \/>\n<meta name=\"twitter:label1\" content=\"Written by\" \/>\n\t<meta name=\"twitter:data1\" content=\"Reda\u00e7\u00e3o Sul SC\" \/>\n\t<meta name=\"twitter:label2\" content=\"Est. reading time\" \/>\n\t<meta name=\"twitter:data2\" content=\"3 minutes\" \/>\n<script type=\"application\/ld+json\" class=\"yoast-schema-graph\">{\"@context\":\"https:\/\/schema.org\",\"@graph\":[{\"@type\":\"WebPage\",\"@id\":\"https:\/\/sulsc.com\/index.php\/2026\/01\/13\/prefeitura-de-tubarao-inicia-mudanca-para-novo-centro-administrativo-e-anuncia-reforma-da-vila-dos-engenheiros\/\",\"url\":\"https:\/\/sulsc.com\/index.php\/2026\/01\/13\/prefeitura-de-tubarao-inicia-mudanca-para-novo-centro-administrativo-e-anuncia-reforma-da-vila-dos-engenheiros\/\",\"name\":\"Prefeitura de Tubar\u00e3o inicia mudan\u00e7a para novo Centro Administrativo e anuncia reforma da Vila dos Engenheiros -\",\"isPartOf\":{\"@id\":\"https:\/\/sulsc.com\/#website\"},\"datePublished\":\"2026-01-13T18:09:19+00:00\",\"dateModified\":\"2026-01-13T18:09:19+00:00\",\"author\":{\"@id\":\"https:\/\/sulsc.com\/#\/schema\/person\/84d2fc571684f6248ba83092f07750a3\"},\"breadcrumb\":{\"@id\":\"https:\/\/sulsc.com\/index.php\/2026\/01\/13\/prefeitura-de-tubarao-inicia-mudanca-para-novo-centro-administrativo-e-anuncia-reforma-da-vila-dos-engenheiros\/#breadcrumb\"},\"inLanguage\":\"en-US\",\"potentialAction\":[{\"@type\":\"ReadAction\",\"target\":[\"https:\/\/sulsc.com\/index.php\/2026\/01\/13\/prefeitura-de-tubarao-inicia-mudanca-para-novo-centro-administrativo-e-anuncia-reforma-da-vila-dos-engenheiros\/\"]}]},{\"@type\":\"BreadcrumbList\",\"@id\":\"https:\/\/sulsc.com\/index.php\/2026\/01\/13\/prefeitura-de-tubarao-inicia-mudanca-para-novo-centro-administrativo-e-anuncia-reforma-da-vila-dos-engenheiros\/#breadcrumb\",\"itemListElement\":[{\"@type\":\"ListItem\",\"position\":1,\"name\":\"In\u00edcio\",\"item\":\"https:\/\/sulsc.com\/\"},{\"@type\":\"ListItem\",\"position\":2,\"name\":\"Prefeitura de Tubar\u00e3o inicia mudan\u00e7a para novo Centro Administrativo e anuncia reforma da Vila dos Engenheiros\"}]},{\"@type\":\"WebSite\",\"@id\":\"https:\/\/sulsc.com\/#website\",\"url\":\"https:\/\/sulsc.com\/\",\"name\":\"\",\"description\":\"\",\"potentialAction\":[{\"@type\":\"SearchAction\",\"target\":{\"@type\":\"EntryPoint\",\"urlTemplate\":\"https:\/\/sulsc.com\/?s={search_term_string}\"},\"query-input\":\"required name=search_term_string\"}],\"inLanguage\":\"en-US\"},{\"@type\":\"Person\",\"@id\":\"https:\/\/sulsc.com\/#\/schema\/person\/84d2fc571684f6248ba83092f07750a3\",\"name\":\"Reda\u00e7\u00e3o Sul SC\",\"image\":{\"@type\":\"ImageObject\",\"inLanguage\":\"en-US\",\"@id\":\"https:\/\/sulsc.com\/#\/schema\/person\/image\/e08d7fe2cc4ed596372063bbe852b8d0\",\"url\":\"https:\/\/sulsc.com\/wp-content\/uploads\/2023\/09\/redacao.png\",\"contentUrl\":\"https:\/\/sulsc.com\/wp-content\/uploads\/2023\/09\/redacao.png\",\"caption\":\"Reda\u00e7\u00e3o Sul SC\"},\"description\":\"Foco em um jornalismo imparcial, voltado \u00e0 qualidade dos seus conte\u00fados e, assim, levar informa\u00e7\u00e3o de valor que agregue \u00e0 vida dos leitores. Esta \u00e9 grande miss\u00e3o do Portal de Not\u00edcias Sul SC. N\u00e3o \u00e9 quantidade que muda o mundo, sempre foi e seguir\u00e1 sendo qualidade!\",\"sameAs\":[\"https:\/\/sulsc.com\/\",\"https:\/\/www.facebook.com\/profile.php?id=61559278119680\",\"https:\/\/www.instagram.com\/sulscportal\/?hl=pt-br\",\"https:\/\/twitter.com\/https:\/\/twitter.com\/PortalSulSC\",\"https:\/\/www.youtube.com\/channel\/UCv_BE8GeySluDov2n8qhVmw\"],\"url\":\"https:\/\/sulsc.com\/index.php\/author\/redacao\/\"}]}<\/script>\n<!-- \/ Yoast SEO plugin. -->","yoast_head_json":{"title":"Prefeitura de Tubar\u00e3o inicia mudan\u00e7a para novo Centro Administrativo e anuncia reforma da Vila dos Engenheiros -","robots":{"index":"index","follow":"follow","max-snippet":"max-snippet:-1","max-image-preview":"max-image-preview:large","max-video-preview":"max-video-preview:-1"},"canonical":"https:\/\/sulsc.com\/index.php\/2026\/01\/13\/prefeitura-de-tubarao-inicia-mudanca-para-novo-centro-administrativo-e-anuncia-reforma-da-vila-dos-engenheiros\/","og_locale":"en_US","og_type":"article","og_title":"Prefeitura de Tubar\u00e3o inicia mudan\u00e7a para novo Centro Administrativo e anuncia reforma da Vila dos Engenheiros -","og_description":"&#8220;Na \u00edntegra&#8221;:\u00a0A Prefeitura de Tubar\u00e3o iniciou, nos primeiros dias de 2026, a transfer\u00eancia gradual de setores administrativos para o novo Centro Administrativo Municipal, localizado no bairro Oficinas, diante das condi\u00e7\u00f5es insalubres e dos graves problemas estruturais do Pa\u00e7o Municipal, que j\u00e1 n\u00e3o comporta mais o funcionamento adequado da Administra\u00e7\u00e3o P\u00fablica. O antigo Pa\u00e7o Municipal apresenta &hellip; Prefeitura de Tubar\u00e3o inicia mudan\u00e7a para novo Centro Administrativo e anuncia reforma da Vila dos Engenheiros Read More &raquo;","og_url":"https:\/\/sulsc.com\/index.php\/2026\/01\/13\/prefeitura-de-tubarao-inicia-mudanca-para-novo-centro-administrativo-e-anuncia-reforma-da-vila-dos-engenheiros\/","article_author":"https:\/\/www.facebook.com\/profile.php?id=61559278119680","article_published_time":"2026-01-13T18:09:19+00:00","og_image":[{"width":575,"height":1024,"url":"http:\/\/sulsc.com\/wp-content\/uploads\/2026\/01\/IMG_8546-1-575x1024-1.jpg","type":"image\/jpeg"}],"author":"Reda\u00e7\u00e3o Sul SC","twitter_card":"summary_large_image","twitter_creator":"@https:\/\/twitter.com\/PortalSulSC","twitter_misc":{"Written by":"Reda\u00e7\u00e3o Sul SC","Est. reading time":"3 minutes"},"schema":{"@context":"https:\/\/schema.org","@graph":[{"@type":"WebPage","@id":"https:\/\/sulsc.com\/index.php\/2026\/01\/13\/prefeitura-de-tubarao-inicia-mudanca-para-novo-centro-administrativo-e-anuncia-reforma-da-vila-dos-engenheiros\/","url":"https:\/\/sulsc.com\/index.php\/2026\/01\/13\/prefeitura-de-tubarao-inicia-mudanca-para-novo-centro-administrativo-e-anuncia-reforma-da-vila-dos-engenheiros\/","name":"Prefeitura de Tubar\u00e3o inicia mudan\u00e7a para novo Centro Administrativo e anuncia reforma da Vila dos Engenheiros -","isPartOf":{"@id":"https:\/\/sulsc.com\/#website"},"datePublished":"2026-01-13T18:09:19+00:00","dateModified":"2026-01-13T18:09:19+00:00","author":{"@id":"https:\/\/sulsc.com\/#\/schema\/person\/84d2fc571684f6248ba83092f07750a3"},"breadcrumb":{"@id":"https:\/\/sulsc.com\/index.php\/2026\/01\/13\/prefeitura-de-tubarao-inicia-mudanca-para-novo-centro-administrativo-e-anuncia-reforma-da-vila-dos-engenheiros\/#breadcrumb"},"inLanguage":"en-US","potentialAction":[{"@type":"ReadAction","target":["https:\/\/sulsc.com\/index.php\/2026\/01\/13\/prefeitura-de-tubarao-inicia-mudanca-para-novo-centro-administrativo-e-anuncia-reforma-da-vila-dos-engenheiros\/"]}]},{"@type":"BreadcrumbList","@id":"https:\/\/sulsc.com\/index.php\/2026\/01\/13\/prefeitura-de-tubarao-inicia-mudanca-para-novo-centro-administrativo-e-anuncia-reforma-da-vila-dos-engenheiros\/#breadcrumb","itemListElement":[{"@type":"ListItem","position":1,"name":"In\u00edcio","item":"https:\/\/sulsc.com\/"},{"@type":"ListItem","position":2,"name":"Prefeitura de Tubar\u00e3o inicia mudan\u00e7a para novo Centro Administrativo e anuncia reforma da Vila dos Engenheiros"}]},{"@type":"WebSite","@id":"https:\/\/sulsc.com\/#website","url":"https:\/\/sulsc.com\/","name":"","description":"","potentialAction":[{"@type":"SearchAction","target":{"@type":"EntryPoint","urlTemplate":"https:\/\/sulsc.com\/?s={search_term_string}"},"query-input":"required name=search_term_string"}],"inLanguage":"en-US"},{"@type":"Person","@id":"https:\/\/sulsc.com\/#\/schema\/person\/84d2fc571684f6248ba83092f07750a3","name":"Reda\u00e7\u00e3o Sul SC","image":{"@type":"ImageObject","inLanguage":"en-US","@id":"https:\/\/sulsc.com\/#\/schema\/person\/image\/e08d7fe2cc4ed596372063bbe852b8d0","url":"https:\/\/sulsc.com\/wp-content\/uploads\/2023\/09\/redacao.png","contentUrl":"https:\/\/sulsc.com\/wp-content\/uploads\/2023\/09\/redacao.png","caption":"Reda\u00e7\u00e3o Sul SC"},"description":"Foco em um jornalismo imparcial, voltado \u00e0 qualidade dos seus conte\u00fados e, assim, levar informa\u00e7\u00e3o de valor que agregue \u00e0 vida dos leitores. Esta \u00e9 grande miss\u00e3o do Portal de Not\u00edcias Sul SC. N\u00e3o \u00e9 quantidade que muda o mundo, sempre foi e seguir\u00e1 sendo qualidade!","sameAs":["https:\/\/sulsc.com\/","https:\/\/www.facebook.com\/profile.php?id=61559278119680","https:\/\/www.instagram.com\/sulscportal\/?hl=pt-br","https:\/\/twitter.com\/https:\/\/twitter.com\/PortalSulSC","https:\/\/www.youtube.com\/channel\/UCv_BE8GeySluDov2n8qhVmw"],"url":"https:\/\/sulsc.com\/index.php\/author\/redacao\/"}]}},"authors":[],"_links":{"self":[{"href":"https:\/\/sulsc.com\/index.php\/wp-json\/wp\/v2\/posts\/31472"}],"collection":[{"href":"https:\/\/sulsc.com\/index.php\/wp-json\/wp\/v2\/posts"}],"about":[{"href":"https:\/\/sulsc.com\/index.php\/wp-json\/wp\/v2\/types\/post"}],"author":[{"embeddable":true,"href":"https:\/\/sulsc.com\/index.php\/wp-json\/wp\/v2\/users\/3"}],"replies":[{"embeddable":true,"href":"https:\/\/sulsc.com\/index.php\/wp-json\/wp\/v2\/comments?post=31472"}],"version-history":[{"count":1,"href":"https:\/\/sulsc.com\/index.php\/wp-json\/wp\/v2\/posts\/31472\/revisions"}],"predecessor-version":[{"id":31475,"href":"https:\/\/sulsc.com\/index.php\/wp-json\/wp\/v2\/posts\/31472\/revisions\/31475"}],"wp:featuredmedia":[{"embeddable":true,"href":"https:\/\/sulsc.com\/index.php\/wp-json\/wp\/v2\/media\/31474"}],"wp:attachment":[{"href":"https:\/\/sulsc.com\/index.php\/wp-json\/wp\/v2\/media?parent=31472"}],"wp:term":[{"taxonomy":"category","embeddable":true,"href":"https:\/\/sulsc.com\/index.php\/wp-json\/wp\/v2\/categories?post=31472"},{"taxonomy":"post_tag","embeddable":true,"href":"https:\/\/sulsc.com\/index.php\/wp-json\/wp\/v2\/tags?post=31472"}],"curies":[{"name":"wp","href":"https:\/\/api.w.org\/{rel}","templated":true}]}}