{"id":31476,"date":"2026-01-13T15:31:05","date_gmt":"2026-01-13T18:31:05","guid":{"rendered":"https:\/\/sulsc.com\/?p=31476"},"modified":"2026-01-13T15:31:05","modified_gmt":"2026-01-13T18:31:05","slug":"racionalizando-por-sabrina-zapelini-minatto-santa-catarina-comeca-2026-com-feminicidios-e-alerta-urgente-as-autoridades","status":"publish","type":"post","link":"https:\/\/sulsc.com\/index.php\/2026\/01\/13\/racionalizando-por-sabrina-zapelini-minatto-santa-catarina-comeca-2026-com-feminicidios-e-alerta-urgente-as-autoridades\/","title":{"rendered":"Racionalizando por Sabrina Zapelini Minatto \u2013 Santa Catarina come\u00e7a 2026 com feminic\u00eddios e alerta urgente \u00e0s autoridades"},"content":{"rendered":"<p><strong>Santa Catarina iniciou 2026<\/strong> com tr\u00eas mulheres assassinadas em diferentes cidades do estado. At\u00e9 o momento, s\u00e3o vidas interrompidas de forma brutal. N\u00e3o s\u00e3o n\u00fameros. N\u00e3o podemos normalizar. N\u00e3o podemos fingir que \u00e9 distante.<\/p>\n<p>As v\u00edtimas confirmadas s\u00e3o Marivane F\u00e1tima Sampaio, 25 anos, de Chapec\u00f3, morta pelo ex-companheiro dentro de sua casa, mesmo tendo registrado boletins de ocorr\u00eancia e medidas protetivas; Juvilete Kviatkoski, 37 anos, de Uni\u00e3o do Oeste, assassinada a facadas dentro de casa pelo marido; e Mariana Vit\u00f3ria Cuochinski, 15 anos, tamb\u00e9m de Uni\u00e3o do Oeste, morta junto com a m\u00e3e dentro da resid\u00eancia da fam\u00edlia.<\/p>\n<div id=\"metaslider-id-25573\" style=\"width: 100%;\" class=\"ml-slider-3-99-0 metaslider metaslider-flex metaslider-25573 ml-slider has-onhover-arrows ms-theme-default-base has-dots-nav\" role=\"region\" aria-label=\"Meio\" data-width=\"1200\">\n    <div id=\"metaslider_container_25573\">\n        <div id=\"metaslider_25573\">\n            <ul class='slides'>\n                <li style=\"display: block; width: 100%;\" class=\"slide-25684 ms-image \" aria-roledescription=\"slide\" data-date=\"2025-07-24 07:55:40\"><img src=\"https:\/\/sulsc.com\/wp-content\/uploads\/2025\/07\/Marr-2-1000x166.jpg\" height=\"200\" width=\"1200\" alt=\"\" class=\"slider-25573 slide-25684 msDefaultImage\" title=\"Marr 2\" \/><\/li>\n                <li style=\"display: none; width: 100%;\" class=\"slide-32412 ms-image \" aria-roledescription=\"slide\" data-date=\"2026-02-18 13:59:46\"><img src=\"https:\/\/sulsc.com\/wp-content\/uploads\/2026\/02\/40dc1580-cad5-4867-bc58-c4243821ad38-1000x166.jpeg\" height=\"200\" width=\"1200\" alt=\"\" class=\"slider-25573 slide-32412 msDefaultImage\" title=\"40dc1580-cad5-4867-bc58-c4243821ad38\" \/><\/li>\n                <li style=\"display: none; width: 100%;\" class=\"slide-32766 ms-image \" aria-roledescription=\"slide\" data-date=\"2026-03-03 17:22:59\"><img src=\"https:\/\/sulsc.com\/wp-content\/uploads\/2026\/03\/271ce739-f268-41c5-8051-3de1a1750359-1000x166.jpeg\" height=\"200\" width=\"1200\" alt=\"\" class=\"slider-25573 slide-32766 msDefaultImage\" title=\"271ce739-f268-41c5-8051-3de1a1750359\" \/><\/li>\n            <\/ul>\n        <\/div>\n        \n    <\/div>\n<\/div>\n<p>Esses casos mostram que a viol\u00eancia contra a mulher n\u00e3o \u00e9 distante, n\u00e3o \u00e9 abstrata. \u00c9 real, brutal e urgente. Ignorar \u00e9 compactuar.<br \/>\nOs crimes evidenciam falhas graves no sistema de prote\u00e7\u00e3o \u00e0 mulher. Boletins de ocorr\u00eancia, medidas protetivas e den\u00fancias nem sempre s\u00e3o suficientes para impedir mortes.<\/p>\n<p><strong> As autoridades federais t\u00eam o dever de criar e refor\u00e7ar leis<\/strong>, destinar recursos, apoiar programas nacionais de prote\u00e7\u00e3o e preven\u00e7\u00e3o, e garantir penas mais duras para agressores, mas na maioria das vezes permanecem omissas, deixando os estados e munic\u00edpios sozinhos para enfrentar essa realidade.<\/p>\n<p><img fetchpriority=\"high\" decoding=\"async\" class=\"aligncenter size-full wp-image-31477\" src=\"http:\/\/sulsc.com\/wp-content\/uploads\/2026\/01\/20e256e5-c727-4203-8549-92ae5c031509.jpeg\" alt=\"\" width=\"557\" height=\"366\" srcset=\"https:\/\/sulsc.com\/wp-content\/uploads\/2026\/01\/20e256e5-c727-4203-8549-92ae5c031509.jpeg 557w, https:\/\/sulsc.com\/wp-content\/uploads\/2026\/01\/20e256e5-c727-4203-8549-92ae5c031509-300x197.jpeg 300w\" sizes=\"(max-width: 557px) 100vw, 557px\" \/><\/p>\n<p>Imegem\/Freepik<\/p>\n<p><strong>As autoridades estaduais precisam ampliar<\/strong> a atua\u00e7\u00e3o das delegacias especializadas, garantir monitoramento cont\u00ednuo das v\u00edtimas e acelerar investiga\u00e7\u00f5es. As autoridades municipais devem investir em apoio local, como abrigos, acompanhamento psicol\u00f3gico, campanhas de conscientiza\u00e7\u00e3o e medidas de preven\u00e7\u00e3o nas comunidades.<\/p>\n<p><strong>A sociedade tamb\u00e9m precisa agir.<\/strong> \u00c9 responsabilidade de todos, cidad\u00e3os, institui\u00e7\u00f5es, escolas e comunidades, denunciar, apoiar e cobrar respostas imediatas das autoridades em todos os n\u00edveis. \u00c9 fundamental investir em educa\u00e7\u00e3o e conscientiza\u00e7\u00e3o para que desde cedo se ensine respeito e preven\u00e7\u00e3o da viol\u00eancia, garantir rede de acolhimento que amplie o acesso a abrigos, centros de apoio psicol\u00f3gico e linhas de den\u00fancia, responsabilizar imediatamente os agressores e criar leis com penas mais severas, essenciais para proteger vidas e impedir que crimes de viol\u00eancia contra a mulher se repitam.<br \/>\nA viol\u00eancia letal contra mulheres \u00e9 um problema de todos. Cada v\u00edtima \u00e9 um alerta que exige a\u00e7\u00e3o concreta, imediata e firme. N\u00e3o h\u00e1 espa\u00e7o para omiss\u00e3o, neglig\u00eancia ou normaliza\u00e7\u00e3o.<\/p>\n<p>@sabrinazminatto<\/p>\n","protected":false},"excerpt":{"rendered":"<p>Santa Catarina iniciou 2026 com tr\u00eas mulheres assassinadas em diferentes cidades do estado. At\u00e9 o momento, s\u00e3o vidas interrompidas de forma brutal. N\u00e3o s\u00e3o n\u00fameros. N\u00e3o podemos normalizar. N\u00e3o podemos fingir que \u00e9 distante. As v\u00edtimas confirmadas s\u00e3o Marivane F\u00e1tima Sampaio, 25 anos, de Chapec\u00f3, morta pelo ex-companheiro dentro de sua casa, mesmo tendo registrado &hellip;<\/p>\n<p class=\"read-more\"> <a class=\"\" href=\"https:\/\/sulsc.com\/index.php\/2026\/01\/13\/racionalizando-por-sabrina-zapelini-minatto-santa-catarina-comeca-2026-com-feminicidios-e-alerta-urgente-as-autoridades\/\"> <span class=\"screen-reader-text\">Racionalizando por Sabrina Zapelini Minatto \u2013 Santa Catarina come\u00e7a 2026 com feminic\u00eddios e alerta urgente \u00e0s autoridades<\/span> Read More &raquo;<\/a><\/p>\n","protected":false},"author":25,"featured_media":31478,"comment_status":"open","ping_status":"open","sticky":false,"template":"","format":"standard","meta":{"site-sidebar-layout":"default","site-content-layout":"","ast-site-content-layout":"default","site-content-style":"default","site-sidebar-style":"default","ast-global-header-display":"","ast-banner-title-visibility":"","ast-main-header-display":"","ast-hfb-above-header-display":"","ast-hfb-below-header-display":"","ast-hfb-mobile-header-display":"","site-post-title":"","ast-breadcrumbs-content":"","ast-featured-img":"","footer-sml-layout":"","theme-transparent-header-meta":"default","adv-header-id-meta":"","stick-header-meta":"","header-above-stick-meta":"","header-main-stick-meta":"","header-below-stick-meta":"","astra-migrate-meta-layouts":"set","footnotes":""},"categories":[2354,2231,13,23,1,14,12],"tags":[2754],"yoast_head":"<!-- This site is optimized with the Yoast SEO plugin v21.4 - https:\/\/yoast.com\/wordpress\/plugins\/seo\/ -->\n<title>Racionalizando por Sabrina Zapelini Minatto \u2013 Santa Catarina come\u00e7a 2026 com feminic\u00eddios e alerta urgente \u00e0s autoridades -<\/title>\n<meta name=\"robots\" content=\"index, follow, max-snippet:-1, max-image-preview:large, max-video-preview:-1\" \/>\n<link rel=\"canonical\" href=\"https:\/\/sulsc.com\/index.php\/2026\/01\/13\/racionalizando-por-sabrina-zapelini-minatto-santa-catarina-comeca-2026-com-feminicidios-e-alerta-urgente-as-autoridades\/\" \/>\n<meta property=\"og:locale\" content=\"en_US\" \/>\n<meta property=\"og:type\" content=\"article\" \/>\n<meta property=\"og:title\" content=\"Racionalizando por Sabrina Zapelini Minatto \u2013 Santa Catarina come\u00e7a 2026 com feminic\u00eddios e alerta urgente \u00e0s autoridades -\" \/>\n<meta property=\"og:description\" content=\"Santa Catarina iniciou 2026 com tr\u00eas mulheres assassinadas em diferentes cidades do estado. At\u00e9 o momento, s\u00e3o vidas interrompidas de forma brutal. N\u00e3o s\u00e3o n\u00fameros. N\u00e3o podemos normalizar. N\u00e3o podemos fingir que \u00e9 distante. As v\u00edtimas confirmadas s\u00e3o Marivane F\u00e1tima Sampaio, 25 anos, de Chapec\u00f3, morta pelo ex-companheiro dentro de sua casa, mesmo tendo registrado &hellip; Racionalizando por Sabrina Zapelini Minatto \u2013 Santa Catarina come\u00e7a 2026 com feminic\u00eddios e alerta urgente \u00e0s autoridades Read More &raquo;\" \/>\n<meta property=\"og:url\" content=\"https:\/\/sulsc.com\/index.php\/2026\/01\/13\/racionalizando-por-sabrina-zapelini-minatto-santa-catarina-comeca-2026-com-feminicidios-e-alerta-urgente-as-autoridades\/\" \/>\n<meta property=\"article:published_time\" content=\"2026-01-13T18:31:05+00:00\" \/>\n<meta property=\"og:image\" content=\"http:\/\/sulsc.com\/wp-content\/uploads\/2026\/01\/1d42fe43-3183-4b2f-ab7e-d0c5b8857934.jpeg\" \/>\n\t<meta property=\"og:image:width\" content=\"709\" \/>\n\t<meta property=\"og:image:height\" content=\"472\" \/>\n\t<meta property=\"og:image:type\" content=\"image\/jpeg\" \/>\n<meta name=\"author\" content=\"Racionalizando\" \/>\n<meta name=\"twitter:card\" content=\"summary_large_image\" \/>\n<meta name=\"twitter:label1\" content=\"Written by\" \/>\n\t<meta name=\"twitter:data1\" content=\"Racionalizando\" \/>\n\t<meta name=\"twitter:label2\" content=\"Est. reading time\" \/>\n\t<meta name=\"twitter:data2\" content=\"2 minutes\" \/>\n<script type=\"application\/ld+json\" class=\"yoast-schema-graph\">{\"@context\":\"https:\/\/schema.org\",\"@graph\":[{\"@type\":\"WebPage\",\"@id\":\"https:\/\/sulsc.com\/index.php\/2026\/01\/13\/racionalizando-por-sabrina-zapelini-minatto-santa-catarina-comeca-2026-com-feminicidios-e-alerta-urgente-as-autoridades\/\",\"url\":\"https:\/\/sulsc.com\/index.php\/2026\/01\/13\/racionalizando-por-sabrina-zapelini-minatto-santa-catarina-comeca-2026-com-feminicidios-e-alerta-urgente-as-autoridades\/\",\"name\":\"Racionalizando por Sabrina Zapelini Minatto \u2013 Santa Catarina come\u00e7a 2026 com feminic\u00eddios e alerta urgente \u00e0s autoridades -\",\"isPartOf\":{\"@id\":\"https:\/\/sulsc.com\/#website\"},\"datePublished\":\"2026-01-13T18:31:05+00:00\",\"dateModified\":\"2026-01-13T18:31:05+00:00\",\"author\":{\"@id\":\"https:\/\/sulsc.com\/#\/schema\/person\/249eb129ff349b1e4963560f92b44990\"},\"breadcrumb\":{\"@id\":\"https:\/\/sulsc.com\/index.php\/2026\/01\/13\/racionalizando-por-sabrina-zapelini-minatto-santa-catarina-comeca-2026-com-feminicidios-e-alerta-urgente-as-autoridades\/#breadcrumb\"},\"inLanguage\":\"en-US\",\"potentialAction\":[{\"@type\":\"ReadAction\",\"target\":[\"https:\/\/sulsc.com\/index.php\/2026\/01\/13\/racionalizando-por-sabrina-zapelini-minatto-santa-catarina-comeca-2026-com-feminicidios-e-alerta-urgente-as-autoridades\/\"]}]},{\"@type\":\"BreadcrumbList\",\"@id\":\"https:\/\/sulsc.com\/index.php\/2026\/01\/13\/racionalizando-por-sabrina-zapelini-minatto-santa-catarina-comeca-2026-com-feminicidios-e-alerta-urgente-as-autoridades\/#breadcrumb\",\"itemListElement\":[{\"@type\":\"ListItem\",\"position\":1,\"name\":\"In\u00edcio\",\"item\":\"https:\/\/sulsc.com\/\"},{\"@type\":\"ListItem\",\"position\":2,\"name\":\"Racionalizando por Sabrina Zapelini Minatto \u2013 Santa Catarina come\u00e7a 2026 com feminic\u00eddios e alerta urgente \u00e0s autoridades\"}]},{\"@type\":\"WebSite\",\"@id\":\"https:\/\/sulsc.com\/#website\",\"url\":\"https:\/\/sulsc.com\/\",\"name\":\"\",\"description\":\"\",\"potentialAction\":[{\"@type\":\"SearchAction\",\"target\":{\"@type\":\"EntryPoint\",\"urlTemplate\":\"https:\/\/sulsc.com\/?s={search_term_string}\"},\"query-input\":\"required name=search_term_string\"}],\"inLanguage\":\"en-US\"},{\"@type\":\"Person\",\"@id\":\"https:\/\/sulsc.com\/#\/schema\/person\/249eb129ff349b1e4963560f92b44990\",\"name\":\"Racionalizando por Sabrina Zapelini Minatto\",\"image\":{\"@type\":\"ImageObject\",\"inLanguage\":\"en-US\",\"@id\":\"https:\/\/sulsc.com\/#\/schema\/person\/image\/0e5bbf2cffc7abd460acc5a1d6cffdbe\",\"url\":\"https:\/\/sulsc.com\/wp-content\/uploads\/2025\/11\/Sabrina.png\",\"contentUrl\":\"https:\/\/sulsc.com\/wp-content\/uploads\/2025\/11\/Sabrina.png\",\"caption\":\"Racionalizando por Sabrina Zapelini Minatto\"},\"description\":\"Fundadora e presidente da Associa\u00e7\u00e3o das Mulheres Pol\u00edticas do Sul (AMPS), que tem o papel fundamental em prol das mulheres do Sul Catarinense, e contribui na constru\u00e7\u00e3o participativa de uma sociedade mais solid\u00e1ria e inclusiva. Com uma coluna semanal, \u201cRacionalizando\u201d buscar\u00e1 transmitir aos leitores: an\u00e1lise, reflex\u00e3o, pensamento cr\u00edtico \u2014 alinhado \u00e0 pol\u00edtica e aos valores. Opini\u00e3o sobre pol\u00edtica, valores e assuntos que fazem parte do dia a dia, de forma direta, sincera e pr\u00f3xima de quem l\u00ea. \u00a0\",\"url\":\"https:\/\/sulsc.com\/index.php\/author\/sabrina-zapelini-minatto\/\"}]}<\/script>\n<!-- \/ Yoast SEO plugin. -->","yoast_head_json":{"title":"Racionalizando por Sabrina Zapelini Minatto \u2013 Santa Catarina come\u00e7a 2026 com feminic\u00eddios e alerta urgente \u00e0s autoridades -","robots":{"index":"index","follow":"follow","max-snippet":"max-snippet:-1","max-image-preview":"max-image-preview:large","max-video-preview":"max-video-preview:-1"},"canonical":"https:\/\/sulsc.com\/index.php\/2026\/01\/13\/racionalizando-por-sabrina-zapelini-minatto-santa-catarina-comeca-2026-com-feminicidios-e-alerta-urgente-as-autoridades\/","og_locale":"en_US","og_type":"article","og_title":"Racionalizando por Sabrina Zapelini Minatto \u2013 Santa Catarina come\u00e7a 2026 com feminic\u00eddios e alerta urgente \u00e0s autoridades -","og_description":"Santa Catarina iniciou 2026 com tr\u00eas mulheres assassinadas em diferentes cidades do estado. At\u00e9 o momento, s\u00e3o vidas interrompidas de forma brutal. N\u00e3o s\u00e3o n\u00fameros. N\u00e3o podemos normalizar. N\u00e3o podemos fingir que \u00e9 distante. As v\u00edtimas confirmadas s\u00e3o Marivane F\u00e1tima Sampaio, 25 anos, de Chapec\u00f3, morta pelo ex-companheiro dentro de sua casa, mesmo tendo registrado &hellip; Racionalizando por Sabrina Zapelini Minatto \u2013 Santa Catarina come\u00e7a 2026 com feminic\u00eddios e alerta urgente \u00e0s autoridades Read More &raquo;","og_url":"https:\/\/sulsc.com\/index.php\/2026\/01\/13\/racionalizando-por-sabrina-zapelini-minatto-santa-catarina-comeca-2026-com-feminicidios-e-alerta-urgente-as-autoridades\/","article_published_time":"2026-01-13T18:31:05+00:00","og_image":[{"width":709,"height":472,"url":"http:\/\/sulsc.com\/wp-content\/uploads\/2026\/01\/1d42fe43-3183-4b2f-ab7e-d0c5b8857934.jpeg","type":"image\/jpeg"}],"author":"Racionalizando","twitter_card":"summary_large_image","twitter_misc":{"Written by":"Racionalizando","Est. reading time":"2 minutes"},"schema":{"@context":"https:\/\/schema.org","@graph":[{"@type":"WebPage","@id":"https:\/\/sulsc.com\/index.php\/2026\/01\/13\/racionalizando-por-sabrina-zapelini-minatto-santa-catarina-comeca-2026-com-feminicidios-e-alerta-urgente-as-autoridades\/","url":"https:\/\/sulsc.com\/index.php\/2026\/01\/13\/racionalizando-por-sabrina-zapelini-minatto-santa-catarina-comeca-2026-com-feminicidios-e-alerta-urgente-as-autoridades\/","name":"Racionalizando por Sabrina Zapelini Minatto \u2013 Santa Catarina come\u00e7a 2026 com feminic\u00eddios e alerta urgente \u00e0s autoridades -","isPartOf":{"@id":"https:\/\/sulsc.com\/#website"},"datePublished":"2026-01-13T18:31:05+00:00","dateModified":"2026-01-13T18:31:05+00:00","author":{"@id":"https:\/\/sulsc.com\/#\/schema\/person\/249eb129ff349b1e4963560f92b44990"},"breadcrumb":{"@id":"https:\/\/sulsc.com\/index.php\/2026\/01\/13\/racionalizando-por-sabrina-zapelini-minatto-santa-catarina-comeca-2026-com-feminicidios-e-alerta-urgente-as-autoridades\/#breadcrumb"},"inLanguage":"en-US","potentialAction":[{"@type":"ReadAction","target":["https:\/\/sulsc.com\/index.php\/2026\/01\/13\/racionalizando-por-sabrina-zapelini-minatto-santa-catarina-comeca-2026-com-feminicidios-e-alerta-urgente-as-autoridades\/"]}]},{"@type":"BreadcrumbList","@id":"https:\/\/sulsc.com\/index.php\/2026\/01\/13\/racionalizando-por-sabrina-zapelini-minatto-santa-catarina-comeca-2026-com-feminicidios-e-alerta-urgente-as-autoridades\/#breadcrumb","itemListElement":[{"@type":"ListItem","position":1,"name":"In\u00edcio","item":"https:\/\/sulsc.com\/"},{"@type":"ListItem","position":2,"name":"Racionalizando por Sabrina Zapelini Minatto \u2013 Santa Catarina come\u00e7a 2026 com feminic\u00eddios e alerta urgente \u00e0s autoridades"}]},{"@type":"WebSite","@id":"https:\/\/sulsc.com\/#website","url":"https:\/\/sulsc.com\/","name":"","description":"","potentialAction":[{"@type":"SearchAction","target":{"@type":"EntryPoint","urlTemplate":"https:\/\/sulsc.com\/?s={search_term_string}"},"query-input":"required name=search_term_string"}],"inLanguage":"en-US"},{"@type":"Person","@id":"https:\/\/sulsc.com\/#\/schema\/person\/249eb129ff349b1e4963560f92b44990","name":"Racionalizando por Sabrina Zapelini Minatto","image":{"@type":"ImageObject","inLanguage":"en-US","@id":"https:\/\/sulsc.com\/#\/schema\/person\/image\/0e5bbf2cffc7abd460acc5a1d6cffdbe","url":"https:\/\/sulsc.com\/wp-content\/uploads\/2025\/11\/Sabrina.png","contentUrl":"https:\/\/sulsc.com\/wp-content\/uploads\/2025\/11\/Sabrina.png","caption":"Racionalizando por Sabrina Zapelini Minatto"},"description":"Fundadora e presidente da Associa\u00e7\u00e3o das Mulheres Pol\u00edticas do Sul (AMPS), que tem o papel fundamental em prol das mulheres do Sul Catarinense, e contribui na constru\u00e7\u00e3o participativa de uma sociedade mais solid\u00e1ria e inclusiva. Com uma coluna semanal, \u201cRacionalizando\u201d buscar\u00e1 transmitir aos leitores: an\u00e1lise, reflex\u00e3o, pensamento cr\u00edtico \u2014 alinhado \u00e0 pol\u00edtica e aos valores. Opini\u00e3o sobre pol\u00edtica, valores e assuntos que fazem parte do dia a dia, de forma direta, sincera e pr\u00f3xima de quem l\u00ea. \u00a0","url":"https:\/\/sulsc.com\/index.php\/author\/sabrina-zapelini-minatto\/"}]}},"authors":[],"_links":{"self":[{"href":"https:\/\/sulsc.com\/index.php\/wp-json\/wp\/v2\/posts\/31476"}],"collection":[{"href":"https:\/\/sulsc.com\/index.php\/wp-json\/wp\/v2\/posts"}],"about":[{"href":"https:\/\/sulsc.com\/index.php\/wp-json\/wp\/v2\/types\/post"}],"author":[{"embeddable":true,"href":"https:\/\/sulsc.com\/index.php\/wp-json\/wp\/v2\/users\/25"}],"replies":[{"embeddable":true,"href":"https:\/\/sulsc.com\/index.php\/wp-json\/wp\/v2\/comments?post=31476"}],"version-history":[{"count":1,"href":"https:\/\/sulsc.com\/index.php\/wp-json\/wp\/v2\/posts\/31476\/revisions"}],"predecessor-version":[{"id":31479,"href":"https:\/\/sulsc.com\/index.php\/wp-json\/wp\/v2\/posts\/31476\/revisions\/31479"}],"wp:featuredmedia":[{"embeddable":true,"href":"https:\/\/sulsc.com\/index.php\/wp-json\/wp\/v2\/media\/31478"}],"wp:attachment":[{"href":"https:\/\/sulsc.com\/index.php\/wp-json\/wp\/v2\/media?parent=31476"}],"wp:term":[{"taxonomy":"category","embeddable":true,"href":"https:\/\/sulsc.com\/index.php\/wp-json\/wp\/v2\/categories?post=31476"},{"taxonomy":"post_tag","embeddable":true,"href":"https:\/\/sulsc.com\/index.php\/wp-json\/wp\/v2\/tags?post=31476"}],"curies":[{"name":"wp","href":"https:\/\/api.w.org\/{rel}","templated":true}]}}