{"id":31484,"date":"2026-01-14T09:31:04","date_gmt":"2026-01-14T12:31:04","guid":{"rendered":"https:\/\/sulsc.com\/?p=31484"},"modified":"2026-01-14T09:31:04","modified_gmt":"2026-01-14T12:31:04","slug":"santa-catarina-acumula-recordes-na-reducao-de-crimes-em-2025-estado-mais-seguro-do-pais","status":"publish","type":"post","link":"https:\/\/sulsc.com\/index.php\/2026\/01\/14\/santa-catarina-acumula-recordes-na-reducao-de-crimes-em-2025-estado-mais-seguro-do-pais\/","title":{"rendered":"Santa Catarina acumula recordes na redu\u00e7\u00e3o de crimes em 2025 &#8211; Estado mais seguro do pa\u00eds"},"content":{"rendered":"<p>O balan\u00e7o foi divulgado nesta ter\u00e7a-feira (13), as informa\u00e7\u00f5es sobre os principais resultados de 2025 foram apresentada durante coletiva de imprensa realizada na Secretaria de Estado da Seguran\u00e7a P\u00fablica (SSP-SC), com a participa\u00e7\u00e3o de lideran\u00e7as da Pol\u00edcia Militar, da Pol\u00edcia Civil, da Pol\u00edcia Cient\u00edfica e do Corpo de Bombeiros Militar. Os dados foram fornecidos pela Ger\u00eancia de Estat\u00edstica e An\u00e1lise Criminal da Diretoria de Intelig\u00eancia da SSP-SC.<\/p>\n<div id=\"metaslider-id-25573\" style=\"width: 100%;\" class=\"ml-slider-3-99-0 metaslider metaslider-flex metaslider-25573 ml-slider has-onhover-arrows ms-theme-default-base has-dots-nav\" role=\"region\" aria-label=\"Meio\" data-width=\"1200\">\n    <div id=\"metaslider_container_25573\">\n        <div id=\"metaslider_25573\">\n            <ul class='slides'>\n                <li style=\"display: block; width: 100%;\" class=\"slide-25684 ms-image \" aria-roledescription=\"slide\" data-date=\"2025-07-24 07:55:40\"><img src=\"https:\/\/sulsc.com\/wp-content\/uploads\/2025\/07\/Marr-2-1000x166.jpg\" height=\"200\" width=\"1200\" alt=\"\" class=\"slider-25573 slide-25684 msDefaultImage\" title=\"Marr 2\" \/><\/li>\n                <li style=\"display: none; width: 100%;\" class=\"slide-32412 ms-image \" aria-roledescription=\"slide\" data-date=\"2026-02-18 13:59:46\"><img src=\"https:\/\/sulsc.com\/wp-content\/uploads\/2026\/02\/40dc1580-cad5-4867-bc58-c4243821ad38-1000x166.jpeg\" height=\"200\" width=\"1200\" alt=\"\" class=\"slider-25573 slide-32412 msDefaultImage\" title=\"40dc1580-cad5-4867-bc58-c4243821ad38\" \/><\/li>\n                <li style=\"display: none; width: 100%;\" class=\"slide-32766 ms-image \" aria-roledescription=\"slide\" data-date=\"2026-03-03 17:22:59\"><img src=\"https:\/\/sulsc.com\/wp-content\/uploads\/2026\/03\/271ce739-f268-41c5-8051-3de1a1750359-1000x166.jpeg\" height=\"200\" width=\"1200\" alt=\"\" class=\"slider-25573 slide-32766 msDefaultImage\" title=\"271ce739-f268-41c5-8051-3de1a1750359\" \/><\/li>\n            <\/ul>\n        <\/div>\n        \n    <\/div>\n<\/div>\n<p>O cen\u00e1rio da seguran\u00e7a p\u00fablica em Santa Catarina, em 2025, conquistou resultados in\u00e9ditos, que superam toda a s\u00e9rie hist\u00f3rica de quase duas d\u00e9cadas. Gra\u00e7as ao desempenho excepcional das for\u00e7as de seguran\u00e7a do Governo do Estado no combate \u00e0 criminalidade, SC registrou, no ano passado, menos homic\u00eddios e menos roubos do que nos \u00faltimos 18 anos, al\u00e9m de redu\u00e7\u00e3o em quase todos os \u00edndices criminais.<\/p>\n<p><img fetchpriority=\"high\" decoding=\"async\" class=\"aligncenter size-full wp-image-31487\" src=\"http:\/\/sulsc.com\/wp-content\/uploads\/2026\/01\/WhatsApp-Image-2026-01-13-at-14.33.05.jpeg\" alt=\"\" width=\"1600\" height=\"900\" srcset=\"https:\/\/sulsc.com\/wp-content\/uploads\/2026\/01\/WhatsApp-Image-2026-01-13-at-14.33.05.jpeg 1600w, https:\/\/sulsc.com\/wp-content\/uploads\/2026\/01\/WhatsApp-Image-2026-01-13-at-14.33.05-300x169.jpeg 300w, https:\/\/sulsc.com\/wp-content\/uploads\/2026\/01\/WhatsApp-Image-2026-01-13-at-14.33.05-1024x576.jpeg 1024w, https:\/\/sulsc.com\/wp-content\/uploads\/2026\/01\/WhatsApp-Image-2026-01-13-at-14.33.05-768x432.jpeg 768w, https:\/\/sulsc.com\/wp-content\/uploads\/2026\/01\/WhatsApp-Image-2026-01-13-at-14.33.05-1536x864.jpeg 1536w\" sizes=\"(max-width: 1600px) 100vw, 1600px\" \/><\/p>\n<p>Os resultados tornam-se ainda mais expressivos quando se considera o crescimento populacional no per\u00edodo. De acordo com dados do IBGE, a popula\u00e7\u00e3o de Santa Catarina passou de 5,9 milh\u00f5es de habitantes, em 2008, para cerca de 8,2 milh\u00f5es em 2025. Mesmo com o aumento de 2,3 milh\u00f5es de pessoas, a taxa de homic\u00eddios por 100 mil habitantes caiu para menos da metade, passando de 11,65, com 705 registros em 2008, para 5,2 em 2025. No ano passado, foram contabilizados 429 homic\u00eddios, o que representa 84 casos a menos em rela\u00e7\u00e3o a 2024 e uma redu\u00e7\u00e3o de 16,4% em n\u00fameros absolutos. A queda tamb\u00e9m se reflete no indicador de mortes violentas, que atingiu, em 2025, a taxa in\u00e9dita de 7,6 a cada 100 mil habitantes, n\u00famero bem abaixo dos 13,88 registrados no in\u00edcio da s\u00e9rie hist\u00f3rica, correspondendo a uma diminui\u00e7\u00e3o de 11,1% na compara\u00e7\u00e3o com o ano anterior.<\/p>\n<p><img decoding=\"async\" class=\"aligncenter size-full wp-image-31485\" src=\"http:\/\/sulsc.com\/wp-content\/uploads\/2026\/01\/93d0019a-a721-4094-833d-165a86153609.jpeg\" alt=\"\" width=\"1200\" height=\"800\" srcset=\"https:\/\/sulsc.com\/wp-content\/uploads\/2026\/01\/93d0019a-a721-4094-833d-165a86153609.jpeg 1200w, https:\/\/sulsc.com\/wp-content\/uploads\/2026\/01\/93d0019a-a721-4094-833d-165a86153609-300x200.jpeg 300w, https:\/\/sulsc.com\/wp-content\/uploads\/2026\/01\/93d0019a-a721-4094-833d-165a86153609-1024x683.jpeg 1024w, https:\/\/sulsc.com\/wp-content\/uploads\/2026\/01\/93d0019a-a721-4094-833d-165a86153609-768x512.jpeg 768w\" sizes=\"(max-width: 1200px) 100vw, 1200px\" \/><\/p>\n<p>Foto: Eduardo Valente\/Divulga\u00e7\u00e3o\/SulSC<\/p>\n<p>\u201cTenho dito a todos que queiram ouvir que n\u00e3o tem facilidade para bandido em Santa Catarina. Nossas pol\u00edcias trabalham de forma integrada, sempre firmes no combate \u00e0 bandidagem, por isso merecem o nosso reconhecimento. Os n\u00fameros s\u00e3o resultados desse grande trabalho, que sempre poder\u00e1 contar com investimentos e valoriza\u00e7\u00e3o\u201d, destacou o governador Jorginho Mello sobre a redu\u00e7\u00e3o da criminalidade.<\/p>\n<p><img decoding=\"async\" class=\"aligncenter size-full wp-image-31486\" src=\"http:\/\/sulsc.com\/wp-content\/uploads\/2026\/01\/WhatsApp-Image-2026-01-13-at-14.33.04.jpeg\" alt=\"\" width=\"1600\" height=\"900\" srcset=\"https:\/\/sulsc.com\/wp-content\/uploads\/2026\/01\/WhatsApp-Image-2026-01-13-at-14.33.04.jpeg 1600w, https:\/\/sulsc.com\/wp-content\/uploads\/2026\/01\/WhatsApp-Image-2026-01-13-at-14.33.04-300x169.jpeg 300w, https:\/\/sulsc.com\/wp-content\/uploads\/2026\/01\/WhatsApp-Image-2026-01-13-at-14.33.04-1024x576.jpeg 1024w, https:\/\/sulsc.com\/wp-content\/uploads\/2026\/01\/WhatsApp-Image-2026-01-13-at-14.33.04-768x432.jpeg 768w, https:\/\/sulsc.com\/wp-content\/uploads\/2026\/01\/WhatsApp-Image-2026-01-13-at-14.33.04-1536x864.jpeg 1536w\" sizes=\"(max-width: 1600px) 100vw, 1600px\" \/><\/p>\n<p>O secret\u00e1rio de Estado da Seguran\u00e7a P\u00fablica, coronel Fl\u00e1vio Graff, complementa que os resultados expressivos decorrem de um conjunto de fatores positivos, que envolvem o bom desempenho socioecon\u00f4mico do Estado, aliado a um trabalho firme e permanente das for\u00e7as de seguran\u00e7a. Segundo ele, a atua\u00e7\u00e3o integrada da Pol\u00edcia Militar, da Pol\u00edcia Civil, da Pol\u00edcia Cient\u00edfica e do Corpo de Bombeiros Militar, com o apoio da Secretaria de Estado da Seguran\u00e7a P\u00fablica (SSP-SC), tem sido um dos grandes trunfos para avan\u00e7ar sobre os desafios. Graff cita ainda o refor\u00e7o in\u00e9dito de investimentos em equipamentos, efetivo, capacita\u00e7\u00e3o e novas tecnologias, como o reconhecimento facial.<\/p>\n<p><strong>Crimes contra o patrim\u00f4nio<\/strong><br \/>\nEm 2022, o volume de roubos em Santa Catarina quase atingiu a marca de 8 mil ocorr\u00eancias registradas. Desde ent\u00e3o, o Estado vem reduzindo gradativamente esse n\u00famero e j\u00e1 conseguiu diminuir o saldo em mais de 3 mil casos at\u00e9 2025, superando, ano ap\u00f3s ano, o recorde do melhor resultado da s\u00e9rie hist\u00f3rica. Em compara\u00e7\u00e3o com 2024, houve redu\u00e7\u00e3o de 17,6% no n\u00famero de casos. J\u00e1 o crime de furto, que passou a apresentar queda a partir de 2023, registrou diminui\u00e7\u00e3o de 6,2% em rela\u00e7\u00e3o ao ano anterior, com 6.671 ocorr\u00eancias a menos.<\/p>\n<p><img loading=\"lazy\" decoding=\"async\" class=\"aligncenter size-full wp-image-31488\" src=\"http:\/\/sulsc.com\/wp-content\/uploads\/2026\/01\/WhatsApp-Image-2026-01-13-at-14.33.05-1.jpeg\" alt=\"\" width=\"1600\" height=\"900\" srcset=\"https:\/\/sulsc.com\/wp-content\/uploads\/2026\/01\/WhatsApp-Image-2026-01-13-at-14.33.05-1.jpeg 1600w, https:\/\/sulsc.com\/wp-content\/uploads\/2026\/01\/WhatsApp-Image-2026-01-13-at-14.33.05-1-300x169.jpeg 300w, https:\/\/sulsc.com\/wp-content\/uploads\/2026\/01\/WhatsApp-Image-2026-01-13-at-14.33.05-1-1024x576.jpeg 1024w, https:\/\/sulsc.com\/wp-content\/uploads\/2026\/01\/WhatsApp-Image-2026-01-13-at-14.33.05-1-768x432.jpeg 768w, https:\/\/sulsc.com\/wp-content\/uploads\/2026\/01\/WhatsApp-Image-2026-01-13-at-14.33.05-1-1536x864.jpeg 1536w\" sizes=\"(max-width: 1600px) 100vw, 1600px\" \/><\/p>\n<p>&nbsp;<\/p>\n","protected":false},"excerpt":{"rendered":"<p>O balan\u00e7o foi divulgado nesta ter\u00e7a-feira (13), as informa\u00e7\u00f5es sobre os principais resultados de 2025 foram apresentada durante coletiva de imprensa realizada na Secretaria de Estado da Seguran\u00e7a P\u00fablica (SSP-SC), com a participa\u00e7\u00e3o de lideran\u00e7as da Pol\u00edcia Militar, da Pol\u00edcia Civil, da Pol\u00edcia Cient\u00edfica e do Corpo de Bombeiros Militar. Os dados foram fornecidos pela &hellip;<\/p>\n<p class=\"read-more\"> <a class=\"\" href=\"https:\/\/sulsc.com\/index.php\/2026\/01\/14\/santa-catarina-acumula-recordes-na-reducao-de-crimes-em-2025-estado-mais-seguro-do-pais\/\"> <span class=\"screen-reader-text\">Santa Catarina acumula recordes na redu\u00e7\u00e3o de crimes em 2025 &#8211; Estado mais seguro do pa\u00eds<\/span> Read More &raquo;<\/a><\/p>\n","protected":false},"author":3,"featured_media":31490,"comment_status":"open","ping_status":"open","sticky":false,"template":"","format":"standard","meta":{"site-sidebar-layout":"default","site-content-layout":"","ast-site-content-layout":"default","site-content-style":"default","site-sidebar-style":"default","ast-global-header-display":"","ast-banner-title-visibility":"","ast-main-header-display":"","ast-hfb-above-header-display":"","ast-hfb-below-header-display":"","ast-hfb-mobile-header-display":"","site-post-title":"","ast-breadcrumbs-content":"","ast-featured-img":"","footer-sml-layout":"","theme-transparent-header-meta":"default","adv-header-id-meta":"","stick-header-meta":"","header-above-stick-meta":"","header-main-stick-meta":"","header-below-stick-meta":"","astra-migrate-meta-layouts":"set","footnotes":""},"categories":[1,6,14,2782,12],"tags":[521],"yoast_head":"<!-- This site is optimized with the Yoast SEO plugin v21.4 - https:\/\/yoast.com\/wordpress\/plugins\/seo\/ -->\n<title>Santa Catarina acumula recordes na redu\u00e7\u00e3o de crimes em 2025 - Estado mais seguro do pa\u00eds -<\/title>\n<meta name=\"robots\" content=\"index, follow, max-snippet:-1, max-image-preview:large, max-video-preview:-1\" \/>\n<link rel=\"canonical\" href=\"https:\/\/sulsc.com\/index.php\/2026\/01\/14\/santa-catarina-acumula-recordes-na-reducao-de-crimes-em-2025-estado-mais-seguro-do-pais\/\" \/>\n<meta property=\"og:locale\" content=\"en_US\" \/>\n<meta property=\"og:type\" content=\"article\" \/>\n<meta property=\"og:title\" content=\"Santa Catarina acumula recordes na redu\u00e7\u00e3o de crimes em 2025 - Estado mais seguro do pa\u00eds -\" \/>\n<meta property=\"og:description\" content=\"O balan\u00e7o foi divulgado nesta ter\u00e7a-feira (13), as informa\u00e7\u00f5es sobre os principais resultados de 2025 foram apresentada durante coletiva de imprensa realizada na Secretaria de Estado da Seguran\u00e7a P\u00fablica (SSP-SC), com a participa\u00e7\u00e3o de lideran\u00e7as da Pol\u00edcia Militar, da Pol\u00edcia Civil, da Pol\u00edcia Cient\u00edfica e do Corpo de Bombeiros Militar. Os dados foram fornecidos pela &hellip; Santa Catarina acumula recordes na redu\u00e7\u00e3o de crimes em 2025 &#8211; Estado mais seguro do pa\u00eds Read More &raquo;\" \/>\n<meta property=\"og:url\" content=\"https:\/\/sulsc.com\/index.php\/2026\/01\/14\/santa-catarina-acumula-recordes-na-reducao-de-crimes-em-2025-estado-mais-seguro-do-pais\/\" \/>\n<meta property=\"article:author\" content=\"https:\/\/www.facebook.com\/profile.php?id=61559278119680\" \/>\n<meta property=\"article:published_time\" content=\"2026-01-14T12:31:04+00:00\" \/>\n<meta property=\"og:image\" content=\"http:\/\/sulsc.com\/wp-content\/uploads\/2026\/01\/9fee38d4-81d8-4db0-a71c-b14142534294.jpeg\" \/>\n\t<meta property=\"og:image:width\" content=\"620\" \/>\n\t<meta property=\"og:image:height\" content=\"414\" \/>\n\t<meta property=\"og:image:type\" content=\"image\/jpeg\" \/>\n<meta name=\"author\" content=\"Reda\u00e7\u00e3o Sul SC\" \/>\n<meta name=\"twitter:card\" content=\"summary_large_image\" \/>\n<meta name=\"twitter:creator\" content=\"@https:\/\/twitter.com\/PortalSulSC\" \/>\n<meta name=\"twitter:label1\" content=\"Written by\" \/>\n\t<meta name=\"twitter:data1\" content=\"Reda\u00e7\u00e3o Sul SC\" \/>\n\t<meta name=\"twitter:label2\" content=\"Est. reading time\" \/>\n\t<meta name=\"twitter:data2\" content=\"4 minutes\" \/>\n<script type=\"application\/ld+json\" class=\"yoast-schema-graph\">{\"@context\":\"https:\/\/schema.org\",\"@graph\":[{\"@type\":\"WebPage\",\"@id\":\"https:\/\/sulsc.com\/index.php\/2026\/01\/14\/santa-catarina-acumula-recordes-na-reducao-de-crimes-em-2025-estado-mais-seguro-do-pais\/\",\"url\":\"https:\/\/sulsc.com\/index.php\/2026\/01\/14\/santa-catarina-acumula-recordes-na-reducao-de-crimes-em-2025-estado-mais-seguro-do-pais\/\",\"name\":\"Santa Catarina acumula recordes na redu\u00e7\u00e3o de crimes em 2025 - Estado mais seguro do pa\u00eds -\",\"isPartOf\":{\"@id\":\"https:\/\/sulsc.com\/#website\"},\"datePublished\":\"2026-01-14T12:31:04+00:00\",\"dateModified\":\"2026-01-14T12:31:04+00:00\",\"author\":{\"@id\":\"https:\/\/sulsc.com\/#\/schema\/person\/84d2fc571684f6248ba83092f07750a3\"},\"breadcrumb\":{\"@id\":\"https:\/\/sulsc.com\/index.php\/2026\/01\/14\/santa-catarina-acumula-recordes-na-reducao-de-crimes-em-2025-estado-mais-seguro-do-pais\/#breadcrumb\"},\"inLanguage\":\"en-US\",\"potentialAction\":[{\"@type\":\"ReadAction\",\"target\":[\"https:\/\/sulsc.com\/index.php\/2026\/01\/14\/santa-catarina-acumula-recordes-na-reducao-de-crimes-em-2025-estado-mais-seguro-do-pais\/\"]}]},{\"@type\":\"BreadcrumbList\",\"@id\":\"https:\/\/sulsc.com\/index.php\/2026\/01\/14\/santa-catarina-acumula-recordes-na-reducao-de-crimes-em-2025-estado-mais-seguro-do-pais\/#breadcrumb\",\"itemListElement\":[{\"@type\":\"ListItem\",\"position\":1,\"name\":\"In\u00edcio\",\"item\":\"https:\/\/sulsc.com\/\"},{\"@type\":\"ListItem\",\"position\":2,\"name\":\"Santa Catarina acumula recordes na redu\u00e7\u00e3o de crimes em 2025 &#8211; Estado mais seguro do pa\u00eds\"}]},{\"@type\":\"WebSite\",\"@id\":\"https:\/\/sulsc.com\/#website\",\"url\":\"https:\/\/sulsc.com\/\",\"name\":\"\",\"description\":\"\",\"potentialAction\":[{\"@type\":\"SearchAction\",\"target\":{\"@type\":\"EntryPoint\",\"urlTemplate\":\"https:\/\/sulsc.com\/?s={search_term_string}\"},\"query-input\":\"required name=search_term_string\"}],\"inLanguage\":\"en-US\"},{\"@type\":\"Person\",\"@id\":\"https:\/\/sulsc.com\/#\/schema\/person\/84d2fc571684f6248ba83092f07750a3\",\"name\":\"Reda\u00e7\u00e3o Sul SC\",\"image\":{\"@type\":\"ImageObject\",\"inLanguage\":\"en-US\",\"@id\":\"https:\/\/sulsc.com\/#\/schema\/person\/image\/e08d7fe2cc4ed596372063bbe852b8d0\",\"url\":\"https:\/\/sulsc.com\/wp-content\/uploads\/2023\/09\/redacao.png\",\"contentUrl\":\"https:\/\/sulsc.com\/wp-content\/uploads\/2023\/09\/redacao.png\",\"caption\":\"Reda\u00e7\u00e3o Sul SC\"},\"description\":\"Foco em um jornalismo imparcial, voltado \u00e0 qualidade dos seus conte\u00fados e, assim, levar informa\u00e7\u00e3o de valor que agregue \u00e0 vida dos leitores. Esta \u00e9 grande miss\u00e3o do Portal de Not\u00edcias Sul SC. N\u00e3o \u00e9 quantidade que muda o mundo, sempre foi e seguir\u00e1 sendo qualidade!\",\"sameAs\":[\"https:\/\/sulsc.com\/\",\"https:\/\/www.facebook.com\/profile.php?id=61559278119680\",\"https:\/\/www.instagram.com\/sulscportal\/?hl=pt-br\",\"https:\/\/twitter.com\/https:\/\/twitter.com\/PortalSulSC\",\"https:\/\/www.youtube.com\/channel\/UCv_BE8GeySluDov2n8qhVmw\"],\"url\":\"https:\/\/sulsc.com\/index.php\/author\/redacao\/\"}]}<\/script>\n<!-- \/ Yoast SEO plugin. -->","yoast_head_json":{"title":"Santa Catarina acumula recordes na redu\u00e7\u00e3o de crimes em 2025 - Estado mais seguro do pa\u00eds -","robots":{"index":"index","follow":"follow","max-snippet":"max-snippet:-1","max-image-preview":"max-image-preview:large","max-video-preview":"max-video-preview:-1"},"canonical":"https:\/\/sulsc.com\/index.php\/2026\/01\/14\/santa-catarina-acumula-recordes-na-reducao-de-crimes-em-2025-estado-mais-seguro-do-pais\/","og_locale":"en_US","og_type":"article","og_title":"Santa Catarina acumula recordes na redu\u00e7\u00e3o de crimes em 2025 - Estado mais seguro do pa\u00eds -","og_description":"O balan\u00e7o foi divulgado nesta ter\u00e7a-feira (13), as informa\u00e7\u00f5es sobre os principais resultados de 2025 foram apresentada durante coletiva de imprensa realizada na Secretaria de Estado da Seguran\u00e7a P\u00fablica (SSP-SC), com a participa\u00e7\u00e3o de lideran\u00e7as da Pol\u00edcia Militar, da Pol\u00edcia Civil, da Pol\u00edcia Cient\u00edfica e do Corpo de Bombeiros Militar. Os dados foram fornecidos pela &hellip; Santa Catarina acumula recordes na redu\u00e7\u00e3o de crimes em 2025 &#8211; Estado mais seguro do pa\u00eds Read More &raquo;","og_url":"https:\/\/sulsc.com\/index.php\/2026\/01\/14\/santa-catarina-acumula-recordes-na-reducao-de-crimes-em-2025-estado-mais-seguro-do-pais\/","article_author":"https:\/\/www.facebook.com\/profile.php?id=61559278119680","article_published_time":"2026-01-14T12:31:04+00:00","og_image":[{"width":620,"height":414,"url":"http:\/\/sulsc.com\/wp-content\/uploads\/2026\/01\/9fee38d4-81d8-4db0-a71c-b14142534294.jpeg","type":"image\/jpeg"}],"author":"Reda\u00e7\u00e3o Sul SC","twitter_card":"summary_large_image","twitter_creator":"@https:\/\/twitter.com\/PortalSulSC","twitter_misc":{"Written by":"Reda\u00e7\u00e3o Sul SC","Est. reading time":"4 minutes"},"schema":{"@context":"https:\/\/schema.org","@graph":[{"@type":"WebPage","@id":"https:\/\/sulsc.com\/index.php\/2026\/01\/14\/santa-catarina-acumula-recordes-na-reducao-de-crimes-em-2025-estado-mais-seguro-do-pais\/","url":"https:\/\/sulsc.com\/index.php\/2026\/01\/14\/santa-catarina-acumula-recordes-na-reducao-de-crimes-em-2025-estado-mais-seguro-do-pais\/","name":"Santa Catarina acumula recordes na redu\u00e7\u00e3o de crimes em 2025 - Estado mais seguro do pa\u00eds -","isPartOf":{"@id":"https:\/\/sulsc.com\/#website"},"datePublished":"2026-01-14T12:31:04+00:00","dateModified":"2026-01-14T12:31:04+00:00","author":{"@id":"https:\/\/sulsc.com\/#\/schema\/person\/84d2fc571684f6248ba83092f07750a3"},"breadcrumb":{"@id":"https:\/\/sulsc.com\/index.php\/2026\/01\/14\/santa-catarina-acumula-recordes-na-reducao-de-crimes-em-2025-estado-mais-seguro-do-pais\/#breadcrumb"},"inLanguage":"en-US","potentialAction":[{"@type":"ReadAction","target":["https:\/\/sulsc.com\/index.php\/2026\/01\/14\/santa-catarina-acumula-recordes-na-reducao-de-crimes-em-2025-estado-mais-seguro-do-pais\/"]}]},{"@type":"BreadcrumbList","@id":"https:\/\/sulsc.com\/index.php\/2026\/01\/14\/santa-catarina-acumula-recordes-na-reducao-de-crimes-em-2025-estado-mais-seguro-do-pais\/#breadcrumb","itemListElement":[{"@type":"ListItem","position":1,"name":"In\u00edcio","item":"https:\/\/sulsc.com\/"},{"@type":"ListItem","position":2,"name":"Santa Catarina acumula recordes na redu\u00e7\u00e3o de crimes em 2025 &#8211; Estado mais seguro do pa\u00eds"}]},{"@type":"WebSite","@id":"https:\/\/sulsc.com\/#website","url":"https:\/\/sulsc.com\/","name":"","description":"","potentialAction":[{"@type":"SearchAction","target":{"@type":"EntryPoint","urlTemplate":"https:\/\/sulsc.com\/?s={search_term_string}"},"query-input":"required name=search_term_string"}],"inLanguage":"en-US"},{"@type":"Person","@id":"https:\/\/sulsc.com\/#\/schema\/person\/84d2fc571684f6248ba83092f07750a3","name":"Reda\u00e7\u00e3o Sul SC","image":{"@type":"ImageObject","inLanguage":"en-US","@id":"https:\/\/sulsc.com\/#\/schema\/person\/image\/e08d7fe2cc4ed596372063bbe852b8d0","url":"https:\/\/sulsc.com\/wp-content\/uploads\/2023\/09\/redacao.png","contentUrl":"https:\/\/sulsc.com\/wp-content\/uploads\/2023\/09\/redacao.png","caption":"Reda\u00e7\u00e3o Sul SC"},"description":"Foco em um jornalismo imparcial, voltado \u00e0 qualidade dos seus conte\u00fados e, assim, levar informa\u00e7\u00e3o de valor que agregue \u00e0 vida dos leitores. Esta \u00e9 grande miss\u00e3o do Portal de Not\u00edcias Sul SC. N\u00e3o \u00e9 quantidade que muda o mundo, sempre foi e seguir\u00e1 sendo qualidade!","sameAs":["https:\/\/sulsc.com\/","https:\/\/www.facebook.com\/profile.php?id=61559278119680","https:\/\/www.instagram.com\/sulscportal\/?hl=pt-br","https:\/\/twitter.com\/https:\/\/twitter.com\/PortalSulSC","https:\/\/www.youtube.com\/channel\/UCv_BE8GeySluDov2n8qhVmw"],"url":"https:\/\/sulsc.com\/index.php\/author\/redacao\/"}]}},"authors":[],"_links":{"self":[{"href":"https:\/\/sulsc.com\/index.php\/wp-json\/wp\/v2\/posts\/31484"}],"collection":[{"href":"https:\/\/sulsc.com\/index.php\/wp-json\/wp\/v2\/posts"}],"about":[{"href":"https:\/\/sulsc.com\/index.php\/wp-json\/wp\/v2\/types\/post"}],"author":[{"embeddable":true,"href":"https:\/\/sulsc.com\/index.php\/wp-json\/wp\/v2\/users\/3"}],"replies":[{"embeddable":true,"href":"https:\/\/sulsc.com\/index.php\/wp-json\/wp\/v2\/comments?post=31484"}],"version-history":[{"count":1,"href":"https:\/\/sulsc.com\/index.php\/wp-json\/wp\/v2\/posts\/31484\/revisions"}],"predecessor-version":[{"id":31491,"href":"https:\/\/sulsc.com\/index.php\/wp-json\/wp\/v2\/posts\/31484\/revisions\/31491"}],"wp:featuredmedia":[{"embeddable":true,"href":"https:\/\/sulsc.com\/index.php\/wp-json\/wp\/v2\/media\/31490"}],"wp:attachment":[{"href":"https:\/\/sulsc.com\/index.php\/wp-json\/wp\/v2\/media?parent=31484"}],"wp:term":[{"taxonomy":"category","embeddable":true,"href":"https:\/\/sulsc.com\/index.php\/wp-json\/wp\/v2\/categories?post=31484"},{"taxonomy":"post_tag","embeddable":true,"href":"https:\/\/sulsc.com\/index.php\/wp-json\/wp\/v2\/tags?post=31484"}],"curies":[{"name":"wp","href":"https:\/\/api.w.org\/{rel}","templated":true}]}}