{"id":31498,"date":"2026-01-14T17:11:44","date_gmt":"2026-01-14T20:11:44","guid":{"rendered":"https:\/\/sulsc.com\/?p=31498"},"modified":"2026-01-14T17:12:17","modified_gmt":"2026-01-14T20:12:17","slug":"combate-as-organizacoes-criminosas-gaeco-e-policia-militar-alinham-acoes-integradas-em-santa-catarina","status":"publish","type":"post","link":"https:\/\/sulsc.com\/index.php\/2026\/01\/14\/combate-as-organizacoes-criminosas-gaeco-e-policia-militar-alinham-acoes-integradas-em-santa-catarina\/","title":{"rendered":"Combate \u00e0s Organiza\u00e7\u00f5es Criminosas: GAECO e Pol\u00edcia Militar alinham a\u00e7\u00f5es integradas em Santa Catarina"},"content":{"rendered":"<p><span dir=\"auto\" style=\"vertical-align: inherit;\"><span dir=\"auto\" style=\"vertical-align: inherit;\">A Coordena\u00e7\u00e3o Estadual do Grupo de Atua\u00e7\u00e3o Especial de Combate \u00e0s Organiza\u00e7\u00f5es Criminosas (GAECO) esteve, na tarde desta ter\u00e7a-feira (13), no Comando de Miss\u00f5es Especiais da Pol\u00edcia Militar de Santa Catarina. O objetivo do encontro foi alinhar a\u00e7\u00f5es conjuntas no fortalecimento de a\u00e7\u00f5es integradas para o enfrentamento \u00e0s Organiza\u00e7\u00f5es Criminosas.<\/span><\/span><\/p>\n<div id=\"metaslider-id-25573\" style=\"width: 100%;\" class=\"ml-slider-3-99-0 metaslider metaslider-flex metaslider-25573 ml-slider has-onhover-arrows ms-theme-default-base has-dots-nav\" role=\"region\" aria-label=\"Meio\" data-width=\"1200\">\n    <div id=\"metaslider_container_25573\">\n        <div id=\"metaslider_25573\">\n            <ul class='slides'>\n                <li style=\"display: block; width: 100%;\" class=\"slide-25684 ms-image \" aria-roledescription=\"slide\" data-date=\"2025-07-24 07:55:40\"><img src=\"https:\/\/sulsc.com\/wp-content\/uploads\/2025\/07\/Marr-2-1000x166.jpg\" height=\"200\" width=\"1200\" alt=\"\" class=\"slider-25573 slide-25684 msDefaultImage\" title=\"Marr 2\" \/><\/li>\n                <li style=\"display: none; width: 100%;\" class=\"slide-32412 ms-image \" aria-roledescription=\"slide\" data-date=\"2026-02-18 13:59:46\"><img src=\"https:\/\/sulsc.com\/wp-content\/uploads\/2026\/02\/40dc1580-cad5-4867-bc58-c4243821ad38-1000x166.jpeg\" height=\"200\" width=\"1200\" alt=\"\" class=\"slider-25573 slide-32412 msDefaultImage\" title=\"40dc1580-cad5-4867-bc58-c4243821ad38\" \/><\/li>\n                <li style=\"display: none; width: 100%;\" class=\"slide-32766 ms-image \" aria-roledescription=\"slide\" data-date=\"2026-03-03 17:22:59\"><img src=\"https:\/\/sulsc.com\/wp-content\/uploads\/2026\/03\/271ce739-f268-41c5-8051-3de1a1750359-1000x166.jpeg\" height=\"200\" width=\"1200\" alt=\"\" class=\"slider-25573 slide-32766 msDefaultImage\" title=\"271ce739-f268-41c5-8051-3de1a1750359\" \/><\/li>\n            <\/ul>\n        <\/div>\n        \n    <\/div>\n<\/div>\n<p><span dir=\"auto\" style=\"vertical-align: inherit;\"><span dir=\"auto\" style=\"vertical-align: inherit;\">O Coordenador do GAECO, Promotor de Justi\u00e7a Wilson Paulo Mendon\u00e7a Neto, afirmou que &#8220;o enfrentamento \u00e0s organiza\u00e7\u00f5es criminosas exige atua\u00e7\u00e3o coordenada, planejamento conjunto e integra\u00e7\u00e3o permanente entre as institui\u00e7\u00f5es. Esse alinhamento com a Pol\u00edcia Militar, especialmente com as unidades especializadas, fortalece a capacidade operacional e amplia a efetividade das a\u00e7\u00f5es de investiga\u00e7\u00e3o&#8221;, disse.<\/span><\/span><\/p>\n<p><span dir=\"auto\" style=\"vertical-align: inherit;\"><span dir=\"auto\" style=\"vertical-align: inherit;\">Al\u00e9m do Coordenador do GAECO participou da reuni\u00e3o o coordenador da PM no GAECO, Tenente Coronel Daniel Nunes da Silva; o Comandante do Comando de Miss\u00f5es Especiais da PMSC, Coronel Dante da Costa Chirieguini, o Comandante do BOPE, Tenente-Coronel Anderson Stanke; o Comandante do Batalh\u00e3o de Pol\u00edcia de Choque, Major Caio Miranda; o respons\u00e1vel pelo Comando do Batalh\u00e3o de Avia\u00e7\u00e3o, Tenente-Coronel Mateus Fonasari Szpoganicz; o Comandante do Esquadr\u00e3o de Pol\u00edcia Montada, Tenente Coronel Rafael Carlos Dutra e o Comandante da Cia de C\u00e3es, Major Fernando Gruner Prud\u00eancia.<\/span><\/span><\/p>\n<p><img fetchpriority=\"high\" decoding=\"async\" class=\"aligncenter size-full wp-image-31499\" src=\"http:\/\/sulsc.com\/wp-content\/uploads\/2026\/01\/1-1.webp\" alt=\"\" width=\"960\" height=\"720\" srcset=\"https:\/\/sulsc.com\/wp-content\/uploads\/2026\/01\/1-1.webp 960w, https:\/\/sulsc.com\/wp-content\/uploads\/2026\/01\/1-1-300x225.webp 300w, https:\/\/sulsc.com\/wp-content\/uploads\/2026\/01\/1-1-768x576.webp 768w\" sizes=\"(max-width: 960px) 100vw, 960px\" \/><\/p>\n<p><span dir=\"auto\" style=\"vertical-align: inherit;\"><span dir=\"auto\" style=\"vertical-align: inherit;\">Foto: MPSC\/Divulga\u00e7\u00e3o\/SulSC<\/span><\/span><\/p>\n<p><span dir=\"auto\" style=\"vertical-align: inherit;\"><span dir=\"auto\" style=\"vertical-align: inherit;\">Fonte: MPSC<\/span><\/span><\/p>\n","protected":false},"excerpt":{"rendered":"<p>A Coordena\u00e7\u00e3o Estadual do Grupo de Atua\u00e7\u00e3o Especial de Combate \u00e0s Organiza\u00e7\u00f5es Criminosas (GAECO) esteve, na tarde desta ter\u00e7a-feira (13), no Comando de Miss\u00f5es Especiais da Pol\u00edcia Militar de Santa Catarina. O objetivo do encontro foi alinhar a\u00e7\u00f5es conjuntas no fortalecimento de a\u00e7\u00f5es integradas para o enfrentamento \u00e0s Organiza\u00e7\u00f5es Criminosas. O Coordenador do GAECO, Promotor &hellip;<\/p>\n<p class=\"read-more\"> <a class=\"\" href=\"https:\/\/sulsc.com\/index.php\/2026\/01\/14\/combate-as-organizacoes-criminosas-gaeco-e-policia-militar-alinham-acoes-integradas-em-santa-catarina\/\"> <span class=\"screen-reader-text\">Combate \u00e0s Organiza\u00e7\u00f5es Criminosas: GAECO e Pol\u00edcia Militar alinham a\u00e7\u00f5es integradas em Santa Catarina<\/span> Read More &raquo;<\/a><\/p>\n","protected":false},"author":3,"featured_media":31499,"comment_status":"open","ping_status":"open","sticky":false,"template":"","format":"standard","meta":{"site-sidebar-layout":"default","site-content-layout":"","ast-site-content-layout":"default","site-content-style":"default","site-sidebar-style":"default","ast-global-header-display":"","ast-banner-title-visibility":"","ast-main-header-display":"","ast-hfb-above-header-display":"","ast-hfb-below-header-display":"","ast-hfb-mobile-header-display":"","site-post-title":"","ast-breadcrumbs-content":"","ast-featured-img":"","footer-sml-layout":"","theme-transparent-header-meta":"default","adv-header-id-meta":"","stick-header-meta":"","header-above-stick-meta":"","header-main-stick-meta":"","header-below-stick-meta":"","astra-migrate-meta-layouts":"set","footnotes":""},"categories":[2658,1,2313,14,2782,12],"tags":[100],"yoast_head":"<!-- This site is optimized with the Yoast SEO plugin v21.4 - https:\/\/yoast.com\/wordpress\/plugins\/seo\/ -->\n<title>Combate \u00e0s Organiza\u00e7\u00f5es Criminosas: GAECO e Pol\u00edcia Militar alinham a\u00e7\u00f5es integradas em Santa Catarina -<\/title>\n<meta name=\"robots\" content=\"index, follow, max-snippet:-1, max-image-preview:large, max-video-preview:-1\" \/>\n<link rel=\"canonical\" href=\"https:\/\/sulsc.com\/index.php\/2026\/01\/14\/combate-as-organizacoes-criminosas-gaeco-e-policia-militar-alinham-acoes-integradas-em-santa-catarina\/\" \/>\n<meta property=\"og:locale\" content=\"en_US\" \/>\n<meta property=\"og:type\" content=\"article\" \/>\n<meta property=\"og:title\" content=\"Combate \u00e0s Organiza\u00e7\u00f5es Criminosas: GAECO e Pol\u00edcia Militar alinham a\u00e7\u00f5es integradas em Santa Catarina -\" \/>\n<meta property=\"og:description\" content=\"A Coordena\u00e7\u00e3o Estadual do Grupo de Atua\u00e7\u00e3o Especial de Combate \u00e0s Organiza\u00e7\u00f5es Criminosas (GAECO) esteve, na tarde desta ter\u00e7a-feira (13), no Comando de Miss\u00f5es Especiais da Pol\u00edcia Militar de Santa Catarina. O objetivo do encontro foi alinhar a\u00e7\u00f5es conjuntas no fortalecimento de a\u00e7\u00f5es integradas para o enfrentamento \u00e0s Organiza\u00e7\u00f5es Criminosas. O Coordenador do GAECO, Promotor &hellip; Combate \u00e0s Organiza\u00e7\u00f5es Criminosas: GAECO e Pol\u00edcia Militar alinham a\u00e7\u00f5es integradas em Santa Catarina Read More &raquo;\" \/>\n<meta property=\"og:url\" content=\"https:\/\/sulsc.com\/index.php\/2026\/01\/14\/combate-as-organizacoes-criminosas-gaeco-e-policia-militar-alinham-acoes-integradas-em-santa-catarina\/\" \/>\n<meta property=\"article:author\" content=\"https:\/\/www.facebook.com\/profile.php?id=61559278119680\" \/>\n<meta property=\"article:published_time\" content=\"2026-01-14T20:11:44+00:00\" \/>\n<meta property=\"article:modified_time\" content=\"2026-01-14T20:12:17+00:00\" \/>\n<meta property=\"og:image\" content=\"http:\/\/sulsc.com\/wp-content\/uploads\/2026\/01\/1-1.webp\" \/>\n\t<meta property=\"og:image:width\" content=\"960\" \/>\n\t<meta property=\"og:image:height\" content=\"720\" \/>\n\t<meta property=\"og:image:type\" content=\"image\/webp\" \/>\n<meta name=\"author\" content=\"Reda\u00e7\u00e3o Sul SC\" \/>\n<meta name=\"twitter:card\" content=\"summary_large_image\" \/>\n<meta name=\"twitter:creator\" content=\"@https:\/\/twitter.com\/PortalSulSC\" \/>\n<meta name=\"twitter:label1\" content=\"Written by\" \/>\n\t<meta name=\"twitter:data1\" content=\"Reda\u00e7\u00e3o Sul SC\" \/>\n\t<meta name=\"twitter:label2\" content=\"Est. reading time\" \/>\n\t<meta name=\"twitter:data2\" content=\"2 minutes\" \/>\n<script type=\"application\/ld+json\" class=\"yoast-schema-graph\">{\"@context\":\"https:\/\/schema.org\",\"@graph\":[{\"@type\":\"WebPage\",\"@id\":\"https:\/\/sulsc.com\/index.php\/2026\/01\/14\/combate-as-organizacoes-criminosas-gaeco-e-policia-militar-alinham-acoes-integradas-em-santa-catarina\/\",\"url\":\"https:\/\/sulsc.com\/index.php\/2026\/01\/14\/combate-as-organizacoes-criminosas-gaeco-e-policia-militar-alinham-acoes-integradas-em-santa-catarina\/\",\"name\":\"Combate \u00e0s Organiza\u00e7\u00f5es Criminosas: GAECO e Pol\u00edcia Militar alinham a\u00e7\u00f5es integradas em Santa Catarina -\",\"isPartOf\":{\"@id\":\"https:\/\/sulsc.com\/#website\"},\"datePublished\":\"2026-01-14T20:11:44+00:00\",\"dateModified\":\"2026-01-14T20:12:17+00:00\",\"author\":{\"@id\":\"https:\/\/sulsc.com\/#\/schema\/person\/84d2fc571684f6248ba83092f07750a3\"},\"breadcrumb\":{\"@id\":\"https:\/\/sulsc.com\/index.php\/2026\/01\/14\/combate-as-organizacoes-criminosas-gaeco-e-policia-militar-alinham-acoes-integradas-em-santa-catarina\/#breadcrumb\"},\"inLanguage\":\"en-US\",\"potentialAction\":[{\"@type\":\"ReadAction\",\"target\":[\"https:\/\/sulsc.com\/index.php\/2026\/01\/14\/combate-as-organizacoes-criminosas-gaeco-e-policia-militar-alinham-acoes-integradas-em-santa-catarina\/\"]}]},{\"@type\":\"BreadcrumbList\",\"@id\":\"https:\/\/sulsc.com\/index.php\/2026\/01\/14\/combate-as-organizacoes-criminosas-gaeco-e-policia-militar-alinham-acoes-integradas-em-santa-catarina\/#breadcrumb\",\"itemListElement\":[{\"@type\":\"ListItem\",\"position\":1,\"name\":\"In\u00edcio\",\"item\":\"https:\/\/sulsc.com\/\"},{\"@type\":\"ListItem\",\"position\":2,\"name\":\"Combate \u00e0s Organiza\u00e7\u00f5es Criminosas: GAECO e Pol\u00edcia Militar alinham a\u00e7\u00f5es integradas em Santa Catarina\"}]},{\"@type\":\"WebSite\",\"@id\":\"https:\/\/sulsc.com\/#website\",\"url\":\"https:\/\/sulsc.com\/\",\"name\":\"\",\"description\":\"\",\"potentialAction\":[{\"@type\":\"SearchAction\",\"target\":{\"@type\":\"EntryPoint\",\"urlTemplate\":\"https:\/\/sulsc.com\/?s={search_term_string}\"},\"query-input\":\"required name=search_term_string\"}],\"inLanguage\":\"en-US\"},{\"@type\":\"Person\",\"@id\":\"https:\/\/sulsc.com\/#\/schema\/person\/84d2fc571684f6248ba83092f07750a3\",\"name\":\"Reda\u00e7\u00e3o Sul SC\",\"image\":{\"@type\":\"ImageObject\",\"inLanguage\":\"en-US\",\"@id\":\"https:\/\/sulsc.com\/#\/schema\/person\/image\/e08d7fe2cc4ed596372063bbe852b8d0\",\"url\":\"https:\/\/sulsc.com\/wp-content\/uploads\/2023\/09\/redacao.png\",\"contentUrl\":\"https:\/\/sulsc.com\/wp-content\/uploads\/2023\/09\/redacao.png\",\"caption\":\"Reda\u00e7\u00e3o Sul SC\"},\"description\":\"Foco em um jornalismo imparcial, voltado \u00e0 qualidade dos seus conte\u00fados e, assim, levar informa\u00e7\u00e3o de valor que agregue \u00e0 vida dos leitores. Esta \u00e9 grande miss\u00e3o do Portal de Not\u00edcias Sul SC. N\u00e3o \u00e9 quantidade que muda o mundo, sempre foi e seguir\u00e1 sendo qualidade!\",\"sameAs\":[\"https:\/\/sulsc.com\/\",\"https:\/\/www.facebook.com\/profile.php?id=61559278119680\",\"https:\/\/www.instagram.com\/sulscportal\/?hl=pt-br\",\"https:\/\/twitter.com\/https:\/\/twitter.com\/PortalSulSC\",\"https:\/\/www.youtube.com\/channel\/UCv_BE8GeySluDov2n8qhVmw\"],\"url\":\"https:\/\/sulsc.com\/index.php\/author\/redacao\/\"}]}<\/script>\n<!-- \/ Yoast SEO plugin. -->","yoast_head_json":{"title":"Combate \u00e0s Organiza\u00e7\u00f5es Criminosas: GAECO e Pol\u00edcia Militar alinham a\u00e7\u00f5es integradas em Santa Catarina -","robots":{"index":"index","follow":"follow","max-snippet":"max-snippet:-1","max-image-preview":"max-image-preview:large","max-video-preview":"max-video-preview:-1"},"canonical":"https:\/\/sulsc.com\/index.php\/2026\/01\/14\/combate-as-organizacoes-criminosas-gaeco-e-policia-militar-alinham-acoes-integradas-em-santa-catarina\/","og_locale":"en_US","og_type":"article","og_title":"Combate \u00e0s Organiza\u00e7\u00f5es Criminosas: GAECO e Pol\u00edcia Militar alinham a\u00e7\u00f5es integradas em Santa Catarina -","og_description":"A Coordena\u00e7\u00e3o Estadual do Grupo de Atua\u00e7\u00e3o Especial de Combate \u00e0s Organiza\u00e7\u00f5es Criminosas (GAECO) esteve, na tarde desta ter\u00e7a-feira (13), no Comando de Miss\u00f5es Especiais da Pol\u00edcia Militar de Santa Catarina. O objetivo do encontro foi alinhar a\u00e7\u00f5es conjuntas no fortalecimento de a\u00e7\u00f5es integradas para o enfrentamento \u00e0s Organiza\u00e7\u00f5es Criminosas. O Coordenador do GAECO, Promotor &hellip; Combate \u00e0s Organiza\u00e7\u00f5es Criminosas: GAECO e Pol\u00edcia Militar alinham a\u00e7\u00f5es integradas em Santa Catarina Read More &raquo;","og_url":"https:\/\/sulsc.com\/index.php\/2026\/01\/14\/combate-as-organizacoes-criminosas-gaeco-e-policia-militar-alinham-acoes-integradas-em-santa-catarina\/","article_author":"https:\/\/www.facebook.com\/profile.php?id=61559278119680","article_published_time":"2026-01-14T20:11:44+00:00","article_modified_time":"2026-01-14T20:12:17+00:00","og_image":[{"width":960,"height":720,"url":"http:\/\/sulsc.com\/wp-content\/uploads\/2026\/01\/1-1.webp","type":"image\/webp"}],"author":"Reda\u00e7\u00e3o Sul SC","twitter_card":"summary_large_image","twitter_creator":"@https:\/\/twitter.com\/PortalSulSC","twitter_misc":{"Written by":"Reda\u00e7\u00e3o Sul SC","Est. reading time":"2 minutes"},"schema":{"@context":"https:\/\/schema.org","@graph":[{"@type":"WebPage","@id":"https:\/\/sulsc.com\/index.php\/2026\/01\/14\/combate-as-organizacoes-criminosas-gaeco-e-policia-militar-alinham-acoes-integradas-em-santa-catarina\/","url":"https:\/\/sulsc.com\/index.php\/2026\/01\/14\/combate-as-organizacoes-criminosas-gaeco-e-policia-militar-alinham-acoes-integradas-em-santa-catarina\/","name":"Combate \u00e0s Organiza\u00e7\u00f5es Criminosas: GAECO e Pol\u00edcia Militar alinham a\u00e7\u00f5es integradas em Santa Catarina -","isPartOf":{"@id":"https:\/\/sulsc.com\/#website"},"datePublished":"2026-01-14T20:11:44+00:00","dateModified":"2026-01-14T20:12:17+00:00","author":{"@id":"https:\/\/sulsc.com\/#\/schema\/person\/84d2fc571684f6248ba83092f07750a3"},"breadcrumb":{"@id":"https:\/\/sulsc.com\/index.php\/2026\/01\/14\/combate-as-organizacoes-criminosas-gaeco-e-policia-militar-alinham-acoes-integradas-em-santa-catarina\/#breadcrumb"},"inLanguage":"en-US","potentialAction":[{"@type":"ReadAction","target":["https:\/\/sulsc.com\/index.php\/2026\/01\/14\/combate-as-organizacoes-criminosas-gaeco-e-policia-militar-alinham-acoes-integradas-em-santa-catarina\/"]}]},{"@type":"BreadcrumbList","@id":"https:\/\/sulsc.com\/index.php\/2026\/01\/14\/combate-as-organizacoes-criminosas-gaeco-e-policia-militar-alinham-acoes-integradas-em-santa-catarina\/#breadcrumb","itemListElement":[{"@type":"ListItem","position":1,"name":"In\u00edcio","item":"https:\/\/sulsc.com\/"},{"@type":"ListItem","position":2,"name":"Combate \u00e0s Organiza\u00e7\u00f5es Criminosas: GAECO e Pol\u00edcia Militar alinham a\u00e7\u00f5es integradas em Santa Catarina"}]},{"@type":"WebSite","@id":"https:\/\/sulsc.com\/#website","url":"https:\/\/sulsc.com\/","name":"","description":"","potentialAction":[{"@type":"SearchAction","target":{"@type":"EntryPoint","urlTemplate":"https:\/\/sulsc.com\/?s={search_term_string}"},"query-input":"required name=search_term_string"}],"inLanguage":"en-US"},{"@type":"Person","@id":"https:\/\/sulsc.com\/#\/schema\/person\/84d2fc571684f6248ba83092f07750a3","name":"Reda\u00e7\u00e3o Sul SC","image":{"@type":"ImageObject","inLanguage":"en-US","@id":"https:\/\/sulsc.com\/#\/schema\/person\/image\/e08d7fe2cc4ed596372063bbe852b8d0","url":"https:\/\/sulsc.com\/wp-content\/uploads\/2023\/09\/redacao.png","contentUrl":"https:\/\/sulsc.com\/wp-content\/uploads\/2023\/09\/redacao.png","caption":"Reda\u00e7\u00e3o Sul SC"},"description":"Foco em um jornalismo imparcial, voltado \u00e0 qualidade dos seus conte\u00fados e, assim, levar informa\u00e7\u00e3o de valor que agregue \u00e0 vida dos leitores. Esta \u00e9 grande miss\u00e3o do Portal de Not\u00edcias Sul SC. N\u00e3o \u00e9 quantidade que muda o mundo, sempre foi e seguir\u00e1 sendo qualidade!","sameAs":["https:\/\/sulsc.com\/","https:\/\/www.facebook.com\/profile.php?id=61559278119680","https:\/\/www.instagram.com\/sulscportal\/?hl=pt-br","https:\/\/twitter.com\/https:\/\/twitter.com\/PortalSulSC","https:\/\/www.youtube.com\/channel\/UCv_BE8GeySluDov2n8qhVmw"],"url":"https:\/\/sulsc.com\/index.php\/author\/redacao\/"}]}},"authors":[],"_links":{"self":[{"href":"https:\/\/sulsc.com\/index.php\/wp-json\/wp\/v2\/posts\/31498"}],"collection":[{"href":"https:\/\/sulsc.com\/index.php\/wp-json\/wp\/v2\/posts"}],"about":[{"href":"https:\/\/sulsc.com\/index.php\/wp-json\/wp\/v2\/types\/post"}],"author":[{"embeddable":true,"href":"https:\/\/sulsc.com\/index.php\/wp-json\/wp\/v2\/users\/3"}],"replies":[{"embeddable":true,"href":"https:\/\/sulsc.com\/index.php\/wp-json\/wp\/v2\/comments?post=31498"}],"version-history":[{"count":2,"href":"https:\/\/sulsc.com\/index.php\/wp-json\/wp\/v2\/posts\/31498\/revisions"}],"predecessor-version":[{"id":31501,"href":"https:\/\/sulsc.com\/index.php\/wp-json\/wp\/v2\/posts\/31498\/revisions\/31501"}],"wp:featuredmedia":[{"embeddable":true,"href":"https:\/\/sulsc.com\/index.php\/wp-json\/wp\/v2\/media\/31499"}],"wp:attachment":[{"href":"https:\/\/sulsc.com\/index.php\/wp-json\/wp\/v2\/media?parent=31498"}],"wp:term":[{"taxonomy":"category","embeddable":true,"href":"https:\/\/sulsc.com\/index.php\/wp-json\/wp\/v2\/categories?post=31498"},{"taxonomy":"post_tag","embeddable":true,"href":"https:\/\/sulsc.com\/index.php\/wp-json\/wp\/v2\/tags?post=31498"}],"curies":[{"name":"wp","href":"https:\/\/api.w.org\/{rel}","templated":true}]}}