{"id":31505,"date":"2026-01-15T06:31:21","date_gmt":"2026-01-15T09:31:21","guid":{"rendered":"https:\/\/sulsc.com\/?p=31505"},"modified":"2026-01-15T06:31:21","modified_gmt":"2026-01-15T09:31:21","slug":"prefeito-de-garopaba-tem-habeas-corpus-negado-pelo-stf-e-continua-preso-no-presidio-regional-de-tubarao","status":"publish","type":"post","link":"https:\/\/sulsc.com\/index.php\/2026\/01\/15\/prefeito-de-garopaba-tem-habeas-corpus-negado-pelo-stf-e-continua-preso-no-presidio-regional-de-tubarao\/","title":{"rendered":"Prefeito de Garopaba tem habeas corpus negado pelo STF e continua preso no pres\u00eddio regional de Tubar\u00e3o"},"content":{"rendered":"<p><span dir=\"auto\" style=\"vertical-align: inherit;\"><span dir=\"auto\" style=\"vertical-align: inherit;\">O prefeito de Garopaba Junior de Abreu Bento (PP), tem pedido de liminar em habeas corpus\u00a0 rejeitado pelo Superior Tribunal de Justi\u00e7a (STJ) nesta quarta-feira (14). O prefeito, que se encontra preso preventivamente, \u00e9 alvo da segunda fase da opera\u00e7\u00e3o Coleta Seletiva, deflagrada pela Pol\u00edcia Civil de Santa Catarina.<\/span><\/span><\/p>\n<div id=\"metaslider-id-25573\" style=\"width: 100%;\" class=\"ml-slider-3-99-0 metaslider metaslider-flex metaslider-25573 ml-slider has-onhover-arrows ms-theme-default-base has-dots-nav\" role=\"region\" aria-label=\"Meio\" data-width=\"1200\">\n    <div id=\"metaslider_container_25573\">\n        <div id=\"metaslider_25573\">\n            <ul class='slides'>\n                <li style=\"display: block; width: 100%;\" class=\"slide-25684 ms-image \" aria-roledescription=\"slide\" data-date=\"2025-07-24 07:55:40\"><img src=\"https:\/\/sulsc.com\/wp-content\/uploads\/2025\/07\/Marr-2-1000x166.jpg\" height=\"200\" width=\"1200\" alt=\"\" class=\"slider-25573 slide-25684 msDefaultImage\" title=\"Marr 2\" \/><\/li>\n                <li style=\"display: none; width: 100%;\" class=\"slide-32412 ms-image \" aria-roledescription=\"slide\" data-date=\"2026-02-18 13:59:46\"><img src=\"https:\/\/sulsc.com\/wp-content\/uploads\/2026\/02\/40dc1580-cad5-4867-bc58-c4243821ad38-1000x166.jpeg\" height=\"200\" width=\"1200\" alt=\"\" class=\"slider-25573 slide-32412 msDefaultImage\" title=\"40dc1580-cad5-4867-bc58-c4243821ad38\" \/><\/li>\n                <li style=\"display: none; width: 100%;\" class=\"slide-32766 ms-image \" aria-roledescription=\"slide\" data-date=\"2026-03-03 17:22:59\"><img src=\"https:\/\/sulsc.com\/wp-content\/uploads\/2026\/03\/271ce739-f268-41c5-8051-3de1a1750359-1000x166.jpeg\" height=\"200\" width=\"1200\" alt=\"\" class=\"slider-25573 slide-32766 msDefaultImage\" title=\"271ce739-f268-41c5-8051-3de1a1750359\" \/><\/li>\n            <\/ul>\n        <\/div>\n        \n    <\/div>\n<\/div>\n<p><span dir=\"auto\" style=\"vertical-align: inherit;\"><span dir=\"auto\" style=\"vertical-align: inherit;\">De acordo com o andamento processual no STJ, a liminar foi indeferida \u00e0s 14h10 desta quarta-feira pelo ministro Herman Benjamin, que decidiu manter a pris\u00e3o do prefeito enquanto o m\u00e9rito do habeas corpus ainda ser\u00e1 aplicado pela Corte. O pedido de defesa questiona a legalidade da pris\u00e3o preventiva, decretada durante investiga\u00e7\u00f5es que apuram supostos crimes de corrup\u00e7\u00e3o e irregularidades em contratos p\u00fablicos no munic\u00edpio.<\/span><\/span><\/p>\n<p><span dir=\"auto\" style=\"vertical-align: inherit;\"><span dir=\"auto\" style=\"vertical-align: inherit;\">O habeas corpus foi protocolado neste domingo (12) e distribu\u00eddo ao ministro Reynaldo Soares da Fonseca, da Quinta Turma do STJ. A defesa, liderada pelo advogado Gustavo Mascarenhas Lacerda Pedrina, contestou uma decis\u00e3o anterior do Tribunal de Justi\u00e7a de Santa Catarina (TJ-SC).<\/span><\/span><\/p>\n<p><img fetchpriority=\"high\" decoding=\"async\" class=\"aligncenter size-full wp-image-31507\" src=\"http:\/\/sulsc.com\/wp-content\/uploads\/2026\/01\/f5074eb7-641e-4271-9e54-3e3aae181222.jpeg\" alt=\"\" width=\"1200\" height=\"675\" srcset=\"https:\/\/sulsc.com\/wp-content\/uploads\/2026\/01\/f5074eb7-641e-4271-9e54-3e3aae181222.jpeg 1200w, https:\/\/sulsc.com\/wp-content\/uploads\/2026\/01\/f5074eb7-641e-4271-9e54-3e3aae181222-300x169.jpeg 300w, https:\/\/sulsc.com\/wp-content\/uploads\/2026\/01\/f5074eb7-641e-4271-9e54-3e3aae181222-1024x576.jpeg 1024w, https:\/\/sulsc.com\/wp-content\/uploads\/2026\/01\/f5074eb7-641e-4271-9e54-3e3aae181222-768x432.jpeg 768w\" sizes=\"(max-width: 1200px) 100vw, 1200px\" \/><\/p>\n<p>Foto: Reprodu\u00e7\u00e3o Instagram<\/p>\n<p><span dir=\"auto\" style=\"vertical-align: inherit;\"><span dir=\"auto\" style=\"vertical-align: inherit;\">Junior de Abreu Bento foi preso na quinta-feira (8) e est\u00e1 detido no Pres\u00eddio Regional de Tubar\u00e3o. Desde ent\u00e3o, o vice-prefeito Jorge Augusto Chaves assume interinamente a gest\u00e3o da Prefeitura Municipal, conforme prev\u00ea a legisla\u00e7\u00e3o.<\/span><\/span><\/p>\n","protected":false},"excerpt":{"rendered":"<p>O prefeito de Garopaba Junior de Abreu Bento (PP), tem pedido de liminar em habeas corpus\u00a0 rejeitado pelo Superior Tribunal de Justi\u00e7a (STJ) nesta quarta-feira (14). O prefeito, que se encontra preso preventivamente, \u00e9 alvo da segunda fase da opera\u00e7\u00e3o Coleta Seletiva, deflagrada pela Pol\u00edcia Civil de Santa Catarina. De acordo com o andamento processual &hellip;<\/p>\n<p class=\"read-more\"> <a class=\"\" href=\"https:\/\/sulsc.com\/index.php\/2026\/01\/15\/prefeito-de-garopaba-tem-habeas-corpus-negado-pelo-stf-e-continua-preso-no-presidio-regional-de-tubarao\/\"> <span class=\"screen-reader-text\">Prefeito de Garopaba tem habeas corpus negado pelo STF e continua preso no pres\u00eddio regional de Tubar\u00e3o<\/span> Read More &raquo;<\/a><\/p>\n","protected":false},"author":3,"featured_media":31509,"comment_status":"open","ping_status":"open","sticky":false,"template":"","format":"standard","meta":{"site-sidebar-layout":"default","site-content-layout":"","ast-site-content-layout":"default","site-content-style":"default","site-sidebar-style":"default","ast-global-header-display":"","ast-banner-title-visibility":"","ast-main-header-display":"","ast-hfb-above-header-display":"","ast-hfb-below-header-display":"","ast-hfb-mobile-header-display":"","site-post-title":"","ast-breadcrumbs-content":"","ast-featured-img":"","footer-sml-layout":"","theme-transparent-header-meta":"default","adv-header-id-meta":"","stick-header-meta":"","header-above-stick-meta":"","header-main-stick-meta":"","header-below-stick-meta":"","astra-migrate-meta-layouts":"set","footnotes":""},"categories":[2231,1982,1,6,14,2417,12],"tags":[2803],"yoast_head":"<!-- This site is optimized with the Yoast SEO plugin v21.4 - https:\/\/yoast.com\/wordpress\/plugins\/seo\/ -->\n<title>Prefeito de Garopaba tem habeas corpus negado pelo STF e continua preso no pres\u00eddio regional de Tubar\u00e3o -<\/title>\n<meta name=\"robots\" content=\"index, follow, max-snippet:-1, max-image-preview:large, max-video-preview:-1\" \/>\n<link rel=\"canonical\" href=\"https:\/\/sulsc.com\/index.php\/2026\/01\/15\/prefeito-de-garopaba-tem-habeas-corpus-negado-pelo-stf-e-continua-preso-no-presidio-regional-de-tubarao\/\" \/>\n<meta property=\"og:locale\" content=\"en_US\" \/>\n<meta property=\"og:type\" content=\"article\" \/>\n<meta property=\"og:title\" content=\"Prefeito de Garopaba tem habeas corpus negado pelo STF e continua preso no pres\u00eddio regional de Tubar\u00e3o -\" \/>\n<meta property=\"og:description\" content=\"O prefeito de Garopaba Junior de Abreu Bento (PP), tem pedido de liminar em habeas corpus\u00a0 rejeitado pelo Superior Tribunal de Justi\u00e7a (STJ) nesta quarta-feira (14). O prefeito, que se encontra preso preventivamente, \u00e9 alvo da segunda fase da opera\u00e7\u00e3o Coleta Seletiva, deflagrada pela Pol\u00edcia Civil de Santa Catarina. De acordo com o andamento processual &hellip; Prefeito de Garopaba tem habeas corpus negado pelo STF e continua preso no pres\u00eddio regional de Tubar\u00e3o Read More &raquo;\" \/>\n<meta property=\"og:url\" content=\"https:\/\/sulsc.com\/index.php\/2026\/01\/15\/prefeito-de-garopaba-tem-habeas-corpus-negado-pelo-stf-e-continua-preso-no-presidio-regional-de-tubarao\/\" \/>\n<meta property=\"article:author\" content=\"https:\/\/www.facebook.com\/profile.php?id=61559278119680\" \/>\n<meta property=\"article:published_time\" content=\"2026-01-15T09:31:21+00:00\" \/>\n<meta property=\"og:image\" content=\"http:\/\/sulsc.com\/wp-content\/uploads\/2026\/01\/b33d6415-631c-40c8-8d9c-549c75d71551.jpeg\" \/>\n\t<meta property=\"og:image:width\" content=\"767\" \/>\n\t<meta property=\"og:image:height\" content=\"400\" \/>\n\t<meta property=\"og:image:type\" content=\"image\/jpeg\" \/>\n<meta name=\"author\" content=\"Reda\u00e7\u00e3o Sul SC\" \/>\n<meta name=\"twitter:card\" content=\"summary_large_image\" \/>\n<meta name=\"twitter:creator\" content=\"@https:\/\/twitter.com\/PortalSulSC\" \/>\n<meta name=\"twitter:label1\" content=\"Written by\" \/>\n\t<meta name=\"twitter:data1\" content=\"Reda\u00e7\u00e3o Sul SC\" \/>\n\t<meta name=\"twitter:label2\" content=\"Est. reading time\" \/>\n\t<meta name=\"twitter:data2\" content=\"2 minutes\" \/>\n<script type=\"application\/ld+json\" class=\"yoast-schema-graph\">{\"@context\":\"https:\/\/schema.org\",\"@graph\":[{\"@type\":\"WebPage\",\"@id\":\"https:\/\/sulsc.com\/index.php\/2026\/01\/15\/prefeito-de-garopaba-tem-habeas-corpus-negado-pelo-stf-e-continua-preso-no-presidio-regional-de-tubarao\/\",\"url\":\"https:\/\/sulsc.com\/index.php\/2026\/01\/15\/prefeito-de-garopaba-tem-habeas-corpus-negado-pelo-stf-e-continua-preso-no-presidio-regional-de-tubarao\/\",\"name\":\"Prefeito de Garopaba tem habeas corpus negado pelo STF e continua preso no pres\u00eddio regional de Tubar\u00e3o -\",\"isPartOf\":{\"@id\":\"https:\/\/sulsc.com\/#website\"},\"datePublished\":\"2026-01-15T09:31:21+00:00\",\"dateModified\":\"2026-01-15T09:31:21+00:00\",\"author\":{\"@id\":\"https:\/\/sulsc.com\/#\/schema\/person\/84d2fc571684f6248ba83092f07750a3\"},\"breadcrumb\":{\"@id\":\"https:\/\/sulsc.com\/index.php\/2026\/01\/15\/prefeito-de-garopaba-tem-habeas-corpus-negado-pelo-stf-e-continua-preso-no-presidio-regional-de-tubarao\/#breadcrumb\"},\"inLanguage\":\"en-US\",\"potentialAction\":[{\"@type\":\"ReadAction\",\"target\":[\"https:\/\/sulsc.com\/index.php\/2026\/01\/15\/prefeito-de-garopaba-tem-habeas-corpus-negado-pelo-stf-e-continua-preso-no-presidio-regional-de-tubarao\/\"]}]},{\"@type\":\"BreadcrumbList\",\"@id\":\"https:\/\/sulsc.com\/index.php\/2026\/01\/15\/prefeito-de-garopaba-tem-habeas-corpus-negado-pelo-stf-e-continua-preso-no-presidio-regional-de-tubarao\/#breadcrumb\",\"itemListElement\":[{\"@type\":\"ListItem\",\"position\":1,\"name\":\"In\u00edcio\",\"item\":\"https:\/\/sulsc.com\/\"},{\"@type\":\"ListItem\",\"position\":2,\"name\":\"Prefeito de Garopaba tem habeas corpus negado pelo STF e continua preso no pres\u00eddio regional de Tubar\u00e3o\"}]},{\"@type\":\"WebSite\",\"@id\":\"https:\/\/sulsc.com\/#website\",\"url\":\"https:\/\/sulsc.com\/\",\"name\":\"\",\"description\":\"\",\"potentialAction\":[{\"@type\":\"SearchAction\",\"target\":{\"@type\":\"EntryPoint\",\"urlTemplate\":\"https:\/\/sulsc.com\/?s={search_term_string}\"},\"query-input\":\"required name=search_term_string\"}],\"inLanguage\":\"en-US\"},{\"@type\":\"Person\",\"@id\":\"https:\/\/sulsc.com\/#\/schema\/person\/84d2fc571684f6248ba83092f07750a3\",\"name\":\"Reda\u00e7\u00e3o Sul SC\",\"image\":{\"@type\":\"ImageObject\",\"inLanguage\":\"en-US\",\"@id\":\"https:\/\/sulsc.com\/#\/schema\/person\/image\/e08d7fe2cc4ed596372063bbe852b8d0\",\"url\":\"https:\/\/sulsc.com\/wp-content\/uploads\/2023\/09\/redacao.png\",\"contentUrl\":\"https:\/\/sulsc.com\/wp-content\/uploads\/2023\/09\/redacao.png\",\"caption\":\"Reda\u00e7\u00e3o Sul SC\"},\"description\":\"Foco em um jornalismo imparcial, voltado \u00e0 qualidade dos seus conte\u00fados e, assim, levar informa\u00e7\u00e3o de valor que agregue \u00e0 vida dos leitores. Esta \u00e9 grande miss\u00e3o do Portal de Not\u00edcias Sul SC. N\u00e3o \u00e9 quantidade que muda o mundo, sempre foi e seguir\u00e1 sendo qualidade!\",\"sameAs\":[\"https:\/\/sulsc.com\/\",\"https:\/\/www.facebook.com\/profile.php?id=61559278119680\",\"https:\/\/www.instagram.com\/sulscportal\/?hl=pt-br\",\"https:\/\/twitter.com\/https:\/\/twitter.com\/PortalSulSC\",\"https:\/\/www.youtube.com\/channel\/UCv_BE8GeySluDov2n8qhVmw\"],\"url\":\"https:\/\/sulsc.com\/index.php\/author\/redacao\/\"}]}<\/script>\n<!-- \/ Yoast SEO plugin. -->","yoast_head_json":{"title":"Prefeito de Garopaba tem habeas corpus negado pelo STF e continua preso no pres\u00eddio regional de Tubar\u00e3o -","robots":{"index":"index","follow":"follow","max-snippet":"max-snippet:-1","max-image-preview":"max-image-preview:large","max-video-preview":"max-video-preview:-1"},"canonical":"https:\/\/sulsc.com\/index.php\/2026\/01\/15\/prefeito-de-garopaba-tem-habeas-corpus-negado-pelo-stf-e-continua-preso-no-presidio-regional-de-tubarao\/","og_locale":"en_US","og_type":"article","og_title":"Prefeito de Garopaba tem habeas corpus negado pelo STF e continua preso no pres\u00eddio regional de Tubar\u00e3o -","og_description":"O prefeito de Garopaba Junior de Abreu Bento (PP), tem pedido de liminar em habeas corpus\u00a0 rejeitado pelo Superior Tribunal de Justi\u00e7a (STJ) nesta quarta-feira (14). O prefeito, que se encontra preso preventivamente, \u00e9 alvo da segunda fase da opera\u00e7\u00e3o Coleta Seletiva, deflagrada pela Pol\u00edcia Civil de Santa Catarina. De acordo com o andamento processual &hellip; Prefeito de Garopaba tem habeas corpus negado pelo STF e continua preso no pres\u00eddio regional de Tubar\u00e3o Read More &raquo;","og_url":"https:\/\/sulsc.com\/index.php\/2026\/01\/15\/prefeito-de-garopaba-tem-habeas-corpus-negado-pelo-stf-e-continua-preso-no-presidio-regional-de-tubarao\/","article_author":"https:\/\/www.facebook.com\/profile.php?id=61559278119680","article_published_time":"2026-01-15T09:31:21+00:00","og_image":[{"width":767,"height":400,"url":"http:\/\/sulsc.com\/wp-content\/uploads\/2026\/01\/b33d6415-631c-40c8-8d9c-549c75d71551.jpeg","type":"image\/jpeg"}],"author":"Reda\u00e7\u00e3o Sul SC","twitter_card":"summary_large_image","twitter_creator":"@https:\/\/twitter.com\/PortalSulSC","twitter_misc":{"Written by":"Reda\u00e7\u00e3o Sul SC","Est. reading time":"2 minutes"},"schema":{"@context":"https:\/\/schema.org","@graph":[{"@type":"WebPage","@id":"https:\/\/sulsc.com\/index.php\/2026\/01\/15\/prefeito-de-garopaba-tem-habeas-corpus-negado-pelo-stf-e-continua-preso-no-presidio-regional-de-tubarao\/","url":"https:\/\/sulsc.com\/index.php\/2026\/01\/15\/prefeito-de-garopaba-tem-habeas-corpus-negado-pelo-stf-e-continua-preso-no-presidio-regional-de-tubarao\/","name":"Prefeito de Garopaba tem habeas corpus negado pelo STF e continua preso no pres\u00eddio regional de Tubar\u00e3o -","isPartOf":{"@id":"https:\/\/sulsc.com\/#website"},"datePublished":"2026-01-15T09:31:21+00:00","dateModified":"2026-01-15T09:31:21+00:00","author":{"@id":"https:\/\/sulsc.com\/#\/schema\/person\/84d2fc571684f6248ba83092f07750a3"},"breadcrumb":{"@id":"https:\/\/sulsc.com\/index.php\/2026\/01\/15\/prefeito-de-garopaba-tem-habeas-corpus-negado-pelo-stf-e-continua-preso-no-presidio-regional-de-tubarao\/#breadcrumb"},"inLanguage":"en-US","potentialAction":[{"@type":"ReadAction","target":["https:\/\/sulsc.com\/index.php\/2026\/01\/15\/prefeito-de-garopaba-tem-habeas-corpus-negado-pelo-stf-e-continua-preso-no-presidio-regional-de-tubarao\/"]}]},{"@type":"BreadcrumbList","@id":"https:\/\/sulsc.com\/index.php\/2026\/01\/15\/prefeito-de-garopaba-tem-habeas-corpus-negado-pelo-stf-e-continua-preso-no-presidio-regional-de-tubarao\/#breadcrumb","itemListElement":[{"@type":"ListItem","position":1,"name":"In\u00edcio","item":"https:\/\/sulsc.com\/"},{"@type":"ListItem","position":2,"name":"Prefeito de Garopaba tem habeas corpus negado pelo STF e continua preso no pres\u00eddio regional de Tubar\u00e3o"}]},{"@type":"WebSite","@id":"https:\/\/sulsc.com\/#website","url":"https:\/\/sulsc.com\/","name":"","description":"","potentialAction":[{"@type":"SearchAction","target":{"@type":"EntryPoint","urlTemplate":"https:\/\/sulsc.com\/?s={search_term_string}"},"query-input":"required name=search_term_string"}],"inLanguage":"en-US"},{"@type":"Person","@id":"https:\/\/sulsc.com\/#\/schema\/person\/84d2fc571684f6248ba83092f07750a3","name":"Reda\u00e7\u00e3o Sul SC","image":{"@type":"ImageObject","inLanguage":"en-US","@id":"https:\/\/sulsc.com\/#\/schema\/person\/image\/e08d7fe2cc4ed596372063bbe852b8d0","url":"https:\/\/sulsc.com\/wp-content\/uploads\/2023\/09\/redacao.png","contentUrl":"https:\/\/sulsc.com\/wp-content\/uploads\/2023\/09\/redacao.png","caption":"Reda\u00e7\u00e3o Sul SC"},"description":"Foco em um jornalismo imparcial, voltado \u00e0 qualidade dos seus conte\u00fados e, assim, levar informa\u00e7\u00e3o de valor que agregue \u00e0 vida dos leitores. Esta \u00e9 grande miss\u00e3o do Portal de Not\u00edcias Sul SC. N\u00e3o \u00e9 quantidade que muda o mundo, sempre foi e seguir\u00e1 sendo qualidade!","sameAs":["https:\/\/sulsc.com\/","https:\/\/www.facebook.com\/profile.php?id=61559278119680","https:\/\/www.instagram.com\/sulscportal\/?hl=pt-br","https:\/\/twitter.com\/https:\/\/twitter.com\/PortalSulSC","https:\/\/www.youtube.com\/channel\/UCv_BE8GeySluDov2n8qhVmw"],"url":"https:\/\/sulsc.com\/index.php\/author\/redacao\/"}]}},"authors":[],"_links":{"self":[{"href":"https:\/\/sulsc.com\/index.php\/wp-json\/wp\/v2\/posts\/31505"}],"collection":[{"href":"https:\/\/sulsc.com\/index.php\/wp-json\/wp\/v2\/posts"}],"about":[{"href":"https:\/\/sulsc.com\/index.php\/wp-json\/wp\/v2\/types\/post"}],"author":[{"embeddable":true,"href":"https:\/\/sulsc.com\/index.php\/wp-json\/wp\/v2\/users\/3"}],"replies":[{"embeddable":true,"href":"https:\/\/sulsc.com\/index.php\/wp-json\/wp\/v2\/comments?post=31505"}],"version-history":[{"count":1,"href":"https:\/\/sulsc.com\/index.php\/wp-json\/wp\/v2\/posts\/31505\/revisions"}],"predecessor-version":[{"id":31510,"href":"https:\/\/sulsc.com\/index.php\/wp-json\/wp\/v2\/posts\/31505\/revisions\/31510"}],"wp:featuredmedia":[{"embeddable":true,"href":"https:\/\/sulsc.com\/index.php\/wp-json\/wp\/v2\/media\/31509"}],"wp:attachment":[{"href":"https:\/\/sulsc.com\/index.php\/wp-json\/wp\/v2\/media?parent=31505"}],"wp:term":[{"taxonomy":"category","embeddable":true,"href":"https:\/\/sulsc.com\/index.php\/wp-json\/wp\/v2\/categories?post=31505"},{"taxonomy":"post_tag","embeddable":true,"href":"https:\/\/sulsc.com\/index.php\/wp-json\/wp\/v2\/tags?post=31505"}],"curies":[{"name":"wp","href":"https:\/\/api.w.org\/{rel}","templated":true}]}}