{"id":31511,"date":"2026-01-15T07:33:38","date_gmt":"2026-01-15T10:33:38","guid":{"rendered":"https:\/\/sulsc.com\/?p=31511"},"modified":"2026-01-15T07:33:38","modified_gmt":"2026-01-15T10:33:38","slug":"vigilancia-epidemiologica-de-tubarao-confirma-focos-de-aedes-aegypti-e-internacoes-por-dengue","status":"publish","type":"post","link":"https:\/\/sulsc.com\/index.php\/2026\/01\/15\/vigilancia-epidemiologica-de-tubarao-confirma-focos-de-aedes-aegypti-e-internacoes-por-dengue\/","title":{"rendered":"Vigil\u00e2ncia Epidemiol\u00f3gica de Tubar\u00e3o confirma focos de Aedes aegypti e interna\u00e7\u00f5es por dengue"},"content":{"rendered":"<p>Nesta semana foram registrado os primeiros tr\u00eas focos do mosquito Aedes aegypti de 2026 em Tubar\u00e3o. O registro oficial \u00e9 da Secretaria Municipal de Sa\u00fade, atrav\u00e9s da Vigil\u00e2ncia Epidemiol\u00f3gica, o Aedes aegypti \u00e9 transmissor de doen\u00e7as como a febre chikungunya, o zika v\u00edrus e, principalmente, a dengue.<\/p>\n<div id=\"metaslider-id-25573\" style=\"width: 100%;\" class=\"ml-slider-3-99-0 metaslider metaslider-flex metaslider-25573 ml-slider has-onhover-arrows ms-theme-default-base has-dots-nav\" role=\"region\" aria-label=\"Meio\" data-width=\"1200\">\n    <div id=\"metaslider_container_25573\">\n        <div id=\"metaslider_25573\">\n            <ul class='slides'>\n                <li style=\"display: block; width: 100%;\" class=\"slide-25684 ms-image \" aria-roledescription=\"slide\" data-date=\"2025-07-24 07:55:40\"><img src=\"https:\/\/sulsc.com\/wp-content\/uploads\/2025\/07\/Marr-2-1000x166.jpg\" height=\"200\" width=\"1200\" alt=\"\" class=\"slider-25573 slide-25684 msDefaultImage\" title=\"Marr 2\" \/><\/li>\n                <li style=\"display: none; width: 100%;\" class=\"slide-32412 ms-image \" aria-roledescription=\"slide\" data-date=\"2026-02-18 13:59:46\"><img src=\"https:\/\/sulsc.com\/wp-content\/uploads\/2026\/02\/40dc1580-cad5-4867-bc58-c4243821ad38-1000x166.jpeg\" height=\"200\" width=\"1200\" alt=\"\" class=\"slider-25573 slide-32412 msDefaultImage\" title=\"40dc1580-cad5-4867-bc58-c4243821ad38\" \/><\/li>\n                <li style=\"display: none; width: 100%;\" class=\"slide-32766 ms-image \" aria-roledescription=\"slide\" data-date=\"2026-03-03 17:22:59\"><img src=\"https:\/\/sulsc.com\/wp-content\/uploads\/2026\/03\/271ce739-f268-41c5-8051-3de1a1750359-1000x166.jpeg\" height=\"200\" width=\"1200\" alt=\"\" class=\"slider-25573 slide-32766 msDefaultImage\" title=\"271ce739-f268-41c5-8051-3de1a1750359\" \/><\/li>\n            <\/ul>\n        <\/div>\n        \n    <\/div>\n<\/div>\n<p>S\u00f3 nesta, s\u00e3o seis as notifica\u00e7\u00f5es, tendo um caso descartado e outros cinco suspeitos. H\u00e1 tamb\u00e9m o registro de duas interna\u00e7\u00f5es por dengue na cidade j\u00e1 neste ano.<\/p>\n<p>Como se v\u00ea, a dengue volta a estar presente com mais for\u00e7a na regi\u00e3o neste ver\u00e3o, e, por isso, a participa\u00e7\u00e3o da popula\u00e7\u00e3o no combate ao mosquito \u00e9 fundamental. Para isso, verifique regularmente seu quintal ou p\u00e1tio, elimine recipientes que possam acumular \u00e1gua parada, mantenha caixas d\u2019\u00e1gua bem vedadas e fa\u00e7a a limpeza de calhas e ralos com frequ\u00eancia.<\/p>\n<p><strong>Para realizar den\u00fancias sobre a exist\u00eancia de focos do mosquito, <\/strong>entrar em contato com a <strong>Ouvidoria Municipal<\/strong>, atrav\u00e9s do telefone <strong>(48) 3621-9051, ou pelo e-mail ouvidoria@tubarao.sc.gov.br.<\/strong><\/p>\n<p><img fetchpriority=\"high\" decoding=\"async\" class=\"aligncenter size-full wp-image-31512\" src=\"http:\/\/sulsc.com\/wp-content\/uploads\/2026\/01\/BOLETIM-DENGUE-03092025-1-768x768-1.png\" alt=\"\" width=\"768\" height=\"768\" srcset=\"https:\/\/sulsc.com\/wp-content\/uploads\/2026\/01\/BOLETIM-DENGUE-03092025-1-768x768-1.png 768w, https:\/\/sulsc.com\/wp-content\/uploads\/2026\/01\/BOLETIM-DENGUE-03092025-1-768x768-1-300x300.png 300w, https:\/\/sulsc.com\/wp-content\/uploads\/2026\/01\/BOLETIM-DENGUE-03092025-1-768x768-1-150x150.png 150w\" sizes=\"(max-width: 768px) 100vw, 768px\" \/><\/p>\n<p>PMT\/Divulga\u00e7\u00e3o\/SulSC<\/p>\n<p><strong>Charges SulSC<\/strong><\/p>\n<p><img decoding=\"async\" class=\"size-full wp-image-10818\" src=\"http:\/\/sulsc.com\/wp-content\/uploads\/2024\/04\/WhatsApp-Image-2024-04-04-at-14.54.15-e1756412727996.jpeg\" alt=\"\" width=\"1570\" height=\"1024\" srcset=\"https:\/\/sulsc.com\/wp-content\/uploads\/2024\/04\/WhatsApp-Image-2024-04-04-at-14.54.15-e1756412727996.jpeg 1570w, https:\/\/sulsc.com\/wp-content\/uploads\/2024\/04\/WhatsApp-Image-2024-04-04-at-14.54.15-e1756412727996-300x196.jpeg 300w, https:\/\/sulsc.com\/wp-content\/uploads\/2024\/04\/WhatsApp-Image-2024-04-04-at-14.54.15-e1756412727996-1024x668.jpeg 1024w, https:\/\/sulsc.com\/wp-content\/uploads\/2024\/04\/WhatsApp-Image-2024-04-04-at-14.54.15-e1756412727996-768x501.jpeg 768w, https:\/\/sulsc.com\/wp-content\/uploads\/2024\/04\/WhatsApp-Image-2024-04-04-at-14.54.15-e1756412727996-1536x1002.jpeg 1536w\" sizes=\"(max-width: 1570px) 100vw, 1570px\" \/><\/p>\n<p>&nbsp;<\/p>\n","protected":false},"excerpt":{"rendered":"<p>Nesta semana foram registrado os primeiros tr\u00eas focos do mosquito Aedes aegypti de 2026 em Tubar\u00e3o. O registro oficial \u00e9 da Secretaria Municipal de Sa\u00fade, atrav\u00e9s da Vigil\u00e2ncia Epidemiol\u00f3gica, o Aedes aegypti \u00e9 transmissor de doen\u00e7as como a febre chikungunya, o zika v\u00edrus e, principalmente, a dengue. S\u00f3 nesta, s\u00e3o seis as notifica\u00e7\u00f5es, tendo um &hellip;<\/p>\n<p class=\"read-more\"> <a class=\"\" href=\"https:\/\/sulsc.com\/index.php\/2026\/01\/15\/vigilancia-epidemiologica-de-tubarao-confirma-focos-de-aedes-aegypti-e-internacoes-por-dengue\/\"> <span class=\"screen-reader-text\">Vigil\u00e2ncia Epidemiol\u00f3gica de Tubar\u00e3o confirma focos de Aedes aegypti e interna\u00e7\u00f5es por dengue<\/span> Read More &raquo;<\/a><\/p>\n","protected":false},"author":3,"featured_media":18302,"comment_status":"open","ping_status":"open","sticky":false,"template":"","format":"standard","meta":{"site-sidebar-layout":"default","site-content-layout":"","ast-site-content-layout":"default","site-content-style":"default","site-sidebar-style":"default","ast-global-header-display":"","ast-banner-title-visibility":"","ast-main-header-display":"","ast-hfb-above-header-display":"","ast-hfb-below-header-display":"","ast-hfb-mobile-header-display":"","site-post-title":"","ast-breadcrumbs-content":"","ast-featured-img":"","footer-sml-layout":"","theme-transparent-header-meta":"default","adv-header-id-meta":"","stick-header-meta":"","header-above-stick-meta":"","header-main-stick-meta":"","header-below-stick-meta":"","astra-migrate-meta-layouts":"set","footnotes":""},"categories":[2231,1,2281,21,12],"tags":[2314],"yoast_head":"<!-- This site is optimized with the Yoast SEO plugin v21.4 - https:\/\/yoast.com\/wordpress\/plugins\/seo\/ -->\n<title>Vigil\u00e2ncia Epidemiol\u00f3gica de Tubar\u00e3o confirma focos de Aedes aegypti e interna\u00e7\u00f5es por dengue -<\/title>\n<meta name=\"robots\" content=\"index, follow, max-snippet:-1, max-image-preview:large, max-video-preview:-1\" \/>\n<link rel=\"canonical\" href=\"https:\/\/sulsc.com\/index.php\/2026\/01\/15\/vigilancia-epidemiologica-de-tubarao-confirma-focos-de-aedes-aegypti-e-internacoes-por-dengue\/\" \/>\n<meta property=\"og:locale\" content=\"en_US\" \/>\n<meta property=\"og:type\" content=\"article\" \/>\n<meta property=\"og:title\" content=\"Vigil\u00e2ncia Epidemiol\u00f3gica de Tubar\u00e3o confirma focos de Aedes aegypti e interna\u00e7\u00f5es por dengue -\" \/>\n<meta property=\"og:description\" content=\"Nesta semana foram registrado os primeiros tr\u00eas focos do mosquito Aedes aegypti de 2026 em Tubar\u00e3o. O registro oficial \u00e9 da Secretaria Municipal de Sa\u00fade, atrav\u00e9s da Vigil\u00e2ncia Epidemiol\u00f3gica, o Aedes aegypti \u00e9 transmissor de doen\u00e7as como a febre chikungunya, o zika v\u00edrus e, principalmente, a dengue. S\u00f3 nesta, s\u00e3o seis as notifica\u00e7\u00f5es, tendo um &hellip; Vigil\u00e2ncia Epidemiol\u00f3gica de Tubar\u00e3o confirma focos de Aedes aegypti e interna\u00e7\u00f5es por dengue Read More &raquo;\" \/>\n<meta property=\"og:url\" content=\"https:\/\/sulsc.com\/index.php\/2026\/01\/15\/vigilancia-epidemiologica-de-tubarao-confirma-focos-de-aedes-aegypti-e-internacoes-por-dengue\/\" \/>\n<meta property=\"article:author\" content=\"https:\/\/www.facebook.com\/profile.php?id=61559278119680\" \/>\n<meta property=\"article:published_time\" content=\"2026-01-15T10:33:38+00:00\" \/>\n<meta property=\"og:image\" content=\"http:\/\/sulsc.com\/wp-content\/uploads\/2024\/12\/dengue_63752_l-1.webp\" \/>\n\t<meta property=\"og:image:width\" content=\"640\" \/>\n\t<meta property=\"og:image:height\" content=\"427\" \/>\n\t<meta property=\"og:image:type\" content=\"image\/webp\" \/>\n<meta name=\"author\" content=\"Reda\u00e7\u00e3o Sul SC\" \/>\n<meta name=\"twitter:card\" content=\"summary_large_image\" \/>\n<meta name=\"twitter:creator\" content=\"@https:\/\/twitter.com\/PortalSulSC\" \/>\n<meta name=\"twitter:label1\" content=\"Written by\" \/>\n\t<meta name=\"twitter:data1\" content=\"Reda\u00e7\u00e3o Sul SC\" \/>\n\t<meta name=\"twitter:label2\" content=\"Est. reading time\" \/>\n\t<meta name=\"twitter:data2\" content=\"2 minutes\" \/>\n<script type=\"application\/ld+json\" class=\"yoast-schema-graph\">{\"@context\":\"https:\/\/schema.org\",\"@graph\":[{\"@type\":\"WebPage\",\"@id\":\"https:\/\/sulsc.com\/index.php\/2026\/01\/15\/vigilancia-epidemiologica-de-tubarao-confirma-focos-de-aedes-aegypti-e-internacoes-por-dengue\/\",\"url\":\"https:\/\/sulsc.com\/index.php\/2026\/01\/15\/vigilancia-epidemiologica-de-tubarao-confirma-focos-de-aedes-aegypti-e-internacoes-por-dengue\/\",\"name\":\"Vigil\u00e2ncia Epidemiol\u00f3gica de Tubar\u00e3o confirma focos de Aedes aegypti e interna\u00e7\u00f5es por dengue -\",\"isPartOf\":{\"@id\":\"https:\/\/sulsc.com\/#website\"},\"datePublished\":\"2026-01-15T10:33:38+00:00\",\"dateModified\":\"2026-01-15T10:33:38+00:00\",\"author\":{\"@id\":\"https:\/\/sulsc.com\/#\/schema\/person\/84d2fc571684f6248ba83092f07750a3\"},\"breadcrumb\":{\"@id\":\"https:\/\/sulsc.com\/index.php\/2026\/01\/15\/vigilancia-epidemiologica-de-tubarao-confirma-focos-de-aedes-aegypti-e-internacoes-por-dengue\/#breadcrumb\"},\"inLanguage\":\"en-US\",\"potentialAction\":[{\"@type\":\"ReadAction\",\"target\":[\"https:\/\/sulsc.com\/index.php\/2026\/01\/15\/vigilancia-epidemiologica-de-tubarao-confirma-focos-de-aedes-aegypti-e-internacoes-por-dengue\/\"]}]},{\"@type\":\"BreadcrumbList\",\"@id\":\"https:\/\/sulsc.com\/index.php\/2026\/01\/15\/vigilancia-epidemiologica-de-tubarao-confirma-focos-de-aedes-aegypti-e-internacoes-por-dengue\/#breadcrumb\",\"itemListElement\":[{\"@type\":\"ListItem\",\"position\":1,\"name\":\"In\u00edcio\",\"item\":\"https:\/\/sulsc.com\/\"},{\"@type\":\"ListItem\",\"position\":2,\"name\":\"Vigil\u00e2ncia Epidemiol\u00f3gica de Tubar\u00e3o confirma focos de Aedes aegypti e interna\u00e7\u00f5es por dengue\"}]},{\"@type\":\"WebSite\",\"@id\":\"https:\/\/sulsc.com\/#website\",\"url\":\"https:\/\/sulsc.com\/\",\"name\":\"\",\"description\":\"\",\"potentialAction\":[{\"@type\":\"SearchAction\",\"target\":{\"@type\":\"EntryPoint\",\"urlTemplate\":\"https:\/\/sulsc.com\/?s={search_term_string}\"},\"query-input\":\"required name=search_term_string\"}],\"inLanguage\":\"en-US\"},{\"@type\":\"Person\",\"@id\":\"https:\/\/sulsc.com\/#\/schema\/person\/84d2fc571684f6248ba83092f07750a3\",\"name\":\"Reda\u00e7\u00e3o Sul SC\",\"image\":{\"@type\":\"ImageObject\",\"inLanguage\":\"en-US\",\"@id\":\"https:\/\/sulsc.com\/#\/schema\/person\/image\/e08d7fe2cc4ed596372063bbe852b8d0\",\"url\":\"https:\/\/sulsc.com\/wp-content\/uploads\/2023\/09\/redacao.png\",\"contentUrl\":\"https:\/\/sulsc.com\/wp-content\/uploads\/2023\/09\/redacao.png\",\"caption\":\"Reda\u00e7\u00e3o Sul SC\"},\"description\":\"Foco em um jornalismo imparcial, voltado \u00e0 qualidade dos seus conte\u00fados e, assim, levar informa\u00e7\u00e3o de valor que agregue \u00e0 vida dos leitores. Esta \u00e9 grande miss\u00e3o do Portal de Not\u00edcias Sul SC. N\u00e3o \u00e9 quantidade que muda o mundo, sempre foi e seguir\u00e1 sendo qualidade!\",\"sameAs\":[\"https:\/\/sulsc.com\/\",\"https:\/\/www.facebook.com\/profile.php?id=61559278119680\",\"https:\/\/www.instagram.com\/sulscportal\/?hl=pt-br\",\"https:\/\/twitter.com\/https:\/\/twitter.com\/PortalSulSC\",\"https:\/\/www.youtube.com\/channel\/UCv_BE8GeySluDov2n8qhVmw\"],\"url\":\"https:\/\/sulsc.com\/index.php\/author\/redacao\/\"}]}<\/script>\n<!-- \/ Yoast SEO plugin. -->","yoast_head_json":{"title":"Vigil\u00e2ncia Epidemiol\u00f3gica de Tubar\u00e3o confirma focos de Aedes aegypti e interna\u00e7\u00f5es por dengue -","robots":{"index":"index","follow":"follow","max-snippet":"max-snippet:-1","max-image-preview":"max-image-preview:large","max-video-preview":"max-video-preview:-1"},"canonical":"https:\/\/sulsc.com\/index.php\/2026\/01\/15\/vigilancia-epidemiologica-de-tubarao-confirma-focos-de-aedes-aegypti-e-internacoes-por-dengue\/","og_locale":"en_US","og_type":"article","og_title":"Vigil\u00e2ncia Epidemiol\u00f3gica de Tubar\u00e3o confirma focos de Aedes aegypti e interna\u00e7\u00f5es por dengue -","og_description":"Nesta semana foram registrado os primeiros tr\u00eas focos do mosquito Aedes aegypti de 2026 em Tubar\u00e3o. O registro oficial \u00e9 da Secretaria Municipal de Sa\u00fade, atrav\u00e9s da Vigil\u00e2ncia Epidemiol\u00f3gica, o Aedes aegypti \u00e9 transmissor de doen\u00e7as como a febre chikungunya, o zika v\u00edrus e, principalmente, a dengue. S\u00f3 nesta, s\u00e3o seis as notifica\u00e7\u00f5es, tendo um &hellip; Vigil\u00e2ncia Epidemiol\u00f3gica de Tubar\u00e3o confirma focos de Aedes aegypti e interna\u00e7\u00f5es por dengue Read More &raquo;","og_url":"https:\/\/sulsc.com\/index.php\/2026\/01\/15\/vigilancia-epidemiologica-de-tubarao-confirma-focos-de-aedes-aegypti-e-internacoes-por-dengue\/","article_author":"https:\/\/www.facebook.com\/profile.php?id=61559278119680","article_published_time":"2026-01-15T10:33:38+00:00","og_image":[{"width":640,"height":427,"url":"http:\/\/sulsc.com\/wp-content\/uploads\/2024\/12\/dengue_63752_l-1.webp","type":"image\/webp"}],"author":"Reda\u00e7\u00e3o Sul SC","twitter_card":"summary_large_image","twitter_creator":"@https:\/\/twitter.com\/PortalSulSC","twitter_misc":{"Written by":"Reda\u00e7\u00e3o Sul SC","Est. reading time":"2 minutes"},"schema":{"@context":"https:\/\/schema.org","@graph":[{"@type":"WebPage","@id":"https:\/\/sulsc.com\/index.php\/2026\/01\/15\/vigilancia-epidemiologica-de-tubarao-confirma-focos-de-aedes-aegypti-e-internacoes-por-dengue\/","url":"https:\/\/sulsc.com\/index.php\/2026\/01\/15\/vigilancia-epidemiologica-de-tubarao-confirma-focos-de-aedes-aegypti-e-internacoes-por-dengue\/","name":"Vigil\u00e2ncia Epidemiol\u00f3gica de Tubar\u00e3o confirma focos de Aedes aegypti e interna\u00e7\u00f5es por dengue -","isPartOf":{"@id":"https:\/\/sulsc.com\/#website"},"datePublished":"2026-01-15T10:33:38+00:00","dateModified":"2026-01-15T10:33:38+00:00","author":{"@id":"https:\/\/sulsc.com\/#\/schema\/person\/84d2fc571684f6248ba83092f07750a3"},"breadcrumb":{"@id":"https:\/\/sulsc.com\/index.php\/2026\/01\/15\/vigilancia-epidemiologica-de-tubarao-confirma-focos-de-aedes-aegypti-e-internacoes-por-dengue\/#breadcrumb"},"inLanguage":"en-US","potentialAction":[{"@type":"ReadAction","target":["https:\/\/sulsc.com\/index.php\/2026\/01\/15\/vigilancia-epidemiologica-de-tubarao-confirma-focos-de-aedes-aegypti-e-internacoes-por-dengue\/"]}]},{"@type":"BreadcrumbList","@id":"https:\/\/sulsc.com\/index.php\/2026\/01\/15\/vigilancia-epidemiologica-de-tubarao-confirma-focos-de-aedes-aegypti-e-internacoes-por-dengue\/#breadcrumb","itemListElement":[{"@type":"ListItem","position":1,"name":"In\u00edcio","item":"https:\/\/sulsc.com\/"},{"@type":"ListItem","position":2,"name":"Vigil\u00e2ncia Epidemiol\u00f3gica de Tubar\u00e3o confirma focos de Aedes aegypti e interna\u00e7\u00f5es por dengue"}]},{"@type":"WebSite","@id":"https:\/\/sulsc.com\/#website","url":"https:\/\/sulsc.com\/","name":"","description":"","potentialAction":[{"@type":"SearchAction","target":{"@type":"EntryPoint","urlTemplate":"https:\/\/sulsc.com\/?s={search_term_string}"},"query-input":"required name=search_term_string"}],"inLanguage":"en-US"},{"@type":"Person","@id":"https:\/\/sulsc.com\/#\/schema\/person\/84d2fc571684f6248ba83092f07750a3","name":"Reda\u00e7\u00e3o Sul SC","image":{"@type":"ImageObject","inLanguage":"en-US","@id":"https:\/\/sulsc.com\/#\/schema\/person\/image\/e08d7fe2cc4ed596372063bbe852b8d0","url":"https:\/\/sulsc.com\/wp-content\/uploads\/2023\/09\/redacao.png","contentUrl":"https:\/\/sulsc.com\/wp-content\/uploads\/2023\/09\/redacao.png","caption":"Reda\u00e7\u00e3o Sul SC"},"description":"Foco em um jornalismo imparcial, voltado \u00e0 qualidade dos seus conte\u00fados e, assim, levar informa\u00e7\u00e3o de valor que agregue \u00e0 vida dos leitores. Esta \u00e9 grande miss\u00e3o do Portal de Not\u00edcias Sul SC. N\u00e3o \u00e9 quantidade que muda o mundo, sempre foi e seguir\u00e1 sendo qualidade!","sameAs":["https:\/\/sulsc.com\/","https:\/\/www.facebook.com\/profile.php?id=61559278119680","https:\/\/www.instagram.com\/sulscportal\/?hl=pt-br","https:\/\/twitter.com\/https:\/\/twitter.com\/PortalSulSC","https:\/\/www.youtube.com\/channel\/UCv_BE8GeySluDov2n8qhVmw"],"url":"https:\/\/sulsc.com\/index.php\/author\/redacao\/"}]}},"authors":[],"_links":{"self":[{"href":"https:\/\/sulsc.com\/index.php\/wp-json\/wp\/v2\/posts\/31511"}],"collection":[{"href":"https:\/\/sulsc.com\/index.php\/wp-json\/wp\/v2\/posts"}],"about":[{"href":"https:\/\/sulsc.com\/index.php\/wp-json\/wp\/v2\/types\/post"}],"author":[{"embeddable":true,"href":"https:\/\/sulsc.com\/index.php\/wp-json\/wp\/v2\/users\/3"}],"replies":[{"embeddable":true,"href":"https:\/\/sulsc.com\/index.php\/wp-json\/wp\/v2\/comments?post=31511"}],"version-history":[{"count":1,"href":"https:\/\/sulsc.com\/index.php\/wp-json\/wp\/v2\/posts\/31511\/revisions"}],"predecessor-version":[{"id":31513,"href":"https:\/\/sulsc.com\/index.php\/wp-json\/wp\/v2\/posts\/31511\/revisions\/31513"}],"wp:featuredmedia":[{"embeddable":true,"href":"https:\/\/sulsc.com\/index.php\/wp-json\/wp\/v2\/media\/18302"}],"wp:attachment":[{"href":"https:\/\/sulsc.com\/index.php\/wp-json\/wp\/v2\/media?parent=31511"}],"wp:term":[{"taxonomy":"category","embeddable":true,"href":"https:\/\/sulsc.com\/index.php\/wp-json\/wp\/v2\/categories?post=31511"},{"taxonomy":"post_tag","embeddable":true,"href":"https:\/\/sulsc.com\/index.php\/wp-json\/wp\/v2\/tags?post=31511"}],"curies":[{"name":"wp","href":"https:\/\/api.w.org\/{rel}","templated":true}]}}