{"id":31520,"date":"2026-01-15T09:27:23","date_gmt":"2026-01-15T12:27:23","guid":{"rendered":"https:\/\/sulsc.com\/?p=31520"},"modified":"2026-01-15T09:27:23","modified_gmt":"2026-01-15T12:27:23","slug":"lula-sanciona-orcamento-de-2026-e-veta-r-400-milhoes-em-emendas","status":"publish","type":"post","link":"https:\/\/sulsc.com\/index.php\/2026\/01\/15\/lula-sanciona-orcamento-de-2026-e-veta-r-400-milhoes-em-emendas\/","title":{"rendered":"Lula sanciona Or\u00e7amento de 2026 e veta R$ 400 milh\u00f5es em emendas"},"content":{"rendered":"<p>Foi sancionada nesta quarta-feira (14), pelo presidente Luiz In\u00e1cio Lula da Silva a Lei Or\u00e7ament\u00e1ria Anual (LOA) de 2026. A norma, que fixa as despesas p\u00fablicas e estima as receitas ao longo do ano, foi <a href=\"https:\/\/www.in.gov.br\/web\/dou\/-\/lei-n-15.346-de-14-de-janeiro-de-2026-*-681158465\" target=\"_blank\" rel=\"noopener\"><strong>publicada em edi\u00e7\u00e3o extra do Di\u00e1rio Oficial da Uni\u00e3o (DOU<\/strong><\/a>).<img decoding=\"async\" src=\"https:\/\/agenciabrasil.ebc.com.br\/ebc.png?id=1675001&amp;o=node\" \/><img decoding=\"async\" src=\"https:\/\/agenciabrasil.ebc.com.br\/ebc.gif?id=1675001&amp;o=node\" \/><\/p>\n<p><strong>O texto havia sido aprovado pelo Congresso Nacional no fim do ano passado.<\/strong><\/p>\n<div id=\"metaslider-id-25573\" style=\"width: 100%;\" class=\"ml-slider-3-99-0 metaslider metaslider-flex metaslider-25573 ml-slider has-onhover-arrows ms-theme-default-base has-dots-nav\" role=\"region\" aria-label=\"Meio\" data-width=\"1200\">\n    <div id=\"metaslider_container_25573\">\n        <div id=\"metaslider_25573\">\n            <ul class='slides'>\n                <li style=\"display: block; width: 100%;\" class=\"slide-25684 ms-image \" aria-roledescription=\"slide\" data-date=\"2025-07-24 07:55:40\"><img src=\"https:\/\/sulsc.com\/wp-content\/uploads\/2025\/07\/Marr-2-1000x166.jpg\" height=\"200\" width=\"1200\" alt=\"\" class=\"slider-25573 slide-25684 msDefaultImage\" title=\"Marr 2\" \/><\/li>\n                <li style=\"display: none; width: 100%;\" class=\"slide-32412 ms-image \" aria-roledescription=\"slide\" data-date=\"2026-02-18 13:59:46\"><img src=\"https:\/\/sulsc.com\/wp-content\/uploads\/2026\/02\/40dc1580-cad5-4867-bc58-c4243821ad38-1000x166.jpeg\" height=\"200\" width=\"1200\" alt=\"\" class=\"slider-25573 slide-32412 msDefaultImage\" title=\"40dc1580-cad5-4867-bc58-c4243821ad38\" \/><\/li>\n                <li style=\"display: none; width: 100%;\" class=\"slide-32766 ms-image \" aria-roledescription=\"slide\" data-date=\"2026-03-03 17:22:59\"><img src=\"https:\/\/sulsc.com\/wp-content\/uploads\/2026\/03\/271ce739-f268-41c5-8051-3de1a1750359-1000x166.jpeg\" height=\"200\" width=\"1200\" alt=\"\" class=\"slider-25573 slide-32766 msDefaultImage\" title=\"271ce739-f268-41c5-8051-3de1a1750359\" \/><\/li>\n            <\/ul>\n        <\/div>\n        \n    <\/div>\n<\/div>\n<p>Alegando inconformidades legais, o presidente decidiu vetar dois dispositivos que somam quase R$ 400 milh\u00f5es em emendas parlamentares. Eles foram inclu\u00eddos durante a tramita\u00e7\u00e3o do texto, e n\u00e3o constavam na programa\u00e7\u00e3o or\u00e7ament\u00e1ria enviada pelo Poder Executivo, como determina a lei federal que trata das emendas (Lei Complementar 210\/24), segundo o governo.<\/p>\n<p>O veto ter\u00e1 que ser apreciado por deputados e senadores, que poder\u00e3o mant\u00ea-lo ou derrub\u00e1-lo.<\/p>\n<p>Ao todo, o Or\u00e7amento da Uni\u00e3o para 2026 ser\u00e1 de R$ 6,54 trilh\u00f5es, com meta de super\u00e1vit de R$ 34,2 bilh\u00f5es. O sal\u00e1rio m\u00ednimo sai de R$ 1.518 e sobe para R$ 1.621.<\/p>\n<p>As \u00e1reas de Sa\u00fade e Educa\u00e7\u00e3o contar\u00e3o com recursos totais de R$ 271,3 bilh\u00f5es e R$ 233,7 bilh\u00f5es, respectivamente.<\/p>\n<p>Para o Bolsa Fam\u00edlia, foram reservados R$ 158,63 bilh\u00f5es, enquanto o programa de incentivo financeiro para estudantes do Ensino M\u00e9dio, o P\u00e9 de Meia, contar\u00e1 com R$ 11,47 bilh\u00f5es. Outros R$ 4,7 bilh\u00f5es est\u00e3o previstos para o programa que garante acesso a botij\u00e3o de g\u00e1s a fam\u00edlias de baixa renda.<\/p>\n<p><img fetchpriority=\"high\" decoding=\"async\" class=\"aligncenter size-full wp-image-31521\" src=\"http:\/\/sulsc.com\/wp-content\/uploads\/2026\/01\/32b4b38d-402a-4dcc-9692-b7ce2ab11587.jpeg\" alt=\"\" width=\"350\" height=\"350\" srcset=\"https:\/\/sulsc.com\/wp-content\/uploads\/2026\/01\/32b4b38d-402a-4dcc-9692-b7ce2ab11587.jpeg 350w, https:\/\/sulsc.com\/wp-content\/uploads\/2026\/01\/32b4b38d-402a-4dcc-9692-b7ce2ab11587-300x300.jpeg 300w, https:\/\/sulsc.com\/wp-content\/uploads\/2026\/01\/32b4b38d-402a-4dcc-9692-b7ce2ab11587-150x150.jpeg 150w\" sizes=\"(max-width: 350px) 100vw, 350px\" \/><\/p>\n<p>Foto\/Divulga\u00e7\u00e3o Internet<\/p>\n<p><strong>Emendas<\/strong><br \/>\nO texto da Lei Or\u00e7ament\u00e1ria aprovado no Congresso prev\u00ea aproximadamente de R$ 61 bilh\u00f5es em emendas parlamentares. Desse total, cerca de R$ 37,8 bilh\u00f5es ser\u00e3o destinados a emendas impositivas, de pagamento obrigat\u00f3rio.<\/p>\n<p>As emendas individuais, dos deputados e senadores, somam R$ 26,6 bilh\u00f5es; as de bancada, destinadas \u00e0s bancadas estaduais, ficaram com R$ 11,2 bilh\u00f5es. J\u00e1 as emendas de comiss\u00e3o, que n\u00e3o t\u00eam execu\u00e7\u00e3o obrigat\u00f3ria, somam R$ 12,1 bilh\u00f5es.<\/p>\n<p>Al\u00e9m do veto de quase R$ 400 milh\u00f5es em emendas parlamentares, h\u00e1 a expectativa de que o governo federal edite outros atos normativos para remanejar mais R$ 11 bilh\u00f5es em emendas parlamentares para outras a\u00e7\u00f5es.<\/p>\n<p>Fonte\/Ag\u00eancia Brasil<\/p>\n","protected":false},"excerpt":{"rendered":"<p>Foi sancionada nesta quarta-feira (14), pelo presidente Luiz In\u00e1cio Lula da Silva a Lei Or\u00e7ament\u00e1ria Anual (LOA) de 2026. A norma, que fixa as despesas p\u00fablicas e estima as receitas ao longo do ano, foi publicada em edi\u00e7\u00e3o extra do Di\u00e1rio Oficial da Uni\u00e3o (DOU). O texto havia sido aprovado pelo Congresso Nacional no fim &hellip;<\/p>\n<p class=\"read-more\"> <a class=\"\" href=\"https:\/\/sulsc.com\/index.php\/2026\/01\/15\/lula-sanciona-orcamento-de-2026-e-veta-r-400-milhoes-em-emendas\/\"> <span class=\"screen-reader-text\">Lula sanciona Or\u00e7amento de 2026 e veta R$ 400 milh\u00f5es em emendas<\/span> Read More &raquo;<\/a><\/p>\n","protected":false},"author":3,"featured_media":31521,"comment_status":"open","ping_status":"open","sticky":false,"template":"","format":"standard","meta":{"site-sidebar-layout":"default","site-content-layout":"","ast-site-content-layout":"default","site-content-style":"default","site-sidebar-style":"default","ast-global-header-display":"","ast-banner-title-visibility":"","ast-main-header-display":"","ast-hfb-above-header-display":"","ast-hfb-below-header-display":"","ast-hfb-mobile-header-display":"","site-post-title":"","ast-breadcrumbs-content":"","ast-featured-img":"","footer-sml-layout":"","theme-transparent-header-meta":"default","adv-header-id-meta":"","stick-header-meta":"","header-above-stick-meta":"","header-main-stick-meta":"","header-below-stick-meta":"","astra-migrate-meta-layouts":"set","footnotes":""},"categories":[11,1,15,6,12],"tags":[2278],"yoast_head":"<!-- This site is optimized with the Yoast SEO plugin v21.4 - https:\/\/yoast.com\/wordpress\/plugins\/seo\/ -->\n<title>Lula sanciona Or\u00e7amento de 2026 e veta R$ 400 milh\u00f5es em emendas -<\/title>\n<meta name=\"robots\" content=\"index, follow, max-snippet:-1, max-image-preview:large, max-video-preview:-1\" \/>\n<link rel=\"canonical\" href=\"https:\/\/sulsc.com\/index.php\/2026\/01\/15\/lula-sanciona-orcamento-de-2026-e-veta-r-400-milhoes-em-emendas\/\" \/>\n<meta property=\"og:locale\" content=\"en_US\" \/>\n<meta property=\"og:type\" content=\"article\" \/>\n<meta property=\"og:title\" content=\"Lula sanciona Or\u00e7amento de 2026 e veta R$ 400 milh\u00f5es em emendas -\" \/>\n<meta property=\"og:description\" content=\"Foi sancionada nesta quarta-feira (14), pelo presidente Luiz In\u00e1cio Lula da Silva a Lei Or\u00e7ament\u00e1ria Anual (LOA) de 2026. A norma, que fixa as despesas p\u00fablicas e estima as receitas ao longo do ano, foi publicada em edi\u00e7\u00e3o extra do Di\u00e1rio Oficial da Uni\u00e3o (DOU). O texto havia sido aprovado pelo Congresso Nacional no fim &hellip; Lula sanciona Or\u00e7amento de 2026 e veta R$ 400 milh\u00f5es em emendas Read More &raquo;\" \/>\n<meta property=\"og:url\" content=\"https:\/\/sulsc.com\/index.php\/2026\/01\/15\/lula-sanciona-orcamento-de-2026-e-veta-r-400-milhoes-em-emendas\/\" \/>\n<meta property=\"article:author\" content=\"https:\/\/www.facebook.com\/profile.php?id=61559278119680\" \/>\n<meta property=\"article:published_time\" content=\"2026-01-15T12:27:23+00:00\" \/>\n<meta property=\"og:image\" content=\"http:\/\/sulsc.com\/wp-content\/uploads\/2026\/01\/32b4b38d-402a-4dcc-9692-b7ce2ab11587.jpeg\" \/>\n\t<meta property=\"og:image:width\" content=\"350\" \/>\n\t<meta property=\"og:image:height\" content=\"350\" \/>\n\t<meta property=\"og:image:type\" content=\"image\/jpeg\" \/>\n<meta name=\"author\" content=\"Reda\u00e7\u00e3o Sul SC\" \/>\n<meta name=\"twitter:card\" content=\"summary_large_image\" \/>\n<meta name=\"twitter:creator\" content=\"@https:\/\/twitter.com\/PortalSulSC\" \/>\n<meta name=\"twitter:label1\" content=\"Written by\" \/>\n\t<meta name=\"twitter:data1\" content=\"Reda\u00e7\u00e3o Sul SC\" \/>\n\t<meta name=\"twitter:label2\" content=\"Est. reading time\" \/>\n\t<meta name=\"twitter:data2\" content=\"3 minutes\" \/>\n<script type=\"application\/ld+json\" class=\"yoast-schema-graph\">{\"@context\":\"https:\/\/schema.org\",\"@graph\":[{\"@type\":\"WebPage\",\"@id\":\"https:\/\/sulsc.com\/index.php\/2026\/01\/15\/lula-sanciona-orcamento-de-2026-e-veta-r-400-milhoes-em-emendas\/\",\"url\":\"https:\/\/sulsc.com\/index.php\/2026\/01\/15\/lula-sanciona-orcamento-de-2026-e-veta-r-400-milhoes-em-emendas\/\",\"name\":\"Lula sanciona Or\u00e7amento de 2026 e veta R$ 400 milh\u00f5es em emendas -\",\"isPartOf\":{\"@id\":\"https:\/\/sulsc.com\/#website\"},\"datePublished\":\"2026-01-15T12:27:23+00:00\",\"dateModified\":\"2026-01-15T12:27:23+00:00\",\"author\":{\"@id\":\"https:\/\/sulsc.com\/#\/schema\/person\/84d2fc571684f6248ba83092f07750a3\"},\"breadcrumb\":{\"@id\":\"https:\/\/sulsc.com\/index.php\/2026\/01\/15\/lula-sanciona-orcamento-de-2026-e-veta-r-400-milhoes-em-emendas\/#breadcrumb\"},\"inLanguage\":\"en-US\",\"potentialAction\":[{\"@type\":\"ReadAction\",\"target\":[\"https:\/\/sulsc.com\/index.php\/2026\/01\/15\/lula-sanciona-orcamento-de-2026-e-veta-r-400-milhoes-em-emendas\/\"]}]},{\"@type\":\"BreadcrumbList\",\"@id\":\"https:\/\/sulsc.com\/index.php\/2026\/01\/15\/lula-sanciona-orcamento-de-2026-e-veta-r-400-milhoes-em-emendas\/#breadcrumb\",\"itemListElement\":[{\"@type\":\"ListItem\",\"position\":1,\"name\":\"In\u00edcio\",\"item\":\"https:\/\/sulsc.com\/\"},{\"@type\":\"ListItem\",\"position\":2,\"name\":\"Lula sanciona Or\u00e7amento de 2026 e veta R$ 400 milh\u00f5es em emendas\"}]},{\"@type\":\"WebSite\",\"@id\":\"https:\/\/sulsc.com\/#website\",\"url\":\"https:\/\/sulsc.com\/\",\"name\":\"\",\"description\":\"\",\"potentialAction\":[{\"@type\":\"SearchAction\",\"target\":{\"@type\":\"EntryPoint\",\"urlTemplate\":\"https:\/\/sulsc.com\/?s={search_term_string}\"},\"query-input\":\"required name=search_term_string\"}],\"inLanguage\":\"en-US\"},{\"@type\":\"Person\",\"@id\":\"https:\/\/sulsc.com\/#\/schema\/person\/84d2fc571684f6248ba83092f07750a3\",\"name\":\"Reda\u00e7\u00e3o Sul SC\",\"image\":{\"@type\":\"ImageObject\",\"inLanguage\":\"en-US\",\"@id\":\"https:\/\/sulsc.com\/#\/schema\/person\/image\/e08d7fe2cc4ed596372063bbe852b8d0\",\"url\":\"https:\/\/sulsc.com\/wp-content\/uploads\/2023\/09\/redacao.png\",\"contentUrl\":\"https:\/\/sulsc.com\/wp-content\/uploads\/2023\/09\/redacao.png\",\"caption\":\"Reda\u00e7\u00e3o Sul SC\"},\"description\":\"Foco em um jornalismo imparcial, voltado \u00e0 qualidade dos seus conte\u00fados e, assim, levar informa\u00e7\u00e3o de valor que agregue \u00e0 vida dos leitores. Esta \u00e9 grande miss\u00e3o do Portal de Not\u00edcias Sul SC. N\u00e3o \u00e9 quantidade que muda o mundo, sempre foi e seguir\u00e1 sendo qualidade!\",\"sameAs\":[\"https:\/\/sulsc.com\/\",\"https:\/\/www.facebook.com\/profile.php?id=61559278119680\",\"https:\/\/www.instagram.com\/sulscportal\/?hl=pt-br\",\"https:\/\/twitter.com\/https:\/\/twitter.com\/PortalSulSC\",\"https:\/\/www.youtube.com\/channel\/UCv_BE8GeySluDov2n8qhVmw\"],\"url\":\"https:\/\/sulsc.com\/index.php\/author\/redacao\/\"}]}<\/script>\n<!-- \/ Yoast SEO plugin. -->","yoast_head_json":{"title":"Lula sanciona Or\u00e7amento de 2026 e veta R$ 400 milh\u00f5es em emendas -","robots":{"index":"index","follow":"follow","max-snippet":"max-snippet:-1","max-image-preview":"max-image-preview:large","max-video-preview":"max-video-preview:-1"},"canonical":"https:\/\/sulsc.com\/index.php\/2026\/01\/15\/lula-sanciona-orcamento-de-2026-e-veta-r-400-milhoes-em-emendas\/","og_locale":"en_US","og_type":"article","og_title":"Lula sanciona Or\u00e7amento de 2026 e veta R$ 400 milh\u00f5es em emendas -","og_description":"Foi sancionada nesta quarta-feira (14), pelo presidente Luiz In\u00e1cio Lula da Silva a Lei Or\u00e7ament\u00e1ria Anual (LOA) de 2026. A norma, que fixa as despesas p\u00fablicas e estima as receitas ao longo do ano, foi publicada em edi\u00e7\u00e3o extra do Di\u00e1rio Oficial da Uni\u00e3o (DOU). O texto havia sido aprovado pelo Congresso Nacional no fim &hellip; Lula sanciona Or\u00e7amento de 2026 e veta R$ 400 milh\u00f5es em emendas Read More &raquo;","og_url":"https:\/\/sulsc.com\/index.php\/2026\/01\/15\/lula-sanciona-orcamento-de-2026-e-veta-r-400-milhoes-em-emendas\/","article_author":"https:\/\/www.facebook.com\/profile.php?id=61559278119680","article_published_time":"2026-01-15T12:27:23+00:00","og_image":[{"width":350,"height":350,"url":"http:\/\/sulsc.com\/wp-content\/uploads\/2026\/01\/32b4b38d-402a-4dcc-9692-b7ce2ab11587.jpeg","type":"image\/jpeg"}],"author":"Reda\u00e7\u00e3o Sul SC","twitter_card":"summary_large_image","twitter_creator":"@https:\/\/twitter.com\/PortalSulSC","twitter_misc":{"Written by":"Reda\u00e7\u00e3o Sul SC","Est. reading time":"3 minutes"},"schema":{"@context":"https:\/\/schema.org","@graph":[{"@type":"WebPage","@id":"https:\/\/sulsc.com\/index.php\/2026\/01\/15\/lula-sanciona-orcamento-de-2026-e-veta-r-400-milhoes-em-emendas\/","url":"https:\/\/sulsc.com\/index.php\/2026\/01\/15\/lula-sanciona-orcamento-de-2026-e-veta-r-400-milhoes-em-emendas\/","name":"Lula sanciona Or\u00e7amento de 2026 e veta R$ 400 milh\u00f5es em emendas -","isPartOf":{"@id":"https:\/\/sulsc.com\/#website"},"datePublished":"2026-01-15T12:27:23+00:00","dateModified":"2026-01-15T12:27:23+00:00","author":{"@id":"https:\/\/sulsc.com\/#\/schema\/person\/84d2fc571684f6248ba83092f07750a3"},"breadcrumb":{"@id":"https:\/\/sulsc.com\/index.php\/2026\/01\/15\/lula-sanciona-orcamento-de-2026-e-veta-r-400-milhoes-em-emendas\/#breadcrumb"},"inLanguage":"en-US","potentialAction":[{"@type":"ReadAction","target":["https:\/\/sulsc.com\/index.php\/2026\/01\/15\/lula-sanciona-orcamento-de-2026-e-veta-r-400-milhoes-em-emendas\/"]}]},{"@type":"BreadcrumbList","@id":"https:\/\/sulsc.com\/index.php\/2026\/01\/15\/lula-sanciona-orcamento-de-2026-e-veta-r-400-milhoes-em-emendas\/#breadcrumb","itemListElement":[{"@type":"ListItem","position":1,"name":"In\u00edcio","item":"https:\/\/sulsc.com\/"},{"@type":"ListItem","position":2,"name":"Lula sanciona Or\u00e7amento de 2026 e veta R$ 400 milh\u00f5es em emendas"}]},{"@type":"WebSite","@id":"https:\/\/sulsc.com\/#website","url":"https:\/\/sulsc.com\/","name":"","description":"","potentialAction":[{"@type":"SearchAction","target":{"@type":"EntryPoint","urlTemplate":"https:\/\/sulsc.com\/?s={search_term_string}"},"query-input":"required name=search_term_string"}],"inLanguage":"en-US"},{"@type":"Person","@id":"https:\/\/sulsc.com\/#\/schema\/person\/84d2fc571684f6248ba83092f07750a3","name":"Reda\u00e7\u00e3o Sul SC","image":{"@type":"ImageObject","inLanguage":"en-US","@id":"https:\/\/sulsc.com\/#\/schema\/person\/image\/e08d7fe2cc4ed596372063bbe852b8d0","url":"https:\/\/sulsc.com\/wp-content\/uploads\/2023\/09\/redacao.png","contentUrl":"https:\/\/sulsc.com\/wp-content\/uploads\/2023\/09\/redacao.png","caption":"Reda\u00e7\u00e3o Sul SC"},"description":"Foco em um jornalismo imparcial, voltado \u00e0 qualidade dos seus conte\u00fados e, assim, levar informa\u00e7\u00e3o de valor que agregue \u00e0 vida dos leitores. Esta \u00e9 grande miss\u00e3o do Portal de Not\u00edcias Sul SC. N\u00e3o \u00e9 quantidade que muda o mundo, sempre foi e seguir\u00e1 sendo qualidade!","sameAs":["https:\/\/sulsc.com\/","https:\/\/www.facebook.com\/profile.php?id=61559278119680","https:\/\/www.instagram.com\/sulscportal\/?hl=pt-br","https:\/\/twitter.com\/https:\/\/twitter.com\/PortalSulSC","https:\/\/www.youtube.com\/channel\/UCv_BE8GeySluDov2n8qhVmw"],"url":"https:\/\/sulsc.com\/index.php\/author\/redacao\/"}]}},"authors":[],"_links":{"self":[{"href":"https:\/\/sulsc.com\/index.php\/wp-json\/wp\/v2\/posts\/31520"}],"collection":[{"href":"https:\/\/sulsc.com\/index.php\/wp-json\/wp\/v2\/posts"}],"about":[{"href":"https:\/\/sulsc.com\/index.php\/wp-json\/wp\/v2\/types\/post"}],"author":[{"embeddable":true,"href":"https:\/\/sulsc.com\/index.php\/wp-json\/wp\/v2\/users\/3"}],"replies":[{"embeddable":true,"href":"https:\/\/sulsc.com\/index.php\/wp-json\/wp\/v2\/comments?post=31520"}],"version-history":[{"count":1,"href":"https:\/\/sulsc.com\/index.php\/wp-json\/wp\/v2\/posts\/31520\/revisions"}],"predecessor-version":[{"id":31522,"href":"https:\/\/sulsc.com\/index.php\/wp-json\/wp\/v2\/posts\/31520\/revisions\/31522"}],"wp:featuredmedia":[{"embeddable":true,"href":"https:\/\/sulsc.com\/index.php\/wp-json\/wp\/v2\/media\/31521"}],"wp:attachment":[{"href":"https:\/\/sulsc.com\/index.php\/wp-json\/wp\/v2\/media?parent=31520"}],"wp:term":[{"taxonomy":"category","embeddable":true,"href":"https:\/\/sulsc.com\/index.php\/wp-json\/wp\/v2\/categories?post=31520"},{"taxonomy":"post_tag","embeddable":true,"href":"https:\/\/sulsc.com\/index.php\/wp-json\/wp\/v2\/tags?post=31520"}],"curies":[{"name":"wp","href":"https:\/\/api.w.org\/{rel}","templated":true}]}}