{"id":31527,"date":"2026-01-15T15:11:41","date_gmt":"2026-01-15T18:11:41","guid":{"rendered":"https:\/\/sulsc.com\/?p=31527"},"modified":"2026-01-15T15:11:41","modified_gmt":"2026-01-15T18:11:41","slug":"homem-e-mulher-com-mandados-de-prisao-em-aberto-sao-presos-em-imbituba","status":"publish","type":"post","link":"https:\/\/sulsc.com\/index.php\/2026\/01\/15\/homem-e-mulher-com-mandados-de-prisao-em-aberto-sao-presos-em-imbituba\/","title":{"rendered":"Homem e mulher com mandados de pris\u00e3o em aberto s\u00e3o presos em Imbituba"},"content":{"rendered":"<p>A Pol\u00edcia Militar de Imbituba, cumpriu um mandado de pris\u00e3o na tarde desta quarta-feira (14) no bairro Boa Vista. A opera\u00e7\u00e3o foi iniciada ap\u00f3s a Ag\u00eancia de Intelig\u00eancia do 34\u00ba Batalh\u00e3o de Pol\u00edcia Militar (BPM) receber informa\u00e7\u00f5es sobre um homem de 34 anos com mandado de pris\u00e3o em aberto na regi\u00e3o.<\/p>\n<div id=\"metaslider-id-25573\" style=\"width: 100%;\" class=\"ml-slider-3-99-0 metaslider metaslider-flex metaslider-25573 ml-slider has-onhover-arrows ms-theme-default-base has-dots-nav\" role=\"region\" aria-label=\"Meio\" data-width=\"1200\">\n    <div id=\"metaslider_container_25573\">\n        <div id=\"metaslider_25573\">\n            <ul class='slides'>\n                <li style=\"display: block; width: 100%;\" class=\"slide-25684 ms-image \" aria-roledescription=\"slide\" data-date=\"2025-07-24 07:55:40\"><img src=\"https:\/\/sulsc.com\/wp-content\/uploads\/2025\/07\/Marr-2-1000x166.jpg\" height=\"200\" width=\"1200\" alt=\"\" class=\"slider-25573 slide-25684 msDefaultImage\" title=\"Marr 2\" \/><\/li>\n                <li style=\"display: none; width: 100%;\" class=\"slide-32412 ms-image \" aria-roledescription=\"slide\" data-date=\"2026-02-18 13:59:46\"><img src=\"https:\/\/sulsc.com\/wp-content\/uploads\/2026\/02\/40dc1580-cad5-4867-bc58-c4243821ad38-1000x166.jpeg\" height=\"200\" width=\"1200\" alt=\"\" class=\"slider-25573 slide-32412 msDefaultImage\" title=\"40dc1580-cad5-4867-bc58-c4243821ad38\" \/><\/li>\n                <li style=\"display: none; width: 100%;\" class=\"slide-32766 ms-image \" aria-roledescription=\"slide\" data-date=\"2026-03-03 17:22:59\"><img src=\"https:\/\/sulsc.com\/wp-content\/uploads\/2026\/03\/271ce739-f268-41c5-8051-3de1a1750359-1000x166.jpeg\" height=\"200\" width=\"1200\" alt=\"\" class=\"slider-25573 slide-32766 msDefaultImage\" title=\"271ce739-f268-41c5-8051-3de1a1750359\" \/><\/li>\n            <\/ul>\n        <\/div>\n        \n    <\/div>\n<\/div>\n<p>Os policiais monitoraram o suspeito, que foi localizado correndo pela praia. A abordagem n\u00e3o foi realizada imediatamente, uma vez que havia relatos de que uma mulher, tamb\u00e9m de 34 anos e com mandado de pris\u00e3o em aberto, o acompanhava. O homem foi seguido at\u00e9 sua resid\u00eancia, onde foi abordado dentro de um ve\u00edculo.<\/p>\n<p>Durante a abordagem, ele apresentou um documento falso e tentou se identificar com outro nome. No entanto, ao ser informado sobre o mandado de pris\u00e3o, assumiu sua verdadeira identidade, confirmando a ordem judicial em aberto. Na resid\u00eancia, os policiais localizaram a mulher, que tamb\u00e9m possu\u00eda um mandado de pris\u00e3o.<\/p>\n<p>Al\u00e9m das pris\u00f5es, foram apreendidos aproximadamente 20 gramas de maconha, aparelhos celulares, dinheiro, 40 muni\u00e7\u00f5es de calibre 9 mm, um carregador de arma de fogo, uma balan\u00e7a de precis\u00e3o, rel\u00f3gios e outros objetos cuja proced\u00eancia ser\u00e1 apurada. Os envolvidos foram encaminhados \u00e0 Delegacia de Pol\u00edcia Civil de Imbituba, juntamente com todo o material apreendido, para os procedimentos legais cab\u00edveis.<\/p>\n<p><img fetchpriority=\"high\" decoding=\"async\" class=\"aligncenter size-full wp-image-19663\" src=\"http:\/\/sulsc.com\/wp-content\/uploads\/2025\/01\/PM-3.jpg\" alt=\"\" width=\"1080\" height=\"680\" srcset=\"https:\/\/sulsc.com\/wp-content\/uploads\/2025\/01\/PM-3.jpg 1080w, https:\/\/sulsc.com\/wp-content\/uploads\/2025\/01\/PM-3-300x189.jpg 300w, https:\/\/sulsc.com\/wp-content\/uploads\/2025\/01\/PM-3-1024x645.jpg 1024w, https:\/\/sulsc.com\/wp-content\/uploads\/2025\/01\/PM-3-768x484.jpg 768w\" sizes=\"(max-width: 1080px) 100vw, 1080px\" \/><\/p>\n<p>PMSC\/Divulga\u00e7\u00e3o\/SulSC<\/p>\n","protected":false},"excerpt":{"rendered":"<p>A Pol\u00edcia Militar de Imbituba, cumpriu um mandado de pris\u00e3o na tarde desta quarta-feira (14) no bairro Boa Vista. A opera\u00e7\u00e3o foi iniciada ap\u00f3s a Ag\u00eancia de Intelig\u00eancia do 34\u00ba Batalh\u00e3o de Pol\u00edcia Militar (BPM) receber informa\u00e7\u00f5es sobre um homem de 34 anos com mandado de pris\u00e3o em aberto na regi\u00e3o. Os policiais monitoraram o &hellip;<\/p>\n<p class=\"read-more\"> <a class=\"\" href=\"https:\/\/sulsc.com\/index.php\/2026\/01\/15\/homem-e-mulher-com-mandados-de-prisao-em-aberto-sao-presos-em-imbituba\/\"> <span class=\"screen-reader-text\">Homem e mulher com mandados de pris\u00e3o em aberto s\u00e3o presos em Imbituba<\/span> Read More &raquo;<\/a><\/p>\n","protected":false},"author":3,"featured_media":24838,"comment_status":"open","ping_status":"open","sticky":false,"template":"","format":"standard","meta":{"site-sidebar-layout":"default","site-content-layout":"","ast-site-content-layout":"default","site-content-style":"default","site-sidebar-style":"default","ast-global-header-display":"","ast-banner-title-visibility":"","ast-main-header-display":"","ast-hfb-above-header-display":"","ast-hfb-below-header-display":"","ast-hfb-mobile-header-display":"","site-post-title":"","ast-breadcrumbs-content":"","ast-featured-img":"","footer-sml-layout":"","theme-transparent-header-meta":"default","adv-header-id-meta":"","stick-header-meta":"","header-above-stick-meta":"","header-main-stick-meta":"","header-below-stick-meta":"","astra-migrate-meta-layouts":"set","footnotes":""},"categories":[2231,1,41,14,2782,12],"tags":[2778],"yoast_head":"<!-- This site is optimized with the Yoast SEO plugin v21.4 - https:\/\/yoast.com\/wordpress\/plugins\/seo\/ -->\n<title>Homem e mulher com mandados de pris\u00e3o em aberto s\u00e3o presos em Imbituba -<\/title>\n<meta name=\"robots\" content=\"index, follow, max-snippet:-1, max-image-preview:large, max-video-preview:-1\" \/>\n<link rel=\"canonical\" href=\"https:\/\/sulsc.com\/index.php\/2026\/01\/15\/homem-e-mulher-com-mandados-de-prisao-em-aberto-sao-presos-em-imbituba\/\" \/>\n<meta property=\"og:locale\" content=\"en_US\" \/>\n<meta property=\"og:type\" content=\"article\" \/>\n<meta property=\"og:title\" content=\"Homem e mulher com mandados de pris\u00e3o em aberto s\u00e3o presos em Imbituba -\" \/>\n<meta property=\"og:description\" content=\"A Pol\u00edcia Militar de Imbituba, cumpriu um mandado de pris\u00e3o na tarde desta quarta-feira (14) no bairro Boa Vista. A opera\u00e7\u00e3o foi iniciada ap\u00f3s a Ag\u00eancia de Intelig\u00eancia do 34\u00ba Batalh\u00e3o de Pol\u00edcia Militar (BPM) receber informa\u00e7\u00f5es sobre um homem de 34 anos com mandado de pris\u00e3o em aberto na regi\u00e3o. Os policiais monitoraram o &hellip; Homem e mulher com mandados de pris\u00e3o em aberto s\u00e3o presos em Imbituba Read More &raquo;\" \/>\n<meta property=\"og:url\" content=\"https:\/\/sulsc.com\/index.php\/2026\/01\/15\/homem-e-mulher-com-mandados-de-prisao-em-aberto-sao-presos-em-imbituba\/\" \/>\n<meta property=\"article:author\" content=\"https:\/\/www.facebook.com\/profile.php?id=61559278119680\" \/>\n<meta property=\"article:published_time\" content=\"2026-01-15T18:11:41+00:00\" \/>\n<meta property=\"og:image\" content=\"http:\/\/sulsc.com\/wp-content\/uploads\/2025\/06\/PM-3.jpg\" \/>\n\t<meta property=\"og:image:width\" content=\"1080\" \/>\n\t<meta property=\"og:image:height\" content=\"680\" \/>\n\t<meta property=\"og:image:type\" content=\"image\/jpeg\" \/>\n<meta name=\"author\" content=\"Reda\u00e7\u00e3o Sul SC\" \/>\n<meta name=\"twitter:card\" content=\"summary_large_image\" \/>\n<meta name=\"twitter:creator\" content=\"@https:\/\/twitter.com\/PortalSulSC\" \/>\n<meta name=\"twitter:label1\" content=\"Written by\" \/>\n\t<meta name=\"twitter:data1\" content=\"Reda\u00e7\u00e3o Sul SC\" \/>\n\t<meta name=\"twitter:label2\" content=\"Est. reading time\" \/>\n\t<meta name=\"twitter:data2\" content=\"2 minutes\" \/>\n<script type=\"application\/ld+json\" class=\"yoast-schema-graph\">{\"@context\":\"https:\/\/schema.org\",\"@graph\":[{\"@type\":\"WebPage\",\"@id\":\"https:\/\/sulsc.com\/index.php\/2026\/01\/15\/homem-e-mulher-com-mandados-de-prisao-em-aberto-sao-presos-em-imbituba\/\",\"url\":\"https:\/\/sulsc.com\/index.php\/2026\/01\/15\/homem-e-mulher-com-mandados-de-prisao-em-aberto-sao-presos-em-imbituba\/\",\"name\":\"Homem e mulher com mandados de pris\u00e3o em aberto s\u00e3o presos em Imbituba -\",\"isPartOf\":{\"@id\":\"https:\/\/sulsc.com\/#website\"},\"datePublished\":\"2026-01-15T18:11:41+00:00\",\"dateModified\":\"2026-01-15T18:11:41+00:00\",\"author\":{\"@id\":\"https:\/\/sulsc.com\/#\/schema\/person\/84d2fc571684f6248ba83092f07750a3\"},\"breadcrumb\":{\"@id\":\"https:\/\/sulsc.com\/index.php\/2026\/01\/15\/homem-e-mulher-com-mandados-de-prisao-em-aberto-sao-presos-em-imbituba\/#breadcrumb\"},\"inLanguage\":\"en-US\",\"potentialAction\":[{\"@type\":\"ReadAction\",\"target\":[\"https:\/\/sulsc.com\/index.php\/2026\/01\/15\/homem-e-mulher-com-mandados-de-prisao-em-aberto-sao-presos-em-imbituba\/\"]}]},{\"@type\":\"BreadcrumbList\",\"@id\":\"https:\/\/sulsc.com\/index.php\/2026\/01\/15\/homem-e-mulher-com-mandados-de-prisao-em-aberto-sao-presos-em-imbituba\/#breadcrumb\",\"itemListElement\":[{\"@type\":\"ListItem\",\"position\":1,\"name\":\"In\u00edcio\",\"item\":\"https:\/\/sulsc.com\/\"},{\"@type\":\"ListItem\",\"position\":2,\"name\":\"Homem e mulher com mandados de pris\u00e3o em aberto s\u00e3o presos em Imbituba\"}]},{\"@type\":\"WebSite\",\"@id\":\"https:\/\/sulsc.com\/#website\",\"url\":\"https:\/\/sulsc.com\/\",\"name\":\"\",\"description\":\"\",\"potentialAction\":[{\"@type\":\"SearchAction\",\"target\":{\"@type\":\"EntryPoint\",\"urlTemplate\":\"https:\/\/sulsc.com\/?s={search_term_string}\"},\"query-input\":\"required name=search_term_string\"}],\"inLanguage\":\"en-US\"},{\"@type\":\"Person\",\"@id\":\"https:\/\/sulsc.com\/#\/schema\/person\/84d2fc571684f6248ba83092f07750a3\",\"name\":\"Reda\u00e7\u00e3o Sul SC\",\"image\":{\"@type\":\"ImageObject\",\"inLanguage\":\"en-US\",\"@id\":\"https:\/\/sulsc.com\/#\/schema\/person\/image\/e08d7fe2cc4ed596372063bbe852b8d0\",\"url\":\"https:\/\/sulsc.com\/wp-content\/uploads\/2023\/09\/redacao.png\",\"contentUrl\":\"https:\/\/sulsc.com\/wp-content\/uploads\/2023\/09\/redacao.png\",\"caption\":\"Reda\u00e7\u00e3o Sul SC\"},\"description\":\"Foco em um jornalismo imparcial, voltado \u00e0 qualidade dos seus conte\u00fados e, assim, levar informa\u00e7\u00e3o de valor que agregue \u00e0 vida dos leitores. Esta \u00e9 grande miss\u00e3o do Portal de Not\u00edcias Sul SC. N\u00e3o \u00e9 quantidade que muda o mundo, sempre foi e seguir\u00e1 sendo qualidade!\",\"sameAs\":[\"https:\/\/sulsc.com\/\",\"https:\/\/www.facebook.com\/profile.php?id=61559278119680\",\"https:\/\/www.instagram.com\/sulscportal\/?hl=pt-br\",\"https:\/\/twitter.com\/https:\/\/twitter.com\/PortalSulSC\",\"https:\/\/www.youtube.com\/channel\/UCv_BE8GeySluDov2n8qhVmw\"],\"url\":\"https:\/\/sulsc.com\/index.php\/author\/redacao\/\"}]}<\/script>\n<!-- \/ Yoast SEO plugin. -->","yoast_head_json":{"title":"Homem e mulher com mandados de pris\u00e3o em aberto s\u00e3o presos em Imbituba -","robots":{"index":"index","follow":"follow","max-snippet":"max-snippet:-1","max-image-preview":"max-image-preview:large","max-video-preview":"max-video-preview:-1"},"canonical":"https:\/\/sulsc.com\/index.php\/2026\/01\/15\/homem-e-mulher-com-mandados-de-prisao-em-aberto-sao-presos-em-imbituba\/","og_locale":"en_US","og_type":"article","og_title":"Homem e mulher com mandados de pris\u00e3o em aberto s\u00e3o presos em Imbituba -","og_description":"A Pol\u00edcia Militar de Imbituba, cumpriu um mandado de pris\u00e3o na tarde desta quarta-feira (14) no bairro Boa Vista. A opera\u00e7\u00e3o foi iniciada ap\u00f3s a Ag\u00eancia de Intelig\u00eancia do 34\u00ba Batalh\u00e3o de Pol\u00edcia Militar (BPM) receber informa\u00e7\u00f5es sobre um homem de 34 anos com mandado de pris\u00e3o em aberto na regi\u00e3o. Os policiais monitoraram o &hellip; Homem e mulher com mandados de pris\u00e3o em aberto s\u00e3o presos em Imbituba Read More &raquo;","og_url":"https:\/\/sulsc.com\/index.php\/2026\/01\/15\/homem-e-mulher-com-mandados-de-prisao-em-aberto-sao-presos-em-imbituba\/","article_author":"https:\/\/www.facebook.com\/profile.php?id=61559278119680","article_published_time":"2026-01-15T18:11:41+00:00","og_image":[{"width":1080,"height":680,"url":"http:\/\/sulsc.com\/wp-content\/uploads\/2025\/06\/PM-3.jpg","type":"image\/jpeg"}],"author":"Reda\u00e7\u00e3o Sul SC","twitter_card":"summary_large_image","twitter_creator":"@https:\/\/twitter.com\/PortalSulSC","twitter_misc":{"Written by":"Reda\u00e7\u00e3o Sul SC","Est. reading time":"2 minutes"},"schema":{"@context":"https:\/\/schema.org","@graph":[{"@type":"WebPage","@id":"https:\/\/sulsc.com\/index.php\/2026\/01\/15\/homem-e-mulher-com-mandados-de-prisao-em-aberto-sao-presos-em-imbituba\/","url":"https:\/\/sulsc.com\/index.php\/2026\/01\/15\/homem-e-mulher-com-mandados-de-prisao-em-aberto-sao-presos-em-imbituba\/","name":"Homem e mulher com mandados de pris\u00e3o em aberto s\u00e3o presos em Imbituba -","isPartOf":{"@id":"https:\/\/sulsc.com\/#website"},"datePublished":"2026-01-15T18:11:41+00:00","dateModified":"2026-01-15T18:11:41+00:00","author":{"@id":"https:\/\/sulsc.com\/#\/schema\/person\/84d2fc571684f6248ba83092f07750a3"},"breadcrumb":{"@id":"https:\/\/sulsc.com\/index.php\/2026\/01\/15\/homem-e-mulher-com-mandados-de-prisao-em-aberto-sao-presos-em-imbituba\/#breadcrumb"},"inLanguage":"en-US","potentialAction":[{"@type":"ReadAction","target":["https:\/\/sulsc.com\/index.php\/2026\/01\/15\/homem-e-mulher-com-mandados-de-prisao-em-aberto-sao-presos-em-imbituba\/"]}]},{"@type":"BreadcrumbList","@id":"https:\/\/sulsc.com\/index.php\/2026\/01\/15\/homem-e-mulher-com-mandados-de-prisao-em-aberto-sao-presos-em-imbituba\/#breadcrumb","itemListElement":[{"@type":"ListItem","position":1,"name":"In\u00edcio","item":"https:\/\/sulsc.com\/"},{"@type":"ListItem","position":2,"name":"Homem e mulher com mandados de pris\u00e3o em aberto s\u00e3o presos em Imbituba"}]},{"@type":"WebSite","@id":"https:\/\/sulsc.com\/#website","url":"https:\/\/sulsc.com\/","name":"","description":"","potentialAction":[{"@type":"SearchAction","target":{"@type":"EntryPoint","urlTemplate":"https:\/\/sulsc.com\/?s={search_term_string}"},"query-input":"required name=search_term_string"}],"inLanguage":"en-US"},{"@type":"Person","@id":"https:\/\/sulsc.com\/#\/schema\/person\/84d2fc571684f6248ba83092f07750a3","name":"Reda\u00e7\u00e3o Sul SC","image":{"@type":"ImageObject","inLanguage":"en-US","@id":"https:\/\/sulsc.com\/#\/schema\/person\/image\/e08d7fe2cc4ed596372063bbe852b8d0","url":"https:\/\/sulsc.com\/wp-content\/uploads\/2023\/09\/redacao.png","contentUrl":"https:\/\/sulsc.com\/wp-content\/uploads\/2023\/09\/redacao.png","caption":"Reda\u00e7\u00e3o Sul SC"},"description":"Foco em um jornalismo imparcial, voltado \u00e0 qualidade dos seus conte\u00fados e, assim, levar informa\u00e7\u00e3o de valor que agregue \u00e0 vida dos leitores. Esta \u00e9 grande miss\u00e3o do Portal de Not\u00edcias Sul SC. N\u00e3o \u00e9 quantidade que muda o mundo, sempre foi e seguir\u00e1 sendo qualidade!","sameAs":["https:\/\/sulsc.com\/","https:\/\/www.facebook.com\/profile.php?id=61559278119680","https:\/\/www.instagram.com\/sulscportal\/?hl=pt-br","https:\/\/twitter.com\/https:\/\/twitter.com\/PortalSulSC","https:\/\/www.youtube.com\/channel\/UCv_BE8GeySluDov2n8qhVmw"],"url":"https:\/\/sulsc.com\/index.php\/author\/redacao\/"}]}},"authors":[],"_links":{"self":[{"href":"https:\/\/sulsc.com\/index.php\/wp-json\/wp\/v2\/posts\/31527"}],"collection":[{"href":"https:\/\/sulsc.com\/index.php\/wp-json\/wp\/v2\/posts"}],"about":[{"href":"https:\/\/sulsc.com\/index.php\/wp-json\/wp\/v2\/types\/post"}],"author":[{"embeddable":true,"href":"https:\/\/sulsc.com\/index.php\/wp-json\/wp\/v2\/users\/3"}],"replies":[{"embeddable":true,"href":"https:\/\/sulsc.com\/index.php\/wp-json\/wp\/v2\/comments?post=31527"}],"version-history":[{"count":1,"href":"https:\/\/sulsc.com\/index.php\/wp-json\/wp\/v2\/posts\/31527\/revisions"}],"predecessor-version":[{"id":31528,"href":"https:\/\/sulsc.com\/index.php\/wp-json\/wp\/v2\/posts\/31527\/revisions\/31528"}],"wp:featuredmedia":[{"embeddable":true,"href":"https:\/\/sulsc.com\/index.php\/wp-json\/wp\/v2\/media\/24838"}],"wp:attachment":[{"href":"https:\/\/sulsc.com\/index.php\/wp-json\/wp\/v2\/media?parent=31527"}],"wp:term":[{"taxonomy":"category","embeddable":true,"href":"https:\/\/sulsc.com\/index.php\/wp-json\/wp\/v2\/categories?post=31527"},{"taxonomy":"post_tag","embeddable":true,"href":"https:\/\/sulsc.com\/index.php\/wp-json\/wp\/v2\/tags?post=31527"}],"curies":[{"name":"wp","href":"https:\/\/api.w.org\/{rel}","templated":true}]}}