{"id":31529,"date":"2026-01-15T16:17:35","date_gmt":"2026-01-15T19:17:35","guid":{"rendered":"https:\/\/sulsc.com\/?p=31529"},"modified":"2026-01-15T16:17:35","modified_gmt":"2026-01-15T19:17:35","slug":"defesa-civil-sc-alerta-frente-fria-provoca-temporais-em-santa-catarina-neste-fim-de-semana","status":"publish","type":"post","link":"https:\/\/sulsc.com\/index.php\/2026\/01\/15\/defesa-civil-sc-alerta-frente-fria-provoca-temporais-em-santa-catarina-neste-fim-de-semana\/","title":{"rendered":"Defesa Civil &#8211; SC alerta: Frente fria provoca temporais em Santa Catarina neste fim de semana"},"content":{"rendered":"<p><span dir=\"auto\" style=\"vertical-align: inherit;\"><span dir=\"auto\" style=\"vertical-align: inherit;\">A Defesa Civil &#8211; SC divulgou nesta quinta-feira (15), que o avan\u00e7o de uma frente fria, ir\u00e1 provocar chuva em todas as regi\u00f5es de Santa Catarina neste fim de semana. Apesar da instabilidade, as temperaturas seguem elevadas, superando os 30\u00b0C em todas as regi\u00f5es e podendo ultrapassar os 35\u00b0C no Extremo Oeste, no Vale do Itaja\u00ed e no Litoral. O calor tende a dar uma tr\u00e9gua na segunda-feira, 19, ap\u00f3s a passagem do sistema.<\/span><\/span><\/p>\n<p><span dir=\"auto\" style=\"vertical-align: inherit;\"><span dir=\"auto\" style=\"vertical-align: inherit;\"><div id=\"metaslider-id-25573\" style=\"width: 100%;\" class=\"ml-slider-3-99-0 metaslider metaslider-flex metaslider-25573 ml-slider has-onhover-arrows ms-theme-default-base has-dots-nav\" role=\"region\" aria-label=\"Meio\" data-width=\"1200\">\n    <div id=\"metaslider_container_25573\">\n        <div id=\"metaslider_25573\">\n            <ul class='slides'>\n                <li style=\"display: block; width: 100%;\" class=\"slide-25684 ms-image \" aria-roledescription=\"slide\" data-date=\"2025-07-24 07:55:40\"><img src=\"https:\/\/sulsc.com\/wp-content\/uploads\/2025\/07\/Marr-2-1000x166.jpg\" height=\"200\" width=\"1200\" alt=\"\" class=\"slider-25573 slide-25684 msDefaultImage\" title=\"Marr 2\" \/><\/li>\n                <li style=\"display: none; width: 100%;\" class=\"slide-32412 ms-image \" aria-roledescription=\"slide\" data-date=\"2026-02-18 13:59:46\"><img src=\"https:\/\/sulsc.com\/wp-content\/uploads\/2026\/02\/40dc1580-cad5-4867-bc58-c4243821ad38-1000x166.jpeg\" height=\"200\" width=\"1200\" alt=\"\" class=\"slider-25573 slide-32412 msDefaultImage\" title=\"40dc1580-cad5-4867-bc58-c4243821ad38\" \/><\/li>\n                <li style=\"display: none; width: 100%;\" class=\"slide-32766 ms-image \" aria-roledescription=\"slide\" data-date=\"2026-03-03 17:22:59\"><img src=\"https:\/\/sulsc.com\/wp-content\/uploads\/2026\/03\/271ce739-f268-41c5-8051-3de1a1750359-1000x166.jpeg\" height=\"200\" width=\"1200\" alt=\"\" class=\"slider-25573 slide-32766 msDefaultImage\" title=\"271ce739-f268-41c5-8051-3de1a1750359\" \/><\/li>\n            <\/ul>\n        <\/div>\n        \n    <\/div>\n<\/div><\/span><\/span><\/p>\n<p><span dir=\"auto\" style=\"vertical-align: inherit;\"><span dir=\"auto\" style=\"vertical-align: inherit;\">A Frente Fria est\u00e1 associada \u00e0 forma\u00e7\u00e3o de um ciclone no oceano, no extremo sul da Am\u00e9rica do Sul. Apesar disso, o ciclone n\u00e3o deve provocar impactos diretos em Santa Catarina, contribuindo apenas para o aumento das instabilidades.<\/span><\/span><\/p>\n<p><span dir=\"auto\" style=\"vertical-align: inherit;\"><span dir=\"auto\" style=\"vertical-align: inherit;\">Na sexta-feira, 16, ainda persiste a condi\u00e7\u00e3o de temporais t\u00edpicos de ver\u00e3o, semelhantes aos registrados ao longo da semana. As instabilidades afetam principalmente a faixa entre o Meio-Oeste e o Litoral catarinense, com maior intensidade nas \u00e1reas de serra. De forma geral, mesmo ocorrendo de maneira isolada, os temporais podem vir acompanhados de vendas e volumes elevados de chuva em curto per\u00edodo de tempo, mas cessando ao longo da noite.<\/span><\/span><\/p>\n<p><span dir=\"auto\" style=\"vertical-align: inherit;\"><span dir=\"auto\" style=\"vertical-align: inherit;\">No s\u00e1bado, 17, o dia come\u00e7a com tempo firme em grande parte do estado. A partir da tarde, por\u00e9m, a aproxima\u00e7\u00e3o da frente fria favorece a forma\u00e7\u00e3o de temporais em todas as regi\u00f5es, com condi\u00e7\u00f5es para vendavais e chuva pontualmente intensa. As \u00e1reas de maior risco se concentram no Alto Vale do Itaja\u00ed, Planalto Norte e Litoral Norte, onde podem ocorrer problemas associados a alagamentos, enxurradas, destelhamentos e danos na rede el\u00e9trica.<\/span><\/span><\/p>\n<p><img fetchpriority=\"high\" decoding=\"async\" class=\"aligncenter size-full wp-image-1471\" src=\"http:\/\/sulsc.com\/wp-content\/uploads\/2023\/09\/temporal-scaled.jpg\" alt=\"\" width=\"2560\" height=\"2106\" srcset=\"https:\/\/sulsc.com\/wp-content\/uploads\/2023\/09\/temporal-scaled.jpg 2560w, https:\/\/sulsc.com\/wp-content\/uploads\/2023\/09\/temporal-300x247.jpg 300w, https:\/\/sulsc.com\/wp-content\/uploads\/2023\/09\/temporal-1024x842.jpg 1024w, https:\/\/sulsc.com\/wp-content\/uploads\/2023\/09\/temporal-768x632.jpg 768w, https:\/\/sulsc.com\/wp-content\/uploads\/2023\/09\/temporal-1536x1263.jpg 1536w, https:\/\/sulsc.com\/wp-content\/uploads\/2023\/09\/temporal-2048x1684.jpg 2048w\" sizes=\"(max-width: 2560px) 100vw, 2560px\" \/><\/p>\n<p><span dir=\"auto\" style=\"vertical-align: inherit;\"><span dir=\"auto\" style=\"vertical-align: inherit;\">A condi\u00e7\u00e3o do tempo no domingo, 18, permanece semelhante ao dia anterior. O calor continua e a passagem da frente fria mant\u00e9m o cen\u00e1rio favor\u00e1vel \u00e0 ocorr\u00eancia de temporais em todas as partes de Santa Catarina.<\/span><\/span><\/p>\n<p><span dir=\"auto\" style=\"vertical-align: inherit;\"><span dir=\"auto\" style=\"vertical-align: inherit;\">O tempo tende a ficar mais firme e com temperaturas mais baixas a partir da madrugada de segunda-feira, 19, ap\u00f3s a passagem do sistema. No Litoral, o vento sul sopra com intensidade moderada a forte, com velocidades m\u00e9dias entre 25 e 35 km\/h rajadas que podem atingir at\u00e9 70 km\/h nas \u00e1reas costeiras.<\/span><\/span><\/p>\n<p><span dir=\"auto\" style=\"vertical-align: inherit;\"><span dir=\"auto\" style=\"vertical-align: inherit;\">Apesar do aumento do calor no in\u00edcio da pr\u00f3xima semana, a tend\u00eancia \u00e9 de eleva\u00e7\u00e3o gradual das temperaturas ao longo dos dias seguintes.<\/span><\/span><\/p>\n","protected":false},"excerpt":{"rendered":"<p>A Defesa Civil &#8211; SC divulgou nesta quinta-feira (15), que o avan\u00e7o de uma frente fria, ir\u00e1 provocar chuva em todas as regi\u00f5es de Santa Catarina neste fim de semana. Apesar da instabilidade, as temperaturas seguem elevadas, superando os 30\u00b0C em todas as regi\u00f5es e podendo ultrapassar os 35\u00b0C no Extremo Oeste, no Vale do &hellip;<\/p>\n<p class=\"read-more\"> <a class=\"\" href=\"https:\/\/sulsc.com\/index.php\/2026\/01\/15\/defesa-civil-sc-alerta-frente-fria-provoca-temporais-em-santa-catarina-neste-fim-de-semana\/\"> <span class=\"screen-reader-text\">Defesa Civil &#8211; SC alerta: Frente fria provoca temporais em Santa Catarina neste fim de semana<\/span> Read More &raquo;<\/a><\/p>\n","protected":false},"author":3,"featured_media":1471,"comment_status":"open","ping_status":"open","sticky":false,"template":"","format":"standard","meta":{"site-sidebar-layout":"default","site-content-layout":"","ast-site-content-layout":"default","site-content-style":"default","site-sidebar-style":"default","ast-global-header-display":"","ast-banner-title-visibility":"","ast-main-header-display":"","ast-hfb-above-header-display":"","ast-hfb-below-header-display":"","ast-hfb-mobile-header-display":"","site-post-title":"","ast-breadcrumbs-content":"","ast-featured-img":"","footer-sml-layout":"","theme-transparent-header-meta":"default","adv-header-id-meta":"","stick-header-meta":"","header-above-stick-meta":"","header-main-stick-meta":"","header-below-stick-meta":"","astra-migrate-meta-layouts":"set","footnotes":""},"categories":[2354,2231,1,14,38,12],"tags":[90],"yoast_head":"<!-- This site is optimized with the Yoast SEO plugin v21.4 - https:\/\/yoast.com\/wordpress\/plugins\/seo\/ -->\n<title>Defesa Civil - SC alerta: Frente fria provoca temporais em Santa Catarina neste fim de semana -<\/title>\n<meta name=\"robots\" content=\"index, follow, max-snippet:-1, max-image-preview:large, max-video-preview:-1\" \/>\n<link rel=\"canonical\" href=\"https:\/\/sulsc.com\/index.php\/2026\/01\/15\/defesa-civil-sc-alerta-frente-fria-provoca-temporais-em-santa-catarina-neste-fim-de-semana\/\" \/>\n<meta property=\"og:locale\" content=\"en_US\" \/>\n<meta property=\"og:type\" content=\"article\" \/>\n<meta property=\"og:title\" content=\"Defesa Civil - SC alerta: Frente fria provoca temporais em Santa Catarina neste fim de semana -\" \/>\n<meta property=\"og:description\" content=\"A Defesa Civil &#8211; SC divulgou nesta quinta-feira (15), que o avan\u00e7o de uma frente fria, ir\u00e1 provocar chuva em todas as regi\u00f5es de Santa Catarina neste fim de semana. Apesar da instabilidade, as temperaturas seguem elevadas, superando os 30\u00b0C em todas as regi\u00f5es e podendo ultrapassar os 35\u00b0C no Extremo Oeste, no Vale do &hellip; Defesa Civil &#8211; SC alerta: Frente fria provoca temporais em Santa Catarina neste fim de semana Read More &raquo;\" \/>\n<meta property=\"og:url\" content=\"https:\/\/sulsc.com\/index.php\/2026\/01\/15\/defesa-civil-sc-alerta-frente-fria-provoca-temporais-em-santa-catarina-neste-fim-de-semana\/\" \/>\n<meta property=\"article:author\" content=\"https:\/\/www.facebook.com\/profile.php?id=61559278119680\" \/>\n<meta property=\"article:published_time\" content=\"2026-01-15T19:17:35+00:00\" \/>\n<meta property=\"og:image\" content=\"http:\/\/sulsc.com\/wp-content\/uploads\/2023\/09\/temporal-scaled.jpg\" \/>\n\t<meta property=\"og:image:width\" content=\"2560\" \/>\n\t<meta property=\"og:image:height\" content=\"2106\" \/>\n\t<meta property=\"og:image:type\" content=\"image\/jpeg\" \/>\n<meta name=\"author\" content=\"Reda\u00e7\u00e3o Sul SC\" \/>\n<meta name=\"twitter:card\" content=\"summary_large_image\" \/>\n<meta name=\"twitter:creator\" content=\"@https:\/\/twitter.com\/PortalSulSC\" \/>\n<meta name=\"twitter:label1\" content=\"Written by\" \/>\n\t<meta name=\"twitter:data1\" content=\"Reda\u00e7\u00e3o Sul SC\" \/>\n\t<meta name=\"twitter:label2\" content=\"Est. reading time\" \/>\n\t<meta name=\"twitter:data2\" content=\"2 minutes\" \/>\n<script type=\"application\/ld+json\" class=\"yoast-schema-graph\">{\"@context\":\"https:\/\/schema.org\",\"@graph\":[{\"@type\":\"WebPage\",\"@id\":\"https:\/\/sulsc.com\/index.php\/2026\/01\/15\/defesa-civil-sc-alerta-frente-fria-provoca-temporais-em-santa-catarina-neste-fim-de-semana\/\",\"url\":\"https:\/\/sulsc.com\/index.php\/2026\/01\/15\/defesa-civil-sc-alerta-frente-fria-provoca-temporais-em-santa-catarina-neste-fim-de-semana\/\",\"name\":\"Defesa Civil - SC alerta: Frente fria provoca temporais em Santa Catarina neste fim de semana -\",\"isPartOf\":{\"@id\":\"https:\/\/sulsc.com\/#website\"},\"datePublished\":\"2026-01-15T19:17:35+00:00\",\"dateModified\":\"2026-01-15T19:17:35+00:00\",\"author\":{\"@id\":\"https:\/\/sulsc.com\/#\/schema\/person\/84d2fc571684f6248ba83092f07750a3\"},\"breadcrumb\":{\"@id\":\"https:\/\/sulsc.com\/index.php\/2026\/01\/15\/defesa-civil-sc-alerta-frente-fria-provoca-temporais-em-santa-catarina-neste-fim-de-semana\/#breadcrumb\"},\"inLanguage\":\"en-US\",\"potentialAction\":[{\"@type\":\"ReadAction\",\"target\":[\"https:\/\/sulsc.com\/index.php\/2026\/01\/15\/defesa-civil-sc-alerta-frente-fria-provoca-temporais-em-santa-catarina-neste-fim-de-semana\/\"]}]},{\"@type\":\"BreadcrumbList\",\"@id\":\"https:\/\/sulsc.com\/index.php\/2026\/01\/15\/defesa-civil-sc-alerta-frente-fria-provoca-temporais-em-santa-catarina-neste-fim-de-semana\/#breadcrumb\",\"itemListElement\":[{\"@type\":\"ListItem\",\"position\":1,\"name\":\"In\u00edcio\",\"item\":\"https:\/\/sulsc.com\/\"},{\"@type\":\"ListItem\",\"position\":2,\"name\":\"Defesa Civil &#8211; SC alerta: Frente fria provoca temporais em Santa Catarina neste fim de semana\"}]},{\"@type\":\"WebSite\",\"@id\":\"https:\/\/sulsc.com\/#website\",\"url\":\"https:\/\/sulsc.com\/\",\"name\":\"\",\"description\":\"\",\"potentialAction\":[{\"@type\":\"SearchAction\",\"target\":{\"@type\":\"EntryPoint\",\"urlTemplate\":\"https:\/\/sulsc.com\/?s={search_term_string}\"},\"query-input\":\"required name=search_term_string\"}],\"inLanguage\":\"en-US\"},{\"@type\":\"Person\",\"@id\":\"https:\/\/sulsc.com\/#\/schema\/person\/84d2fc571684f6248ba83092f07750a3\",\"name\":\"Reda\u00e7\u00e3o Sul SC\",\"image\":{\"@type\":\"ImageObject\",\"inLanguage\":\"en-US\",\"@id\":\"https:\/\/sulsc.com\/#\/schema\/person\/image\/e08d7fe2cc4ed596372063bbe852b8d0\",\"url\":\"https:\/\/sulsc.com\/wp-content\/uploads\/2023\/09\/redacao.png\",\"contentUrl\":\"https:\/\/sulsc.com\/wp-content\/uploads\/2023\/09\/redacao.png\",\"caption\":\"Reda\u00e7\u00e3o Sul SC\"},\"description\":\"Foco em um jornalismo imparcial, voltado \u00e0 qualidade dos seus conte\u00fados e, assim, levar informa\u00e7\u00e3o de valor que agregue \u00e0 vida dos leitores. Esta \u00e9 grande miss\u00e3o do Portal de Not\u00edcias Sul SC. N\u00e3o \u00e9 quantidade que muda o mundo, sempre foi e seguir\u00e1 sendo qualidade!\",\"sameAs\":[\"https:\/\/sulsc.com\/\",\"https:\/\/www.facebook.com\/profile.php?id=61559278119680\",\"https:\/\/www.instagram.com\/sulscportal\/?hl=pt-br\",\"https:\/\/twitter.com\/https:\/\/twitter.com\/PortalSulSC\",\"https:\/\/www.youtube.com\/channel\/UCv_BE8GeySluDov2n8qhVmw\"],\"url\":\"https:\/\/sulsc.com\/index.php\/author\/redacao\/\"}]}<\/script>\n<!-- \/ Yoast SEO plugin. -->","yoast_head_json":{"title":"Defesa Civil - SC alerta: Frente fria provoca temporais em Santa Catarina neste fim de semana -","robots":{"index":"index","follow":"follow","max-snippet":"max-snippet:-1","max-image-preview":"max-image-preview:large","max-video-preview":"max-video-preview:-1"},"canonical":"https:\/\/sulsc.com\/index.php\/2026\/01\/15\/defesa-civil-sc-alerta-frente-fria-provoca-temporais-em-santa-catarina-neste-fim-de-semana\/","og_locale":"en_US","og_type":"article","og_title":"Defesa Civil - SC alerta: Frente fria provoca temporais em Santa Catarina neste fim de semana -","og_description":"A Defesa Civil &#8211; SC divulgou nesta quinta-feira (15), que o avan\u00e7o de uma frente fria, ir\u00e1 provocar chuva em todas as regi\u00f5es de Santa Catarina neste fim de semana. Apesar da instabilidade, as temperaturas seguem elevadas, superando os 30\u00b0C em todas as regi\u00f5es e podendo ultrapassar os 35\u00b0C no Extremo Oeste, no Vale do &hellip; Defesa Civil &#8211; SC alerta: Frente fria provoca temporais em Santa Catarina neste fim de semana Read More &raquo;","og_url":"https:\/\/sulsc.com\/index.php\/2026\/01\/15\/defesa-civil-sc-alerta-frente-fria-provoca-temporais-em-santa-catarina-neste-fim-de-semana\/","article_author":"https:\/\/www.facebook.com\/profile.php?id=61559278119680","article_published_time":"2026-01-15T19:17:35+00:00","og_image":[{"width":2560,"height":2106,"url":"http:\/\/sulsc.com\/wp-content\/uploads\/2023\/09\/temporal-scaled.jpg","type":"image\/jpeg"}],"author":"Reda\u00e7\u00e3o Sul SC","twitter_card":"summary_large_image","twitter_creator":"@https:\/\/twitter.com\/PortalSulSC","twitter_misc":{"Written by":"Reda\u00e7\u00e3o Sul SC","Est. reading time":"2 minutes"},"schema":{"@context":"https:\/\/schema.org","@graph":[{"@type":"WebPage","@id":"https:\/\/sulsc.com\/index.php\/2026\/01\/15\/defesa-civil-sc-alerta-frente-fria-provoca-temporais-em-santa-catarina-neste-fim-de-semana\/","url":"https:\/\/sulsc.com\/index.php\/2026\/01\/15\/defesa-civil-sc-alerta-frente-fria-provoca-temporais-em-santa-catarina-neste-fim-de-semana\/","name":"Defesa Civil - SC alerta: Frente fria provoca temporais em Santa Catarina neste fim de semana -","isPartOf":{"@id":"https:\/\/sulsc.com\/#website"},"datePublished":"2026-01-15T19:17:35+00:00","dateModified":"2026-01-15T19:17:35+00:00","author":{"@id":"https:\/\/sulsc.com\/#\/schema\/person\/84d2fc571684f6248ba83092f07750a3"},"breadcrumb":{"@id":"https:\/\/sulsc.com\/index.php\/2026\/01\/15\/defesa-civil-sc-alerta-frente-fria-provoca-temporais-em-santa-catarina-neste-fim-de-semana\/#breadcrumb"},"inLanguage":"en-US","potentialAction":[{"@type":"ReadAction","target":["https:\/\/sulsc.com\/index.php\/2026\/01\/15\/defesa-civil-sc-alerta-frente-fria-provoca-temporais-em-santa-catarina-neste-fim-de-semana\/"]}]},{"@type":"BreadcrumbList","@id":"https:\/\/sulsc.com\/index.php\/2026\/01\/15\/defesa-civil-sc-alerta-frente-fria-provoca-temporais-em-santa-catarina-neste-fim-de-semana\/#breadcrumb","itemListElement":[{"@type":"ListItem","position":1,"name":"In\u00edcio","item":"https:\/\/sulsc.com\/"},{"@type":"ListItem","position":2,"name":"Defesa Civil &#8211; SC alerta: Frente fria provoca temporais em Santa Catarina neste fim de semana"}]},{"@type":"WebSite","@id":"https:\/\/sulsc.com\/#website","url":"https:\/\/sulsc.com\/","name":"","description":"","potentialAction":[{"@type":"SearchAction","target":{"@type":"EntryPoint","urlTemplate":"https:\/\/sulsc.com\/?s={search_term_string}"},"query-input":"required name=search_term_string"}],"inLanguage":"en-US"},{"@type":"Person","@id":"https:\/\/sulsc.com\/#\/schema\/person\/84d2fc571684f6248ba83092f07750a3","name":"Reda\u00e7\u00e3o Sul SC","image":{"@type":"ImageObject","inLanguage":"en-US","@id":"https:\/\/sulsc.com\/#\/schema\/person\/image\/e08d7fe2cc4ed596372063bbe852b8d0","url":"https:\/\/sulsc.com\/wp-content\/uploads\/2023\/09\/redacao.png","contentUrl":"https:\/\/sulsc.com\/wp-content\/uploads\/2023\/09\/redacao.png","caption":"Reda\u00e7\u00e3o Sul SC"},"description":"Foco em um jornalismo imparcial, voltado \u00e0 qualidade dos seus conte\u00fados e, assim, levar informa\u00e7\u00e3o de valor que agregue \u00e0 vida dos leitores. Esta \u00e9 grande miss\u00e3o do Portal de Not\u00edcias Sul SC. N\u00e3o \u00e9 quantidade que muda o mundo, sempre foi e seguir\u00e1 sendo qualidade!","sameAs":["https:\/\/sulsc.com\/","https:\/\/www.facebook.com\/profile.php?id=61559278119680","https:\/\/www.instagram.com\/sulscportal\/?hl=pt-br","https:\/\/twitter.com\/https:\/\/twitter.com\/PortalSulSC","https:\/\/www.youtube.com\/channel\/UCv_BE8GeySluDov2n8qhVmw"],"url":"https:\/\/sulsc.com\/index.php\/author\/redacao\/"}]}},"authors":[],"_links":{"self":[{"href":"https:\/\/sulsc.com\/index.php\/wp-json\/wp\/v2\/posts\/31529"}],"collection":[{"href":"https:\/\/sulsc.com\/index.php\/wp-json\/wp\/v2\/posts"}],"about":[{"href":"https:\/\/sulsc.com\/index.php\/wp-json\/wp\/v2\/types\/post"}],"author":[{"embeddable":true,"href":"https:\/\/sulsc.com\/index.php\/wp-json\/wp\/v2\/users\/3"}],"replies":[{"embeddable":true,"href":"https:\/\/sulsc.com\/index.php\/wp-json\/wp\/v2\/comments?post=31529"}],"version-history":[{"count":1,"href":"https:\/\/sulsc.com\/index.php\/wp-json\/wp\/v2\/posts\/31529\/revisions"}],"predecessor-version":[{"id":31534,"href":"https:\/\/sulsc.com\/index.php\/wp-json\/wp\/v2\/posts\/31529\/revisions\/31534"}],"wp:featuredmedia":[{"embeddable":true,"href":"https:\/\/sulsc.com\/index.php\/wp-json\/wp\/v2\/media\/1471"}],"wp:attachment":[{"href":"https:\/\/sulsc.com\/index.php\/wp-json\/wp\/v2\/media?parent=31529"}],"wp:term":[{"taxonomy":"category","embeddable":true,"href":"https:\/\/sulsc.com\/index.php\/wp-json\/wp\/v2\/categories?post=31529"},{"taxonomy":"post_tag","embeddable":true,"href":"https:\/\/sulsc.com\/index.php\/wp-json\/wp\/v2\/tags?post=31529"}],"curies":[{"name":"wp","href":"https:\/\/api.w.org\/{rel}","templated":true}]}}