{"id":31536,"date":"2026-01-16T07:00:00","date_gmt":"2026-01-16T10:00:00","guid":{"rendered":"https:\/\/sulsc.com\/?p=31536"},"modified":"2026-01-16T07:00:00","modified_gmt":"2026-01-16T10:00:00","slug":"sexta-feira-16-com-temperaturas-altas-e-temporais-isolados-em-todas-as-regioes","status":"publish","type":"post","link":"https:\/\/sulsc.com\/index.php\/2026\/01\/16\/sexta-feira-16-com-temperaturas-altas-e-temporais-isolados-em-todas-as-regioes\/","title":{"rendered":"Sexta-feira (16) com temperaturas altas e temporais isolados em todas as regi\u00f5es"},"content":{"rendered":"<p>Nesta sexta-feira (16), as condi\u00e7\u00f5es associadas aos temporais mudam um pouco em Santa Catarina. Mesmo ainda com caracter\u00edsticas bem t\u00edpicas de ver\u00e3o, com o amanhecer abafado e o predom\u00ednio de sol, a aproxima\u00e7\u00e3o de uma frente fria sobre o mar, volta a deixar o tempo inst\u00e1vel a partir da tarde, trazendo condi\u00e7\u00f5es para temporais isolados em todas as regi\u00f5es catarinenses.<\/p>\n<div id=\"metaslider-id-25573\" style=\"width: 100%;\" class=\"ml-slider-3-99-0 metaslider metaslider-flex metaslider-25573 ml-slider has-onhover-arrows ms-theme-default-base has-dots-nav\" role=\"region\" aria-label=\"Meio\" data-width=\"1200\">\n    <div id=\"metaslider_container_25573\">\n        <div id=\"metaslider_25573\">\n            <ul class='slides'>\n                <li style=\"display: block; width: 100%;\" class=\"slide-25684 ms-image \" aria-roledescription=\"slide\" data-date=\"2025-07-24 07:55:40\"><img src=\"https:\/\/sulsc.com\/wp-content\/uploads\/2025\/07\/Marr-2-1000x166.jpg\" height=\"200\" width=\"1200\" alt=\"\" class=\"slider-25573 slide-25684 msDefaultImage\" title=\"Marr 2\" \/><\/li>\n                <li style=\"display: none; width: 100%;\" class=\"slide-32412 ms-image \" aria-roledescription=\"slide\" data-date=\"2026-02-18 13:59:46\"><img src=\"https:\/\/sulsc.com\/wp-content\/uploads\/2026\/02\/40dc1580-cad5-4867-bc58-c4243821ad38-1000x166.jpeg\" height=\"200\" width=\"1200\" alt=\"\" class=\"slider-25573 slide-32412 msDefaultImage\" title=\"40dc1580-cad5-4867-bc58-c4243821ad38\" \/><\/li>\n                <li style=\"display: none; width: 100%;\" class=\"slide-32766 ms-image \" aria-roledescription=\"slide\" data-date=\"2026-03-03 17:22:59\"><img src=\"https:\/\/sulsc.com\/wp-content\/uploads\/2026\/03\/271ce739-f268-41c5-8051-3de1a1750359-1000x166.jpeg\" height=\"200\" width=\"1200\" alt=\"\" class=\"slider-25573 slide-32766 msDefaultImage\" title=\"271ce739-f268-41c5-8051-3de1a1750359\" \/><\/li>\n            <\/ul>\n        <\/div>\n        \n    <\/div>\n<\/div>\n<p>Os temporais v\u00eam acompanhados com raios, rajadas de vento, chuva pontualmente intensa e eventual queda de granizo, com risco baixo a moderado para ocorr\u00eancias meteorol\u00f3gicas.<\/p>\n<p><strong>Temperaturas<\/strong><\/p>\n<p>Pela manh\u00e3, as temperaturas m\u00ednimas seguem elevadas, com valores acima dos 20\u00b0C no Oeste, Litoral e Vale do Itaja\u00ed. Com o predom\u00ednio do sol, as temperaturas sobem e ainda faz calor \u00e0 tarde, com as m\u00e1ximas ultrapassando os 30\u00b0C em todo o estado e podendo chegar aos 36\/37\u00b0C no Oeste, Litoral Sul, Litoral Norte e Vale do Itaja\u00ed.<\/p>\n<p><img fetchpriority=\"high\" decoding=\"async\" class=\"aligncenter size-full wp-image-31537\" src=\"http:\/\/sulsc.com\/wp-content\/uploads\/2026\/01\/image-325-1536x1043-1.png\" alt=\"\" width=\"1536\" height=\"1043\" srcset=\"https:\/\/sulsc.com\/wp-content\/uploads\/2026\/01\/image-325-1536x1043-1.png 1536w, https:\/\/sulsc.com\/wp-content\/uploads\/2026\/01\/image-325-1536x1043-1-300x204.png 300w, https:\/\/sulsc.com\/wp-content\/uploads\/2026\/01\/image-325-1536x1043-1-1024x695.png 1024w, https:\/\/sulsc.com\/wp-content\/uploads\/2026\/01\/image-325-1536x1043-1-768x522.png 768w\" sizes=\"(max-width: 1536px) 100vw, 1536px\" \/><\/p>\n<p><img decoding=\"async\" class=\"aligncenter size-full wp-image-22836\" src=\"http:\/\/sulsc.com\/wp-content\/uploads\/2025\/04\/Tempo-2.png\" alt=\"\" width=\"1024\" height=\"189\" srcset=\"https:\/\/sulsc.com\/wp-content\/uploads\/2025\/04\/Tempo-2.png 1024w, https:\/\/sulsc.com\/wp-content\/uploads\/2025\/04\/Tempo-2-300x55.png 300w, https:\/\/sulsc.com\/wp-content\/uploads\/2025\/04\/Tempo-2-768x142.png 768w\" sizes=\"(max-width: 1024px) 100vw, 1024px\" \/><\/p>\n<p><strong>Ventos:<\/strong> nordeste a noroeste passando a sudoeste no final do dia na divisa com o RS, fraco a moderado com rajadas.<\/p>\n<p><strong>Sistema predominante:<\/strong> alta press\u00e3o (massa de ar seco e quente) e cavado sobre o Sul do Brasil e ao jato subtropical.<\/p>\n<p><strong>S\u00e1bado (17<\/strong>), O\u00a0 tempo fica mais\u00a0 \u00a0firme com presen\u00e7a de sol e poucas nuvens pela manh\u00e3 em SC. A partir da tarde e noite mais nuvens, com pancadas de chuva, moderada ou forte por alguns momentos, devido a \u00e1reas de instabilidade associadas ao calor e umidade alta.\u00a0 As temperaturas continuam altas com m\u00e1ximas de 32\u00b0C e 35\u00b0C.<\/p>\n<p>Fontes: Defesa Civil-SC\/Epagri-Ciram<\/p>\n","protected":false},"excerpt":{"rendered":"<p>Nesta sexta-feira (16), as condi\u00e7\u00f5es associadas aos temporais mudam um pouco em Santa Catarina. Mesmo ainda com caracter\u00edsticas bem t\u00edpicas de ver\u00e3o, com o amanhecer abafado e o predom\u00ednio de sol, a aproxima\u00e7\u00e3o de uma frente fria sobre o mar, volta a deixar o tempo inst\u00e1vel a partir da tarde, trazendo condi\u00e7\u00f5es para temporais isolados &hellip;<\/p>\n<p class=\"read-more\"> <a class=\"\" href=\"https:\/\/sulsc.com\/index.php\/2026\/01\/16\/sexta-feira-16-com-temperaturas-altas-e-temporais-isolados-em-todas-as-regioes\/\"> <span class=\"screen-reader-text\">Sexta-feira (16) com temperaturas altas e temporais isolados em todas as regi\u00f5es<\/span> Read More &raquo;<\/a><\/p>\n","protected":false},"author":3,"featured_media":12676,"comment_status":"open","ping_status":"open","sticky":false,"template":"","format":"standard","meta":{"site-sidebar-layout":"default","site-content-layout":"","ast-site-content-layout":"default","site-content-style":"default","site-sidebar-style":"default","ast-global-header-display":"","ast-banner-title-visibility":"","ast-main-header-display":"","ast-hfb-above-header-display":"","ast-hfb-below-header-display":"","ast-hfb-mobile-header-display":"","site-post-title":"","ast-breadcrumbs-content":"","ast-featured-img":"","footer-sml-layout":"","theme-transparent-header-meta":"default","adv-header-id-meta":"","stick-header-meta":"","header-above-stick-meta":"","header-main-stick-meta":"","header-below-stick-meta":"","astra-migrate-meta-layouts":"set","footnotes":""},"categories":[1,14,38,12],"tags":[90],"yoast_head":"<!-- This site is optimized with the Yoast SEO plugin v21.4 - https:\/\/yoast.com\/wordpress\/plugins\/seo\/ -->\n<title>Sexta-feira (16) com temperaturas altas e temporais isolados em todas as regi\u00f5es -<\/title>\n<meta name=\"robots\" content=\"index, follow, max-snippet:-1, max-image-preview:large, max-video-preview:-1\" \/>\n<link rel=\"canonical\" href=\"https:\/\/sulsc.com\/index.php\/2026\/01\/16\/sexta-feira-16-com-temperaturas-altas-e-temporais-isolados-em-todas-as-regioes\/\" \/>\n<meta property=\"og:locale\" content=\"en_US\" \/>\n<meta property=\"og:type\" content=\"article\" \/>\n<meta property=\"og:title\" content=\"Sexta-feira (16) com temperaturas altas e temporais isolados em todas as regi\u00f5es -\" \/>\n<meta property=\"og:description\" content=\"Nesta sexta-feira (16), as condi\u00e7\u00f5es associadas aos temporais mudam um pouco em Santa Catarina. Mesmo ainda com caracter\u00edsticas bem t\u00edpicas de ver\u00e3o, com o amanhecer abafado e o predom\u00ednio de sol, a aproxima\u00e7\u00e3o de uma frente fria sobre o mar, volta a deixar o tempo inst\u00e1vel a partir da tarde, trazendo condi\u00e7\u00f5es para temporais isolados &hellip; Sexta-feira (16) com temperaturas altas e temporais isolados em todas as regi\u00f5es Read More &raquo;\" \/>\n<meta property=\"og:url\" content=\"https:\/\/sulsc.com\/index.php\/2026\/01\/16\/sexta-feira-16-com-temperaturas-altas-e-temporais-isolados-em-todas-as-regioes\/\" \/>\n<meta property=\"article:author\" content=\"https:\/\/www.facebook.com\/profile.php?id=61559278119680\" \/>\n<meta property=\"article:published_time\" content=\"2026-01-16T10:00:00+00:00\" \/>\n<meta property=\"og:image\" content=\"http:\/\/sulsc.com\/wp-content\/uploads\/2024\/05\/tempo-1.jpeg\" \/>\n\t<meta property=\"og:image:width\" content=\"1080\" \/>\n\t<meta property=\"og:image:height\" content=\"603\" \/>\n\t<meta property=\"og:image:type\" content=\"image\/jpeg\" \/>\n<meta name=\"author\" content=\"Reda\u00e7\u00e3o Sul SC\" \/>\n<meta name=\"twitter:card\" content=\"summary_large_image\" \/>\n<meta name=\"twitter:creator\" content=\"@https:\/\/twitter.com\/PortalSulSC\" \/>\n<meta name=\"twitter:label1\" content=\"Written by\" \/>\n\t<meta name=\"twitter:data1\" content=\"Reda\u00e7\u00e3o Sul SC\" \/>\n\t<meta name=\"twitter:label2\" content=\"Est. reading time\" \/>\n\t<meta name=\"twitter:data2\" content=\"2 minutes\" \/>\n<script type=\"application\/ld+json\" class=\"yoast-schema-graph\">{\"@context\":\"https:\/\/schema.org\",\"@graph\":[{\"@type\":\"WebPage\",\"@id\":\"https:\/\/sulsc.com\/index.php\/2026\/01\/16\/sexta-feira-16-com-temperaturas-altas-e-temporais-isolados-em-todas-as-regioes\/\",\"url\":\"https:\/\/sulsc.com\/index.php\/2026\/01\/16\/sexta-feira-16-com-temperaturas-altas-e-temporais-isolados-em-todas-as-regioes\/\",\"name\":\"Sexta-feira (16) com temperaturas altas e temporais isolados em todas as regi\u00f5es -\",\"isPartOf\":{\"@id\":\"https:\/\/sulsc.com\/#website\"},\"datePublished\":\"2026-01-16T10:00:00+00:00\",\"dateModified\":\"2026-01-16T10:00:00+00:00\",\"author\":{\"@id\":\"https:\/\/sulsc.com\/#\/schema\/person\/84d2fc571684f6248ba83092f07750a3\"},\"breadcrumb\":{\"@id\":\"https:\/\/sulsc.com\/index.php\/2026\/01\/16\/sexta-feira-16-com-temperaturas-altas-e-temporais-isolados-em-todas-as-regioes\/#breadcrumb\"},\"inLanguage\":\"en-US\",\"potentialAction\":[{\"@type\":\"ReadAction\",\"target\":[\"https:\/\/sulsc.com\/index.php\/2026\/01\/16\/sexta-feira-16-com-temperaturas-altas-e-temporais-isolados-em-todas-as-regioes\/\"]}]},{\"@type\":\"BreadcrumbList\",\"@id\":\"https:\/\/sulsc.com\/index.php\/2026\/01\/16\/sexta-feira-16-com-temperaturas-altas-e-temporais-isolados-em-todas-as-regioes\/#breadcrumb\",\"itemListElement\":[{\"@type\":\"ListItem\",\"position\":1,\"name\":\"In\u00edcio\",\"item\":\"https:\/\/sulsc.com\/\"},{\"@type\":\"ListItem\",\"position\":2,\"name\":\"Sexta-feira (16) com temperaturas altas e temporais isolados em todas as regi\u00f5es\"}]},{\"@type\":\"WebSite\",\"@id\":\"https:\/\/sulsc.com\/#website\",\"url\":\"https:\/\/sulsc.com\/\",\"name\":\"\",\"description\":\"\",\"potentialAction\":[{\"@type\":\"SearchAction\",\"target\":{\"@type\":\"EntryPoint\",\"urlTemplate\":\"https:\/\/sulsc.com\/?s={search_term_string}\"},\"query-input\":\"required name=search_term_string\"}],\"inLanguage\":\"en-US\"},{\"@type\":\"Person\",\"@id\":\"https:\/\/sulsc.com\/#\/schema\/person\/84d2fc571684f6248ba83092f07750a3\",\"name\":\"Reda\u00e7\u00e3o Sul SC\",\"image\":{\"@type\":\"ImageObject\",\"inLanguage\":\"en-US\",\"@id\":\"https:\/\/sulsc.com\/#\/schema\/person\/image\/e08d7fe2cc4ed596372063bbe852b8d0\",\"url\":\"https:\/\/sulsc.com\/wp-content\/uploads\/2023\/09\/redacao.png\",\"contentUrl\":\"https:\/\/sulsc.com\/wp-content\/uploads\/2023\/09\/redacao.png\",\"caption\":\"Reda\u00e7\u00e3o Sul SC\"},\"description\":\"Foco em um jornalismo imparcial, voltado \u00e0 qualidade dos seus conte\u00fados e, assim, levar informa\u00e7\u00e3o de valor que agregue \u00e0 vida dos leitores. Esta \u00e9 grande miss\u00e3o do Portal de Not\u00edcias Sul SC. N\u00e3o \u00e9 quantidade que muda o mundo, sempre foi e seguir\u00e1 sendo qualidade!\",\"sameAs\":[\"https:\/\/sulsc.com\/\",\"https:\/\/www.facebook.com\/profile.php?id=61559278119680\",\"https:\/\/www.instagram.com\/sulscportal\/?hl=pt-br\",\"https:\/\/twitter.com\/https:\/\/twitter.com\/PortalSulSC\",\"https:\/\/www.youtube.com\/channel\/UCv_BE8GeySluDov2n8qhVmw\"],\"url\":\"https:\/\/sulsc.com\/index.php\/author\/redacao\/\"}]}<\/script>\n<!-- \/ Yoast SEO plugin. -->","yoast_head_json":{"title":"Sexta-feira (16) com temperaturas altas e temporais isolados em todas as regi\u00f5es -","robots":{"index":"index","follow":"follow","max-snippet":"max-snippet:-1","max-image-preview":"max-image-preview:large","max-video-preview":"max-video-preview:-1"},"canonical":"https:\/\/sulsc.com\/index.php\/2026\/01\/16\/sexta-feira-16-com-temperaturas-altas-e-temporais-isolados-em-todas-as-regioes\/","og_locale":"en_US","og_type":"article","og_title":"Sexta-feira (16) com temperaturas altas e temporais isolados em todas as regi\u00f5es -","og_description":"Nesta sexta-feira (16), as condi\u00e7\u00f5es associadas aos temporais mudam um pouco em Santa Catarina. Mesmo ainda com caracter\u00edsticas bem t\u00edpicas de ver\u00e3o, com o amanhecer abafado e o predom\u00ednio de sol, a aproxima\u00e7\u00e3o de uma frente fria sobre o mar, volta a deixar o tempo inst\u00e1vel a partir da tarde, trazendo condi\u00e7\u00f5es para temporais isolados &hellip; Sexta-feira (16) com temperaturas altas e temporais isolados em todas as regi\u00f5es Read More &raquo;","og_url":"https:\/\/sulsc.com\/index.php\/2026\/01\/16\/sexta-feira-16-com-temperaturas-altas-e-temporais-isolados-em-todas-as-regioes\/","article_author":"https:\/\/www.facebook.com\/profile.php?id=61559278119680","article_published_time":"2026-01-16T10:00:00+00:00","og_image":[{"width":1080,"height":603,"url":"http:\/\/sulsc.com\/wp-content\/uploads\/2024\/05\/tempo-1.jpeg","type":"image\/jpeg"}],"author":"Reda\u00e7\u00e3o Sul SC","twitter_card":"summary_large_image","twitter_creator":"@https:\/\/twitter.com\/PortalSulSC","twitter_misc":{"Written by":"Reda\u00e7\u00e3o Sul SC","Est. reading time":"2 minutes"},"schema":{"@context":"https:\/\/schema.org","@graph":[{"@type":"WebPage","@id":"https:\/\/sulsc.com\/index.php\/2026\/01\/16\/sexta-feira-16-com-temperaturas-altas-e-temporais-isolados-em-todas-as-regioes\/","url":"https:\/\/sulsc.com\/index.php\/2026\/01\/16\/sexta-feira-16-com-temperaturas-altas-e-temporais-isolados-em-todas-as-regioes\/","name":"Sexta-feira (16) com temperaturas altas e temporais isolados em todas as regi\u00f5es -","isPartOf":{"@id":"https:\/\/sulsc.com\/#website"},"datePublished":"2026-01-16T10:00:00+00:00","dateModified":"2026-01-16T10:00:00+00:00","author":{"@id":"https:\/\/sulsc.com\/#\/schema\/person\/84d2fc571684f6248ba83092f07750a3"},"breadcrumb":{"@id":"https:\/\/sulsc.com\/index.php\/2026\/01\/16\/sexta-feira-16-com-temperaturas-altas-e-temporais-isolados-em-todas-as-regioes\/#breadcrumb"},"inLanguage":"en-US","potentialAction":[{"@type":"ReadAction","target":["https:\/\/sulsc.com\/index.php\/2026\/01\/16\/sexta-feira-16-com-temperaturas-altas-e-temporais-isolados-em-todas-as-regioes\/"]}]},{"@type":"BreadcrumbList","@id":"https:\/\/sulsc.com\/index.php\/2026\/01\/16\/sexta-feira-16-com-temperaturas-altas-e-temporais-isolados-em-todas-as-regioes\/#breadcrumb","itemListElement":[{"@type":"ListItem","position":1,"name":"In\u00edcio","item":"https:\/\/sulsc.com\/"},{"@type":"ListItem","position":2,"name":"Sexta-feira (16) com temperaturas altas e temporais isolados em todas as regi\u00f5es"}]},{"@type":"WebSite","@id":"https:\/\/sulsc.com\/#website","url":"https:\/\/sulsc.com\/","name":"","description":"","potentialAction":[{"@type":"SearchAction","target":{"@type":"EntryPoint","urlTemplate":"https:\/\/sulsc.com\/?s={search_term_string}"},"query-input":"required name=search_term_string"}],"inLanguage":"en-US"},{"@type":"Person","@id":"https:\/\/sulsc.com\/#\/schema\/person\/84d2fc571684f6248ba83092f07750a3","name":"Reda\u00e7\u00e3o Sul SC","image":{"@type":"ImageObject","inLanguage":"en-US","@id":"https:\/\/sulsc.com\/#\/schema\/person\/image\/e08d7fe2cc4ed596372063bbe852b8d0","url":"https:\/\/sulsc.com\/wp-content\/uploads\/2023\/09\/redacao.png","contentUrl":"https:\/\/sulsc.com\/wp-content\/uploads\/2023\/09\/redacao.png","caption":"Reda\u00e7\u00e3o Sul SC"},"description":"Foco em um jornalismo imparcial, voltado \u00e0 qualidade dos seus conte\u00fados e, assim, levar informa\u00e7\u00e3o de valor que agregue \u00e0 vida dos leitores. Esta \u00e9 grande miss\u00e3o do Portal de Not\u00edcias Sul SC. N\u00e3o \u00e9 quantidade que muda o mundo, sempre foi e seguir\u00e1 sendo qualidade!","sameAs":["https:\/\/sulsc.com\/","https:\/\/www.facebook.com\/profile.php?id=61559278119680","https:\/\/www.instagram.com\/sulscportal\/?hl=pt-br","https:\/\/twitter.com\/https:\/\/twitter.com\/PortalSulSC","https:\/\/www.youtube.com\/channel\/UCv_BE8GeySluDov2n8qhVmw"],"url":"https:\/\/sulsc.com\/index.php\/author\/redacao\/"}]}},"authors":[],"_links":{"self":[{"href":"https:\/\/sulsc.com\/index.php\/wp-json\/wp\/v2\/posts\/31536"}],"collection":[{"href":"https:\/\/sulsc.com\/index.php\/wp-json\/wp\/v2\/posts"}],"about":[{"href":"https:\/\/sulsc.com\/index.php\/wp-json\/wp\/v2\/types\/post"}],"author":[{"embeddable":true,"href":"https:\/\/sulsc.com\/index.php\/wp-json\/wp\/v2\/users\/3"}],"replies":[{"embeddable":true,"href":"https:\/\/sulsc.com\/index.php\/wp-json\/wp\/v2\/comments?post=31536"}],"version-history":[{"count":1,"href":"https:\/\/sulsc.com\/index.php\/wp-json\/wp\/v2\/posts\/31536\/revisions"}],"predecessor-version":[{"id":31538,"href":"https:\/\/sulsc.com\/index.php\/wp-json\/wp\/v2\/posts\/31536\/revisions\/31538"}],"wp:featuredmedia":[{"embeddable":true,"href":"https:\/\/sulsc.com\/index.php\/wp-json\/wp\/v2\/media\/12676"}],"wp:attachment":[{"href":"https:\/\/sulsc.com\/index.php\/wp-json\/wp\/v2\/media?parent=31536"}],"wp:term":[{"taxonomy":"category","embeddable":true,"href":"https:\/\/sulsc.com\/index.php\/wp-json\/wp\/v2\/categories?post=31536"},{"taxonomy":"post_tag","embeddable":true,"href":"https:\/\/sulsc.com\/index.php\/wp-json\/wp\/v2\/tags?post=31536"}],"curies":[{"name":"wp","href":"https:\/\/api.w.org\/{rel}","templated":true}]}}