{"id":31539,"date":"2026-01-16T07:20:55","date_gmt":"2026-01-16T10:20:55","guid":{"rendered":"https:\/\/sulsc.com\/?p=31539"},"modified":"2026-01-16T08:52:13","modified_gmt":"2026-01-16T11:52:13","slug":"tubarao-inaugura-ponte-da-guarda-e-entrega-obra-historica-para-a-mobilidade-urbana","status":"publish","type":"post","link":"https:\/\/sulsc.com\/index.php\/2026\/01\/16\/tubarao-inaugura-ponte-da-guarda-e-entrega-obra-historica-para-a-mobilidade-urbana\/","title":{"rendered":"Ponte da Guarda em Tubar\u00e3o: Obra iniciada em 2022 \u00e9 inaugurada e entregue nesta quinta-feira (15)"},"content":{"rendered":"<p><span dir=\"auto\" style=\"vertical-align: inherit;\"><span dir=\"auto\" style=\"vertical-align: inherit;\"><span dir=\"auto\" style=\"vertical-align: inherit;\"><span dir=\"auto\" style=\"vertical-align: inherit;\">Na noite de quinta-feira (15), a Prefeitura de Tubar\u00e3o inaugurou a Ponte Vereador Edison Fernando Peicher de Carvalho, popularmente conhecida como Ponte da Guarda. A cerim\u00f4nia marca um momento hist\u00f3rico para a mobilidade urbana na cidade, promovendo a integra\u00e7\u00e3o entre as regi\u00f5es da Guarda Margem Esquerda e da Guarda Margem Direita.<\/span><\/span><\/span><\/span><\/p>\n<p><span dir=\"auto\" style=\"vertical-align: inherit;\"><span dir=\"auto\" style=\"vertical-align: inherit;\"><div id=\"metaslider-id-25573\" style=\"width: 100%;\" class=\"ml-slider-3-99-0 metaslider metaslider-flex metaslider-25573 ml-slider has-onhover-arrows ms-theme-default-base has-dots-nav\" role=\"region\" aria-label=\"Meio\" data-width=\"1200\">\n    <div id=\"metaslider_container_25573\">\n        <div id=\"metaslider_25573\">\n            <ul class='slides'>\n                <li style=\"display: block; width: 100%;\" class=\"slide-25684 ms-image \" aria-roledescription=\"slide\" data-date=\"2025-07-24 07:55:40\"><img src=\"https:\/\/sulsc.com\/wp-content\/uploads\/2025\/07\/Marr-2-1000x166.jpg\" height=\"200\" width=\"1200\" alt=\"\" class=\"slider-25573 slide-25684 msDefaultImage\" title=\"Marr 2\" \/><\/li>\n                <li style=\"display: none; width: 100%;\" class=\"slide-32412 ms-image \" aria-roledescription=\"slide\" data-date=\"2026-02-18 13:59:46\"><img src=\"https:\/\/sulsc.com\/wp-content\/uploads\/2026\/02\/40dc1580-cad5-4867-bc58-c4243821ad38-1000x166.jpeg\" height=\"200\" width=\"1200\" alt=\"\" class=\"slider-25573 slide-32412 msDefaultImage\" title=\"40dc1580-cad5-4867-bc58-c4243821ad38\" \/><\/li>\n                <li style=\"display: none; width: 100%;\" class=\"slide-32766 ms-image \" aria-roledescription=\"slide\" data-date=\"2026-03-03 17:22:59\"><img src=\"https:\/\/sulsc.com\/wp-content\/uploads\/2026\/03\/271ce739-f268-41c5-8051-3de1a1750359-1000x166.jpeg\" height=\"200\" width=\"1200\" alt=\"\" class=\"slider-25573 slide-32766 msDefaultImage\" title=\"271ce739-f268-41c5-8051-3de1a1750359\" \/><\/li>\n            <\/ul>\n        <\/div>\n        \n    <\/div>\n<\/div><\/span><\/span><\/p>\n<p><span dir=\"auto\" style=\"vertical-align: inherit;\"><span dir=\"auto\" style=\"vertical-align: inherit;\"><span dir=\"auto\" style=\"vertical-align: inherit;\"><span dir=\"auto\" style=\"vertical-align: inherit;\">A obra, iniciada durante a gest\u00e3o do ex-prefeito Joares Ponticelli (PP) <\/span><\/span><\/span><\/span><strong><span dir=\"auto\" style=\"vertical-align: inherit;\"><span dir=\"auto\" style=\"vertical-align: inherit;\"><span dir=\"auto\" style=\"vertical-align: inherit;\"><span dir=\"auto\" style=\"vertical-align: inherit;\">em 2022<\/span><\/span><\/span><\/span><\/strong><span dir=\"auto\" style=\"vertical-align: inherit;\"><span dir=\"auto\" style=\"vertical-align: inherit;\"><span dir=\"auto\" style=\"vertical-align: inherit;\"><span dir=\"auto\" style=\"vertical-align: inherit;\"> , era uma demanda antiga da popula\u00e7\u00e3o e representa um avan\u00e7o significativo em seguran\u00e7a vi\u00e1ria, fluidez no tr\u00e2nsito e desenvolvimento regional. A nova ponte conecta a Rua Pl\u00e1cido Braz Fernandes, na Margem Esquerda, \u00e0 SC-390 \u2013 Rodovia Norberto Brunato, beneficiando diretamente moradores das localidades de Guardas, Rio do Pouso, Bom Pastor, Km 63 e Alto Pedrinhas.<\/span><\/span><\/span><\/span><\/p>\n<p><img fetchpriority=\"high\" decoding=\"async\" class=\"aligncenter size-full wp-image-31546\" src=\"http:\/\/sulsc.com\/wp-content\/uploads\/2026\/01\/2c66d808-9fe4-4fdc-984c-0bd7ffcfb387.jpeg\" alt=\"\" width=\"1536\" height=\"1017\" srcset=\"https:\/\/sulsc.com\/wp-content\/uploads\/2026\/01\/2c66d808-9fe4-4fdc-984c-0bd7ffcfb387.jpeg 1536w, https:\/\/sulsc.com\/wp-content\/uploads\/2026\/01\/2c66d808-9fe4-4fdc-984c-0bd7ffcfb387-300x199.jpeg 300w, https:\/\/sulsc.com\/wp-content\/uploads\/2026\/01\/2c66d808-9fe4-4fdc-984c-0bd7ffcfb387-1024x678.jpeg 1024w, https:\/\/sulsc.com\/wp-content\/uploads\/2026\/01\/2c66d808-9fe4-4fdc-984c-0bd7ffcfb387-768x509.jpeg 768w\" sizes=\"(max-width: 1536px) 100vw, 1536px\" \/><\/p>\n<p><span dir=\"auto\" style=\"vertical-align: inherit;\"><span dir=\"auto\" style=\"vertical-align: inherit;\">Foto Arquivo\/PMT\/Divulga\u00e7\u00e3o\/SulSC<\/span><\/span><\/p>\n<p><span dir=\"auto\" style=\"vertical-align: inherit;\"><span dir=\"auto\" style=\"vertical-align: inherit;\"><span dir=\"auto\" style=\"vertical-align: inherit;\"><span dir=\"auto\" style=\"vertical-align: inherit;\">Com uma extens\u00e3o de 175 metros, a estrutura possui duas pistas de 3,80 metros de largura cada, al\u00e9m de passagens para pedestres em ambos os lados e uma ciclovia de um lado. Com acabamentos e barreiras de prote\u00e7\u00e3o, a ponte totaliza 12,80 metros de largura. O investimento da Prefeitura na obra alcan\u00e7ou R$ 21.336.236,15.<\/span><\/span><\/span><\/span><\/p>\n<p><span dir=\"auto\" style=\"vertical-align: inherit;\"><span dir=\"auto\" style=\"vertical-align: inherit;\"><span dir=\"auto\" style=\"vertical-align: inherit;\"><span dir=\"auto\" style=\"vertical-align: inherit;\">Para garantir a seguran\u00e7a dos usu\u00e1rios, especialmente \u00e0 noite, o munic\u00edpio tamb\u00e9m implementou um novo sistema de ilumina\u00e7\u00e3o p\u00fablica na ponte e seus acessos. Foram aplicados R$ 230.847,11 na extens\u00e3o da rede el\u00e9trica, desde a Rua Jo\u00e3o Alfredo Rosa at\u00e9 o acesso \u00e0 ponte, com a instala\u00e7\u00e3o de nove postes equipados com l\u00e2mpadas de LED de alta pot\u00eancia, iluminando toda a estrutura e os acessos na Margem Direita, junto \u00e0 SC-390.<\/span><\/span><\/span><\/span><\/p>\n<p><span dir=\"auto\" style=\"vertical-align: inherit;\"><span dir=\"auto\" style=\"vertical-align: inherit;\"><span dir=\"auto\" style=\"vertical-align: inherit;\"><span dir=\"auto\" style=\"vertical-align: inherit;\">A inaugura\u00e7\u00e3o da ponte n\u00e3o apenas melhorou a infraestrutura local, mas tamb\u00e9m simboliza um compromisso com o desenvolvimento e a qualidade de vida da popula\u00e7\u00e3o de Tubar\u00e3o.<\/span><\/span><\/span><\/span><\/p>\n<p><img decoding=\"async\" class=\"aligncenter size-full wp-image-31540\" src=\"http:\/\/sulsc.com\/wp-content\/uploads\/2026\/01\/IMG_8746-2-1536x863-1.jpg\" alt=\"\" width=\"1536\" height=\"863\" srcset=\"https:\/\/sulsc.com\/wp-content\/uploads\/2026\/01\/IMG_8746-2-1536x863-1.jpg 1536w, https:\/\/sulsc.com\/wp-content\/uploads\/2026\/01\/IMG_8746-2-1536x863-1-300x169.jpg 300w, https:\/\/sulsc.com\/wp-content\/uploads\/2026\/01\/IMG_8746-2-1536x863-1-1024x575.jpg 1024w, https:\/\/sulsc.com\/wp-content\/uploads\/2026\/01\/IMG_8746-2-1536x863-1-768x432.jpg 768w\" sizes=\"(max-width: 1536px) 100vw, 1536px\" \/><\/p>\n<p><span dir=\"auto\" style=\"vertical-align: inherit;\"><span dir=\"auto\" style=\"vertical-align: inherit;\"><span dir=\"auto\" style=\"vertical-align: inherit;\"><span dir=\"auto\" style=\"vertical-align: inherit;\"><span dir=\"auto\" style=\"vertical-align: inherit;\"><span dir=\"auto\" style=\"vertical-align: inherit;\">Foto: Vin\u00edcius Duarte\/Decom\/PMT\/Divulga\u00e7\u00e3o\/SulSC<\/span><\/span><\/span><\/span><\/span><\/span><\/p>\n<p><span dir=\"auto\" style=\"vertical-align: inherit;\"><span dir=\"auto\" style=\"vertical-align: inherit;\"><span dir=\"auto\" style=\"vertical-align: inherit;\"><span dir=\"auto\" style=\"vertical-align: inherit;\"><span dir=\"auto\" style=\"vertical-align: inherit;\"><span dir=\"auto\" style=\"vertical-align: inherit;\">Durante a solenidade, o prefeito Est\u00eaner Soratto destacou o impacto da obra para a cidade. &#8220;A Ponte da Guarda representa mais do que concreto e a\u00e7o. Ela simboliza o respeito com a comunidade, a valoriza\u00e7\u00e3o de uma demanda hist\u00f3rica e o compromisso da nossa gest\u00e3o em entregar obras estruturantes, que geram desenvolvimento, seguran\u00e7a e qualidade de vida para a popula\u00e7\u00e3o&#8221;, afirmou.<\/span><\/span><\/span><\/span><\/span><\/span><\/p>\n<p><img decoding=\"async\" class=\"aligncenter size-full wp-image-31541\" src=\"http:\/\/sulsc.com\/wp-content\/uploads\/2026\/01\/IMG_8881-1536x862-1.jpg\" alt=\"\" width=\"1536\" height=\"862\" srcset=\"https:\/\/sulsc.com\/wp-content\/uploads\/2026\/01\/IMG_8881-1536x862-1.jpg 1536w, https:\/\/sulsc.com\/wp-content\/uploads\/2026\/01\/IMG_8881-1536x862-1-300x168.jpg 300w, https:\/\/sulsc.com\/wp-content\/uploads\/2026\/01\/IMG_8881-1536x862-1-1024x575.jpg 1024w, https:\/\/sulsc.com\/wp-content\/uploads\/2026\/01\/IMG_8881-1536x862-1-768x431.jpg 768w\" sizes=\"(max-width: 1536px) 100vw, 1536px\" \/><\/p>\n<p><span dir=\"auto\" style=\"vertical-align: inherit;\"><span dir=\"auto\" style=\"vertical-align: inherit;\"><span dir=\"auto\" style=\"vertical-align: inherit;\"><span dir=\"auto\" style=\"vertical-align: inherit;\"><span dir=\"auto\" style=\"vertical-align: inherit;\"><span dir=\"auto\" style=\"vertical-align: inherit;\">O vice-prefeito Denis Matiola tamb\u00e9m ressaltou a import\u00e2ncia da conclus\u00e3o da obra com a implanta\u00e7\u00e3o da ilumina\u00e7\u00e3o p\u00fablica. &#8220;Desde o in\u00edcio, tivemos a preocupa\u00e7\u00e3o de entregar uma ponte completa, segura e funcional. A ilumina\u00e7\u00e3o era um antigo sonho das comunidades e hoje ela se torna realidade, trazendo tranquilidade para quem precisa atravessar a ponte, especialmente durante a noite&#8221;, destacou.<\/span><\/span><\/span><\/span><\/span><\/span><\/p>\n<p><span dir=\"auto\" style=\"vertical-align: inherit;\"><span dir=\"auto\" style=\"vertical-align: inherit;\"><span dir=\"auto\" style=\"vertical-align: inherit;\"><span dir=\"auto\" style=\"vertical-align: inherit;\"><span dir=\"auto\" style=\"vertical-align: inherit;\"><span dir=\"auto\" style=\"vertical-align: inherit;\">A ponte leva o nome de Edison Fernando Peicher de Carvalho, l\u00edder pol\u00edtico da regi\u00e3o da Guarda, que foi vereador por quatro mandatos entre as d\u00e9cadas de 1970 e 1990 e faleceu em 2014. Empres\u00e1rio e propriet\u00e1rio do Hotel Sandrini, nas Termas da Guarda, Edison Peicher teve atua\u00e7\u00e3o marcante na defesa dos interesses da comunidade. A homenagem foi oficializada por meio da Lei n\u00ba 5.589, de 24 de novembro de 2021.<\/span><\/span><\/span><\/span><\/span><\/span><\/p>\n<p><img loading=\"lazy\" decoding=\"async\" class=\"aligncenter size-full wp-image-31552\" src=\"http:\/\/sulsc.com\/wp-content\/uploads\/2026\/01\/IMG_8758-1-1024x575-1.jpg\" alt=\"\" width=\"1024\" height=\"575\" srcset=\"https:\/\/sulsc.com\/wp-content\/uploads\/2026\/01\/IMG_8758-1-1024x575-1.jpg 1024w, https:\/\/sulsc.com\/wp-content\/uploads\/2026\/01\/IMG_8758-1-1024x575-1-300x168.jpg 300w, https:\/\/sulsc.com\/wp-content\/uploads\/2026\/01\/IMG_8758-1-1024x575-1-768x431.jpg 768w\" sizes=\"(max-width: 1024px) 100vw, 1024px\" \/><\/p>\n<p><span dir=\"auto\" style=\"vertical-align: inherit;\"><span dir=\"auto\" style=\"vertical-align: inherit;\"><span dir=\"auto\" style=\"vertical-align: inherit;\"><span dir=\"auto\" style=\"vertical-align: inherit;\"><span dir=\"auto\" style=\"vertical-align: inherit;\"><span dir=\"auto\" style=\"vertical-align: inherit;\">O evento contou com a presen\u00e7a do presidente da C\u00e2mara de Vereadores Everson Martins, de secret\u00e1rios, vereadores, lideran\u00e7as comunit\u00e1rias e representantes da fam\u00edlia do homenageado.<\/span><\/span><\/span><\/span><\/span><\/span><\/p>\n","protected":false},"excerpt":{"rendered":"<p>Na noite de quinta-feira (15), a Prefeitura de Tubar\u00e3o inaugurou a Ponte Vereador Edison Fernando Peicher de Carvalho, popularmente conhecida como Ponte da Guarda. A cerim\u00f4nia marca um momento hist\u00f3rico para a mobilidade urbana na cidade, promovendo a integra\u00e7\u00e3o entre as regi\u00f5es da Guarda Margem Esquerda e da Guarda Margem Direita. A obra, iniciada durante &hellip;<\/p>\n<p class=\"read-more\"> <a class=\"\" href=\"https:\/\/sulsc.com\/index.php\/2026\/01\/16\/tubarao-inaugura-ponte-da-guarda-e-entrega-obra-historica-para-a-mobilidade-urbana\/\"> <span class=\"screen-reader-text\">Ponte da Guarda em Tubar\u00e3o: Obra iniciada em 2022 \u00e9 inaugurada e entregue nesta quinta-feira (15)<\/span> Read More &raquo;<\/a><\/p>\n","protected":false},"author":3,"featured_media":31542,"comment_status":"open","ping_status":"open","sticky":false,"template":"","format":"standard","meta":{"site-sidebar-layout":"default","site-content-layout":"","ast-site-content-layout":"default","site-content-style":"default","site-sidebar-style":"default","ast-global-header-display":"","ast-banner-title-visibility":"","ast-main-header-display":"","ast-hfb-above-header-display":"","ast-hfb-below-header-display":"","ast-hfb-mobile-header-display":"","site-post-title":"","ast-breadcrumbs-content":"","ast-featured-img":"","footer-sml-layout":"","theme-transparent-header-meta":"default","adv-header-id-meta":"","stick-header-meta":"","header-above-stick-meta":"","header-main-stick-meta":"","header-below-stick-meta":"","astra-migrate-meta-layouts":"set","footnotes":""},"categories":[2231,1,14,21,12],"tags":[1193],"yoast_head":"<!-- This site is optimized with the Yoast SEO plugin v21.4 - https:\/\/yoast.com\/wordpress\/plugins\/seo\/ -->\n<title>Ponte da Guarda em Tubar\u00e3o: Obra iniciada em 2022 \u00e9 inaugurada e entregue nesta quinta-feira (15) -<\/title>\n<meta name=\"robots\" content=\"index, follow, max-snippet:-1, max-image-preview:large, max-video-preview:-1\" \/>\n<link rel=\"canonical\" href=\"https:\/\/sulsc.com\/index.php\/2026\/01\/16\/tubarao-inaugura-ponte-da-guarda-e-entrega-obra-historica-para-a-mobilidade-urbana\/\" \/>\n<meta property=\"og:locale\" content=\"en_US\" \/>\n<meta property=\"og:type\" content=\"article\" \/>\n<meta property=\"og:title\" content=\"Ponte da Guarda em Tubar\u00e3o: Obra iniciada em 2022 \u00e9 inaugurada e entregue nesta quinta-feira (15) -\" \/>\n<meta property=\"og:description\" content=\"Na noite de quinta-feira (15), a Prefeitura de Tubar\u00e3o inaugurou a Ponte Vereador Edison Fernando Peicher de Carvalho, popularmente conhecida como Ponte da Guarda. A cerim\u00f4nia marca um momento hist\u00f3rico para a mobilidade urbana na cidade, promovendo a integra\u00e7\u00e3o entre as regi\u00f5es da Guarda Margem Esquerda e da Guarda Margem Direita. A obra, iniciada durante &hellip; Ponte da Guarda em Tubar\u00e3o: Obra iniciada em 2022 \u00e9 inaugurada e entregue nesta quinta-feira (15) Read More &raquo;\" \/>\n<meta property=\"og:url\" content=\"https:\/\/sulsc.com\/index.php\/2026\/01\/16\/tubarao-inaugura-ponte-da-guarda-e-entrega-obra-historica-para-a-mobilidade-urbana\/\" \/>\n<meta property=\"article:author\" content=\"https:\/\/www.facebook.com\/profile.php?id=61559278119680\" \/>\n<meta property=\"article:published_time\" content=\"2026-01-16T10:20:55+00:00\" \/>\n<meta property=\"article:modified_time\" content=\"2026-01-16T11:52:13+00:00\" \/>\n<meta property=\"og:image\" content=\"http:\/\/sulsc.com\/wp-content\/uploads\/2026\/01\/IMG_8749-1-1536x862-1.jpg\" \/>\n\t<meta property=\"og:image:width\" content=\"1536\" \/>\n\t<meta property=\"og:image:height\" content=\"862\" \/>\n\t<meta property=\"og:image:type\" content=\"image\/jpeg\" \/>\n<meta name=\"author\" content=\"Reda\u00e7\u00e3o Sul SC\" \/>\n<meta name=\"twitter:card\" content=\"summary_large_image\" \/>\n<meta name=\"twitter:creator\" content=\"@https:\/\/twitter.com\/PortalSulSC\" \/>\n<meta name=\"twitter:label1\" content=\"Written by\" \/>\n\t<meta name=\"twitter:data1\" content=\"Reda\u00e7\u00e3o Sul SC\" \/>\n\t<meta name=\"twitter:label2\" content=\"Est. reading time\" \/>\n\t<meta name=\"twitter:data2\" content=\"3 minutes\" \/>\n<script type=\"application\/ld+json\" class=\"yoast-schema-graph\">{\"@context\":\"https:\/\/schema.org\",\"@graph\":[{\"@type\":\"WebPage\",\"@id\":\"https:\/\/sulsc.com\/index.php\/2026\/01\/16\/tubarao-inaugura-ponte-da-guarda-e-entrega-obra-historica-para-a-mobilidade-urbana\/\",\"url\":\"https:\/\/sulsc.com\/index.php\/2026\/01\/16\/tubarao-inaugura-ponte-da-guarda-e-entrega-obra-historica-para-a-mobilidade-urbana\/\",\"name\":\"Ponte da Guarda em Tubar\u00e3o: Obra iniciada em 2022 \u00e9 inaugurada e entregue nesta quinta-feira (15) -\",\"isPartOf\":{\"@id\":\"https:\/\/sulsc.com\/#website\"},\"datePublished\":\"2026-01-16T10:20:55+00:00\",\"dateModified\":\"2026-01-16T11:52:13+00:00\",\"author\":{\"@id\":\"https:\/\/sulsc.com\/#\/schema\/person\/84d2fc571684f6248ba83092f07750a3\"},\"breadcrumb\":{\"@id\":\"https:\/\/sulsc.com\/index.php\/2026\/01\/16\/tubarao-inaugura-ponte-da-guarda-e-entrega-obra-historica-para-a-mobilidade-urbana\/#breadcrumb\"},\"inLanguage\":\"en-US\",\"potentialAction\":[{\"@type\":\"ReadAction\",\"target\":[\"https:\/\/sulsc.com\/index.php\/2026\/01\/16\/tubarao-inaugura-ponte-da-guarda-e-entrega-obra-historica-para-a-mobilidade-urbana\/\"]}]},{\"@type\":\"BreadcrumbList\",\"@id\":\"https:\/\/sulsc.com\/index.php\/2026\/01\/16\/tubarao-inaugura-ponte-da-guarda-e-entrega-obra-historica-para-a-mobilidade-urbana\/#breadcrumb\",\"itemListElement\":[{\"@type\":\"ListItem\",\"position\":1,\"name\":\"In\u00edcio\",\"item\":\"https:\/\/sulsc.com\/\"},{\"@type\":\"ListItem\",\"position\":2,\"name\":\"Ponte da Guarda em Tubar\u00e3o: Obra iniciada em 2022 \u00e9 inaugurada e entregue nesta quinta-feira (15)\"}]},{\"@type\":\"WebSite\",\"@id\":\"https:\/\/sulsc.com\/#website\",\"url\":\"https:\/\/sulsc.com\/\",\"name\":\"\",\"description\":\"\",\"potentialAction\":[{\"@type\":\"SearchAction\",\"target\":{\"@type\":\"EntryPoint\",\"urlTemplate\":\"https:\/\/sulsc.com\/?s={search_term_string}\"},\"query-input\":\"required name=search_term_string\"}],\"inLanguage\":\"en-US\"},{\"@type\":\"Person\",\"@id\":\"https:\/\/sulsc.com\/#\/schema\/person\/84d2fc571684f6248ba83092f07750a3\",\"name\":\"Reda\u00e7\u00e3o Sul SC\",\"image\":{\"@type\":\"ImageObject\",\"inLanguage\":\"en-US\",\"@id\":\"https:\/\/sulsc.com\/#\/schema\/person\/image\/e08d7fe2cc4ed596372063bbe852b8d0\",\"url\":\"https:\/\/sulsc.com\/wp-content\/uploads\/2023\/09\/redacao.png\",\"contentUrl\":\"https:\/\/sulsc.com\/wp-content\/uploads\/2023\/09\/redacao.png\",\"caption\":\"Reda\u00e7\u00e3o Sul SC\"},\"description\":\"Foco em um jornalismo imparcial, voltado \u00e0 qualidade dos seus conte\u00fados e, assim, levar informa\u00e7\u00e3o de valor que agregue \u00e0 vida dos leitores. Esta \u00e9 grande miss\u00e3o do Portal de Not\u00edcias Sul SC. N\u00e3o \u00e9 quantidade que muda o mundo, sempre foi e seguir\u00e1 sendo qualidade!\",\"sameAs\":[\"https:\/\/sulsc.com\/\",\"https:\/\/www.facebook.com\/profile.php?id=61559278119680\",\"https:\/\/www.instagram.com\/sulscportal\/?hl=pt-br\",\"https:\/\/twitter.com\/https:\/\/twitter.com\/PortalSulSC\",\"https:\/\/www.youtube.com\/channel\/UCv_BE8GeySluDov2n8qhVmw\"],\"url\":\"https:\/\/sulsc.com\/index.php\/author\/redacao\/\"}]}<\/script>\n<!-- \/ Yoast SEO plugin. -->","yoast_head_json":{"title":"Ponte da Guarda em Tubar\u00e3o: Obra iniciada em 2022 \u00e9 inaugurada e entregue nesta quinta-feira (15) -","robots":{"index":"index","follow":"follow","max-snippet":"max-snippet:-1","max-image-preview":"max-image-preview:large","max-video-preview":"max-video-preview:-1"},"canonical":"https:\/\/sulsc.com\/index.php\/2026\/01\/16\/tubarao-inaugura-ponte-da-guarda-e-entrega-obra-historica-para-a-mobilidade-urbana\/","og_locale":"en_US","og_type":"article","og_title":"Ponte da Guarda em Tubar\u00e3o: Obra iniciada em 2022 \u00e9 inaugurada e entregue nesta quinta-feira (15) -","og_description":"Na noite de quinta-feira (15), a Prefeitura de Tubar\u00e3o inaugurou a Ponte Vereador Edison Fernando Peicher de Carvalho, popularmente conhecida como Ponte da Guarda. A cerim\u00f4nia marca um momento hist\u00f3rico para a mobilidade urbana na cidade, promovendo a integra\u00e7\u00e3o entre as regi\u00f5es da Guarda Margem Esquerda e da Guarda Margem Direita. A obra, iniciada durante &hellip; Ponte da Guarda em Tubar\u00e3o: Obra iniciada em 2022 \u00e9 inaugurada e entregue nesta quinta-feira (15) Read More &raquo;","og_url":"https:\/\/sulsc.com\/index.php\/2026\/01\/16\/tubarao-inaugura-ponte-da-guarda-e-entrega-obra-historica-para-a-mobilidade-urbana\/","article_author":"https:\/\/www.facebook.com\/profile.php?id=61559278119680","article_published_time":"2026-01-16T10:20:55+00:00","article_modified_time":"2026-01-16T11:52:13+00:00","og_image":[{"width":1536,"height":862,"url":"http:\/\/sulsc.com\/wp-content\/uploads\/2026\/01\/IMG_8749-1-1536x862-1.jpg","type":"image\/jpeg"}],"author":"Reda\u00e7\u00e3o Sul SC","twitter_card":"summary_large_image","twitter_creator":"@https:\/\/twitter.com\/PortalSulSC","twitter_misc":{"Written by":"Reda\u00e7\u00e3o Sul SC","Est. reading time":"3 minutes"},"schema":{"@context":"https:\/\/schema.org","@graph":[{"@type":"WebPage","@id":"https:\/\/sulsc.com\/index.php\/2026\/01\/16\/tubarao-inaugura-ponte-da-guarda-e-entrega-obra-historica-para-a-mobilidade-urbana\/","url":"https:\/\/sulsc.com\/index.php\/2026\/01\/16\/tubarao-inaugura-ponte-da-guarda-e-entrega-obra-historica-para-a-mobilidade-urbana\/","name":"Ponte da Guarda em Tubar\u00e3o: Obra iniciada em 2022 \u00e9 inaugurada e entregue nesta quinta-feira (15) -","isPartOf":{"@id":"https:\/\/sulsc.com\/#website"},"datePublished":"2026-01-16T10:20:55+00:00","dateModified":"2026-01-16T11:52:13+00:00","author":{"@id":"https:\/\/sulsc.com\/#\/schema\/person\/84d2fc571684f6248ba83092f07750a3"},"breadcrumb":{"@id":"https:\/\/sulsc.com\/index.php\/2026\/01\/16\/tubarao-inaugura-ponte-da-guarda-e-entrega-obra-historica-para-a-mobilidade-urbana\/#breadcrumb"},"inLanguage":"en-US","potentialAction":[{"@type":"ReadAction","target":["https:\/\/sulsc.com\/index.php\/2026\/01\/16\/tubarao-inaugura-ponte-da-guarda-e-entrega-obra-historica-para-a-mobilidade-urbana\/"]}]},{"@type":"BreadcrumbList","@id":"https:\/\/sulsc.com\/index.php\/2026\/01\/16\/tubarao-inaugura-ponte-da-guarda-e-entrega-obra-historica-para-a-mobilidade-urbana\/#breadcrumb","itemListElement":[{"@type":"ListItem","position":1,"name":"In\u00edcio","item":"https:\/\/sulsc.com\/"},{"@type":"ListItem","position":2,"name":"Ponte da Guarda em Tubar\u00e3o: Obra iniciada em 2022 \u00e9 inaugurada e entregue nesta quinta-feira (15)"}]},{"@type":"WebSite","@id":"https:\/\/sulsc.com\/#website","url":"https:\/\/sulsc.com\/","name":"","description":"","potentialAction":[{"@type":"SearchAction","target":{"@type":"EntryPoint","urlTemplate":"https:\/\/sulsc.com\/?s={search_term_string}"},"query-input":"required name=search_term_string"}],"inLanguage":"en-US"},{"@type":"Person","@id":"https:\/\/sulsc.com\/#\/schema\/person\/84d2fc571684f6248ba83092f07750a3","name":"Reda\u00e7\u00e3o Sul SC","image":{"@type":"ImageObject","inLanguage":"en-US","@id":"https:\/\/sulsc.com\/#\/schema\/person\/image\/e08d7fe2cc4ed596372063bbe852b8d0","url":"https:\/\/sulsc.com\/wp-content\/uploads\/2023\/09\/redacao.png","contentUrl":"https:\/\/sulsc.com\/wp-content\/uploads\/2023\/09\/redacao.png","caption":"Reda\u00e7\u00e3o Sul SC"},"description":"Foco em um jornalismo imparcial, voltado \u00e0 qualidade dos seus conte\u00fados e, assim, levar informa\u00e7\u00e3o de valor que agregue \u00e0 vida dos leitores. Esta \u00e9 grande miss\u00e3o do Portal de Not\u00edcias Sul SC. N\u00e3o \u00e9 quantidade que muda o mundo, sempre foi e seguir\u00e1 sendo qualidade!","sameAs":["https:\/\/sulsc.com\/","https:\/\/www.facebook.com\/profile.php?id=61559278119680","https:\/\/www.instagram.com\/sulscportal\/?hl=pt-br","https:\/\/twitter.com\/https:\/\/twitter.com\/PortalSulSC","https:\/\/www.youtube.com\/channel\/UCv_BE8GeySluDov2n8qhVmw"],"url":"https:\/\/sulsc.com\/index.php\/author\/redacao\/"}]}},"authors":[],"_links":{"self":[{"href":"https:\/\/sulsc.com\/index.php\/wp-json\/wp\/v2\/posts\/31539"}],"collection":[{"href":"https:\/\/sulsc.com\/index.php\/wp-json\/wp\/v2\/posts"}],"about":[{"href":"https:\/\/sulsc.com\/index.php\/wp-json\/wp\/v2\/types\/post"}],"author":[{"embeddable":true,"href":"https:\/\/sulsc.com\/index.php\/wp-json\/wp\/v2\/users\/3"}],"replies":[{"embeddable":true,"href":"https:\/\/sulsc.com\/index.php\/wp-json\/wp\/v2\/comments?post=31539"}],"version-history":[{"count":5,"href":"https:\/\/sulsc.com\/index.php\/wp-json\/wp\/v2\/posts\/31539\/revisions"}],"predecessor-version":[{"id":31553,"href":"https:\/\/sulsc.com\/index.php\/wp-json\/wp\/v2\/posts\/31539\/revisions\/31553"}],"wp:featuredmedia":[{"embeddable":true,"href":"https:\/\/sulsc.com\/index.php\/wp-json\/wp\/v2\/media\/31542"}],"wp:attachment":[{"href":"https:\/\/sulsc.com\/index.php\/wp-json\/wp\/v2\/media?parent=31539"}],"wp:term":[{"taxonomy":"category","embeddable":true,"href":"https:\/\/sulsc.com\/index.php\/wp-json\/wp\/v2\/categories?post=31539"},{"taxonomy":"post_tag","embeddable":true,"href":"https:\/\/sulsc.com\/index.php\/wp-json\/wp\/v2\/tags?post=31539"}],"curies":[{"name":"wp","href":"https:\/\/api.w.org\/{rel}","templated":true}]}}