{"id":31548,"date":"2026-01-16T08:48:59","date_gmt":"2026-01-16T11:48:59","guid":{"rendered":"https:\/\/sulsc.com\/?p=31548"},"modified":"2026-01-16T08:48:59","modified_gmt":"2026-01-16T11:48:59","slug":"policia-civil-e-militar-de-imbituba-prendem-suspeitos-de-tentativa-de-feminicidio-e-homicidio","status":"publish","type":"post","link":"https:\/\/sulsc.com\/index.php\/2026\/01\/16\/policia-civil-e-militar-de-imbituba-prendem-suspeitos-de-tentativa-de-feminicidio-e-homicidio\/","title":{"rendered":"Pol\u00edcia Civil e Militar de Imbituba prendem suspeitos de tentativa de feminic\u00eddio e homic\u00eddio"},"content":{"rendered":"<p>Na tarde desta quinta-feira (15), a Pol\u00edcia Civil da Comarca de Imbituba, atrav\u00e9s do Setor de Investiga\u00e7\u00f5es e Capturas (SIC), em parceria com o 34\u00ba Batalh\u00e3o da Pol\u00edcia Militar, cumpriu um mandado de pris\u00e3o preventiva de um homem de 35 anos no bairro Sambaqui, em Imbituba.<\/p>\n<div id=\"metaslider-id-25573\" style=\"width: 100%;\" class=\"ml-slider-3-99-0 metaslider metaslider-flex metaslider-25573 ml-slider has-onhover-arrows ms-theme-default-base has-dots-nav\" role=\"region\" aria-label=\"Meio\" data-width=\"1200\">\n    <div id=\"metaslider_container_25573\">\n        <div id=\"metaslider_25573\">\n            <ul class='slides'>\n                <li style=\"display: block; width: 100%;\" class=\"slide-25684 ms-image \" aria-roledescription=\"slide\" data-date=\"2025-07-24 07:55:40\"><img src=\"https:\/\/sulsc.com\/wp-content\/uploads\/2025\/07\/Marr-2-1000x166.jpg\" height=\"200\" width=\"1200\" alt=\"\" class=\"slider-25573 slide-25684 msDefaultImage\" title=\"Marr 2\" \/><\/li>\n                <li style=\"display: none; width: 100%;\" class=\"slide-32412 ms-image \" aria-roledescription=\"slide\" data-date=\"2026-02-18 13:59:46\"><img src=\"https:\/\/sulsc.com\/wp-content\/uploads\/2026\/02\/40dc1580-cad5-4867-bc58-c4243821ad38-1000x166.jpeg\" height=\"200\" width=\"1200\" alt=\"\" class=\"slider-25573 slide-32412 msDefaultImage\" title=\"40dc1580-cad5-4867-bc58-c4243821ad38\" \/><\/li>\n                <li style=\"display: none; width: 100%;\" class=\"slide-32766 ms-image \" aria-roledescription=\"slide\" data-date=\"2026-03-03 17:22:59\"><img src=\"https:\/\/sulsc.com\/wp-content\/uploads\/2026\/03\/271ce739-f268-41c5-8051-3de1a1750359-1000x166.jpeg\" height=\"200\" width=\"1200\" alt=\"\" class=\"slider-25573 slide-32766 msDefaultImage\" title=\"271ce739-f268-41c5-8051-3de1a1750359\" \/><\/li>\n            <\/ul>\n        <\/div>\n        \n    <\/div>\n<\/div>\n<p>No \u00faltimo dia (07), uma mulher de 44 anos e um homem de 50 anos foram v\u00edtimas de tentativa de feminic\u00eddio e homic\u00eddio qualificado. Motivados por ci\u00fames, o ex-companheiro da mulher, acompanhado de um amigo, invadiu a resid\u00eancia da v\u00edtima e desferiu pelo menos cinco golpes de faca na regi\u00e3o abdominal. Em seguida, eles tentaram atacar um vizinho, mas foram impedidos por um terceiro que estava presente, conseguindo assim escapar.<\/p>\n<p>Ap\u00f3s o ocorrido, as equipes de seguran\u00e7a atuaram rapidamente e integradamente para localizar os suspeitos, conseguindo prender um deles em flagrante horas ap\u00f3s o ataque. Esta pris\u00e3o foi convertida em flagrante, e o indiv\u00edduo permanece detido \u00e0 disposi\u00e7\u00e3o da Justi\u00e7a.<\/p>\n<p>A a\u00e7\u00e3o realizada nesta quinta-feira foi poss\u00edvel gra\u00e7as \u00e0 representa\u00e7\u00e3o da Pol\u00edcia Civil de Imbituba, que solicitou o mandado de busca e apreens\u00e3o, al\u00e9m da pris\u00e3o preventiva do ex-companheiro, em decorr\u00eancia do inqu\u00e9rito policial em andamento.<\/p>\n<p><img fetchpriority=\"high\" decoding=\"async\" class=\"aligncenter size-full wp-image-31549\" src=\"http:\/\/sulsc.com\/wp-content\/uploads\/2026\/01\/7b4c8ae2-7d33-422a-867f-a84646de4ed4.jpeg\" alt=\"\" width=\"1200\" height=\"1600\" srcset=\"https:\/\/sulsc.com\/wp-content\/uploads\/2026\/01\/7b4c8ae2-7d33-422a-867f-a84646de4ed4.jpeg 1200w, https:\/\/sulsc.com\/wp-content\/uploads\/2026\/01\/7b4c8ae2-7d33-422a-867f-a84646de4ed4-225x300.jpeg 225w, https:\/\/sulsc.com\/wp-content\/uploads\/2026\/01\/7b4c8ae2-7d33-422a-867f-a84646de4ed4-768x1024.jpeg 768w, https:\/\/sulsc.com\/wp-content\/uploads\/2026\/01\/7b4c8ae2-7d33-422a-867f-a84646de4ed4-1152x1536.jpeg 1152w\" sizes=\"(max-width: 1200px) 100vw, 1200px\" \/><\/p>\n<p>PCSC\/Divulga\u00e7\u00e3o\/SulSC<\/p>\n<p>Ap\u00f3s o cumprimento do mandado, o investigado foi levado \u00e0 Delegacia de Pol\u00edcia de Imbituba para interrogat\u00f3rio e, posteriormente, encaminhado ao sistema prisional, onde permanece \u00e0 disposi\u00e7\u00e3o do Poder Judici\u00e1rio.<\/p>\n<p>Esta opera\u00e7\u00e3o destaca a import\u00e2ncia da colabora\u00e7\u00e3o entre a Pol\u00edcia Civil e a Pol\u00edcia Militar, reafirmando que o trabalho conjunto \u00e9 essencial para garantir a seguran\u00e7a da comunidade em Imbituba.<\/p>\n","protected":false},"excerpt":{"rendered":"<p>Na tarde desta quinta-feira (15), a Pol\u00edcia Civil da Comarca de Imbituba, atrav\u00e9s do Setor de Investiga\u00e7\u00f5es e Capturas (SIC), em parceria com o 34\u00ba Batalh\u00e3o da Pol\u00edcia Militar, cumpriu um mandado de pris\u00e3o preventiva de um homem de 35 anos no bairro Sambaqui, em Imbituba. No \u00faltimo dia (07), uma mulher de 44 anos &hellip;<\/p>\n<p class=\"read-more\"> <a class=\"\" href=\"https:\/\/sulsc.com\/index.php\/2026\/01\/16\/policia-civil-e-militar-de-imbituba-prendem-suspeitos-de-tentativa-de-feminicidio-e-homicidio\/\"> <span class=\"screen-reader-text\">Pol\u00edcia Civil e Militar de Imbituba prendem suspeitos de tentativa de feminic\u00eddio e homic\u00eddio<\/span> Read More &raquo;<\/a><\/p>\n","protected":false},"author":3,"featured_media":31550,"comment_status":"open","ping_status":"open","sticky":false,"template":"","format":"standard","meta":{"site-sidebar-layout":"default","site-content-layout":"","ast-site-content-layout":"default","site-content-style":"default","site-sidebar-style":"default","ast-global-header-display":"","ast-banner-title-visibility":"","ast-main-header-display":"","ast-hfb-above-header-display":"","ast-hfb-below-header-display":"","ast-hfb-mobile-header-display":"","site-post-title":"","ast-breadcrumbs-content":"","ast-featured-img":"","footer-sml-layout":"","theme-transparent-header-meta":"default","adv-header-id-meta":"","stick-header-meta":"","header-above-stick-meta":"","header-main-stick-meta":"","header-below-stick-meta":"","astra-migrate-meta-layouts":"set","footnotes":""},"categories":[2231,1,41,14,2782,12],"tags":[133,2790,2778],"yoast_head":"<!-- This site is optimized with the Yoast SEO plugin v21.4 - https:\/\/yoast.com\/wordpress\/plugins\/seo\/ -->\n<title>Pol\u00edcia Civil e Militar de Imbituba prendem suspeitos de tentativa de feminic\u00eddio e homic\u00eddio -<\/title>\n<meta name=\"robots\" content=\"index, follow, max-snippet:-1, max-image-preview:large, max-video-preview:-1\" \/>\n<link rel=\"canonical\" href=\"https:\/\/sulsc.com\/index.php\/2026\/01\/16\/policia-civil-e-militar-de-imbituba-prendem-suspeitos-de-tentativa-de-feminicidio-e-homicidio\/\" \/>\n<meta property=\"og:locale\" content=\"en_US\" \/>\n<meta property=\"og:type\" content=\"article\" \/>\n<meta property=\"og:title\" content=\"Pol\u00edcia Civil e Militar de Imbituba prendem suspeitos de tentativa de feminic\u00eddio e homic\u00eddio -\" \/>\n<meta property=\"og:description\" content=\"Na tarde desta quinta-feira (15), a Pol\u00edcia Civil da Comarca de Imbituba, atrav\u00e9s do Setor de Investiga\u00e7\u00f5es e Capturas (SIC), em parceria com o 34\u00ba Batalh\u00e3o da Pol\u00edcia Militar, cumpriu um mandado de pris\u00e3o preventiva de um homem de 35 anos no bairro Sambaqui, em Imbituba. No \u00faltimo dia (07), uma mulher de 44 anos &hellip; Pol\u00edcia Civil e Militar de Imbituba prendem suspeitos de tentativa de feminic\u00eddio e homic\u00eddio Read More &raquo;\" \/>\n<meta property=\"og:url\" content=\"https:\/\/sulsc.com\/index.php\/2026\/01\/16\/policia-civil-e-militar-de-imbituba-prendem-suspeitos-de-tentativa-de-feminicidio-e-homicidio\/\" \/>\n<meta property=\"article:author\" content=\"https:\/\/www.facebook.com\/profile.php?id=61559278119680\" \/>\n<meta property=\"article:published_time\" content=\"2026-01-16T11:48:59+00:00\" \/>\n<meta property=\"og:image\" content=\"http:\/\/sulsc.com\/wp-content\/uploads\/2026\/01\/b96206aa-8a61-4758-9177-684053510624.jpeg\" \/>\n\t<meta property=\"og:image:width\" content=\"1280\" \/>\n\t<meta property=\"og:image:height\" content=\"960\" \/>\n\t<meta property=\"og:image:type\" content=\"image\/jpeg\" \/>\n<meta name=\"author\" content=\"Reda\u00e7\u00e3o Sul SC\" \/>\n<meta name=\"twitter:card\" content=\"summary_large_image\" \/>\n<meta name=\"twitter:creator\" content=\"@https:\/\/twitter.com\/PortalSulSC\" \/>\n<meta name=\"twitter:label1\" content=\"Written by\" \/>\n\t<meta name=\"twitter:data1\" content=\"Reda\u00e7\u00e3o Sul SC\" \/>\n\t<meta name=\"twitter:label2\" content=\"Est. reading time\" \/>\n\t<meta name=\"twitter:data2\" content=\"2 minutes\" \/>\n<script type=\"application\/ld+json\" class=\"yoast-schema-graph\">{\"@context\":\"https:\/\/schema.org\",\"@graph\":[{\"@type\":\"WebPage\",\"@id\":\"https:\/\/sulsc.com\/index.php\/2026\/01\/16\/policia-civil-e-militar-de-imbituba-prendem-suspeitos-de-tentativa-de-feminicidio-e-homicidio\/\",\"url\":\"https:\/\/sulsc.com\/index.php\/2026\/01\/16\/policia-civil-e-militar-de-imbituba-prendem-suspeitos-de-tentativa-de-feminicidio-e-homicidio\/\",\"name\":\"Pol\u00edcia Civil e Militar de Imbituba prendem suspeitos de tentativa de feminic\u00eddio e homic\u00eddio -\",\"isPartOf\":{\"@id\":\"https:\/\/sulsc.com\/#website\"},\"datePublished\":\"2026-01-16T11:48:59+00:00\",\"dateModified\":\"2026-01-16T11:48:59+00:00\",\"author\":{\"@id\":\"https:\/\/sulsc.com\/#\/schema\/person\/84d2fc571684f6248ba83092f07750a3\"},\"breadcrumb\":{\"@id\":\"https:\/\/sulsc.com\/index.php\/2026\/01\/16\/policia-civil-e-militar-de-imbituba-prendem-suspeitos-de-tentativa-de-feminicidio-e-homicidio\/#breadcrumb\"},\"inLanguage\":\"en-US\",\"potentialAction\":[{\"@type\":\"ReadAction\",\"target\":[\"https:\/\/sulsc.com\/index.php\/2026\/01\/16\/policia-civil-e-militar-de-imbituba-prendem-suspeitos-de-tentativa-de-feminicidio-e-homicidio\/\"]}]},{\"@type\":\"BreadcrumbList\",\"@id\":\"https:\/\/sulsc.com\/index.php\/2026\/01\/16\/policia-civil-e-militar-de-imbituba-prendem-suspeitos-de-tentativa-de-feminicidio-e-homicidio\/#breadcrumb\",\"itemListElement\":[{\"@type\":\"ListItem\",\"position\":1,\"name\":\"In\u00edcio\",\"item\":\"https:\/\/sulsc.com\/\"},{\"@type\":\"ListItem\",\"position\":2,\"name\":\"Pol\u00edcia Civil e Militar de Imbituba prendem suspeitos de tentativa de feminic\u00eddio e homic\u00eddio\"}]},{\"@type\":\"WebSite\",\"@id\":\"https:\/\/sulsc.com\/#website\",\"url\":\"https:\/\/sulsc.com\/\",\"name\":\"\",\"description\":\"\",\"potentialAction\":[{\"@type\":\"SearchAction\",\"target\":{\"@type\":\"EntryPoint\",\"urlTemplate\":\"https:\/\/sulsc.com\/?s={search_term_string}\"},\"query-input\":\"required name=search_term_string\"}],\"inLanguage\":\"en-US\"},{\"@type\":\"Person\",\"@id\":\"https:\/\/sulsc.com\/#\/schema\/person\/84d2fc571684f6248ba83092f07750a3\",\"name\":\"Reda\u00e7\u00e3o Sul SC\",\"image\":{\"@type\":\"ImageObject\",\"inLanguage\":\"en-US\",\"@id\":\"https:\/\/sulsc.com\/#\/schema\/person\/image\/e08d7fe2cc4ed596372063bbe852b8d0\",\"url\":\"https:\/\/sulsc.com\/wp-content\/uploads\/2023\/09\/redacao.png\",\"contentUrl\":\"https:\/\/sulsc.com\/wp-content\/uploads\/2023\/09\/redacao.png\",\"caption\":\"Reda\u00e7\u00e3o Sul SC\"},\"description\":\"Foco em um jornalismo imparcial, voltado \u00e0 qualidade dos seus conte\u00fados e, assim, levar informa\u00e7\u00e3o de valor que agregue \u00e0 vida dos leitores. Esta \u00e9 grande miss\u00e3o do Portal de Not\u00edcias Sul SC. N\u00e3o \u00e9 quantidade que muda o mundo, sempre foi e seguir\u00e1 sendo qualidade!\",\"sameAs\":[\"https:\/\/sulsc.com\/\",\"https:\/\/www.facebook.com\/profile.php?id=61559278119680\",\"https:\/\/www.instagram.com\/sulscportal\/?hl=pt-br\",\"https:\/\/twitter.com\/https:\/\/twitter.com\/PortalSulSC\",\"https:\/\/www.youtube.com\/channel\/UCv_BE8GeySluDov2n8qhVmw\"],\"url\":\"https:\/\/sulsc.com\/index.php\/author\/redacao\/\"}]}<\/script>\n<!-- \/ Yoast SEO plugin. -->","yoast_head_json":{"title":"Pol\u00edcia Civil e Militar de Imbituba prendem suspeitos de tentativa de feminic\u00eddio e homic\u00eddio -","robots":{"index":"index","follow":"follow","max-snippet":"max-snippet:-1","max-image-preview":"max-image-preview:large","max-video-preview":"max-video-preview:-1"},"canonical":"https:\/\/sulsc.com\/index.php\/2026\/01\/16\/policia-civil-e-militar-de-imbituba-prendem-suspeitos-de-tentativa-de-feminicidio-e-homicidio\/","og_locale":"en_US","og_type":"article","og_title":"Pol\u00edcia Civil e Militar de Imbituba prendem suspeitos de tentativa de feminic\u00eddio e homic\u00eddio -","og_description":"Na tarde desta quinta-feira (15), a Pol\u00edcia Civil da Comarca de Imbituba, atrav\u00e9s do Setor de Investiga\u00e7\u00f5es e Capturas (SIC), em parceria com o 34\u00ba Batalh\u00e3o da Pol\u00edcia Militar, cumpriu um mandado de pris\u00e3o preventiva de um homem de 35 anos no bairro Sambaqui, em Imbituba. No \u00faltimo dia (07), uma mulher de 44 anos &hellip; Pol\u00edcia Civil e Militar de Imbituba prendem suspeitos de tentativa de feminic\u00eddio e homic\u00eddio Read More &raquo;","og_url":"https:\/\/sulsc.com\/index.php\/2026\/01\/16\/policia-civil-e-militar-de-imbituba-prendem-suspeitos-de-tentativa-de-feminicidio-e-homicidio\/","article_author":"https:\/\/www.facebook.com\/profile.php?id=61559278119680","article_published_time":"2026-01-16T11:48:59+00:00","og_image":[{"width":1280,"height":960,"url":"http:\/\/sulsc.com\/wp-content\/uploads\/2026\/01\/b96206aa-8a61-4758-9177-684053510624.jpeg","type":"image\/jpeg"}],"author":"Reda\u00e7\u00e3o Sul SC","twitter_card":"summary_large_image","twitter_creator":"@https:\/\/twitter.com\/PortalSulSC","twitter_misc":{"Written by":"Reda\u00e7\u00e3o Sul SC","Est. reading time":"2 minutes"},"schema":{"@context":"https:\/\/schema.org","@graph":[{"@type":"WebPage","@id":"https:\/\/sulsc.com\/index.php\/2026\/01\/16\/policia-civil-e-militar-de-imbituba-prendem-suspeitos-de-tentativa-de-feminicidio-e-homicidio\/","url":"https:\/\/sulsc.com\/index.php\/2026\/01\/16\/policia-civil-e-militar-de-imbituba-prendem-suspeitos-de-tentativa-de-feminicidio-e-homicidio\/","name":"Pol\u00edcia Civil e Militar de Imbituba prendem suspeitos de tentativa de feminic\u00eddio e homic\u00eddio -","isPartOf":{"@id":"https:\/\/sulsc.com\/#website"},"datePublished":"2026-01-16T11:48:59+00:00","dateModified":"2026-01-16T11:48:59+00:00","author":{"@id":"https:\/\/sulsc.com\/#\/schema\/person\/84d2fc571684f6248ba83092f07750a3"},"breadcrumb":{"@id":"https:\/\/sulsc.com\/index.php\/2026\/01\/16\/policia-civil-e-militar-de-imbituba-prendem-suspeitos-de-tentativa-de-feminicidio-e-homicidio\/#breadcrumb"},"inLanguage":"en-US","potentialAction":[{"@type":"ReadAction","target":["https:\/\/sulsc.com\/index.php\/2026\/01\/16\/policia-civil-e-militar-de-imbituba-prendem-suspeitos-de-tentativa-de-feminicidio-e-homicidio\/"]}]},{"@type":"BreadcrumbList","@id":"https:\/\/sulsc.com\/index.php\/2026\/01\/16\/policia-civil-e-militar-de-imbituba-prendem-suspeitos-de-tentativa-de-feminicidio-e-homicidio\/#breadcrumb","itemListElement":[{"@type":"ListItem","position":1,"name":"In\u00edcio","item":"https:\/\/sulsc.com\/"},{"@type":"ListItem","position":2,"name":"Pol\u00edcia Civil e Militar de Imbituba prendem suspeitos de tentativa de feminic\u00eddio e homic\u00eddio"}]},{"@type":"WebSite","@id":"https:\/\/sulsc.com\/#website","url":"https:\/\/sulsc.com\/","name":"","description":"","potentialAction":[{"@type":"SearchAction","target":{"@type":"EntryPoint","urlTemplate":"https:\/\/sulsc.com\/?s={search_term_string}"},"query-input":"required name=search_term_string"}],"inLanguage":"en-US"},{"@type":"Person","@id":"https:\/\/sulsc.com\/#\/schema\/person\/84d2fc571684f6248ba83092f07750a3","name":"Reda\u00e7\u00e3o Sul SC","image":{"@type":"ImageObject","inLanguage":"en-US","@id":"https:\/\/sulsc.com\/#\/schema\/person\/image\/e08d7fe2cc4ed596372063bbe852b8d0","url":"https:\/\/sulsc.com\/wp-content\/uploads\/2023\/09\/redacao.png","contentUrl":"https:\/\/sulsc.com\/wp-content\/uploads\/2023\/09\/redacao.png","caption":"Reda\u00e7\u00e3o Sul SC"},"description":"Foco em um jornalismo imparcial, voltado \u00e0 qualidade dos seus conte\u00fados e, assim, levar informa\u00e7\u00e3o de valor que agregue \u00e0 vida dos leitores. Esta \u00e9 grande miss\u00e3o do Portal de Not\u00edcias Sul SC. N\u00e3o \u00e9 quantidade que muda o mundo, sempre foi e seguir\u00e1 sendo qualidade!","sameAs":["https:\/\/sulsc.com\/","https:\/\/www.facebook.com\/profile.php?id=61559278119680","https:\/\/www.instagram.com\/sulscportal\/?hl=pt-br","https:\/\/twitter.com\/https:\/\/twitter.com\/PortalSulSC","https:\/\/www.youtube.com\/channel\/UCv_BE8GeySluDov2n8qhVmw"],"url":"https:\/\/sulsc.com\/index.php\/author\/redacao\/"}]}},"authors":[],"_links":{"self":[{"href":"https:\/\/sulsc.com\/index.php\/wp-json\/wp\/v2\/posts\/31548"}],"collection":[{"href":"https:\/\/sulsc.com\/index.php\/wp-json\/wp\/v2\/posts"}],"about":[{"href":"https:\/\/sulsc.com\/index.php\/wp-json\/wp\/v2\/types\/post"}],"author":[{"embeddable":true,"href":"https:\/\/sulsc.com\/index.php\/wp-json\/wp\/v2\/users\/3"}],"replies":[{"embeddable":true,"href":"https:\/\/sulsc.com\/index.php\/wp-json\/wp\/v2\/comments?post=31548"}],"version-history":[{"count":1,"href":"https:\/\/sulsc.com\/index.php\/wp-json\/wp\/v2\/posts\/31548\/revisions"}],"predecessor-version":[{"id":31551,"href":"https:\/\/sulsc.com\/index.php\/wp-json\/wp\/v2\/posts\/31548\/revisions\/31551"}],"wp:featuredmedia":[{"embeddable":true,"href":"https:\/\/sulsc.com\/index.php\/wp-json\/wp\/v2\/media\/31550"}],"wp:attachment":[{"href":"https:\/\/sulsc.com\/index.php\/wp-json\/wp\/v2\/media?parent=31548"}],"wp:term":[{"taxonomy":"category","embeddable":true,"href":"https:\/\/sulsc.com\/index.php\/wp-json\/wp\/v2\/categories?post=31548"},{"taxonomy":"post_tag","embeddable":true,"href":"https:\/\/sulsc.com\/index.php\/wp-json\/wp\/v2\/tags?post=31548"}],"curies":[{"name":"wp","href":"https:\/\/api.w.org\/{rel}","templated":true}]}}