{"id":31554,"date":"2026-01-16T09:03:13","date_gmt":"2026-01-16T12:03:13","guid":{"rendered":"https:\/\/sulsc.com\/?p=31554"},"modified":"2026-01-16T09:06:27","modified_gmt":"2026-01-16T12:06:27","slug":"giro-politico-psd-oficializa-pre-candidatura-de-clesio-salvaro-a-assembleia-legislativa-em-2026","status":"publish","type":"post","link":"https:\/\/sulsc.com\/index.php\/2026\/01\/16\/giro-politico-psd-oficializa-pre-candidatura-de-clesio-salvaro-a-assembleia-legislativa-em-2026\/","title":{"rendered":"Giro Politico &#8211; PSD oficializa pr\u00e9-candidatura de Cl\u00e9sio Salvaro \u00e0 Assembleia Legislativa em 2026"},"content":{"rendered":"<p><span dir=\"auto\" style=\"vertical-align: inherit;\"><span dir=\"auto\" style=\"vertical-align: inherit;\"><span dir=\"auto\" style=\"vertical-align: inherit;\"><span dir=\"auto\" style=\"vertical-align: inherit;\">O cen\u00e1rio pol\u00edtico do Sul Catarinense registrou uma negocia\u00e7\u00e3o estrat\u00e9gica na noite desta quinta-feira (15). Em reuni\u00e3o extraordin\u00e1ria do diret\u00f3rio municipal do Partido Social Democr\u00e1tico (PSD), o ex-prefeito de Crici\u00fama, Cl\u00e9sio Salvaro, foi oficializado como pr\u00e9-candidato a deputado estadual para o pleito de 2026.<\/span><\/span><\/span><\/span><\/p>\n<p><span dir=\"auto\" style=\"vertical-align: inherit;\"><span dir=\"auto\" style=\"vertical-align: inherit;\"><div id=\"metaslider-id-25573\" style=\"width: 100%;\" class=\"ml-slider-3-99-0 metaslider metaslider-flex metaslider-25573 ml-slider has-onhover-arrows ms-theme-default-base has-dots-nav\" role=\"region\" aria-label=\"Meio\" data-width=\"1200\">\n    <div id=\"metaslider_container_25573\">\n        <div id=\"metaslider_25573\">\n            <ul class='slides'>\n                <li style=\"display: block; width: 100%;\" class=\"slide-25684 ms-image \" aria-roledescription=\"slide\" data-date=\"2025-07-24 07:55:40\"><img src=\"https:\/\/sulsc.com\/wp-content\/uploads\/2025\/07\/Marr-2-1000x166.jpg\" height=\"200\" width=\"1200\" alt=\"\" class=\"slider-25573 slide-25684 msDefaultImage\" title=\"Marr 2\" \/><\/li>\n                <li style=\"display: none; width: 100%;\" class=\"slide-32412 ms-image \" aria-roledescription=\"slide\" data-date=\"2026-02-18 13:59:46\"><img src=\"https:\/\/sulsc.com\/wp-content\/uploads\/2026\/02\/40dc1580-cad5-4867-bc58-c4243821ad38-1000x166.jpeg\" height=\"200\" width=\"1200\" alt=\"\" class=\"slider-25573 slide-32412 msDefaultImage\" title=\"40dc1580-cad5-4867-bc58-c4243821ad38\" \/><\/li>\n                <li style=\"display: none; width: 100%;\" class=\"slide-32766 ms-image \" aria-roledescription=\"slide\" data-date=\"2026-03-03 17:22:59\"><img src=\"https:\/\/sulsc.com\/wp-content\/uploads\/2026\/03\/271ce739-f268-41c5-8051-3de1a1750359-1000x166.jpeg\" height=\"200\" width=\"1200\" alt=\"\" class=\"slider-25573 slide-32766 msDefaultImage\" title=\"271ce739-f268-41c5-8051-3de1a1750359\" \/><\/li>\n            <\/ul>\n        <\/div>\n        \n    <\/div>\n<\/div><\/span><\/span><\/p>\n<p><span dir=\"auto\" style=\"vertical-align: inherit;\"><span dir=\"auto\" style=\"vertical-align: inherit;\"><span dir=\"auto\" style=\"vertical-align: inherit;\"><span dir=\"auto\" style=\"vertical-align: inherit;\">A decis\u00e3o surge como uma resposta direta \u00e0 recente desist\u00eancia de Arleu da Silveira, que abriu m\u00e3o de sua postula\u00e7\u00e3o \u00e0 Assembleia Legislativa de Santa Catarina (Alesc). O an\u00fancio contou com o respaldo de figuras centrais da sigla, incluindo o atual prefeito de Crici\u00fama, Vaguinho, o presidente municipal do partido, Sal\u00e9sio Lima, e o presidente da Alesc, deputado J\u00falio Garcia.<\/span><\/span><\/span><\/span><\/p>\n<p>&nbsp;<\/p>\n<p><img fetchpriority=\"high\" decoding=\"async\" class=\"aligncenter size-full wp-image-31560\" src=\"http:\/\/sulsc.com\/wp-content\/uploads\/2026\/01\/2b376d77-776d-4b96-bfab-c64a8b069ce8.jpeg\" alt=\"\" width=\"1220\" height=\"1349\" srcset=\"https:\/\/sulsc.com\/wp-content\/uploads\/2026\/01\/2b376d77-776d-4b96-bfab-c64a8b069ce8.jpeg 1220w, https:\/\/sulsc.com\/wp-content\/uploads\/2026\/01\/2b376d77-776d-4b96-bfab-c64a8b069ce8-271x300.jpeg 271w, https:\/\/sulsc.com\/wp-content\/uploads\/2026\/01\/2b376d77-776d-4b96-bfab-c64a8b069ce8-926x1024.jpeg 926w, https:\/\/sulsc.com\/wp-content\/uploads\/2026\/01\/2b376d77-776d-4b96-bfab-c64a8b069ce8-768x849.jpeg 768w\" sizes=\"(max-width: 1220px) 100vw, 1220px\" \/><\/p>\n<p><span dir=\"auto\" style=\"vertical-align: inherit;\"><span dir=\"auto\" style=\"vertical-align: inherit;\"><span dir=\"auto\" style=\"vertical-align: inherit;\"><span dir=\"auto\" style=\"vertical-align: inherit;\">Fotos\/Rede Social\/Instagram<\/span><\/span><\/span><\/span><\/p>\n<p><strong><span dir=\"auto\" style=\"vertical-align: inherit;\"><span dir=\"auto\" style=\"vertical-align: inherit;\"><span dir=\"auto\" style=\"vertical-align: inherit;\"><span dir=\"auto\" style=\"vertical-align: inherit;\">Articula\u00e7\u00e3o e Estrat\u00e9gia Partid\u00e1ria<\/span><\/span><\/span><\/span><\/strong><br \/>\n<span dir=\"auto\" style=\"vertical-align: inherit;\"><span dir=\"auto\" style=\"vertical-align: inherit;\"><span dir=\"auto\" style=\"vertical-align: inherit;\"><span dir=\"auto\" style=\"vertical-align: inherit;\"> A escolha de Salvaro \u00e9 tratada pela c\u00fapula do PSD como um movimento para consolidar a representatividade da regi\u00e3o Sul no parlamento estadual. O partido busca alinhar nomes de forte apelo eleitoral e experi\u00eancia administrativa para dar sustenta\u00e7\u00e3o ao projeto pol\u00edtico que inclui a pr\u00e9-candidatura de Jo\u00e3o Rodrigues ao Governo do Estado e a reelei\u00e7\u00e3o de J\u00falio Garcia, que deve buscar uma vaga na C\u00e2mara dos Deputados.<\/span><\/span><\/span><\/span><\/p>\n<p><strong><span dir=\"auto\" style=\"vertical-align: inherit;\"><span dir=\"auto\" style=\"vertical-align: inherit;\"><span dir=\"auto\" style=\"vertical-align: inherit;\"><span dir=\"auto\" style=\"vertical-align: inherit;\">Hist\u00f3rico Pol\u00edtico<\/span><\/span><\/span><\/span><\/strong><br \/>\n<span dir=\"auto\" style=\"vertical-align: inherit;\"><span dir=\"auto\" style=\"vertical-align: inherit;\"><span dir=\"auto\" style=\"vertical-align: inherit;\"><span dir=\"auto\" style=\"vertical-align: inherit;\"> Cl\u00e9sio Salvaro possui uma trajet\u00f3ria extensa na vida p\u00fablica, iniciada em 1988 como vereador em Sider\u00f3polis. Sua experi\u00eancia no Legislativo Estadual n\u00e3o \u00e9 in\u00e9dita; Salvaro j\u00e1 ocupou cadeiras na Alesc ap\u00f3s ser eleito em 2002 e reeleito em 2006. <\/span><\/span><\/span><\/span><br \/>\n<span dir=\"auto\" style=\"vertical-align: inherit;\"><span dir=\"auto\" style=\"vertical-align: inherit;\"><span dir=\"auto\" style=\"vertical-align: inherit;\"><span dir=\"auto\" style=\"vertical-align: inherit;\">No Executivo, sua marca \u00e9 consolidada por tr\u00eas mandatos como prefeito de Crici\u00fama (2009-2012, 2017-2020 e 2021-2024), sendo notabilizado por vota\u00e7\u00f5es expressivas, como os 75,87% dos votos v\u00e1lidos obtidos no pleito de 2016.<\/span><\/span><\/span><\/span><\/p>\n<p><span dir=\"auto\" style=\"vertical-align: inherit;\"><span dir=\"auto\" style=\"vertical-align: inherit;\"><span dir=\"auto\" style=\"vertical-align: inherit;\"><span dir=\"auto\" style=\"vertical-align: inherit;\">Com a oficializa\u00e7\u00e3o, o PSD inicia agora a fase de organiza\u00e7\u00e3o das bases e di\u00e1logo com os munic\u00edpios vizinhos. O desafio do pr\u00e9-candidato ser\u00e1 transferir seu capital pol\u00edtico acumulado na gest\u00e3o municipal para uma campanha de \u00e2mbito regional, mudan\u00e7as retomando o espa\u00e7o que j\u00e1 ocupou no cen\u00e1rio estadual h\u00e1 duas d\u00e9cadas.<\/span><\/span><\/span><\/span><\/p>\n","protected":false},"excerpt":{"rendered":"<p>O cen\u00e1rio pol\u00edtico do Sul Catarinense registrou uma negocia\u00e7\u00e3o estrat\u00e9gica na noite desta quinta-feira (15). Em reuni\u00e3o extraordin\u00e1ria do diret\u00f3rio municipal do Partido Social Democr\u00e1tico (PSD), o ex-prefeito de Crici\u00fama, Cl\u00e9sio Salvaro, foi oficializado como pr\u00e9-candidato a deputado estadual para o pleito de 2026. A decis\u00e3o surge como uma resposta direta \u00e0 recente desist\u00eancia de &hellip;<\/p>\n<p class=\"read-more\"> <a class=\"\" href=\"https:\/\/sulsc.com\/index.php\/2026\/01\/16\/giro-politico-psd-oficializa-pre-candidatura-de-clesio-salvaro-a-assembleia-legislativa-em-2026\/\"> <span class=\"screen-reader-text\">Giro Politico &#8211; PSD oficializa pr\u00e9-candidatura de Cl\u00e9sio Salvaro \u00e0 Assembleia Legislativa em 2026<\/span> Read More &raquo;<\/a><\/p>\n","protected":false},"author":3,"featured_media":31556,"comment_status":"open","ping_status":"open","sticky":false,"template":"","format":"standard","meta":{"site-sidebar-layout":"default","site-content-layout":"","ast-site-content-layout":"default","site-content-style":"default","site-sidebar-style":"default","ast-global-header-display":"","ast-banner-title-visibility":"","ast-main-header-display":"","ast-hfb-above-header-display":"","ast-hfb-below-header-display":"","ast-hfb-mobile-header-display":"","site-post-title":"","ast-breadcrumbs-content":"","ast-featured-img":"","footer-sml-layout":"","theme-transparent-header-meta":"default","adv-header-id-meta":"","stick-header-meta":"","header-above-stick-meta":"","header-main-stick-meta":"","header-below-stick-meta":"","astra-migrate-meta-layouts":"set","footnotes":""},"categories":[2354,13,1,6,14,12],"tags":[1788],"yoast_head":"<!-- This site is optimized with the Yoast SEO plugin v21.4 - https:\/\/yoast.com\/wordpress\/plugins\/seo\/ -->\n<title>Giro Politico - PSD oficializa pr\u00e9-candidatura de Cl\u00e9sio Salvaro \u00e0 Assembleia Legislativa em 2026 -<\/title>\n<meta name=\"robots\" content=\"index, follow, max-snippet:-1, max-image-preview:large, max-video-preview:-1\" \/>\n<link rel=\"canonical\" href=\"https:\/\/sulsc.com\/index.php\/2026\/01\/16\/giro-politico-psd-oficializa-pre-candidatura-de-clesio-salvaro-a-assembleia-legislativa-em-2026\/\" \/>\n<meta property=\"og:locale\" content=\"en_US\" \/>\n<meta property=\"og:type\" content=\"article\" \/>\n<meta property=\"og:title\" content=\"Giro Politico - PSD oficializa pr\u00e9-candidatura de Cl\u00e9sio Salvaro \u00e0 Assembleia Legislativa em 2026 -\" \/>\n<meta property=\"og:description\" content=\"O cen\u00e1rio pol\u00edtico do Sul Catarinense registrou uma negocia\u00e7\u00e3o estrat\u00e9gica na noite desta quinta-feira (15). Em reuni\u00e3o extraordin\u00e1ria do diret\u00f3rio municipal do Partido Social Democr\u00e1tico (PSD), o ex-prefeito de Crici\u00fama, Cl\u00e9sio Salvaro, foi oficializado como pr\u00e9-candidato a deputado estadual para o pleito de 2026. A decis\u00e3o surge como uma resposta direta \u00e0 recente desist\u00eancia de &hellip; Giro Politico &#8211; PSD oficializa pr\u00e9-candidatura de Cl\u00e9sio Salvaro \u00e0 Assembleia Legislativa em 2026 Read More &raquo;\" \/>\n<meta property=\"og:url\" content=\"https:\/\/sulsc.com\/index.php\/2026\/01\/16\/giro-politico-psd-oficializa-pre-candidatura-de-clesio-salvaro-a-assembleia-legislativa-em-2026\/\" \/>\n<meta property=\"article:author\" content=\"https:\/\/www.facebook.com\/profile.php?id=61559278119680\" \/>\n<meta property=\"article:published_time\" content=\"2026-01-16T12:03:13+00:00\" \/>\n<meta property=\"article:modified_time\" content=\"2026-01-16T12:06:27+00:00\" \/>\n<meta property=\"og:image\" content=\"http:\/\/sulsc.com\/wp-content\/uploads\/2026\/01\/245ef1f4-a0d2-476b-ae4a-066932d827ba-e1768565078468.jpeg\" \/>\n\t<meta property=\"og:image:width\" content=\"872\" \/>\n\t<meta property=\"og:image:height\" content=\"673\" \/>\n\t<meta property=\"og:image:type\" content=\"image\/jpeg\" \/>\n<meta name=\"author\" content=\"Reda\u00e7\u00e3o Sul SC\" \/>\n<meta name=\"twitter:card\" content=\"summary_large_image\" \/>\n<meta name=\"twitter:creator\" content=\"@https:\/\/twitter.com\/PortalSulSC\" \/>\n<meta name=\"twitter:label1\" content=\"Written by\" \/>\n\t<meta name=\"twitter:data1\" content=\"Reda\u00e7\u00e3o Sul SC\" \/>\n\t<meta name=\"twitter:label2\" content=\"Est. reading time\" \/>\n\t<meta name=\"twitter:data2\" content=\"2 minutes\" \/>\n<script type=\"application\/ld+json\" class=\"yoast-schema-graph\">{\"@context\":\"https:\/\/schema.org\",\"@graph\":[{\"@type\":\"WebPage\",\"@id\":\"https:\/\/sulsc.com\/index.php\/2026\/01\/16\/giro-politico-psd-oficializa-pre-candidatura-de-clesio-salvaro-a-assembleia-legislativa-em-2026\/\",\"url\":\"https:\/\/sulsc.com\/index.php\/2026\/01\/16\/giro-politico-psd-oficializa-pre-candidatura-de-clesio-salvaro-a-assembleia-legislativa-em-2026\/\",\"name\":\"Giro Politico - PSD oficializa pr\u00e9-candidatura de Cl\u00e9sio Salvaro \u00e0 Assembleia Legislativa em 2026 -\",\"isPartOf\":{\"@id\":\"https:\/\/sulsc.com\/#website\"},\"datePublished\":\"2026-01-16T12:03:13+00:00\",\"dateModified\":\"2026-01-16T12:06:27+00:00\",\"author\":{\"@id\":\"https:\/\/sulsc.com\/#\/schema\/person\/84d2fc571684f6248ba83092f07750a3\"},\"breadcrumb\":{\"@id\":\"https:\/\/sulsc.com\/index.php\/2026\/01\/16\/giro-politico-psd-oficializa-pre-candidatura-de-clesio-salvaro-a-assembleia-legislativa-em-2026\/#breadcrumb\"},\"inLanguage\":\"en-US\",\"potentialAction\":[{\"@type\":\"ReadAction\",\"target\":[\"https:\/\/sulsc.com\/index.php\/2026\/01\/16\/giro-politico-psd-oficializa-pre-candidatura-de-clesio-salvaro-a-assembleia-legislativa-em-2026\/\"]}]},{\"@type\":\"BreadcrumbList\",\"@id\":\"https:\/\/sulsc.com\/index.php\/2026\/01\/16\/giro-politico-psd-oficializa-pre-candidatura-de-clesio-salvaro-a-assembleia-legislativa-em-2026\/#breadcrumb\",\"itemListElement\":[{\"@type\":\"ListItem\",\"position\":1,\"name\":\"In\u00edcio\",\"item\":\"https:\/\/sulsc.com\/\"},{\"@type\":\"ListItem\",\"position\":2,\"name\":\"Giro Politico &#8211; PSD oficializa pr\u00e9-candidatura de Cl\u00e9sio Salvaro \u00e0 Assembleia Legislativa em 2026\"}]},{\"@type\":\"WebSite\",\"@id\":\"https:\/\/sulsc.com\/#website\",\"url\":\"https:\/\/sulsc.com\/\",\"name\":\"\",\"description\":\"\",\"potentialAction\":[{\"@type\":\"SearchAction\",\"target\":{\"@type\":\"EntryPoint\",\"urlTemplate\":\"https:\/\/sulsc.com\/?s={search_term_string}\"},\"query-input\":\"required name=search_term_string\"}],\"inLanguage\":\"en-US\"},{\"@type\":\"Person\",\"@id\":\"https:\/\/sulsc.com\/#\/schema\/person\/84d2fc571684f6248ba83092f07750a3\",\"name\":\"Reda\u00e7\u00e3o Sul SC\",\"image\":{\"@type\":\"ImageObject\",\"inLanguage\":\"en-US\",\"@id\":\"https:\/\/sulsc.com\/#\/schema\/person\/image\/e08d7fe2cc4ed596372063bbe852b8d0\",\"url\":\"https:\/\/sulsc.com\/wp-content\/uploads\/2023\/09\/redacao.png\",\"contentUrl\":\"https:\/\/sulsc.com\/wp-content\/uploads\/2023\/09\/redacao.png\",\"caption\":\"Reda\u00e7\u00e3o Sul SC\"},\"description\":\"Foco em um jornalismo imparcial, voltado \u00e0 qualidade dos seus conte\u00fados e, assim, levar informa\u00e7\u00e3o de valor que agregue \u00e0 vida dos leitores. Esta \u00e9 grande miss\u00e3o do Portal de Not\u00edcias Sul SC. N\u00e3o \u00e9 quantidade que muda o mundo, sempre foi e seguir\u00e1 sendo qualidade!\",\"sameAs\":[\"https:\/\/sulsc.com\/\",\"https:\/\/www.facebook.com\/profile.php?id=61559278119680\",\"https:\/\/www.instagram.com\/sulscportal\/?hl=pt-br\",\"https:\/\/twitter.com\/https:\/\/twitter.com\/PortalSulSC\",\"https:\/\/www.youtube.com\/channel\/UCv_BE8GeySluDov2n8qhVmw\"],\"url\":\"https:\/\/sulsc.com\/index.php\/author\/redacao\/\"}]}<\/script>\n<!-- \/ Yoast SEO plugin. -->","yoast_head_json":{"title":"Giro Politico - PSD oficializa pr\u00e9-candidatura de Cl\u00e9sio Salvaro \u00e0 Assembleia Legislativa em 2026 -","robots":{"index":"index","follow":"follow","max-snippet":"max-snippet:-1","max-image-preview":"max-image-preview:large","max-video-preview":"max-video-preview:-1"},"canonical":"https:\/\/sulsc.com\/index.php\/2026\/01\/16\/giro-politico-psd-oficializa-pre-candidatura-de-clesio-salvaro-a-assembleia-legislativa-em-2026\/","og_locale":"en_US","og_type":"article","og_title":"Giro Politico - PSD oficializa pr\u00e9-candidatura de Cl\u00e9sio Salvaro \u00e0 Assembleia Legislativa em 2026 -","og_description":"O cen\u00e1rio pol\u00edtico do Sul Catarinense registrou uma negocia\u00e7\u00e3o estrat\u00e9gica na noite desta quinta-feira (15). Em reuni\u00e3o extraordin\u00e1ria do diret\u00f3rio municipal do Partido Social Democr\u00e1tico (PSD), o ex-prefeito de Crici\u00fama, Cl\u00e9sio Salvaro, foi oficializado como pr\u00e9-candidato a deputado estadual para o pleito de 2026. A decis\u00e3o surge como uma resposta direta \u00e0 recente desist\u00eancia de &hellip; Giro Politico &#8211; PSD oficializa pr\u00e9-candidatura de Cl\u00e9sio Salvaro \u00e0 Assembleia Legislativa em 2026 Read More &raquo;","og_url":"https:\/\/sulsc.com\/index.php\/2026\/01\/16\/giro-politico-psd-oficializa-pre-candidatura-de-clesio-salvaro-a-assembleia-legislativa-em-2026\/","article_author":"https:\/\/www.facebook.com\/profile.php?id=61559278119680","article_published_time":"2026-01-16T12:03:13+00:00","article_modified_time":"2026-01-16T12:06:27+00:00","og_image":[{"width":872,"height":673,"url":"http:\/\/sulsc.com\/wp-content\/uploads\/2026\/01\/245ef1f4-a0d2-476b-ae4a-066932d827ba-e1768565078468.jpeg","type":"image\/jpeg"}],"author":"Reda\u00e7\u00e3o Sul SC","twitter_card":"summary_large_image","twitter_creator":"@https:\/\/twitter.com\/PortalSulSC","twitter_misc":{"Written by":"Reda\u00e7\u00e3o Sul SC","Est. reading time":"2 minutes"},"schema":{"@context":"https:\/\/schema.org","@graph":[{"@type":"WebPage","@id":"https:\/\/sulsc.com\/index.php\/2026\/01\/16\/giro-politico-psd-oficializa-pre-candidatura-de-clesio-salvaro-a-assembleia-legislativa-em-2026\/","url":"https:\/\/sulsc.com\/index.php\/2026\/01\/16\/giro-politico-psd-oficializa-pre-candidatura-de-clesio-salvaro-a-assembleia-legislativa-em-2026\/","name":"Giro Politico - PSD oficializa pr\u00e9-candidatura de Cl\u00e9sio Salvaro \u00e0 Assembleia Legislativa em 2026 -","isPartOf":{"@id":"https:\/\/sulsc.com\/#website"},"datePublished":"2026-01-16T12:03:13+00:00","dateModified":"2026-01-16T12:06:27+00:00","author":{"@id":"https:\/\/sulsc.com\/#\/schema\/person\/84d2fc571684f6248ba83092f07750a3"},"breadcrumb":{"@id":"https:\/\/sulsc.com\/index.php\/2026\/01\/16\/giro-politico-psd-oficializa-pre-candidatura-de-clesio-salvaro-a-assembleia-legislativa-em-2026\/#breadcrumb"},"inLanguage":"en-US","potentialAction":[{"@type":"ReadAction","target":["https:\/\/sulsc.com\/index.php\/2026\/01\/16\/giro-politico-psd-oficializa-pre-candidatura-de-clesio-salvaro-a-assembleia-legislativa-em-2026\/"]}]},{"@type":"BreadcrumbList","@id":"https:\/\/sulsc.com\/index.php\/2026\/01\/16\/giro-politico-psd-oficializa-pre-candidatura-de-clesio-salvaro-a-assembleia-legislativa-em-2026\/#breadcrumb","itemListElement":[{"@type":"ListItem","position":1,"name":"In\u00edcio","item":"https:\/\/sulsc.com\/"},{"@type":"ListItem","position":2,"name":"Giro Politico &#8211; PSD oficializa pr\u00e9-candidatura de Cl\u00e9sio Salvaro \u00e0 Assembleia Legislativa em 2026"}]},{"@type":"WebSite","@id":"https:\/\/sulsc.com\/#website","url":"https:\/\/sulsc.com\/","name":"","description":"","potentialAction":[{"@type":"SearchAction","target":{"@type":"EntryPoint","urlTemplate":"https:\/\/sulsc.com\/?s={search_term_string}"},"query-input":"required name=search_term_string"}],"inLanguage":"en-US"},{"@type":"Person","@id":"https:\/\/sulsc.com\/#\/schema\/person\/84d2fc571684f6248ba83092f07750a3","name":"Reda\u00e7\u00e3o Sul SC","image":{"@type":"ImageObject","inLanguage":"en-US","@id":"https:\/\/sulsc.com\/#\/schema\/person\/image\/e08d7fe2cc4ed596372063bbe852b8d0","url":"https:\/\/sulsc.com\/wp-content\/uploads\/2023\/09\/redacao.png","contentUrl":"https:\/\/sulsc.com\/wp-content\/uploads\/2023\/09\/redacao.png","caption":"Reda\u00e7\u00e3o Sul SC"},"description":"Foco em um jornalismo imparcial, voltado \u00e0 qualidade dos seus conte\u00fados e, assim, levar informa\u00e7\u00e3o de valor que agregue \u00e0 vida dos leitores. Esta \u00e9 grande miss\u00e3o do Portal de Not\u00edcias Sul SC. N\u00e3o \u00e9 quantidade que muda o mundo, sempre foi e seguir\u00e1 sendo qualidade!","sameAs":["https:\/\/sulsc.com\/","https:\/\/www.facebook.com\/profile.php?id=61559278119680","https:\/\/www.instagram.com\/sulscportal\/?hl=pt-br","https:\/\/twitter.com\/https:\/\/twitter.com\/PortalSulSC","https:\/\/www.youtube.com\/channel\/UCv_BE8GeySluDov2n8qhVmw"],"url":"https:\/\/sulsc.com\/index.php\/author\/redacao\/"}]}},"authors":[],"_links":{"self":[{"href":"https:\/\/sulsc.com\/index.php\/wp-json\/wp\/v2\/posts\/31554"}],"collection":[{"href":"https:\/\/sulsc.com\/index.php\/wp-json\/wp\/v2\/posts"}],"about":[{"href":"https:\/\/sulsc.com\/index.php\/wp-json\/wp\/v2\/types\/post"}],"author":[{"embeddable":true,"href":"https:\/\/sulsc.com\/index.php\/wp-json\/wp\/v2\/users\/3"}],"replies":[{"embeddable":true,"href":"https:\/\/sulsc.com\/index.php\/wp-json\/wp\/v2\/comments?post=31554"}],"version-history":[{"count":4,"href":"https:\/\/sulsc.com\/index.php\/wp-json\/wp\/v2\/posts\/31554\/revisions"}],"predecessor-version":[{"id":31561,"href":"https:\/\/sulsc.com\/index.php\/wp-json\/wp\/v2\/posts\/31554\/revisions\/31561"}],"wp:featuredmedia":[{"embeddable":true,"href":"https:\/\/sulsc.com\/index.php\/wp-json\/wp\/v2\/media\/31556"}],"wp:attachment":[{"href":"https:\/\/sulsc.com\/index.php\/wp-json\/wp\/v2\/media?parent=31554"}],"wp:term":[{"taxonomy":"category","embeddable":true,"href":"https:\/\/sulsc.com\/index.php\/wp-json\/wp\/v2\/categories?post=31554"},{"taxonomy":"post_tag","embeddable":true,"href":"https:\/\/sulsc.com\/index.php\/wp-json\/wp\/v2\/tags?post=31554"}],"curies":[{"name":"wp","href":"https:\/\/api.w.org\/{rel}","templated":true}]}}