{"id":31575,"date":"2026-01-16T15:04:46","date_gmt":"2026-01-16T18:04:46","guid":{"rendered":"https:\/\/sulsc.com\/?p=31575"},"modified":"2026-01-16T15:04:46","modified_gmt":"2026-01-16T18:04:46","slug":"prf-divulga-balanco-de-2025-mortes-em-rodovias-federais-de-sc-sobem-45","status":"publish","type":"post","link":"https:\/\/sulsc.com\/index.php\/2026\/01\/16\/prf-divulga-balanco-de-2025-mortes-em-rodovias-federais-de-sc-sobem-45\/","title":{"rendered":"PRF divulga balan\u00e7o de 2025: mortes em rodovias federais de SC sobem 4,5%"},"content":{"rendered":"<p>A Pol\u00edcia Rodovi\u00e1ria Federal (PRF) apresentou os dados consolidados referentes \u00e0 seguran\u00e7a vi\u00e1ria e \u00e0s opera\u00e7\u00f5es policiais nas rodovias federais de Santa Catarina em 2025. O levantamento aponta uma din\u00e2mica mista: enquanto houve uma queda no total de colis\u00f5es, o n\u00famero de v\u00edtimas fatais registrou aumento em compara\u00e7\u00e3o ao ano anterior.<\/p>\n<div id=\"metaslider-id-25573\" style=\"width: 100%;\" class=\"ml-slider-3-99-0 metaslider metaslider-flex metaslider-25573 ml-slider has-onhover-arrows ms-theme-default-base has-dots-nav\" role=\"region\" aria-label=\"Meio\" data-width=\"1200\">\n    <div id=\"metaslider_container_25573\">\n        <div id=\"metaslider_25573\">\n            <ul class='slides'>\n                <li style=\"display: block; width: 100%;\" class=\"slide-25684 ms-image \" aria-roledescription=\"slide\" data-date=\"2025-07-24 07:55:40\"><img src=\"https:\/\/sulsc.com\/wp-content\/uploads\/2025\/07\/Marr-2-1000x166.jpg\" height=\"200\" width=\"1200\" alt=\"\" class=\"slider-25573 slide-25684 msDefaultImage\" title=\"Marr 2\" \/><\/li>\n                <li style=\"display: none; width: 100%;\" class=\"slide-32412 ms-image \" aria-roledescription=\"slide\" data-date=\"2026-02-18 13:59:46\"><img src=\"https:\/\/sulsc.com\/wp-content\/uploads\/2026\/02\/40dc1580-cad5-4867-bc58-c4243821ad38-1000x166.jpeg\" height=\"200\" width=\"1200\" alt=\"\" class=\"slider-25573 slide-32412 msDefaultImage\" title=\"40dc1580-cad5-4867-bc58-c4243821ad38\" \/><\/li>\n                <li style=\"display: none; width: 100%;\" class=\"slide-32766 ms-image \" aria-roledescription=\"slide\" data-date=\"2026-03-03 17:22:59\"><img src=\"https:\/\/sulsc.com\/wp-content\/uploads\/2026\/03\/271ce739-f268-41c5-8051-3de1a1750359-1000x166.jpeg\" height=\"200\" width=\"1200\" alt=\"\" class=\"slider-25573 slide-32766 msDefaultImage\" title=\"271ce739-f268-41c5-8051-3de1a1750359\" \/><\/li>\n            <\/ul>\n        <\/div>\n        \n    <\/div>\n<\/div>\n<p>Ao longo de 2025, foram registrados 8.174 acidentes nas rodovias federais do estado, resultando em 9.395 feridos e 434 mortes no local das ocorr\u00eancias. Em rela\u00e7\u00e3o a 2024, esses n\u00fameros representam uma redu\u00e7\u00e3o de 2,4% no total de acidentes e de 1,4% no n\u00famero de feridos. No entanto, o total de mortos cresceu 4,5%.<\/p>\n<p>A BR-101 manteve-se como a rodovia com o maior volume de sinistros e \u00f3bitos, seguida pela BR-282 e pela BR-470.<br \/>\nRodovia | Acidentes (2025) Mortos (2025) |<\/p>\n<p>BR-101 | 4.220 | 147<br \/>\nBR-282 | 1.379 | 100<br \/>\nBR-470 | 1.066 | 101<\/p>\n<p>O Impacto das Motocicletas<br \/>\nUm dado central do relat\u00f3rio \u00e9 a alta participa\u00e7\u00e3o de ve\u00edculos de duas rodas nas estat\u00edsticas. Quase metade dos acidentes (48,6%) e dos feridos (48,2%) envolveram motocicletas. Al\u00e9m disso, os motociclistas representaram cerca de 31% das mortes totais.<\/p>\n<p><img fetchpriority=\"high\" decoding=\"async\" class=\"aligncenter size-full wp-image-31576\" src=\"http:\/\/sulsc.com\/wp-content\/uploads\/2026\/01\/47d1eae5-d4e8-4cd4-870b-b86f771d1a2c.jpeg\" alt=\"\" width=\"1348\" height=\"1194\" srcset=\"https:\/\/sulsc.com\/wp-content\/uploads\/2026\/01\/47d1eae5-d4e8-4cd4-870b-b86f771d1a2c.jpeg 1348w, https:\/\/sulsc.com\/wp-content\/uploads\/2026\/01\/47d1eae5-d4e8-4cd4-870b-b86f771d1a2c-300x266.jpeg 300w, https:\/\/sulsc.com\/wp-content\/uploads\/2026\/01\/47d1eae5-d4e8-4cd4-870b-b86f771d1a2c-1024x907.jpeg 1024w, https:\/\/sulsc.com\/wp-content\/uploads\/2026\/01\/47d1eae5-d4e8-4cd4-870b-b86f771d1a2c-768x680.jpeg 768w\" sizes=\"(max-width: 1348px) 100vw, 1348px\" \/><\/p>\n<p>Fotos\/PRF-SC\/Divulga\u00e7\u00e3o\/SulSC<\/p>\n<p>Segundo a PRF, esse cen\u00e1rio \u00e9 influenciado pela expans\u00e3o da frota devido ao aumento dos servi\u00e7os de tele-entregas e \u00e0s defici\u00eancias no transporte p\u00fablico. O crescimento urbano em torno das rodovias, que transforma trechos federais em vias de tr\u00e2nsito local, tamb\u00e9m \u00e9 apontado como um fator de risco para esses condutores.<\/p>\n<p>No \u00e2mbito administrativo, a PRF registrou milhares de infra\u00e7\u00f5es em 2025. O excesso de velocidade foi a conduta mais flagrada, com 62.398 registros por radares. Outras infra\u00e7\u00f5es inclu\u00edram:<\/p>\n<p>Ultrapassagens em locais proibidos: 11.078 condutores multados.<\/p>\n<p>Alcoolemia: 4.940 motoristas flagrados sob efeito de \u00e1lcool.<\/p>\n<p>Seguran\u00e7a passiva: 13.815 pessoas sem cinto de seguran\u00e7a e 1.687 crian\u00e7as transportadas sem a cadeirinha apropriada.<\/p>\n<p>Na frente de combate ao crime, as a\u00e7\u00f5es resultaram na pris\u00e3o de 1.797 pessoas em flagrante. Foram recuperados 143 ve\u00edculos roubados e apreendidas mais de 29 toneladas de maconha, al\u00e9m de 696 quilos de coca\u00edna e crack ao longo do ano.<\/p>\n","protected":false},"excerpt":{"rendered":"<p>A Pol\u00edcia Rodovi\u00e1ria Federal (PRF) apresentou os dados consolidados referentes \u00e0 seguran\u00e7a vi\u00e1ria e \u00e0s opera\u00e7\u00f5es policiais nas rodovias federais de Santa Catarina em 2025. O levantamento aponta uma din\u00e2mica mista: enquanto houve uma queda no total de colis\u00f5es, o n\u00famero de v\u00edtimas fatais registrou aumento em compara\u00e7\u00e3o ao ano anterior. Ao longo de 2025, &hellip;<\/p>\n<p class=\"read-more\"> <a class=\"\" href=\"https:\/\/sulsc.com\/index.php\/2026\/01\/16\/prf-divulga-balanco-de-2025-mortes-em-rodovias-federais-de-sc-sobem-45\/\"> <span class=\"screen-reader-text\">PRF divulga balan\u00e7o de 2025: mortes em rodovias federais de SC sobem 4,5%<\/span> Read More &raquo;<\/a><\/p>\n","protected":false},"author":3,"featured_media":31577,"comment_status":"open","ping_status":"open","sticky":false,"template":"","format":"standard","meta":{"site-sidebar-layout":"default","site-content-layout":"","ast-site-content-layout":"default","site-content-style":"default","site-sidebar-style":"default","ast-global-header-display":"","ast-banner-title-visibility":"","ast-main-header-display":"","ast-hfb-above-header-display":"","ast-hfb-below-header-display":"","ast-hfb-mobile-header-display":"","site-post-title":"","ast-breadcrumbs-content":"","ast-featured-img":"","footer-sml-layout":"","theme-transparent-header-meta":"default","adv-header-id-meta":"","stick-header-meta":"","header-above-stick-meta":"","header-main-stick-meta":"","header-below-stick-meta":"","astra-migrate-meta-layouts":"set","footnotes":""},"categories":[1,14,12],"tags":[2316],"yoast_head":"<!-- This site is optimized with the Yoast SEO plugin v21.4 - https:\/\/yoast.com\/wordpress\/plugins\/seo\/ -->\n<title>PRF divulga balan\u00e7o de 2025: mortes em rodovias federais de SC sobem 4,5% -<\/title>\n<meta name=\"robots\" content=\"index, follow, max-snippet:-1, max-image-preview:large, max-video-preview:-1\" \/>\n<link rel=\"canonical\" href=\"https:\/\/sulsc.com\/index.php\/2026\/01\/16\/prf-divulga-balanco-de-2025-mortes-em-rodovias-federais-de-sc-sobem-45\/\" \/>\n<meta property=\"og:locale\" content=\"en_US\" \/>\n<meta property=\"og:type\" content=\"article\" \/>\n<meta property=\"og:title\" content=\"PRF divulga balan\u00e7o de 2025: mortes em rodovias federais de SC sobem 4,5% -\" \/>\n<meta property=\"og:description\" content=\"A Pol\u00edcia Rodovi\u00e1ria Federal (PRF) apresentou os dados consolidados referentes \u00e0 seguran\u00e7a vi\u00e1ria e \u00e0s opera\u00e7\u00f5es policiais nas rodovias federais de Santa Catarina em 2025. O levantamento aponta uma din\u00e2mica mista: enquanto houve uma queda no total de colis\u00f5es, o n\u00famero de v\u00edtimas fatais registrou aumento em compara\u00e7\u00e3o ao ano anterior. Ao longo de 2025, &hellip; PRF divulga balan\u00e7o de 2025: mortes em rodovias federais de SC sobem 4,5% Read More &raquo;\" \/>\n<meta property=\"og:url\" content=\"https:\/\/sulsc.com\/index.php\/2026\/01\/16\/prf-divulga-balanco-de-2025-mortes-em-rodovias-federais-de-sc-sobem-45\/\" \/>\n<meta property=\"article:author\" content=\"https:\/\/www.facebook.com\/profile.php?id=61559278119680\" \/>\n<meta property=\"article:published_time\" content=\"2026-01-16T18:04:46+00:00\" \/>\n<meta property=\"og:image\" content=\"http:\/\/sulsc.com\/wp-content\/uploads\/2026\/01\/92f54cba-c490-47a7-8801-3a332841cb11.jpeg\" \/>\n\t<meta property=\"og:image:width\" content=\"774\" \/>\n\t<meta property=\"og:image:height\" content=\"715\" \/>\n\t<meta property=\"og:image:type\" content=\"image\/jpeg\" \/>\n<meta name=\"author\" content=\"Reda\u00e7\u00e3o Sul SC\" \/>\n<meta name=\"twitter:card\" content=\"summary_large_image\" \/>\n<meta name=\"twitter:creator\" content=\"@https:\/\/twitter.com\/PortalSulSC\" \/>\n<meta name=\"twitter:label1\" content=\"Written by\" \/>\n\t<meta name=\"twitter:data1\" content=\"Reda\u00e7\u00e3o Sul SC\" \/>\n\t<meta name=\"twitter:label2\" content=\"Est. reading time\" \/>\n\t<meta name=\"twitter:data2\" content=\"2 minutes\" \/>\n<script type=\"application\/ld+json\" class=\"yoast-schema-graph\">{\"@context\":\"https:\/\/schema.org\",\"@graph\":[{\"@type\":\"WebPage\",\"@id\":\"https:\/\/sulsc.com\/index.php\/2026\/01\/16\/prf-divulga-balanco-de-2025-mortes-em-rodovias-federais-de-sc-sobem-45\/\",\"url\":\"https:\/\/sulsc.com\/index.php\/2026\/01\/16\/prf-divulga-balanco-de-2025-mortes-em-rodovias-federais-de-sc-sobem-45\/\",\"name\":\"PRF divulga balan\u00e7o de 2025: mortes em rodovias federais de SC sobem 4,5% -\",\"isPartOf\":{\"@id\":\"https:\/\/sulsc.com\/#website\"},\"datePublished\":\"2026-01-16T18:04:46+00:00\",\"dateModified\":\"2026-01-16T18:04:46+00:00\",\"author\":{\"@id\":\"https:\/\/sulsc.com\/#\/schema\/person\/84d2fc571684f6248ba83092f07750a3\"},\"breadcrumb\":{\"@id\":\"https:\/\/sulsc.com\/index.php\/2026\/01\/16\/prf-divulga-balanco-de-2025-mortes-em-rodovias-federais-de-sc-sobem-45\/#breadcrumb\"},\"inLanguage\":\"en-US\",\"potentialAction\":[{\"@type\":\"ReadAction\",\"target\":[\"https:\/\/sulsc.com\/index.php\/2026\/01\/16\/prf-divulga-balanco-de-2025-mortes-em-rodovias-federais-de-sc-sobem-45\/\"]}]},{\"@type\":\"BreadcrumbList\",\"@id\":\"https:\/\/sulsc.com\/index.php\/2026\/01\/16\/prf-divulga-balanco-de-2025-mortes-em-rodovias-federais-de-sc-sobem-45\/#breadcrumb\",\"itemListElement\":[{\"@type\":\"ListItem\",\"position\":1,\"name\":\"In\u00edcio\",\"item\":\"https:\/\/sulsc.com\/\"},{\"@type\":\"ListItem\",\"position\":2,\"name\":\"PRF divulga balan\u00e7o de 2025: mortes em rodovias federais de SC sobem 4,5%\"}]},{\"@type\":\"WebSite\",\"@id\":\"https:\/\/sulsc.com\/#website\",\"url\":\"https:\/\/sulsc.com\/\",\"name\":\"\",\"description\":\"\",\"potentialAction\":[{\"@type\":\"SearchAction\",\"target\":{\"@type\":\"EntryPoint\",\"urlTemplate\":\"https:\/\/sulsc.com\/?s={search_term_string}\"},\"query-input\":\"required name=search_term_string\"}],\"inLanguage\":\"en-US\"},{\"@type\":\"Person\",\"@id\":\"https:\/\/sulsc.com\/#\/schema\/person\/84d2fc571684f6248ba83092f07750a3\",\"name\":\"Reda\u00e7\u00e3o Sul SC\",\"image\":{\"@type\":\"ImageObject\",\"inLanguage\":\"en-US\",\"@id\":\"https:\/\/sulsc.com\/#\/schema\/person\/image\/e08d7fe2cc4ed596372063bbe852b8d0\",\"url\":\"https:\/\/sulsc.com\/wp-content\/uploads\/2023\/09\/redacao.png\",\"contentUrl\":\"https:\/\/sulsc.com\/wp-content\/uploads\/2023\/09\/redacao.png\",\"caption\":\"Reda\u00e7\u00e3o Sul SC\"},\"description\":\"Foco em um jornalismo imparcial, voltado \u00e0 qualidade dos seus conte\u00fados e, assim, levar informa\u00e7\u00e3o de valor que agregue \u00e0 vida dos leitores. Esta \u00e9 grande miss\u00e3o do Portal de Not\u00edcias Sul SC. N\u00e3o \u00e9 quantidade que muda o mundo, sempre foi e seguir\u00e1 sendo qualidade!\",\"sameAs\":[\"https:\/\/sulsc.com\/\",\"https:\/\/www.facebook.com\/profile.php?id=61559278119680\",\"https:\/\/www.instagram.com\/sulscportal\/?hl=pt-br\",\"https:\/\/twitter.com\/https:\/\/twitter.com\/PortalSulSC\",\"https:\/\/www.youtube.com\/channel\/UCv_BE8GeySluDov2n8qhVmw\"],\"url\":\"https:\/\/sulsc.com\/index.php\/author\/redacao\/\"}]}<\/script>\n<!-- \/ Yoast SEO plugin. -->","yoast_head_json":{"title":"PRF divulga balan\u00e7o de 2025: mortes em rodovias federais de SC sobem 4,5% -","robots":{"index":"index","follow":"follow","max-snippet":"max-snippet:-1","max-image-preview":"max-image-preview:large","max-video-preview":"max-video-preview:-1"},"canonical":"https:\/\/sulsc.com\/index.php\/2026\/01\/16\/prf-divulga-balanco-de-2025-mortes-em-rodovias-federais-de-sc-sobem-45\/","og_locale":"en_US","og_type":"article","og_title":"PRF divulga balan\u00e7o de 2025: mortes em rodovias federais de SC sobem 4,5% -","og_description":"A Pol\u00edcia Rodovi\u00e1ria Federal (PRF) apresentou os dados consolidados referentes \u00e0 seguran\u00e7a vi\u00e1ria e \u00e0s opera\u00e7\u00f5es policiais nas rodovias federais de Santa Catarina em 2025. O levantamento aponta uma din\u00e2mica mista: enquanto houve uma queda no total de colis\u00f5es, o n\u00famero de v\u00edtimas fatais registrou aumento em compara\u00e7\u00e3o ao ano anterior. Ao longo de 2025, &hellip; PRF divulga balan\u00e7o de 2025: mortes em rodovias federais de SC sobem 4,5% Read More &raquo;","og_url":"https:\/\/sulsc.com\/index.php\/2026\/01\/16\/prf-divulga-balanco-de-2025-mortes-em-rodovias-federais-de-sc-sobem-45\/","article_author":"https:\/\/www.facebook.com\/profile.php?id=61559278119680","article_published_time":"2026-01-16T18:04:46+00:00","og_image":[{"width":774,"height":715,"url":"http:\/\/sulsc.com\/wp-content\/uploads\/2026\/01\/92f54cba-c490-47a7-8801-3a332841cb11.jpeg","type":"image\/jpeg"}],"author":"Reda\u00e7\u00e3o Sul SC","twitter_card":"summary_large_image","twitter_creator":"@https:\/\/twitter.com\/PortalSulSC","twitter_misc":{"Written by":"Reda\u00e7\u00e3o Sul SC","Est. reading time":"2 minutes"},"schema":{"@context":"https:\/\/schema.org","@graph":[{"@type":"WebPage","@id":"https:\/\/sulsc.com\/index.php\/2026\/01\/16\/prf-divulga-balanco-de-2025-mortes-em-rodovias-federais-de-sc-sobem-45\/","url":"https:\/\/sulsc.com\/index.php\/2026\/01\/16\/prf-divulga-balanco-de-2025-mortes-em-rodovias-federais-de-sc-sobem-45\/","name":"PRF divulga balan\u00e7o de 2025: mortes em rodovias federais de SC sobem 4,5% -","isPartOf":{"@id":"https:\/\/sulsc.com\/#website"},"datePublished":"2026-01-16T18:04:46+00:00","dateModified":"2026-01-16T18:04:46+00:00","author":{"@id":"https:\/\/sulsc.com\/#\/schema\/person\/84d2fc571684f6248ba83092f07750a3"},"breadcrumb":{"@id":"https:\/\/sulsc.com\/index.php\/2026\/01\/16\/prf-divulga-balanco-de-2025-mortes-em-rodovias-federais-de-sc-sobem-45\/#breadcrumb"},"inLanguage":"en-US","potentialAction":[{"@type":"ReadAction","target":["https:\/\/sulsc.com\/index.php\/2026\/01\/16\/prf-divulga-balanco-de-2025-mortes-em-rodovias-federais-de-sc-sobem-45\/"]}]},{"@type":"BreadcrumbList","@id":"https:\/\/sulsc.com\/index.php\/2026\/01\/16\/prf-divulga-balanco-de-2025-mortes-em-rodovias-federais-de-sc-sobem-45\/#breadcrumb","itemListElement":[{"@type":"ListItem","position":1,"name":"In\u00edcio","item":"https:\/\/sulsc.com\/"},{"@type":"ListItem","position":2,"name":"PRF divulga balan\u00e7o de 2025: mortes em rodovias federais de SC sobem 4,5%"}]},{"@type":"WebSite","@id":"https:\/\/sulsc.com\/#website","url":"https:\/\/sulsc.com\/","name":"","description":"","potentialAction":[{"@type":"SearchAction","target":{"@type":"EntryPoint","urlTemplate":"https:\/\/sulsc.com\/?s={search_term_string}"},"query-input":"required name=search_term_string"}],"inLanguage":"en-US"},{"@type":"Person","@id":"https:\/\/sulsc.com\/#\/schema\/person\/84d2fc571684f6248ba83092f07750a3","name":"Reda\u00e7\u00e3o Sul SC","image":{"@type":"ImageObject","inLanguage":"en-US","@id":"https:\/\/sulsc.com\/#\/schema\/person\/image\/e08d7fe2cc4ed596372063bbe852b8d0","url":"https:\/\/sulsc.com\/wp-content\/uploads\/2023\/09\/redacao.png","contentUrl":"https:\/\/sulsc.com\/wp-content\/uploads\/2023\/09\/redacao.png","caption":"Reda\u00e7\u00e3o Sul SC"},"description":"Foco em um jornalismo imparcial, voltado \u00e0 qualidade dos seus conte\u00fados e, assim, levar informa\u00e7\u00e3o de valor que agregue \u00e0 vida dos leitores. Esta \u00e9 grande miss\u00e3o do Portal de Not\u00edcias Sul SC. N\u00e3o \u00e9 quantidade que muda o mundo, sempre foi e seguir\u00e1 sendo qualidade!","sameAs":["https:\/\/sulsc.com\/","https:\/\/www.facebook.com\/profile.php?id=61559278119680","https:\/\/www.instagram.com\/sulscportal\/?hl=pt-br","https:\/\/twitter.com\/https:\/\/twitter.com\/PortalSulSC","https:\/\/www.youtube.com\/channel\/UCv_BE8GeySluDov2n8qhVmw"],"url":"https:\/\/sulsc.com\/index.php\/author\/redacao\/"}]}},"authors":[],"_links":{"self":[{"href":"https:\/\/sulsc.com\/index.php\/wp-json\/wp\/v2\/posts\/31575"}],"collection":[{"href":"https:\/\/sulsc.com\/index.php\/wp-json\/wp\/v2\/posts"}],"about":[{"href":"https:\/\/sulsc.com\/index.php\/wp-json\/wp\/v2\/types\/post"}],"author":[{"embeddable":true,"href":"https:\/\/sulsc.com\/index.php\/wp-json\/wp\/v2\/users\/3"}],"replies":[{"embeddable":true,"href":"https:\/\/sulsc.com\/index.php\/wp-json\/wp\/v2\/comments?post=31575"}],"version-history":[{"count":1,"href":"https:\/\/sulsc.com\/index.php\/wp-json\/wp\/v2\/posts\/31575\/revisions"}],"predecessor-version":[{"id":31578,"href":"https:\/\/sulsc.com\/index.php\/wp-json\/wp\/v2\/posts\/31575\/revisions\/31578"}],"wp:featuredmedia":[{"embeddable":true,"href":"https:\/\/sulsc.com\/index.php\/wp-json\/wp\/v2\/media\/31577"}],"wp:attachment":[{"href":"https:\/\/sulsc.com\/index.php\/wp-json\/wp\/v2\/media?parent=31575"}],"wp:term":[{"taxonomy":"category","embeddable":true,"href":"https:\/\/sulsc.com\/index.php\/wp-json\/wp\/v2\/categories?post=31575"},{"taxonomy":"post_tag","embeddable":true,"href":"https:\/\/sulsc.com\/index.php\/wp-json\/wp\/v2\/tags?post=31575"}],"curies":[{"name":"wp","href":"https:\/\/api.w.org\/{rel}","templated":true}]}}