{"id":31579,"date":"2026-01-16T15:27:27","date_gmt":"2026-01-16T18:27:27","guid":{"rendered":"https:\/\/sulsc.com\/?p=31579"},"modified":"2026-01-16T15:27:27","modified_gmt":"2026-01-16T18:27:27","slug":"tubarao-reforma-do-deck-as-margens-do-rio-avanca-com-concretagem-finalizada","status":"publish","type":"post","link":"https:\/\/sulsc.com\/index.php\/2026\/01\/16\/tubarao-reforma-do-deck-as-margens-do-rio-avanca-com-concretagem-finalizada\/","title":{"rendered":"Tubar\u00e3o &#8211; Reforma do deck \u00e0s margens do Rio avan\u00e7a com concretagem finalizada"},"content":{"rendered":"<p>Os trabalhos de concretagem do deck localizado \u00e0s margens do Rio Tubar\u00e3o chegam \u00e0 sua conclus\u00e3o nesta sexta-feira (16). Este servi\u00e7o faz parte do projeto de reforma e requalifica\u00e7\u00e3o do espa\u00e7o, que foi interditado no in\u00edcio do ano passado devido a um acidente.<\/p>\n<div id=\"metaslider-id-25573\" style=\"width: 100%;\" class=\"ml-slider-3-99-0 metaslider metaslider-flex metaslider-25573 ml-slider has-onhover-arrows ms-theme-default-base has-dots-nav\" role=\"region\" aria-label=\"Meio\" data-width=\"1200\">\n    <div id=\"metaslider_container_25573\">\n        <div id=\"metaslider_25573\">\n            <ul class='slides'>\n                <li style=\"display: block; width: 100%;\" class=\"slide-25684 ms-image \" aria-roledescription=\"slide\" data-date=\"2025-07-24 07:55:40\"><img src=\"https:\/\/sulsc.com\/wp-content\/uploads\/2025\/07\/Marr-2-1000x166.jpg\" height=\"200\" width=\"1200\" alt=\"\" class=\"slider-25573 slide-25684 msDefaultImage\" title=\"Marr 2\" \/><\/li>\n                <li style=\"display: none; width: 100%;\" class=\"slide-32412 ms-image \" aria-roledescription=\"slide\" data-date=\"2026-02-18 13:59:46\"><img src=\"https:\/\/sulsc.com\/wp-content\/uploads\/2026\/02\/40dc1580-cad5-4867-bc58-c4243821ad38-1000x166.jpeg\" height=\"200\" width=\"1200\" alt=\"\" class=\"slider-25573 slide-32412 msDefaultImage\" title=\"40dc1580-cad5-4867-bc58-c4243821ad38\" \/><\/li>\n                <li style=\"display: none; width: 100%;\" class=\"slide-32766 ms-image \" aria-roledescription=\"slide\" data-date=\"2026-03-03 17:22:59\"><img src=\"https:\/\/sulsc.com\/wp-content\/uploads\/2026\/03\/271ce739-f268-41c5-8051-3de1a1750359-1000x166.jpeg\" height=\"200\" width=\"1200\" alt=\"\" class=\"slider-25573 slide-32766 msDefaultImage\" title=\"271ce739-f268-41c5-8051-3de1a1750359\" \/><\/li>\n            <\/ul>\n        <\/div>\n        \n    <\/div>\n<\/div>\n<p>Nesta fase, foi realizada a instala\u00e7\u00e3o do concreto que servir\u00e1 como base para a nova estrutura, substituindo o antigo piso de madeira. A pr\u00f3xima etapa da reforma incluir\u00e1 a instala\u00e7\u00e3o da rede el\u00e9trica e a fabrica\u00e7\u00e3o do guarda-corpos, um processo que deve levar cerca de 30 dias, englobando tanto a fabrica\u00e7\u00e3o quanto a instala\u00e7\u00e3o do equipamento.<\/p>\n<p>Al\u00e9m da laje de concreto, os trabalhos no deck preveem a instala\u00e7\u00e3o do guarda-corpos em a\u00e7o inox, a remo\u00e7\u00e3o e destina\u00e7\u00e3o ambientalmente adequada dos res\u00edduos gerados, al\u00e9m de outras adequa\u00e7\u00f5es essenciais para garantir seguran\u00e7a, durabilidade, acessibilidade e o pleno funcionamento do local.<\/p>\n<p><img fetchpriority=\"high\" decoding=\"async\" class=\"aligncenter size-full wp-image-31580\" src=\"http:\/\/sulsc.com\/wp-content\/uploads\/2026\/01\/WhatsApp-Image-2026-01-16-at-15.02.23-1078x600-1.jpeg\" alt=\"\" width=\"1078\" height=\"600\" srcset=\"https:\/\/sulsc.com\/wp-content\/uploads\/2026\/01\/WhatsApp-Image-2026-01-16-at-15.02.23-1078x600-1.jpeg 1078w, https:\/\/sulsc.com\/wp-content\/uploads\/2026\/01\/WhatsApp-Image-2026-01-16-at-15.02.23-1078x600-1-300x167.jpeg 300w, https:\/\/sulsc.com\/wp-content\/uploads\/2026\/01\/WhatsApp-Image-2026-01-16-at-15.02.23-1078x600-1-1024x570.jpeg 1024w, https:\/\/sulsc.com\/wp-content\/uploads\/2026\/01\/WhatsApp-Image-2026-01-16-at-15.02.23-1078x600-1-768x427.jpeg 768w\" sizes=\"(max-width: 1078px) 100vw, 1078px\" \/><\/p>\n<p>Foto\/PMT\/Divulga\u00e7\u00e3o\/SulSC<\/p>\n","protected":false},"excerpt":{"rendered":"<p>Os trabalhos de concretagem do deck localizado \u00e0s margens do Rio Tubar\u00e3o chegam \u00e0 sua conclus\u00e3o nesta sexta-feira (16). Este servi\u00e7o faz parte do projeto de reforma e requalifica\u00e7\u00e3o do espa\u00e7o, que foi interditado no in\u00edcio do ano passado devido a um acidente. Nesta fase, foi realizada a instala\u00e7\u00e3o do concreto que servir\u00e1 como base &hellip;<\/p>\n<p class=\"read-more\"> <a class=\"\" href=\"https:\/\/sulsc.com\/index.php\/2026\/01\/16\/tubarao-reforma-do-deck-as-margens-do-rio-avanca-com-concretagem-finalizada\/\"> <span class=\"screen-reader-text\">Tubar\u00e3o &#8211; Reforma do deck \u00e0s margens do Rio avan\u00e7a com concretagem finalizada<\/span> Read More &raquo;<\/a><\/p>\n","protected":false},"author":3,"featured_media":31580,"comment_status":"open","ping_status":"open","sticky":false,"template":"","format":"standard","meta":{"site-sidebar-layout":"default","site-content-layout":"","ast-site-content-layout":"default","site-content-style":"default","site-sidebar-style":"default","ast-global-header-display":"","ast-banner-title-visibility":"","ast-main-header-display":"","ast-hfb-above-header-display":"","ast-hfb-below-header-display":"","ast-hfb-mobile-header-display":"","site-post-title":"","ast-breadcrumbs-content":"","ast-featured-img":"","footer-sml-layout":"","theme-transparent-header-meta":"default","adv-header-id-meta":"","stick-header-meta":"","header-above-stick-meta":"","header-main-stick-meta":"","header-below-stick-meta":"","astra-migrate-meta-layouts":"set","footnotes":""},"categories":[2231,1,21,12],"tags":[2193],"yoast_head":"<!-- This site is optimized with the Yoast SEO plugin v21.4 - https:\/\/yoast.com\/wordpress\/plugins\/seo\/ -->\n<title>Tubar\u00e3o - Reforma do deck \u00e0s margens do Rio avan\u00e7a com concretagem finalizada -<\/title>\n<meta name=\"robots\" content=\"index, follow, max-snippet:-1, max-image-preview:large, max-video-preview:-1\" \/>\n<link rel=\"canonical\" href=\"https:\/\/sulsc.com\/index.php\/2026\/01\/16\/tubarao-reforma-do-deck-as-margens-do-rio-avanca-com-concretagem-finalizada\/\" \/>\n<meta property=\"og:locale\" content=\"en_US\" \/>\n<meta property=\"og:type\" content=\"article\" \/>\n<meta property=\"og:title\" content=\"Tubar\u00e3o - Reforma do deck \u00e0s margens do Rio avan\u00e7a com concretagem finalizada -\" \/>\n<meta property=\"og:description\" content=\"Os trabalhos de concretagem do deck localizado \u00e0s margens do Rio Tubar\u00e3o chegam \u00e0 sua conclus\u00e3o nesta sexta-feira (16). Este servi\u00e7o faz parte do projeto de reforma e requalifica\u00e7\u00e3o do espa\u00e7o, que foi interditado no in\u00edcio do ano passado devido a um acidente. Nesta fase, foi realizada a instala\u00e7\u00e3o do concreto que servir\u00e1 como base &hellip; Tubar\u00e3o &#8211; Reforma do deck \u00e0s margens do Rio avan\u00e7a com concretagem finalizada Read More &raquo;\" \/>\n<meta property=\"og:url\" content=\"https:\/\/sulsc.com\/index.php\/2026\/01\/16\/tubarao-reforma-do-deck-as-margens-do-rio-avanca-com-concretagem-finalizada\/\" \/>\n<meta property=\"article:author\" content=\"https:\/\/www.facebook.com\/profile.php?id=61559278119680\" \/>\n<meta property=\"article:published_time\" content=\"2026-01-16T18:27:27+00:00\" \/>\n<meta property=\"og:image\" content=\"http:\/\/sulsc.com\/wp-content\/uploads\/2026\/01\/WhatsApp-Image-2026-01-16-at-15.02.23-1078x600-1.jpeg\" \/>\n\t<meta property=\"og:image:width\" content=\"1078\" \/>\n\t<meta property=\"og:image:height\" content=\"600\" \/>\n\t<meta property=\"og:image:type\" content=\"image\/jpeg\" \/>\n<meta name=\"author\" content=\"Reda\u00e7\u00e3o Sul SC\" \/>\n<meta name=\"twitter:card\" content=\"summary_large_image\" \/>\n<meta name=\"twitter:creator\" content=\"@https:\/\/twitter.com\/PortalSulSC\" \/>\n<meta name=\"twitter:label1\" content=\"Written by\" \/>\n\t<meta name=\"twitter:data1\" content=\"Reda\u00e7\u00e3o Sul SC\" \/>\n\t<meta name=\"twitter:label2\" content=\"Est. reading time\" \/>\n\t<meta name=\"twitter:data2\" content=\"1 minute\" \/>\n<script type=\"application\/ld+json\" class=\"yoast-schema-graph\">{\"@context\":\"https:\/\/schema.org\",\"@graph\":[{\"@type\":\"WebPage\",\"@id\":\"https:\/\/sulsc.com\/index.php\/2026\/01\/16\/tubarao-reforma-do-deck-as-margens-do-rio-avanca-com-concretagem-finalizada\/\",\"url\":\"https:\/\/sulsc.com\/index.php\/2026\/01\/16\/tubarao-reforma-do-deck-as-margens-do-rio-avanca-com-concretagem-finalizada\/\",\"name\":\"Tubar\u00e3o - Reforma do deck \u00e0s margens do Rio avan\u00e7a com concretagem finalizada -\",\"isPartOf\":{\"@id\":\"https:\/\/sulsc.com\/#website\"},\"datePublished\":\"2026-01-16T18:27:27+00:00\",\"dateModified\":\"2026-01-16T18:27:27+00:00\",\"author\":{\"@id\":\"https:\/\/sulsc.com\/#\/schema\/person\/84d2fc571684f6248ba83092f07750a3\"},\"breadcrumb\":{\"@id\":\"https:\/\/sulsc.com\/index.php\/2026\/01\/16\/tubarao-reforma-do-deck-as-margens-do-rio-avanca-com-concretagem-finalizada\/#breadcrumb\"},\"inLanguage\":\"en-US\",\"potentialAction\":[{\"@type\":\"ReadAction\",\"target\":[\"https:\/\/sulsc.com\/index.php\/2026\/01\/16\/tubarao-reforma-do-deck-as-margens-do-rio-avanca-com-concretagem-finalizada\/\"]}]},{\"@type\":\"BreadcrumbList\",\"@id\":\"https:\/\/sulsc.com\/index.php\/2026\/01\/16\/tubarao-reforma-do-deck-as-margens-do-rio-avanca-com-concretagem-finalizada\/#breadcrumb\",\"itemListElement\":[{\"@type\":\"ListItem\",\"position\":1,\"name\":\"In\u00edcio\",\"item\":\"https:\/\/sulsc.com\/\"},{\"@type\":\"ListItem\",\"position\":2,\"name\":\"Tubar\u00e3o &#8211; Reforma do deck \u00e0s margens do Rio avan\u00e7a com concretagem finalizada\"}]},{\"@type\":\"WebSite\",\"@id\":\"https:\/\/sulsc.com\/#website\",\"url\":\"https:\/\/sulsc.com\/\",\"name\":\"\",\"description\":\"\",\"potentialAction\":[{\"@type\":\"SearchAction\",\"target\":{\"@type\":\"EntryPoint\",\"urlTemplate\":\"https:\/\/sulsc.com\/?s={search_term_string}\"},\"query-input\":\"required name=search_term_string\"}],\"inLanguage\":\"en-US\"},{\"@type\":\"Person\",\"@id\":\"https:\/\/sulsc.com\/#\/schema\/person\/84d2fc571684f6248ba83092f07750a3\",\"name\":\"Reda\u00e7\u00e3o Sul SC\",\"image\":{\"@type\":\"ImageObject\",\"inLanguage\":\"en-US\",\"@id\":\"https:\/\/sulsc.com\/#\/schema\/person\/image\/e08d7fe2cc4ed596372063bbe852b8d0\",\"url\":\"https:\/\/sulsc.com\/wp-content\/uploads\/2023\/09\/redacao.png\",\"contentUrl\":\"https:\/\/sulsc.com\/wp-content\/uploads\/2023\/09\/redacao.png\",\"caption\":\"Reda\u00e7\u00e3o Sul SC\"},\"description\":\"Foco em um jornalismo imparcial, voltado \u00e0 qualidade dos seus conte\u00fados e, assim, levar informa\u00e7\u00e3o de valor que agregue \u00e0 vida dos leitores. Esta \u00e9 grande miss\u00e3o do Portal de Not\u00edcias Sul SC. N\u00e3o \u00e9 quantidade que muda o mundo, sempre foi e seguir\u00e1 sendo qualidade!\",\"sameAs\":[\"https:\/\/sulsc.com\/\",\"https:\/\/www.facebook.com\/profile.php?id=61559278119680\",\"https:\/\/www.instagram.com\/sulscportal\/?hl=pt-br\",\"https:\/\/twitter.com\/https:\/\/twitter.com\/PortalSulSC\",\"https:\/\/www.youtube.com\/channel\/UCv_BE8GeySluDov2n8qhVmw\"],\"url\":\"https:\/\/sulsc.com\/index.php\/author\/redacao\/\"}]}<\/script>\n<!-- \/ Yoast SEO plugin. -->","yoast_head_json":{"title":"Tubar\u00e3o - Reforma do deck \u00e0s margens do Rio avan\u00e7a com concretagem finalizada -","robots":{"index":"index","follow":"follow","max-snippet":"max-snippet:-1","max-image-preview":"max-image-preview:large","max-video-preview":"max-video-preview:-1"},"canonical":"https:\/\/sulsc.com\/index.php\/2026\/01\/16\/tubarao-reforma-do-deck-as-margens-do-rio-avanca-com-concretagem-finalizada\/","og_locale":"en_US","og_type":"article","og_title":"Tubar\u00e3o - Reforma do deck \u00e0s margens do Rio avan\u00e7a com concretagem finalizada -","og_description":"Os trabalhos de concretagem do deck localizado \u00e0s margens do Rio Tubar\u00e3o chegam \u00e0 sua conclus\u00e3o nesta sexta-feira (16). Este servi\u00e7o faz parte do projeto de reforma e requalifica\u00e7\u00e3o do espa\u00e7o, que foi interditado no in\u00edcio do ano passado devido a um acidente. Nesta fase, foi realizada a instala\u00e7\u00e3o do concreto que servir\u00e1 como base &hellip; Tubar\u00e3o &#8211; Reforma do deck \u00e0s margens do Rio avan\u00e7a com concretagem finalizada Read More &raquo;","og_url":"https:\/\/sulsc.com\/index.php\/2026\/01\/16\/tubarao-reforma-do-deck-as-margens-do-rio-avanca-com-concretagem-finalizada\/","article_author":"https:\/\/www.facebook.com\/profile.php?id=61559278119680","article_published_time":"2026-01-16T18:27:27+00:00","og_image":[{"width":1078,"height":600,"url":"http:\/\/sulsc.com\/wp-content\/uploads\/2026\/01\/WhatsApp-Image-2026-01-16-at-15.02.23-1078x600-1.jpeg","type":"image\/jpeg"}],"author":"Reda\u00e7\u00e3o Sul SC","twitter_card":"summary_large_image","twitter_creator":"@https:\/\/twitter.com\/PortalSulSC","twitter_misc":{"Written by":"Reda\u00e7\u00e3o Sul SC","Est. reading time":"1 minute"},"schema":{"@context":"https:\/\/schema.org","@graph":[{"@type":"WebPage","@id":"https:\/\/sulsc.com\/index.php\/2026\/01\/16\/tubarao-reforma-do-deck-as-margens-do-rio-avanca-com-concretagem-finalizada\/","url":"https:\/\/sulsc.com\/index.php\/2026\/01\/16\/tubarao-reforma-do-deck-as-margens-do-rio-avanca-com-concretagem-finalizada\/","name":"Tubar\u00e3o - Reforma do deck \u00e0s margens do Rio avan\u00e7a com concretagem finalizada -","isPartOf":{"@id":"https:\/\/sulsc.com\/#website"},"datePublished":"2026-01-16T18:27:27+00:00","dateModified":"2026-01-16T18:27:27+00:00","author":{"@id":"https:\/\/sulsc.com\/#\/schema\/person\/84d2fc571684f6248ba83092f07750a3"},"breadcrumb":{"@id":"https:\/\/sulsc.com\/index.php\/2026\/01\/16\/tubarao-reforma-do-deck-as-margens-do-rio-avanca-com-concretagem-finalizada\/#breadcrumb"},"inLanguage":"en-US","potentialAction":[{"@type":"ReadAction","target":["https:\/\/sulsc.com\/index.php\/2026\/01\/16\/tubarao-reforma-do-deck-as-margens-do-rio-avanca-com-concretagem-finalizada\/"]}]},{"@type":"BreadcrumbList","@id":"https:\/\/sulsc.com\/index.php\/2026\/01\/16\/tubarao-reforma-do-deck-as-margens-do-rio-avanca-com-concretagem-finalizada\/#breadcrumb","itemListElement":[{"@type":"ListItem","position":1,"name":"In\u00edcio","item":"https:\/\/sulsc.com\/"},{"@type":"ListItem","position":2,"name":"Tubar\u00e3o &#8211; Reforma do deck \u00e0s margens do Rio avan\u00e7a com concretagem finalizada"}]},{"@type":"WebSite","@id":"https:\/\/sulsc.com\/#website","url":"https:\/\/sulsc.com\/","name":"","description":"","potentialAction":[{"@type":"SearchAction","target":{"@type":"EntryPoint","urlTemplate":"https:\/\/sulsc.com\/?s={search_term_string}"},"query-input":"required name=search_term_string"}],"inLanguage":"en-US"},{"@type":"Person","@id":"https:\/\/sulsc.com\/#\/schema\/person\/84d2fc571684f6248ba83092f07750a3","name":"Reda\u00e7\u00e3o Sul SC","image":{"@type":"ImageObject","inLanguage":"en-US","@id":"https:\/\/sulsc.com\/#\/schema\/person\/image\/e08d7fe2cc4ed596372063bbe852b8d0","url":"https:\/\/sulsc.com\/wp-content\/uploads\/2023\/09\/redacao.png","contentUrl":"https:\/\/sulsc.com\/wp-content\/uploads\/2023\/09\/redacao.png","caption":"Reda\u00e7\u00e3o Sul SC"},"description":"Foco em um jornalismo imparcial, voltado \u00e0 qualidade dos seus conte\u00fados e, assim, levar informa\u00e7\u00e3o de valor que agregue \u00e0 vida dos leitores. Esta \u00e9 grande miss\u00e3o do Portal de Not\u00edcias Sul SC. N\u00e3o \u00e9 quantidade que muda o mundo, sempre foi e seguir\u00e1 sendo qualidade!","sameAs":["https:\/\/sulsc.com\/","https:\/\/www.facebook.com\/profile.php?id=61559278119680","https:\/\/www.instagram.com\/sulscportal\/?hl=pt-br","https:\/\/twitter.com\/https:\/\/twitter.com\/PortalSulSC","https:\/\/www.youtube.com\/channel\/UCv_BE8GeySluDov2n8qhVmw"],"url":"https:\/\/sulsc.com\/index.php\/author\/redacao\/"}]}},"authors":[],"_links":{"self":[{"href":"https:\/\/sulsc.com\/index.php\/wp-json\/wp\/v2\/posts\/31579"}],"collection":[{"href":"https:\/\/sulsc.com\/index.php\/wp-json\/wp\/v2\/posts"}],"about":[{"href":"https:\/\/sulsc.com\/index.php\/wp-json\/wp\/v2\/types\/post"}],"author":[{"embeddable":true,"href":"https:\/\/sulsc.com\/index.php\/wp-json\/wp\/v2\/users\/3"}],"replies":[{"embeddable":true,"href":"https:\/\/sulsc.com\/index.php\/wp-json\/wp\/v2\/comments?post=31579"}],"version-history":[{"count":1,"href":"https:\/\/sulsc.com\/index.php\/wp-json\/wp\/v2\/posts\/31579\/revisions"}],"predecessor-version":[{"id":31581,"href":"https:\/\/sulsc.com\/index.php\/wp-json\/wp\/v2\/posts\/31579\/revisions\/31581"}],"wp:featuredmedia":[{"embeddable":true,"href":"https:\/\/sulsc.com\/index.php\/wp-json\/wp\/v2\/media\/31580"}],"wp:attachment":[{"href":"https:\/\/sulsc.com\/index.php\/wp-json\/wp\/v2\/media?parent=31579"}],"wp:term":[{"taxonomy":"category","embeddable":true,"href":"https:\/\/sulsc.com\/index.php\/wp-json\/wp\/v2\/categories?post=31579"},{"taxonomy":"post_tag","embeddable":true,"href":"https:\/\/sulsc.com\/index.php\/wp-json\/wp\/v2\/tags?post=31579"}],"curies":[{"name":"wp","href":"https:\/\/api.w.org\/{rel}","templated":true}]}}