{"id":31587,"date":"2026-01-17T09:11:55","date_gmt":"2026-01-17T12:11:55","guid":{"rendered":"https:\/\/sulsc.com\/?p=31587"},"modified":"2026-01-17T09:11:55","modified_gmt":"2026-01-17T12:11:55","slug":"hospital-de-imarui-promove-bazar-beneficente-com-produtos-da-receita-federal","status":"publish","type":"post","link":"https:\/\/sulsc.com\/index.php\/2026\/01\/17\/hospital-de-imarui-promove-bazar-beneficente-com-produtos-da-receita-federal\/","title":{"rendered":"Hospital de Imaru\u00ed promove bazar beneficente com produtos da Receita Federal"},"content":{"rendered":"<p>O Hospital de Imaru\u00ed (HDI) realizar\u00e1, nos dias 6 e 7 de fevereiro, um Bazar Beneficente com a venda de produtos apreendidos pela Receita Federal. A a\u00e7\u00e3o ocorrer\u00e1 no pr\u00f3prio hospital, localizado na Rua Governador Celso Ramos, n\u00ba 475, no Centro do munic\u00edpio.<\/p>\n<p>O bazar funcionar\u00e1 em dois per\u00edodos, das 8h \u00e0s 12h30 e das 13h \u00e0s 19h, oferecendo \u00e0 comunidade a oportunidade de adquirir produtos variados a pre\u00e7os acess\u00edveis, ao mesmo tempo em que contribui diretamente para uma causa social.<\/p>\n<div id=\"metaslider-id-25573\" style=\"width: 100%;\" class=\"ml-slider-3-99-0 metaslider metaslider-flex metaslider-25573 ml-slider has-onhover-arrows ms-theme-default-base has-dots-nav\" role=\"region\" aria-label=\"Meio\" data-width=\"1200\">\n    <div id=\"metaslider_container_25573\">\n        <div id=\"metaslider_25573\">\n            <ul class='slides'>\n                <li style=\"display: block; width: 100%;\" class=\"slide-25684 ms-image \" aria-roledescription=\"slide\" data-date=\"2025-07-24 07:55:40\"><img src=\"https:\/\/sulsc.com\/wp-content\/uploads\/2025\/07\/Marr-2-1000x166.jpg\" height=\"200\" width=\"1200\" alt=\"\" class=\"slider-25573 slide-25684 msDefaultImage\" title=\"Marr 2\" \/><\/li>\n                <li style=\"display: none; width: 100%;\" class=\"slide-32412 ms-image \" aria-roledescription=\"slide\" data-date=\"2026-02-18 13:59:46\"><img src=\"https:\/\/sulsc.com\/wp-content\/uploads\/2026\/02\/40dc1580-cad5-4867-bc58-c4243821ad38-1000x166.jpeg\" height=\"200\" width=\"1200\" alt=\"\" class=\"slider-25573 slide-32412 msDefaultImage\" title=\"40dc1580-cad5-4867-bc58-c4243821ad38\" \/><\/li>\n                <li style=\"display: none; width: 100%;\" class=\"slide-32766 ms-image \" aria-roledescription=\"slide\" data-date=\"2026-03-03 17:22:59\"><img src=\"https:\/\/sulsc.com\/wp-content\/uploads\/2026\/03\/271ce739-f268-41c5-8051-3de1a1750359-1000x166.jpeg\" height=\"200\" width=\"1200\" alt=\"\" class=\"slider-25573 slide-32766 msDefaultImage\" title=\"271ce739-f268-41c5-8051-3de1a1750359\" \/><\/li>\n            <\/ul>\n        <\/div>\n        \n    <\/div>\n<\/div>\n<p>De acordo com a <strong>dire\u00e7\u00e3o do hospital<\/strong>, a iniciativa \u00e9 fundamental para o fortalecimento da institui\u00e7\u00e3o. <strong>\u201c<\/strong>O bazar beneficente \u00e9 uma forma de aproximar a comunidade do hospital e, ao mesmo tempo, gerar recursos que auxiliam na manuten\u00e7\u00e3o e na melhoria cont\u00ednua dos nossos servi\u00e7os. Cada participa\u00e7\u00e3o faz a diferen\u00e7a para que possamos seguir atendendo a popula\u00e7\u00e3o com qualidade e responsabilidade<strong>\u201d, destaca.<\/strong><\/p>\n<p>Toda a arrecada\u00e7\u00e3o obtida com o evento ser\u00e1 destinada ao apoio das atividades do hospital, contribuindo para a continuidade dos atendimentos e para o aprimoramento da estrutura oferecida aos pacientes.<\/p>\n<p><img fetchpriority=\"high\" decoding=\"async\" class=\"aligncenter size-full wp-image-31588\" src=\"http:\/\/sulsc.com\/wp-content\/uploads\/2026\/01\/5dc33eb1-7010-43b8-b3f5-891650515ea1.jpeg\" alt=\"\" width=\"1200\" height=\"779\" srcset=\"https:\/\/sulsc.com\/wp-content\/uploads\/2026\/01\/5dc33eb1-7010-43b8-b3f5-891650515ea1.jpeg 1200w, https:\/\/sulsc.com\/wp-content\/uploads\/2026\/01\/5dc33eb1-7010-43b8-b3f5-891650515ea1-300x195.jpeg 300w, https:\/\/sulsc.com\/wp-content\/uploads\/2026\/01\/5dc33eb1-7010-43b8-b3f5-891650515ea1-1024x665.jpeg 1024w, https:\/\/sulsc.com\/wp-content\/uploads\/2026\/01\/5dc33eb1-7010-43b8-b3f5-891650515ea1-768x499.jpeg 768w\" sizes=\"(max-width: 1200px) 100vw, 1200px\" \/><\/p>\n<p>&nbsp;<\/p>\n<p>Foto: Assessoria de Cominica\u00e7\u00e3o HDI\/Divulga\u00e7\u00e3o\/SulSC<\/p>\n","protected":false},"excerpt":{"rendered":"<p>O Hospital de Imaru\u00ed (HDI) realizar\u00e1, nos dias 6 e 7 de fevereiro, um Bazar Beneficente com a venda de produtos apreendidos pela Receita Federal. A a\u00e7\u00e3o ocorrer\u00e1 no pr\u00f3prio hospital, localizado na Rua Governador Celso Ramos, n\u00ba 475, no Centro do munic\u00edpio. O bazar funcionar\u00e1 em dois per\u00edodos, das 8h \u00e0s 12h30 e das &hellip;<\/p>\n<p class=\"read-more\"> <a class=\"\" href=\"https:\/\/sulsc.com\/index.php\/2026\/01\/17\/hospital-de-imarui-promove-bazar-beneficente-com-produtos-da-receita-federal\/\"> <span class=\"screen-reader-text\">Hospital de Imaru\u00ed promove bazar beneficente com produtos da Receita Federal<\/span> Read More &raquo;<\/a><\/p>\n","protected":false},"author":3,"featured_media":31589,"comment_status":"open","ping_status":"open","sticky":false,"template":"","format":"standard","meta":{"site-sidebar-layout":"default","site-content-layout":"","ast-site-content-layout":"default","site-content-style":"default","site-sidebar-style":"default","ast-global-header-display":"","ast-banner-title-visibility":"","ast-main-header-display":"","ast-hfb-above-header-display":"","ast-hfb-below-header-display":"","ast-hfb-mobile-header-display":"","site-post-title":"","ast-breadcrumbs-content":"","ast-featured-img":"","footer-sml-layout":"","theme-transparent-header-meta":"default","adv-header-id-meta":"","stick-header-meta":"","header-above-stick-meta":"","header-main-stick-meta":"","header-below-stick-meta":"","astra-migrate-meta-layouts":"set","footnotes":""},"categories":[1,2809,14],"tags":[2272],"yoast_head":"<!-- This site is optimized with the Yoast SEO plugin v21.4 - https:\/\/yoast.com\/wordpress\/plugins\/seo\/ -->\n<title>Hospital de Imaru\u00ed promove bazar beneficente com produtos da Receita Federal -<\/title>\n<meta name=\"robots\" content=\"index, follow, max-snippet:-1, max-image-preview:large, max-video-preview:-1\" \/>\n<link rel=\"canonical\" href=\"https:\/\/sulsc.com\/index.php\/2026\/01\/17\/hospital-de-imarui-promove-bazar-beneficente-com-produtos-da-receita-federal\/\" \/>\n<meta property=\"og:locale\" content=\"en_US\" \/>\n<meta property=\"og:type\" content=\"article\" \/>\n<meta property=\"og:title\" content=\"Hospital de Imaru\u00ed promove bazar beneficente com produtos da Receita Federal -\" \/>\n<meta property=\"og:description\" content=\"O Hospital de Imaru\u00ed (HDI) realizar\u00e1, nos dias 6 e 7 de fevereiro, um Bazar Beneficente com a venda de produtos apreendidos pela Receita Federal. A a\u00e7\u00e3o ocorrer\u00e1 no pr\u00f3prio hospital, localizado na Rua Governador Celso Ramos, n\u00ba 475, no Centro do munic\u00edpio. O bazar funcionar\u00e1 em dois per\u00edodos, das 8h \u00e0s 12h30 e das &hellip; Hospital de Imaru\u00ed promove bazar beneficente com produtos da Receita Federal Read More &raquo;\" \/>\n<meta property=\"og:url\" content=\"https:\/\/sulsc.com\/index.php\/2026\/01\/17\/hospital-de-imarui-promove-bazar-beneficente-com-produtos-da-receita-federal\/\" \/>\n<meta property=\"article:author\" content=\"https:\/\/www.facebook.com\/profile.php?id=61559278119680\" \/>\n<meta property=\"article:published_time\" content=\"2026-01-17T12:11:55+00:00\" \/>\n<meta property=\"og:image\" content=\"http:\/\/sulsc.com\/wp-content\/uploads\/2026\/01\/7202135f-594c-4238-bcf4-df72fa0c81ee.jpeg\" \/>\n\t<meta property=\"og:image:width\" content=\"1080\" \/>\n\t<meta property=\"og:image:height\" content=\"1350\" \/>\n\t<meta property=\"og:image:type\" content=\"image\/jpeg\" \/>\n<meta name=\"author\" content=\"Reda\u00e7\u00e3o Sul SC\" \/>\n<meta name=\"twitter:card\" content=\"summary_large_image\" \/>\n<meta name=\"twitter:creator\" content=\"@https:\/\/twitter.com\/PortalSulSC\" \/>\n<meta name=\"twitter:label1\" content=\"Written by\" \/>\n\t<meta name=\"twitter:data1\" content=\"Reda\u00e7\u00e3o Sul SC\" \/>\n\t<meta name=\"twitter:label2\" content=\"Est. reading time\" \/>\n\t<meta name=\"twitter:data2\" content=\"1 minute\" \/>\n<script type=\"application\/ld+json\" class=\"yoast-schema-graph\">{\"@context\":\"https:\/\/schema.org\",\"@graph\":[{\"@type\":\"WebPage\",\"@id\":\"https:\/\/sulsc.com\/index.php\/2026\/01\/17\/hospital-de-imarui-promove-bazar-beneficente-com-produtos-da-receita-federal\/\",\"url\":\"https:\/\/sulsc.com\/index.php\/2026\/01\/17\/hospital-de-imarui-promove-bazar-beneficente-com-produtos-da-receita-federal\/\",\"name\":\"Hospital de Imaru\u00ed promove bazar beneficente com produtos da Receita Federal -\",\"isPartOf\":{\"@id\":\"https:\/\/sulsc.com\/#website\"},\"datePublished\":\"2026-01-17T12:11:55+00:00\",\"dateModified\":\"2026-01-17T12:11:55+00:00\",\"author\":{\"@id\":\"https:\/\/sulsc.com\/#\/schema\/person\/84d2fc571684f6248ba83092f07750a3\"},\"breadcrumb\":{\"@id\":\"https:\/\/sulsc.com\/index.php\/2026\/01\/17\/hospital-de-imarui-promove-bazar-beneficente-com-produtos-da-receita-federal\/#breadcrumb\"},\"inLanguage\":\"en-US\",\"potentialAction\":[{\"@type\":\"ReadAction\",\"target\":[\"https:\/\/sulsc.com\/index.php\/2026\/01\/17\/hospital-de-imarui-promove-bazar-beneficente-com-produtos-da-receita-federal\/\"]}]},{\"@type\":\"BreadcrumbList\",\"@id\":\"https:\/\/sulsc.com\/index.php\/2026\/01\/17\/hospital-de-imarui-promove-bazar-beneficente-com-produtos-da-receita-federal\/#breadcrumb\",\"itemListElement\":[{\"@type\":\"ListItem\",\"position\":1,\"name\":\"In\u00edcio\",\"item\":\"https:\/\/sulsc.com\/\"},{\"@type\":\"ListItem\",\"position\":2,\"name\":\"Hospital de Imaru\u00ed promove bazar beneficente com produtos da Receita Federal\"}]},{\"@type\":\"WebSite\",\"@id\":\"https:\/\/sulsc.com\/#website\",\"url\":\"https:\/\/sulsc.com\/\",\"name\":\"\",\"description\":\"\",\"potentialAction\":[{\"@type\":\"SearchAction\",\"target\":{\"@type\":\"EntryPoint\",\"urlTemplate\":\"https:\/\/sulsc.com\/?s={search_term_string}\"},\"query-input\":\"required name=search_term_string\"}],\"inLanguage\":\"en-US\"},{\"@type\":\"Person\",\"@id\":\"https:\/\/sulsc.com\/#\/schema\/person\/84d2fc571684f6248ba83092f07750a3\",\"name\":\"Reda\u00e7\u00e3o Sul SC\",\"image\":{\"@type\":\"ImageObject\",\"inLanguage\":\"en-US\",\"@id\":\"https:\/\/sulsc.com\/#\/schema\/person\/image\/e08d7fe2cc4ed596372063bbe852b8d0\",\"url\":\"https:\/\/sulsc.com\/wp-content\/uploads\/2023\/09\/redacao.png\",\"contentUrl\":\"https:\/\/sulsc.com\/wp-content\/uploads\/2023\/09\/redacao.png\",\"caption\":\"Reda\u00e7\u00e3o Sul SC\"},\"description\":\"Foco em um jornalismo imparcial, voltado \u00e0 qualidade dos seus conte\u00fados e, assim, levar informa\u00e7\u00e3o de valor que agregue \u00e0 vida dos leitores. Esta \u00e9 grande miss\u00e3o do Portal de Not\u00edcias Sul SC. N\u00e3o \u00e9 quantidade que muda o mundo, sempre foi e seguir\u00e1 sendo qualidade!\",\"sameAs\":[\"https:\/\/sulsc.com\/\",\"https:\/\/www.facebook.com\/profile.php?id=61559278119680\",\"https:\/\/www.instagram.com\/sulscportal\/?hl=pt-br\",\"https:\/\/twitter.com\/https:\/\/twitter.com\/PortalSulSC\",\"https:\/\/www.youtube.com\/channel\/UCv_BE8GeySluDov2n8qhVmw\"],\"url\":\"https:\/\/sulsc.com\/index.php\/author\/redacao\/\"}]}<\/script>\n<!-- \/ Yoast SEO plugin. -->","yoast_head_json":{"title":"Hospital de Imaru\u00ed promove bazar beneficente com produtos da Receita Federal -","robots":{"index":"index","follow":"follow","max-snippet":"max-snippet:-1","max-image-preview":"max-image-preview:large","max-video-preview":"max-video-preview:-1"},"canonical":"https:\/\/sulsc.com\/index.php\/2026\/01\/17\/hospital-de-imarui-promove-bazar-beneficente-com-produtos-da-receita-federal\/","og_locale":"en_US","og_type":"article","og_title":"Hospital de Imaru\u00ed promove bazar beneficente com produtos da Receita Federal -","og_description":"O Hospital de Imaru\u00ed (HDI) realizar\u00e1, nos dias 6 e 7 de fevereiro, um Bazar Beneficente com a venda de produtos apreendidos pela Receita Federal. A a\u00e7\u00e3o ocorrer\u00e1 no pr\u00f3prio hospital, localizado na Rua Governador Celso Ramos, n\u00ba 475, no Centro do munic\u00edpio. O bazar funcionar\u00e1 em dois per\u00edodos, das 8h \u00e0s 12h30 e das &hellip; Hospital de Imaru\u00ed promove bazar beneficente com produtos da Receita Federal Read More &raquo;","og_url":"https:\/\/sulsc.com\/index.php\/2026\/01\/17\/hospital-de-imarui-promove-bazar-beneficente-com-produtos-da-receita-federal\/","article_author":"https:\/\/www.facebook.com\/profile.php?id=61559278119680","article_published_time":"2026-01-17T12:11:55+00:00","og_image":[{"width":1080,"height":1350,"url":"http:\/\/sulsc.com\/wp-content\/uploads\/2026\/01\/7202135f-594c-4238-bcf4-df72fa0c81ee.jpeg","type":"image\/jpeg"}],"author":"Reda\u00e7\u00e3o Sul SC","twitter_card":"summary_large_image","twitter_creator":"@https:\/\/twitter.com\/PortalSulSC","twitter_misc":{"Written by":"Reda\u00e7\u00e3o Sul SC","Est. reading time":"1 minute"},"schema":{"@context":"https:\/\/schema.org","@graph":[{"@type":"WebPage","@id":"https:\/\/sulsc.com\/index.php\/2026\/01\/17\/hospital-de-imarui-promove-bazar-beneficente-com-produtos-da-receita-federal\/","url":"https:\/\/sulsc.com\/index.php\/2026\/01\/17\/hospital-de-imarui-promove-bazar-beneficente-com-produtos-da-receita-federal\/","name":"Hospital de Imaru\u00ed promove bazar beneficente com produtos da Receita Federal -","isPartOf":{"@id":"https:\/\/sulsc.com\/#website"},"datePublished":"2026-01-17T12:11:55+00:00","dateModified":"2026-01-17T12:11:55+00:00","author":{"@id":"https:\/\/sulsc.com\/#\/schema\/person\/84d2fc571684f6248ba83092f07750a3"},"breadcrumb":{"@id":"https:\/\/sulsc.com\/index.php\/2026\/01\/17\/hospital-de-imarui-promove-bazar-beneficente-com-produtos-da-receita-federal\/#breadcrumb"},"inLanguage":"en-US","potentialAction":[{"@type":"ReadAction","target":["https:\/\/sulsc.com\/index.php\/2026\/01\/17\/hospital-de-imarui-promove-bazar-beneficente-com-produtos-da-receita-federal\/"]}]},{"@type":"BreadcrumbList","@id":"https:\/\/sulsc.com\/index.php\/2026\/01\/17\/hospital-de-imarui-promove-bazar-beneficente-com-produtos-da-receita-federal\/#breadcrumb","itemListElement":[{"@type":"ListItem","position":1,"name":"In\u00edcio","item":"https:\/\/sulsc.com\/"},{"@type":"ListItem","position":2,"name":"Hospital de Imaru\u00ed promove bazar beneficente com produtos da Receita Federal"}]},{"@type":"WebSite","@id":"https:\/\/sulsc.com\/#website","url":"https:\/\/sulsc.com\/","name":"","description":"","potentialAction":[{"@type":"SearchAction","target":{"@type":"EntryPoint","urlTemplate":"https:\/\/sulsc.com\/?s={search_term_string}"},"query-input":"required name=search_term_string"}],"inLanguage":"en-US"},{"@type":"Person","@id":"https:\/\/sulsc.com\/#\/schema\/person\/84d2fc571684f6248ba83092f07750a3","name":"Reda\u00e7\u00e3o Sul SC","image":{"@type":"ImageObject","inLanguage":"en-US","@id":"https:\/\/sulsc.com\/#\/schema\/person\/image\/e08d7fe2cc4ed596372063bbe852b8d0","url":"https:\/\/sulsc.com\/wp-content\/uploads\/2023\/09\/redacao.png","contentUrl":"https:\/\/sulsc.com\/wp-content\/uploads\/2023\/09\/redacao.png","caption":"Reda\u00e7\u00e3o Sul SC"},"description":"Foco em um jornalismo imparcial, voltado \u00e0 qualidade dos seus conte\u00fados e, assim, levar informa\u00e7\u00e3o de valor que agregue \u00e0 vida dos leitores. Esta \u00e9 grande miss\u00e3o do Portal de Not\u00edcias Sul SC. N\u00e3o \u00e9 quantidade que muda o mundo, sempre foi e seguir\u00e1 sendo qualidade!","sameAs":["https:\/\/sulsc.com\/","https:\/\/www.facebook.com\/profile.php?id=61559278119680","https:\/\/www.instagram.com\/sulscportal\/?hl=pt-br","https:\/\/twitter.com\/https:\/\/twitter.com\/PortalSulSC","https:\/\/www.youtube.com\/channel\/UCv_BE8GeySluDov2n8qhVmw"],"url":"https:\/\/sulsc.com\/index.php\/author\/redacao\/"}]}},"authors":[],"_links":{"self":[{"href":"https:\/\/sulsc.com\/index.php\/wp-json\/wp\/v2\/posts\/31587"}],"collection":[{"href":"https:\/\/sulsc.com\/index.php\/wp-json\/wp\/v2\/posts"}],"about":[{"href":"https:\/\/sulsc.com\/index.php\/wp-json\/wp\/v2\/types\/post"}],"author":[{"embeddable":true,"href":"https:\/\/sulsc.com\/index.php\/wp-json\/wp\/v2\/users\/3"}],"replies":[{"embeddable":true,"href":"https:\/\/sulsc.com\/index.php\/wp-json\/wp\/v2\/comments?post=31587"}],"version-history":[{"count":1,"href":"https:\/\/sulsc.com\/index.php\/wp-json\/wp\/v2\/posts\/31587\/revisions"}],"predecessor-version":[{"id":31590,"href":"https:\/\/sulsc.com\/index.php\/wp-json\/wp\/v2\/posts\/31587\/revisions\/31590"}],"wp:featuredmedia":[{"embeddable":true,"href":"https:\/\/sulsc.com\/index.php\/wp-json\/wp\/v2\/media\/31589"}],"wp:attachment":[{"href":"https:\/\/sulsc.com\/index.php\/wp-json\/wp\/v2\/media?parent=31587"}],"wp:term":[{"taxonomy":"category","embeddable":true,"href":"https:\/\/sulsc.com\/index.php\/wp-json\/wp\/v2\/categories?post=31587"},{"taxonomy":"post_tag","embeddable":true,"href":"https:\/\/sulsc.com\/index.php\/wp-json\/wp\/v2\/tags?post=31587"}],"curies":[{"name":"wp","href":"https:\/\/api.w.org\/{rel}","templated":true}]}}