{"id":31593,"date":"2026-01-17T09:40:07","date_gmt":"2026-01-17T12:40:07","guid":{"rendered":"https:\/\/sulsc.com\/?p=31593"},"modified":"2026-01-17T09:40:07","modified_gmt":"2026-01-17T12:40:07","slug":"praia-do-mar-grosso-laguna-campeonato-de-futebol-de-areia-2026-inicia-neste-final-de-semana","status":"publish","type":"post","link":"https:\/\/sulsc.com\/index.php\/2026\/01\/17\/praia-do-mar-grosso-laguna-campeonato-de-futebol-de-areia-2026-inicia-neste-final-de-semana\/","title":{"rendered":"Praia do Mar Grosso Laguna &#8211; Campeonato de Futebol de areia 2026 inicia neste final de semana"},"content":{"rendered":"<p>Come\u00e7a neste final de semana o Campeonato Municipal de Futebol de Areia 2026 conhecido como \u201cPrai\u00e3o\u201d, nas areias da Praia do Mar Grosso em Laguna. A competi\u00e7\u00e3o, que j\u00e1 \u00e9 tradi\u00e7\u00e3o no ver\u00e3o lagunense, come\u00e7a oficialmente neste final de semana, dias 17 e 18 de janeiro.<\/p>\n<div id=\"metaslider-id-25573\" style=\"width: 100%;\" class=\"ml-slider-3-99-0 metaslider metaslider-flex metaslider-25573 ml-slider has-onhover-arrows ms-theme-default-base has-dots-nav\" role=\"region\" aria-label=\"Meio\" data-width=\"1200\">\n    <div id=\"metaslider_container_25573\">\n        <div id=\"metaslider_25573\">\n            <ul class='slides'>\n                <li style=\"display: block; width: 100%;\" class=\"slide-25684 ms-image \" aria-roledescription=\"slide\" data-date=\"2025-07-24 07:55:40\"><img src=\"https:\/\/sulsc.com\/wp-content\/uploads\/2025\/07\/Marr-2-1000x166.jpg\" height=\"200\" width=\"1200\" alt=\"\" class=\"slider-25573 slide-25684 msDefaultImage\" title=\"Marr 2\" \/><\/li>\n                <li style=\"display: none; width: 100%;\" class=\"slide-32412 ms-image \" aria-roledescription=\"slide\" data-date=\"2026-02-18 13:59:46\"><img src=\"https:\/\/sulsc.com\/wp-content\/uploads\/2026\/02\/40dc1580-cad5-4867-bc58-c4243821ad38-1000x166.jpeg\" height=\"200\" width=\"1200\" alt=\"\" class=\"slider-25573 slide-32412 msDefaultImage\" title=\"40dc1580-cad5-4867-bc58-c4243821ad38\" \/><\/li>\n                <li style=\"display: none; width: 100%;\" class=\"slide-32766 ms-image \" aria-roledescription=\"slide\" data-date=\"2026-03-03 17:22:59\"><img src=\"https:\/\/sulsc.com\/wp-content\/uploads\/2026\/03\/271ce739-f268-41c5-8051-3de1a1750359-1000x166.jpeg\" height=\"200\" width=\"1200\" alt=\"\" class=\"slider-25573 slide-32766 msDefaultImage\" title=\"271ce739-f268-41c5-8051-3de1a1750359\" \/><\/li>\n            <\/ul>\n        <\/div>\n        \n    <\/div>\n<\/div>\n<p>O evento deste ano conta com uma ades\u00e3o expressiva, reunindo atletas de diversas gera\u00e7\u00f5es distribu\u00eddos em tr\u00eas categorias:<\/p>\n<p><strong>Categoria Livre<\/strong>: 12 equipes na disputa pelo t\u00edtulo.<\/p>\n<p><strong>Categoria 40t\u00e3o<\/strong>: 7 equipes trazendo a experi\u00eancia para a quadra.<\/p>\n<p><strong>Feminino<\/strong>: 3 equipes confirmadas na busca pelo trof\u00e9u.<\/p>\n<p>Com jogos programados para todos os s\u00e1bados e domingos, o campeonato se estende at\u00e9 o dia 23 de fevereiro, prometendo movimentar o esporte local e o turismo durante toda a temporada de veraneio.<\/p>\n<p><strong>Confira a Programa\u00e7\u00e3o da Rodada de Abertura:<\/strong><\/p>\n<p><strong>S\u00e1bado (17\/01) \u2013 1\u00aa Rodada<\/strong><\/p>\n<p>14h: Familia Silveira x Boleiros (Livre A)<\/p>\n<p>14h45: CK Casqueiro x Avai (Livre B)<\/p>\n<p>15h30: Mantem x Amigos do Galo (Livre C)<\/p>\n<p>16h15: Ponte Preta x Familia Silveira (40t\u00e3o A)<\/p>\n<p>17h: Silveira Constru\u00e7\u00f5es x Esperan\u00e7a (40t\u00e3o B)<\/p>\n<p><img fetchpriority=\"high\" decoding=\"async\" class=\"aligncenter size-full wp-image-31594\" src=\"http:\/\/sulsc.com\/wp-content\/uploads\/2026\/01\/photo_16@13-02-2025_22-54-33-1024x768-1.jpg\" alt=\"\" width=\"1024\" height=\"768\" srcset=\"https:\/\/sulsc.com\/wp-content\/uploads\/2026\/01\/photo_16@13-02-2025_22-54-33-1024x768-1.jpg 1024w, https:\/\/sulsc.com\/wp-content\/uploads\/2026\/01\/photo_16@13-02-2025_22-54-33-1024x768-1-300x225.jpg 300w, https:\/\/sulsc.com\/wp-content\/uploads\/2026\/01\/photo_16@13-02-2025_22-54-33-1024x768-1-768x576.jpg 768w\" sizes=\"(max-width: 1024px) 100vw, 1024px\" \/><\/p>\n<p>Foto: PML\/Divulga\u00e7\u00e3o\/SulSC<\/p>\n<p><strong>Domingo (18\/01) \u2013 2\u00aa Rodada<\/strong><\/p>\n<p>14h: Internacional x Amigos do Morro (Livre A)<\/p>\n<p>14h45: Real Para x Esperan\u00e7a (Livre B)<\/p>\n<p>15h30: Ponte Preta x Aval (Livre C)<\/p>\n<p>16h15: Aval x Boleiros (40t\u00e3o A)<\/p>\n","protected":false},"excerpt":{"rendered":"<p>Come\u00e7a neste final de semana o Campeonato Municipal de Futebol de Areia 2026 conhecido como \u201cPrai\u00e3o\u201d, nas areias da Praia do Mar Grosso em Laguna. A competi\u00e7\u00e3o, que j\u00e1 \u00e9 tradi\u00e7\u00e3o no ver\u00e3o lagunense, come\u00e7a oficialmente neste final de semana, dias 17 e 18 de janeiro. O evento deste ano conta com uma ades\u00e3o expressiva, &hellip;<\/p>\n<p class=\"read-more\"> <a class=\"\" href=\"https:\/\/sulsc.com\/index.php\/2026\/01\/17\/praia-do-mar-grosso-laguna-campeonato-de-futebol-de-areia-2026-inicia-neste-final-de-semana\/\"> <span class=\"screen-reader-text\">Praia do Mar Grosso Laguna &#8211; Campeonato de Futebol de areia 2026 inicia neste final de semana<\/span> Read More &raquo;<\/a><\/p>\n","protected":false},"author":3,"featured_media":31595,"comment_status":"open","ping_status":"open","sticky":false,"template":"","format":"standard","meta":{"site-sidebar-layout":"default","site-content-layout":"","ast-site-content-layout":"default","site-content-style":"default","site-sidebar-style":"default","ast-global-header-display":"","ast-banner-title-visibility":"","ast-main-header-display":"","ast-hfb-above-header-display":"","ast-hfb-below-header-display":"","ast-hfb-mobile-header-display":"","site-post-title":"","ast-breadcrumbs-content":"","ast-featured-img":"","footer-sml-layout":"","theme-transparent-header-meta":"default","adv-header-id-meta":"","stick-header-meta":"","header-above-stick-meta":"","header-main-stick-meta":"","header-below-stick-meta":"","astra-migrate-meta-layouts":"set","footnotes":""},"categories":[2231,10,22,14,12],"tags":[2793],"yoast_head":"<!-- This site is optimized with the Yoast SEO plugin v21.4 - https:\/\/yoast.com\/wordpress\/plugins\/seo\/ -->\n<title>Praia do Mar Grosso Laguna - Campeonato de Futebol de areia 2026 inicia neste final de semana -<\/title>\n<meta name=\"robots\" content=\"index, follow, max-snippet:-1, max-image-preview:large, max-video-preview:-1\" \/>\n<link rel=\"canonical\" href=\"https:\/\/sulsc.com\/index.php\/2026\/01\/17\/praia-do-mar-grosso-laguna-campeonato-de-futebol-de-areia-2026-inicia-neste-final-de-semana\/\" \/>\n<meta property=\"og:locale\" content=\"en_US\" \/>\n<meta property=\"og:type\" content=\"article\" \/>\n<meta property=\"og:title\" content=\"Praia do Mar Grosso Laguna - Campeonato de Futebol de areia 2026 inicia neste final de semana -\" \/>\n<meta property=\"og:description\" content=\"Come\u00e7a neste final de semana o Campeonato Municipal de Futebol de Areia 2026 conhecido como \u201cPrai\u00e3o\u201d, nas areias da Praia do Mar Grosso em Laguna. A competi\u00e7\u00e3o, que j\u00e1 \u00e9 tradi\u00e7\u00e3o no ver\u00e3o lagunense, come\u00e7a oficialmente neste final de semana, dias 17 e 18 de janeiro. O evento deste ano conta com uma ades\u00e3o expressiva, &hellip; Praia do Mar Grosso Laguna &#8211; Campeonato de Futebol de areia 2026 inicia neste final de semana Read More &raquo;\" \/>\n<meta property=\"og:url\" content=\"https:\/\/sulsc.com\/index.php\/2026\/01\/17\/praia-do-mar-grosso-laguna-campeonato-de-futebol-de-areia-2026-inicia-neste-final-de-semana\/\" \/>\n<meta property=\"article:author\" content=\"https:\/\/www.facebook.com\/profile.php?id=61559278119680\" \/>\n<meta property=\"article:published_time\" content=\"2026-01-17T12:40:07+00:00\" \/>\n<meta property=\"og:image\" content=\"http:\/\/sulsc.com\/wp-content\/uploads\/2026\/01\/photo_262@24-02-2025_15-21-07-Copia-2-1024x768-1.jpg\" \/>\n\t<meta property=\"og:image:width\" content=\"1024\" \/>\n\t<meta property=\"og:image:height\" content=\"768\" \/>\n\t<meta property=\"og:image:type\" content=\"image\/jpeg\" \/>\n<meta name=\"author\" content=\"Reda\u00e7\u00e3o Sul SC\" \/>\n<meta name=\"twitter:card\" content=\"summary_large_image\" \/>\n<meta name=\"twitter:creator\" content=\"@https:\/\/twitter.com\/PortalSulSC\" \/>\n<meta name=\"twitter:label1\" content=\"Written by\" \/>\n\t<meta name=\"twitter:data1\" content=\"Reda\u00e7\u00e3o Sul SC\" \/>\n\t<meta name=\"twitter:label2\" content=\"Est. reading time\" \/>\n\t<meta name=\"twitter:data2\" content=\"2 minutes\" \/>\n<script type=\"application\/ld+json\" class=\"yoast-schema-graph\">{\"@context\":\"https:\/\/schema.org\",\"@graph\":[{\"@type\":\"WebPage\",\"@id\":\"https:\/\/sulsc.com\/index.php\/2026\/01\/17\/praia-do-mar-grosso-laguna-campeonato-de-futebol-de-areia-2026-inicia-neste-final-de-semana\/\",\"url\":\"https:\/\/sulsc.com\/index.php\/2026\/01\/17\/praia-do-mar-grosso-laguna-campeonato-de-futebol-de-areia-2026-inicia-neste-final-de-semana\/\",\"name\":\"Praia do Mar Grosso Laguna - Campeonato de Futebol de areia 2026 inicia neste final de semana -\",\"isPartOf\":{\"@id\":\"https:\/\/sulsc.com\/#website\"},\"datePublished\":\"2026-01-17T12:40:07+00:00\",\"dateModified\":\"2026-01-17T12:40:07+00:00\",\"author\":{\"@id\":\"https:\/\/sulsc.com\/#\/schema\/person\/84d2fc571684f6248ba83092f07750a3\"},\"breadcrumb\":{\"@id\":\"https:\/\/sulsc.com\/index.php\/2026\/01\/17\/praia-do-mar-grosso-laguna-campeonato-de-futebol-de-areia-2026-inicia-neste-final-de-semana\/#breadcrumb\"},\"inLanguage\":\"en-US\",\"potentialAction\":[{\"@type\":\"ReadAction\",\"target\":[\"https:\/\/sulsc.com\/index.php\/2026\/01\/17\/praia-do-mar-grosso-laguna-campeonato-de-futebol-de-areia-2026-inicia-neste-final-de-semana\/\"]}]},{\"@type\":\"BreadcrumbList\",\"@id\":\"https:\/\/sulsc.com\/index.php\/2026\/01\/17\/praia-do-mar-grosso-laguna-campeonato-de-futebol-de-areia-2026-inicia-neste-final-de-semana\/#breadcrumb\",\"itemListElement\":[{\"@type\":\"ListItem\",\"position\":1,\"name\":\"In\u00edcio\",\"item\":\"https:\/\/sulsc.com\/\"},{\"@type\":\"ListItem\",\"position\":2,\"name\":\"Praia do Mar Grosso Laguna &#8211; Campeonato de Futebol de areia 2026 inicia neste final de semana\"}]},{\"@type\":\"WebSite\",\"@id\":\"https:\/\/sulsc.com\/#website\",\"url\":\"https:\/\/sulsc.com\/\",\"name\":\"\",\"description\":\"\",\"potentialAction\":[{\"@type\":\"SearchAction\",\"target\":{\"@type\":\"EntryPoint\",\"urlTemplate\":\"https:\/\/sulsc.com\/?s={search_term_string}\"},\"query-input\":\"required name=search_term_string\"}],\"inLanguage\":\"en-US\"},{\"@type\":\"Person\",\"@id\":\"https:\/\/sulsc.com\/#\/schema\/person\/84d2fc571684f6248ba83092f07750a3\",\"name\":\"Reda\u00e7\u00e3o Sul SC\",\"image\":{\"@type\":\"ImageObject\",\"inLanguage\":\"en-US\",\"@id\":\"https:\/\/sulsc.com\/#\/schema\/person\/image\/e08d7fe2cc4ed596372063bbe852b8d0\",\"url\":\"https:\/\/sulsc.com\/wp-content\/uploads\/2023\/09\/redacao.png\",\"contentUrl\":\"https:\/\/sulsc.com\/wp-content\/uploads\/2023\/09\/redacao.png\",\"caption\":\"Reda\u00e7\u00e3o Sul SC\"},\"description\":\"Foco em um jornalismo imparcial, voltado \u00e0 qualidade dos seus conte\u00fados e, assim, levar informa\u00e7\u00e3o de valor que agregue \u00e0 vida dos leitores. Esta \u00e9 grande miss\u00e3o do Portal de Not\u00edcias Sul SC. N\u00e3o \u00e9 quantidade que muda o mundo, sempre foi e seguir\u00e1 sendo qualidade!\",\"sameAs\":[\"https:\/\/sulsc.com\/\",\"https:\/\/www.facebook.com\/profile.php?id=61559278119680\",\"https:\/\/www.instagram.com\/sulscportal\/?hl=pt-br\",\"https:\/\/twitter.com\/https:\/\/twitter.com\/PortalSulSC\",\"https:\/\/www.youtube.com\/channel\/UCv_BE8GeySluDov2n8qhVmw\"],\"url\":\"https:\/\/sulsc.com\/index.php\/author\/redacao\/\"}]}<\/script>\n<!-- \/ Yoast SEO plugin. -->","yoast_head_json":{"title":"Praia do Mar Grosso Laguna - Campeonato de Futebol de areia 2026 inicia neste final de semana -","robots":{"index":"index","follow":"follow","max-snippet":"max-snippet:-1","max-image-preview":"max-image-preview:large","max-video-preview":"max-video-preview:-1"},"canonical":"https:\/\/sulsc.com\/index.php\/2026\/01\/17\/praia-do-mar-grosso-laguna-campeonato-de-futebol-de-areia-2026-inicia-neste-final-de-semana\/","og_locale":"en_US","og_type":"article","og_title":"Praia do Mar Grosso Laguna - Campeonato de Futebol de areia 2026 inicia neste final de semana -","og_description":"Come\u00e7a neste final de semana o Campeonato Municipal de Futebol de Areia 2026 conhecido como \u201cPrai\u00e3o\u201d, nas areias da Praia do Mar Grosso em Laguna. A competi\u00e7\u00e3o, que j\u00e1 \u00e9 tradi\u00e7\u00e3o no ver\u00e3o lagunense, come\u00e7a oficialmente neste final de semana, dias 17 e 18 de janeiro. O evento deste ano conta com uma ades\u00e3o expressiva, &hellip; Praia do Mar Grosso Laguna &#8211; Campeonato de Futebol de areia 2026 inicia neste final de semana Read More &raquo;","og_url":"https:\/\/sulsc.com\/index.php\/2026\/01\/17\/praia-do-mar-grosso-laguna-campeonato-de-futebol-de-areia-2026-inicia-neste-final-de-semana\/","article_author":"https:\/\/www.facebook.com\/profile.php?id=61559278119680","article_published_time":"2026-01-17T12:40:07+00:00","og_image":[{"width":1024,"height":768,"url":"http:\/\/sulsc.com\/wp-content\/uploads\/2026\/01\/photo_262@24-02-2025_15-21-07-Copia-2-1024x768-1.jpg","type":"image\/jpeg"}],"author":"Reda\u00e7\u00e3o Sul SC","twitter_card":"summary_large_image","twitter_creator":"@https:\/\/twitter.com\/PortalSulSC","twitter_misc":{"Written by":"Reda\u00e7\u00e3o Sul SC","Est. reading time":"2 minutes"},"schema":{"@context":"https:\/\/schema.org","@graph":[{"@type":"WebPage","@id":"https:\/\/sulsc.com\/index.php\/2026\/01\/17\/praia-do-mar-grosso-laguna-campeonato-de-futebol-de-areia-2026-inicia-neste-final-de-semana\/","url":"https:\/\/sulsc.com\/index.php\/2026\/01\/17\/praia-do-mar-grosso-laguna-campeonato-de-futebol-de-areia-2026-inicia-neste-final-de-semana\/","name":"Praia do Mar Grosso Laguna - Campeonato de Futebol de areia 2026 inicia neste final de semana -","isPartOf":{"@id":"https:\/\/sulsc.com\/#website"},"datePublished":"2026-01-17T12:40:07+00:00","dateModified":"2026-01-17T12:40:07+00:00","author":{"@id":"https:\/\/sulsc.com\/#\/schema\/person\/84d2fc571684f6248ba83092f07750a3"},"breadcrumb":{"@id":"https:\/\/sulsc.com\/index.php\/2026\/01\/17\/praia-do-mar-grosso-laguna-campeonato-de-futebol-de-areia-2026-inicia-neste-final-de-semana\/#breadcrumb"},"inLanguage":"en-US","potentialAction":[{"@type":"ReadAction","target":["https:\/\/sulsc.com\/index.php\/2026\/01\/17\/praia-do-mar-grosso-laguna-campeonato-de-futebol-de-areia-2026-inicia-neste-final-de-semana\/"]}]},{"@type":"BreadcrumbList","@id":"https:\/\/sulsc.com\/index.php\/2026\/01\/17\/praia-do-mar-grosso-laguna-campeonato-de-futebol-de-areia-2026-inicia-neste-final-de-semana\/#breadcrumb","itemListElement":[{"@type":"ListItem","position":1,"name":"In\u00edcio","item":"https:\/\/sulsc.com\/"},{"@type":"ListItem","position":2,"name":"Praia do Mar Grosso Laguna &#8211; Campeonato de Futebol de areia 2026 inicia neste final de semana"}]},{"@type":"WebSite","@id":"https:\/\/sulsc.com\/#website","url":"https:\/\/sulsc.com\/","name":"","description":"","potentialAction":[{"@type":"SearchAction","target":{"@type":"EntryPoint","urlTemplate":"https:\/\/sulsc.com\/?s={search_term_string}"},"query-input":"required name=search_term_string"}],"inLanguage":"en-US"},{"@type":"Person","@id":"https:\/\/sulsc.com\/#\/schema\/person\/84d2fc571684f6248ba83092f07750a3","name":"Reda\u00e7\u00e3o Sul SC","image":{"@type":"ImageObject","inLanguage":"en-US","@id":"https:\/\/sulsc.com\/#\/schema\/person\/image\/e08d7fe2cc4ed596372063bbe852b8d0","url":"https:\/\/sulsc.com\/wp-content\/uploads\/2023\/09\/redacao.png","contentUrl":"https:\/\/sulsc.com\/wp-content\/uploads\/2023\/09\/redacao.png","caption":"Reda\u00e7\u00e3o Sul SC"},"description":"Foco em um jornalismo imparcial, voltado \u00e0 qualidade dos seus conte\u00fados e, assim, levar informa\u00e7\u00e3o de valor que agregue \u00e0 vida dos leitores. Esta \u00e9 grande miss\u00e3o do Portal de Not\u00edcias Sul SC. N\u00e3o \u00e9 quantidade que muda o mundo, sempre foi e seguir\u00e1 sendo qualidade!","sameAs":["https:\/\/sulsc.com\/","https:\/\/www.facebook.com\/profile.php?id=61559278119680","https:\/\/www.instagram.com\/sulscportal\/?hl=pt-br","https:\/\/twitter.com\/https:\/\/twitter.com\/PortalSulSC","https:\/\/www.youtube.com\/channel\/UCv_BE8GeySluDov2n8qhVmw"],"url":"https:\/\/sulsc.com\/index.php\/author\/redacao\/"}]}},"authors":[],"_links":{"self":[{"href":"https:\/\/sulsc.com\/index.php\/wp-json\/wp\/v2\/posts\/31593"}],"collection":[{"href":"https:\/\/sulsc.com\/index.php\/wp-json\/wp\/v2\/posts"}],"about":[{"href":"https:\/\/sulsc.com\/index.php\/wp-json\/wp\/v2\/types\/post"}],"author":[{"embeddable":true,"href":"https:\/\/sulsc.com\/index.php\/wp-json\/wp\/v2\/users\/3"}],"replies":[{"embeddable":true,"href":"https:\/\/sulsc.com\/index.php\/wp-json\/wp\/v2\/comments?post=31593"}],"version-history":[{"count":1,"href":"https:\/\/sulsc.com\/index.php\/wp-json\/wp\/v2\/posts\/31593\/revisions"}],"predecessor-version":[{"id":31596,"href":"https:\/\/sulsc.com\/index.php\/wp-json\/wp\/v2\/posts\/31593\/revisions\/31596"}],"wp:featuredmedia":[{"embeddable":true,"href":"https:\/\/sulsc.com\/index.php\/wp-json\/wp\/v2\/media\/31595"}],"wp:attachment":[{"href":"https:\/\/sulsc.com\/index.php\/wp-json\/wp\/v2\/media?parent=31593"}],"wp:term":[{"taxonomy":"category","embeddable":true,"href":"https:\/\/sulsc.com\/index.php\/wp-json\/wp\/v2\/categories?post=31593"},{"taxonomy":"post_tag","embeddable":true,"href":"https:\/\/sulsc.com\/index.php\/wp-json\/wp\/v2\/tags?post=31593"}],"curies":[{"name":"wp","href":"https:\/\/api.w.org\/{rel}","templated":true}]}}