{"id":31597,"date":"2026-01-17T10:49:58","date_gmt":"2026-01-17T13:49:58","guid":{"rendered":"https:\/\/sulsc.com\/?p=31597"},"modified":"2026-01-17T10:49:58","modified_gmt":"2026-01-17T13:49:58","slug":"mercosul-e-uniao-europeia-assinam-acordo-comercial-neste-sabado-17","status":"publish","type":"post","link":"https:\/\/sulsc.com\/index.php\/2026\/01\/17\/mercosul-e-uniao-europeia-assinam-acordo-comercial-neste-sabado-17\/","title":{"rendered":"Mercosul e Uni\u00e3o Europeia assinam acordo comercial neste s\u00e1bado (17)"},"content":{"rendered":"<p>Ap\u00f3s 26 anos de negocia\u00e7\u00e3o, representantes dos blocos de integra\u00e7\u00e3o regional Mercosul e Uni\u00e3o Europeia (UE) devem assinar, neste s\u00e1bado (17), um acordo de livre com\u00e9rcio com potencial de integrar um mercado de cerca de 720 milh\u00f5es de pessoas (450 milh\u00f5es na UE e cerca de 295 milh\u00f5es no Mercosul).<\/p>\n<p>Aprovado por ampla maioria dos 27 pa\u00edses que integram a UE, o tratado ser\u00e1 assinado em Assun\u00e7\u00e3o, no Paraguai \u2013 pa\u00eds que, desde dezembro de 2025, preside temporariamente o Mercosul.<\/p>\n<p>A cerim\u00f4nia de assinatura acontecer\u00e1 a partir das 12h15 (hor\u00e1rio de Bras\u00edlia), no teatro Jos\u00e9 Asunci\u00f3n Flores, do Banco Central paraguaio \u2013 mesmo local onde, em 1991, foi assinado o Tratado de Assun\u00e7\u00e3o, considerado o primeiro passo para a cria\u00e7\u00e3o do Mercado Comum do Sul (Mercosul), hoje composto por Argentina, Bol\u00edvia, Brasil, Paraguai e Uruguai.<\/p>\n<div id=\"metaslider-id-25573\" style=\"width: 100%;\" class=\"ml-slider-3-99-0 metaslider metaslider-flex metaslider-25573 ml-slider has-onhover-arrows ms-theme-default-base has-dots-nav\" role=\"region\" aria-label=\"Meio\" data-width=\"1200\">\n    <div id=\"metaslider_container_25573\">\n        <div id=\"metaslider_25573\">\n            <ul class='slides'>\n                <li style=\"display: block; width: 100%;\" class=\"slide-25684 ms-image \" aria-roledescription=\"slide\" data-date=\"2025-07-24 07:55:40\"><img src=\"https:\/\/sulsc.com\/wp-content\/uploads\/2025\/07\/Marr-2-1000x166.jpg\" height=\"200\" width=\"1200\" alt=\"\" class=\"slider-25573 slide-25684 msDefaultImage\" title=\"Marr 2\" \/><\/li>\n                <li style=\"display: none; width: 100%;\" class=\"slide-32412 ms-image \" aria-roledescription=\"slide\" data-date=\"2026-02-18 13:59:46\"><img src=\"https:\/\/sulsc.com\/wp-content\/uploads\/2026\/02\/40dc1580-cad5-4867-bc58-c4243821ad38-1000x166.jpeg\" height=\"200\" width=\"1200\" alt=\"\" class=\"slider-25573 slide-32412 msDefaultImage\" title=\"40dc1580-cad5-4867-bc58-c4243821ad38\" \/><\/li>\n                <li style=\"display: none; width: 100%;\" class=\"slide-32766 ms-image \" aria-roledescription=\"slide\" data-date=\"2026-03-03 17:22:59\"><img src=\"https:\/\/sulsc.com\/wp-content\/uploads\/2026\/03\/271ce739-f268-41c5-8051-3de1a1750359-1000x166.jpeg\" height=\"200\" width=\"1200\" alt=\"\" class=\"slider-25573 slide-32766 msDefaultImage\" title=\"271ce739-f268-41c5-8051-3de1a1750359\" \/><\/li>\n            <\/ul>\n        <\/div>\n        \n    <\/div>\n<\/div>\n<p>O evento contar\u00e1 com a presen\u00e7a de representantes dos pa\u00edses-membros, a exemplo dos presidentes Javier Milei (Argentina); Rodrigo Paz (Bol\u00edvia); Santiago Pe\u00f1a (Paraguai) e Yamand\u00fa Orsi (Uruguai), bem como da c\u00fapula europeia, como Ursula von der Leyen, presidente da Comiss\u00e3o Europeia, e Ant\u00f3nio Costa, presidente do Conselho Europeu.<\/p>\n<p>o fim da fase de tratativas t\u00e9cnicas e pol\u00edticas iniciadas em junho de 1999, quando as partes come\u00e7aram a negociar seus termos. O texto estabelece a gradual elimina\u00e7\u00e3o de tarifas de importa\u00e7\u00e3o para mais de 90% do com\u00e9rcio bilateral, envolvendo bens industriais (m\u00e1quinas, ferramentas, autom\u00f3veis e outros produtos e equipamentos) e produtos agr\u00edcolas.<\/p>\n<p><img fetchpriority=\"high\" decoding=\"async\" class=\"aligncenter size-full wp-image-31598\" src=\"http:\/\/sulsc.com\/wp-content\/uploads\/2026\/01\/91724c38-2279-47f5-91e4-9b4596b7d190_copy.webp\" alt=\"\" width=\"1170\" height=\"700\" srcset=\"https:\/\/sulsc.com\/wp-content\/uploads\/2026\/01\/91724c38-2279-47f5-91e4-9b4596b7d190_copy.webp 1170w, https:\/\/sulsc.com\/wp-content\/uploads\/2026\/01\/91724c38-2279-47f5-91e4-9b4596b7d190_copy-300x179.webp 300w, https:\/\/sulsc.com\/wp-content\/uploads\/2026\/01\/91724c38-2279-47f5-91e4-9b4596b7d190_copy-1024x613.webp 1024w, https:\/\/sulsc.com\/wp-content\/uploads\/2026\/01\/91724c38-2279-47f5-91e4-9b4596b7d190_copy-768x459.webp 768w\" sizes=\"(max-width: 1170px) 100vw, 1170px\" \/><\/p>\n<p>Uni\u00e3o Europeia\/Mercosul\/Divulga\u00e7\u00e3o\/SulSC<\/p>\n<p><strong>Principais pontos do acordo<\/strong><\/p>\n<p><strong>1. Elimina\u00e7\u00e3o de tarifas alfandeg\u00e1rias<\/strong><\/p>\n<p>Redu\u00e7\u00e3o gradual de tarifas sobre a maior parte dos bens e servi\u00e7os;<\/p>\n<p>Mercosul: zerar\u00e1 tarifas sobre 91% dos bens europeus em at\u00e9 15 anos;<\/p>\n<p>Uni\u00e3o Europeia: eliminar\u00e1 tarifas sobre 95% dos bens do Mercosul em at\u00e9 12 anos.<\/p>\n<p><strong>2. Ganhos imediatos para a ind\u00fastria<\/strong><\/p>\n<p>Tarifa zero desde o in\u00edcio para diversos produtos industriais.<\/p>\n<p><strong>Setores beneficiados:<\/strong><\/p>\n<p>M\u00e1quinas e equipamentos;<\/p>\n<p>Autom\u00f3veis e autope\u00e7as;<\/p>\n<p>Produtos qu\u00edmicos;<\/p>\n<p>Aeronaves e equipamentos de transporte.<\/p>\n<p><strong>3. Acesso ampliado ao mercado europeu<\/strong><\/p>\n<p>Empresas do Mercosul ganham prefer\u00eancia em um mercado de alto poder aquisitivo;<\/p>\n<p>UE tem PIB estimado em US$ 22 trilh\u00f5es;<\/p>\n<p>Com\u00e9rcio tende a ser mais previs\u00edvel e com menos barreiras t\u00e9cnicas.<\/p>\n<p><strong>4. Cotas para produtos agr\u00edcolas sens\u00edveis<\/strong><\/p>\n<p>Produtos como carne bovina, frango, arroz, mel, a\u00e7\u00facar e etanol ter\u00e3o cotas de importa\u00e7\u00e3o;<\/p>\n<p>Acima dessas cotas, \u00e9 cobrada tarifa;<\/p>\n<p>Cotas crescem ao longo do tempo, com tarifas reduzidas, em vez de liberar entrada sem restri\u00e7\u00f5es;<\/p>\n<p>Mecanismo busca evitar impactos abruptos sobre agricultores europeus;<\/p>\n<p>Na UE, as cotas equivalem a 3% dos bens ou 5% do valor importado do Brasil;<\/p>\n<p>No mercado brasileiro, chegam a 9% dos bens ou 8% do valor.<\/p>\n<p><strong>5. Salvaguardas agr\u00edcolas<\/strong><\/p>\n<p><strong>UE poder\u00e1 reintroduzir tarifas temporariamente se:<\/strong><\/p>\n<p>Importa\u00e7\u00f5es crescerem acima de limites definidos;<\/p>\n<p>Pre\u00e7os ficarem muito abaixo do mercado europeu;<\/p>\n<p>Medida vale para cadeias consideradas sens\u00edveis.<\/p>\n<p><strong>6. Compromissos ambientais obrigat\u00f3rios<\/strong><\/p>\n<p>Produtos beneficiados pelo acordo n\u00e3o poder\u00e3o estar ligados a desmatamento ilegal;<\/p>\n<p>Cl\u00e1usulas ambientais s\u00e3o vinculantes;<\/p>\n<p>Possibilidade de suspens\u00e3o do acordo em caso de viola\u00e7\u00e3o do Acordo de Paris.<\/p>\n<p><strong>7. Regras sanit\u00e1rias continuam rigorosas<\/strong><\/p>\n<p>UE n\u00e3o flexibiliza padr\u00f5es sanit\u00e1rios e fitossanit\u00e1rios.<\/p>\n<p>Produtos importados seguir\u00e3o regras r\u00edgidas de seguran\u00e7a alimentar.<\/p>\n<p><strong>8. Com\u00e9rcio de servi\u00e7os e investimentos<\/strong><\/p>\n<p>Redu\u00e7\u00e3o de discrimina\u00e7\u00e3o regulat\u00f3ria a investidores estrangeiros.<\/p>\n<p><strong>Avan\u00e7os em setores como:<\/strong><\/p>\n<p>Servi\u00e7os financeiros;<\/p>\n<p>Telecomunica\u00e7\u00f5es;<\/p>\n<p>Transporte;<\/p>\n<p>Servi\u00e7os empresariais.<\/p>\n<p><strong>9. Compras p\u00fablicas<\/strong><\/p>\n<p>Empresas do Mercosul poder\u00e3o disputar licita\u00e7\u00f5es p\u00fablicas na UE;<\/p>\n<p>Regras mais transparentes e previs\u00edveis.<\/p>\n<p><strong>10. Prote\u00e7\u00e3o \u00e0 propriedade intelectual<\/strong><\/p>\n<p>Reconhecimento de cerca de 350 indica\u00e7\u00f5es geogr\u00e1ficas europeias;<\/p>\n<p>Regras claras sobre marcas, patentes e direitos autorais.<\/p>\n<p><strong>11. Pequenas e m\u00e9dias empresas (PMEs)<\/strong><\/p>\n<p>Cap\u00edtulo espec\u00edfico para PMEs;<\/p>\n<p>Medidas de facilita\u00e7\u00e3o aduaneira e acesso \u00e0 informa\u00e7\u00e3o;<\/p>\n<p>Redu\u00e7\u00e3o de custos e burocracia para pequenos exportadores.<\/p>\n<p><strong>12. Impacto para o Brasil<\/strong><\/p>\n<p>Potencial de aumento das exporta\u00e7\u00f5es, especialmente do agro e da ind\u00fastria;<\/p>\n<p>Maior integra\u00e7\u00e3o a cadeias globais de valor;<\/p>\n<p>Poss\u00edvel atra\u00e7\u00e3o de investimentos estrangeiros no m\u00e9dio e longo prazo.<\/p>\n<p><strong>13. Pr\u00f3ximos passos<\/strong><\/p>\n<p>Assinatura prevista para 17 de janeiro, no Paraguai;<\/p>\n<p>Aprova\u00e7\u00e3o pelo Parlamento Europeu;<\/p>\n<p>Ratifica\u00e7\u00e3o nos Congressos do Brasil, Argentina, Paraguai e Uruguai;<\/p>\n<p>Entrada em vigor apenas ap\u00f3s conclus\u00e3o de todos os tr\u00e2mites;<\/p>\n<p>Acordos que extrapolam pol\u00edtica comercial precisam ser aprovados pelos parlamentos de cada pa\u00eds.<\/p>\n<p>Fonte\/Ag\u00eancia Brasil<\/p>\n","protected":false},"excerpt":{"rendered":"<p>Ap\u00f3s 26 anos de negocia\u00e7\u00e3o, representantes dos blocos de integra\u00e7\u00e3o regional Mercosul e Uni\u00e3o Europeia (UE) devem assinar, neste s\u00e1bado (17), um acordo de livre com\u00e9rcio com potencial de integrar um mercado de cerca de 720 milh\u00f5es de pessoas (450 milh\u00f5es na UE e cerca de 295 milh\u00f5es no Mercosul). Aprovado por ampla maioria dos &hellip;<\/p>\n<p class=\"read-more\"> <a class=\"\" href=\"https:\/\/sulsc.com\/index.php\/2026\/01\/17\/mercosul-e-uniao-europeia-assinam-acordo-comercial-neste-sabado-17\/\"> <span class=\"screen-reader-text\">Mercosul e Uni\u00e3o Europeia assinam acordo comercial neste s\u00e1bado (17)<\/span> Read More &raquo;<\/a><\/p>\n","protected":false},"author":3,"featured_media":31598,"comment_status":"open","ping_status":"open","sticky":false,"template":"","format":"standard","meta":{"site-sidebar-layout":"default","site-content-layout":"","ast-site-content-layout":"default","site-content-style":"default","site-sidebar-style":"default","ast-global-header-display":"","ast-banner-title-visibility":"","ast-main-header-display":"","ast-hfb-above-header-display":"","ast-hfb-below-header-display":"","ast-hfb-mobile-header-display":"","site-post-title":"","ast-breadcrumbs-content":"","ast-featured-img":"","footer-sml-layout":"","theme-transparent-header-meta":"default","adv-header-id-meta":"","stick-header-meta":"","header-above-stick-meta":"","header-main-stick-meta":"","header-below-stick-meta":"","astra-migrate-meta-layouts":"set","footnotes":""},"categories":[11,16,15,6,12],"tags":[617,846,111],"yoast_head":"<!-- This site is optimized with the Yoast SEO plugin v21.4 - https:\/\/yoast.com\/wordpress\/plugins\/seo\/ -->\n<title>Mercosul e Uni\u00e3o Europeia assinam acordo comercial neste s\u00e1bado (17) -<\/title>\n<meta name=\"robots\" content=\"index, follow, max-snippet:-1, max-image-preview:large, max-video-preview:-1\" \/>\n<link rel=\"canonical\" href=\"https:\/\/sulsc.com\/index.php\/2026\/01\/17\/mercosul-e-uniao-europeia-assinam-acordo-comercial-neste-sabado-17\/\" \/>\n<meta property=\"og:locale\" content=\"en_US\" \/>\n<meta property=\"og:type\" content=\"article\" \/>\n<meta property=\"og:title\" content=\"Mercosul e Uni\u00e3o Europeia assinam acordo comercial neste s\u00e1bado (17) -\" \/>\n<meta property=\"og:description\" content=\"Ap\u00f3s 26 anos de negocia\u00e7\u00e3o, representantes dos blocos de integra\u00e7\u00e3o regional Mercosul e Uni\u00e3o Europeia (UE) devem assinar, neste s\u00e1bado (17), um acordo de livre com\u00e9rcio com potencial de integrar um mercado de cerca de 720 milh\u00f5es de pessoas (450 milh\u00f5es na UE e cerca de 295 milh\u00f5es no Mercosul). Aprovado por ampla maioria dos &hellip; Mercosul e Uni\u00e3o Europeia assinam acordo comercial neste s\u00e1bado (17) Read More &raquo;\" \/>\n<meta property=\"og:url\" content=\"https:\/\/sulsc.com\/index.php\/2026\/01\/17\/mercosul-e-uniao-europeia-assinam-acordo-comercial-neste-sabado-17\/\" \/>\n<meta property=\"article:author\" content=\"https:\/\/www.facebook.com\/profile.php?id=61559278119680\" \/>\n<meta property=\"article:published_time\" content=\"2026-01-17T13:49:58+00:00\" \/>\n<meta property=\"og:image\" content=\"http:\/\/sulsc.com\/wp-content\/uploads\/2026\/01\/91724c38-2279-47f5-91e4-9b4596b7d190_copy.webp\" \/>\n\t<meta property=\"og:image:width\" content=\"1170\" \/>\n\t<meta property=\"og:image:height\" content=\"700\" \/>\n\t<meta property=\"og:image:type\" content=\"image\/webp\" \/>\n<meta name=\"author\" content=\"Reda\u00e7\u00e3o Sul SC\" \/>\n<meta name=\"twitter:card\" content=\"summary_large_image\" \/>\n<meta name=\"twitter:creator\" content=\"@https:\/\/twitter.com\/PortalSulSC\" \/>\n<meta name=\"twitter:label1\" content=\"Written by\" \/>\n\t<meta name=\"twitter:data1\" content=\"Reda\u00e7\u00e3o Sul SC\" \/>\n\t<meta name=\"twitter:label2\" content=\"Est. reading time\" \/>\n\t<meta name=\"twitter:data2\" content=\"4 minutes\" \/>\n<script type=\"application\/ld+json\" class=\"yoast-schema-graph\">{\"@context\":\"https:\/\/schema.org\",\"@graph\":[{\"@type\":\"WebPage\",\"@id\":\"https:\/\/sulsc.com\/index.php\/2026\/01\/17\/mercosul-e-uniao-europeia-assinam-acordo-comercial-neste-sabado-17\/\",\"url\":\"https:\/\/sulsc.com\/index.php\/2026\/01\/17\/mercosul-e-uniao-europeia-assinam-acordo-comercial-neste-sabado-17\/\",\"name\":\"Mercosul e Uni\u00e3o Europeia assinam acordo comercial neste s\u00e1bado (17) -\",\"isPartOf\":{\"@id\":\"https:\/\/sulsc.com\/#website\"},\"datePublished\":\"2026-01-17T13:49:58+00:00\",\"dateModified\":\"2026-01-17T13:49:58+00:00\",\"author\":{\"@id\":\"https:\/\/sulsc.com\/#\/schema\/person\/84d2fc571684f6248ba83092f07750a3\"},\"breadcrumb\":{\"@id\":\"https:\/\/sulsc.com\/index.php\/2026\/01\/17\/mercosul-e-uniao-europeia-assinam-acordo-comercial-neste-sabado-17\/#breadcrumb\"},\"inLanguage\":\"en-US\",\"potentialAction\":[{\"@type\":\"ReadAction\",\"target\":[\"https:\/\/sulsc.com\/index.php\/2026\/01\/17\/mercosul-e-uniao-europeia-assinam-acordo-comercial-neste-sabado-17\/\"]}]},{\"@type\":\"BreadcrumbList\",\"@id\":\"https:\/\/sulsc.com\/index.php\/2026\/01\/17\/mercosul-e-uniao-europeia-assinam-acordo-comercial-neste-sabado-17\/#breadcrumb\",\"itemListElement\":[{\"@type\":\"ListItem\",\"position\":1,\"name\":\"In\u00edcio\",\"item\":\"https:\/\/sulsc.com\/\"},{\"@type\":\"ListItem\",\"position\":2,\"name\":\"Mercosul e Uni\u00e3o Europeia assinam acordo comercial neste s\u00e1bado (17)\"}]},{\"@type\":\"WebSite\",\"@id\":\"https:\/\/sulsc.com\/#website\",\"url\":\"https:\/\/sulsc.com\/\",\"name\":\"\",\"description\":\"\",\"potentialAction\":[{\"@type\":\"SearchAction\",\"target\":{\"@type\":\"EntryPoint\",\"urlTemplate\":\"https:\/\/sulsc.com\/?s={search_term_string}\"},\"query-input\":\"required name=search_term_string\"}],\"inLanguage\":\"en-US\"},{\"@type\":\"Person\",\"@id\":\"https:\/\/sulsc.com\/#\/schema\/person\/84d2fc571684f6248ba83092f07750a3\",\"name\":\"Reda\u00e7\u00e3o Sul SC\",\"image\":{\"@type\":\"ImageObject\",\"inLanguage\":\"en-US\",\"@id\":\"https:\/\/sulsc.com\/#\/schema\/person\/image\/e08d7fe2cc4ed596372063bbe852b8d0\",\"url\":\"https:\/\/sulsc.com\/wp-content\/uploads\/2023\/09\/redacao.png\",\"contentUrl\":\"https:\/\/sulsc.com\/wp-content\/uploads\/2023\/09\/redacao.png\",\"caption\":\"Reda\u00e7\u00e3o Sul SC\"},\"description\":\"Foco em um jornalismo imparcial, voltado \u00e0 qualidade dos seus conte\u00fados e, assim, levar informa\u00e7\u00e3o de valor que agregue \u00e0 vida dos leitores. Esta \u00e9 grande miss\u00e3o do Portal de Not\u00edcias Sul SC. N\u00e3o \u00e9 quantidade que muda o mundo, sempre foi e seguir\u00e1 sendo qualidade!\",\"sameAs\":[\"https:\/\/sulsc.com\/\",\"https:\/\/www.facebook.com\/profile.php?id=61559278119680\",\"https:\/\/www.instagram.com\/sulscportal\/?hl=pt-br\",\"https:\/\/twitter.com\/https:\/\/twitter.com\/PortalSulSC\",\"https:\/\/www.youtube.com\/channel\/UCv_BE8GeySluDov2n8qhVmw\"],\"url\":\"https:\/\/sulsc.com\/index.php\/author\/redacao\/\"}]}<\/script>\n<!-- \/ Yoast SEO plugin. -->","yoast_head_json":{"title":"Mercosul e Uni\u00e3o Europeia assinam acordo comercial neste s\u00e1bado (17) -","robots":{"index":"index","follow":"follow","max-snippet":"max-snippet:-1","max-image-preview":"max-image-preview:large","max-video-preview":"max-video-preview:-1"},"canonical":"https:\/\/sulsc.com\/index.php\/2026\/01\/17\/mercosul-e-uniao-europeia-assinam-acordo-comercial-neste-sabado-17\/","og_locale":"en_US","og_type":"article","og_title":"Mercosul e Uni\u00e3o Europeia assinam acordo comercial neste s\u00e1bado (17) -","og_description":"Ap\u00f3s 26 anos de negocia\u00e7\u00e3o, representantes dos blocos de integra\u00e7\u00e3o regional Mercosul e Uni\u00e3o Europeia (UE) devem assinar, neste s\u00e1bado (17), um acordo de livre com\u00e9rcio com potencial de integrar um mercado de cerca de 720 milh\u00f5es de pessoas (450 milh\u00f5es na UE e cerca de 295 milh\u00f5es no Mercosul). Aprovado por ampla maioria dos &hellip; Mercosul e Uni\u00e3o Europeia assinam acordo comercial neste s\u00e1bado (17) Read More &raquo;","og_url":"https:\/\/sulsc.com\/index.php\/2026\/01\/17\/mercosul-e-uniao-europeia-assinam-acordo-comercial-neste-sabado-17\/","article_author":"https:\/\/www.facebook.com\/profile.php?id=61559278119680","article_published_time":"2026-01-17T13:49:58+00:00","og_image":[{"width":1170,"height":700,"url":"http:\/\/sulsc.com\/wp-content\/uploads\/2026\/01\/91724c38-2279-47f5-91e4-9b4596b7d190_copy.webp","type":"image\/webp"}],"author":"Reda\u00e7\u00e3o Sul SC","twitter_card":"summary_large_image","twitter_creator":"@https:\/\/twitter.com\/PortalSulSC","twitter_misc":{"Written by":"Reda\u00e7\u00e3o Sul SC","Est. reading time":"4 minutes"},"schema":{"@context":"https:\/\/schema.org","@graph":[{"@type":"WebPage","@id":"https:\/\/sulsc.com\/index.php\/2026\/01\/17\/mercosul-e-uniao-europeia-assinam-acordo-comercial-neste-sabado-17\/","url":"https:\/\/sulsc.com\/index.php\/2026\/01\/17\/mercosul-e-uniao-europeia-assinam-acordo-comercial-neste-sabado-17\/","name":"Mercosul e Uni\u00e3o Europeia assinam acordo comercial neste s\u00e1bado (17) -","isPartOf":{"@id":"https:\/\/sulsc.com\/#website"},"datePublished":"2026-01-17T13:49:58+00:00","dateModified":"2026-01-17T13:49:58+00:00","author":{"@id":"https:\/\/sulsc.com\/#\/schema\/person\/84d2fc571684f6248ba83092f07750a3"},"breadcrumb":{"@id":"https:\/\/sulsc.com\/index.php\/2026\/01\/17\/mercosul-e-uniao-europeia-assinam-acordo-comercial-neste-sabado-17\/#breadcrumb"},"inLanguage":"en-US","potentialAction":[{"@type":"ReadAction","target":["https:\/\/sulsc.com\/index.php\/2026\/01\/17\/mercosul-e-uniao-europeia-assinam-acordo-comercial-neste-sabado-17\/"]}]},{"@type":"BreadcrumbList","@id":"https:\/\/sulsc.com\/index.php\/2026\/01\/17\/mercosul-e-uniao-europeia-assinam-acordo-comercial-neste-sabado-17\/#breadcrumb","itemListElement":[{"@type":"ListItem","position":1,"name":"In\u00edcio","item":"https:\/\/sulsc.com\/"},{"@type":"ListItem","position":2,"name":"Mercosul e Uni\u00e3o Europeia assinam acordo comercial neste s\u00e1bado (17)"}]},{"@type":"WebSite","@id":"https:\/\/sulsc.com\/#website","url":"https:\/\/sulsc.com\/","name":"","description":"","potentialAction":[{"@type":"SearchAction","target":{"@type":"EntryPoint","urlTemplate":"https:\/\/sulsc.com\/?s={search_term_string}"},"query-input":"required name=search_term_string"}],"inLanguage":"en-US"},{"@type":"Person","@id":"https:\/\/sulsc.com\/#\/schema\/person\/84d2fc571684f6248ba83092f07750a3","name":"Reda\u00e7\u00e3o Sul SC","image":{"@type":"ImageObject","inLanguage":"en-US","@id":"https:\/\/sulsc.com\/#\/schema\/person\/image\/e08d7fe2cc4ed596372063bbe852b8d0","url":"https:\/\/sulsc.com\/wp-content\/uploads\/2023\/09\/redacao.png","contentUrl":"https:\/\/sulsc.com\/wp-content\/uploads\/2023\/09\/redacao.png","caption":"Reda\u00e7\u00e3o Sul SC"},"description":"Foco em um jornalismo imparcial, voltado \u00e0 qualidade dos seus conte\u00fados e, assim, levar informa\u00e7\u00e3o de valor que agregue \u00e0 vida dos leitores. Esta \u00e9 grande miss\u00e3o do Portal de Not\u00edcias Sul SC. N\u00e3o \u00e9 quantidade que muda o mundo, sempre foi e seguir\u00e1 sendo qualidade!","sameAs":["https:\/\/sulsc.com\/","https:\/\/www.facebook.com\/profile.php?id=61559278119680","https:\/\/www.instagram.com\/sulscportal\/?hl=pt-br","https:\/\/twitter.com\/https:\/\/twitter.com\/PortalSulSC","https:\/\/www.youtube.com\/channel\/UCv_BE8GeySluDov2n8qhVmw"],"url":"https:\/\/sulsc.com\/index.php\/author\/redacao\/"}]}},"authors":[],"_links":{"self":[{"href":"https:\/\/sulsc.com\/index.php\/wp-json\/wp\/v2\/posts\/31597"}],"collection":[{"href":"https:\/\/sulsc.com\/index.php\/wp-json\/wp\/v2\/posts"}],"about":[{"href":"https:\/\/sulsc.com\/index.php\/wp-json\/wp\/v2\/types\/post"}],"author":[{"embeddable":true,"href":"https:\/\/sulsc.com\/index.php\/wp-json\/wp\/v2\/users\/3"}],"replies":[{"embeddable":true,"href":"https:\/\/sulsc.com\/index.php\/wp-json\/wp\/v2\/comments?post=31597"}],"version-history":[{"count":1,"href":"https:\/\/sulsc.com\/index.php\/wp-json\/wp\/v2\/posts\/31597\/revisions"}],"predecessor-version":[{"id":31599,"href":"https:\/\/sulsc.com\/index.php\/wp-json\/wp\/v2\/posts\/31597\/revisions\/31599"}],"wp:featuredmedia":[{"embeddable":true,"href":"https:\/\/sulsc.com\/index.php\/wp-json\/wp\/v2\/media\/31598"}],"wp:attachment":[{"href":"https:\/\/sulsc.com\/index.php\/wp-json\/wp\/v2\/media?parent=31597"}],"wp:term":[{"taxonomy":"category","embeddable":true,"href":"https:\/\/sulsc.com\/index.php\/wp-json\/wp\/v2\/categories?post=31597"},{"taxonomy":"post_tag","embeddable":true,"href":"https:\/\/sulsc.com\/index.php\/wp-json\/wp\/v2\/tags?post=31597"}],"curies":[{"name":"wp","href":"https:\/\/api.w.org\/{rel}","templated":true}]}}