{"id":31600,"date":"2026-01-19T08:12:41","date_gmt":"2026-01-19T11:12:41","guid":{"rendered":"https:\/\/sulsc.com\/?p=31600"},"modified":"2026-01-19T08:13:47","modified_gmt":"2026-01-19T11:13:47","slug":"segunda-feira-19-de-tempo-instavel-e-rajadas-de-ventos-de-60-km-h","status":"publish","type":"post","link":"https:\/\/sulsc.com\/index.php\/2026\/01\/19\/segunda-feira-19-de-tempo-instavel-e-rajadas-de-ventos-de-60-km-h\/","title":{"rendered":"Segunda-feira (19) de tempo inst\u00e1vel e rajadas de ventos de 60 Km\/h"},"content":{"rendered":"<p><span dir=\"auto\" style=\"vertical-align: inherit;\"><span dir=\"auto\" style=\"vertical-align: inherit;\">Nesta segunda-feira (19), ap\u00f3s a passagem da frente fria, o tempo se estabilizou com a atua\u00e7\u00e3o de um sistema de alta press\u00e3o. O vento predomina de quadrante sul e ainda h\u00e1 condi\u00e7\u00f5es para chuva leve, com risco baixo de ocorr\u00eancias associadas. A mudan\u00e7a na dire\u00e7\u00e3o do vento favorece o decl\u00ednio das temperaturas ao longo do dia.<\/span><\/span><\/p>\n<div id=\"metaslider-id-25573\" style=\"width: 100%;\" class=\"ml-slider-3-99-0 metaslider metaslider-flex metaslider-25573 ml-slider has-onhover-arrows ms-theme-default-base has-dots-nav\" role=\"region\" aria-label=\"Meio\" data-width=\"1200\">\n    <div id=\"metaslider_container_25573\">\n        <div id=\"metaslider_25573\">\n            <ul class='slides'>\n                <li style=\"display: block; width: 100%;\" class=\"slide-25684 ms-image \" aria-roledescription=\"slide\" data-date=\"2025-07-24 07:55:40\"><img src=\"https:\/\/sulsc.com\/wp-content\/uploads\/2025\/07\/Marr-2-1000x166.jpg\" height=\"200\" width=\"1200\" alt=\"\" class=\"slider-25573 slide-25684 msDefaultImage\" title=\"Marr 2\" \/><\/li>\n                <li style=\"display: none; width: 100%;\" class=\"slide-32412 ms-image \" aria-roledescription=\"slide\" data-date=\"2026-02-18 13:59:46\"><img src=\"https:\/\/sulsc.com\/wp-content\/uploads\/2026\/02\/40dc1580-cad5-4867-bc58-c4243821ad38-1000x166.jpeg\" height=\"200\" width=\"1200\" alt=\"\" class=\"slider-25573 slide-32412 msDefaultImage\" title=\"40dc1580-cad5-4867-bc58-c4243821ad38\" \/><\/li>\n                <li style=\"display: none; width: 100%;\" class=\"slide-32766 ms-image \" aria-roledescription=\"slide\" data-date=\"2026-03-03 17:22:59\"><img src=\"https:\/\/sulsc.com\/wp-content\/uploads\/2026\/03\/271ce739-f268-41c5-8051-3de1a1750359-1000x166.jpeg\" height=\"200\" width=\"1200\" alt=\"\" class=\"slider-25573 slide-32766 msDefaultImage\" title=\"271ce739-f268-41c5-8051-3de1a1750359\" \/><\/li>\n            <\/ul>\n        <\/div>\n        \n    <\/div>\n<\/div>\n<p><strong><span dir=\"auto\" style=\"vertical-align: inherit;\"><span dir=\"auto\" style=\"vertical-align: inherit;\">Temperaturas<\/span><\/span><\/strong><\/p>\n<p><span dir=\"auto\" style=\"vertical-align: inherit;\"><span dir=\"auto\" style=\"vertical-align: inherit;\">\u00c0 tarde, as m\u00e1ximas perderam for\u00e7a e n\u00e3o ultrapassaram os 28\u00b0C.<\/span><\/span><\/p>\n<p><img fetchpriority=\"high\" decoding=\"async\" class=\"aligncenter size-full wp-image-31601\" src=\"http:\/\/sulsc.com\/wp-content\/uploads\/2026\/01\/image-471.png\" alt=\"\" width=\"1534\" height=\"1045\" srcset=\"https:\/\/sulsc.com\/wp-content\/uploads\/2026\/01\/image-471.png 1534w, https:\/\/sulsc.com\/wp-content\/uploads\/2026\/01\/image-471-300x204.png 300w, https:\/\/sulsc.com\/wp-content\/uploads\/2026\/01\/image-471-1024x698.png 1024w, https:\/\/sulsc.com\/wp-content\/uploads\/2026\/01\/image-471-768x523.png 768w\" sizes=\"(max-width: 1534px) 100vw, 1534px\" \/><\/p>\n<p><img decoding=\"async\" class=\"aligncenter size-full wp-image-22836\" src=\"http:\/\/sulsc.com\/wp-content\/uploads\/2025\/04\/Tempo-2.png\" alt=\"\" width=\"1024\" height=\"189\" srcset=\"https:\/\/sulsc.com\/wp-content\/uploads\/2025\/04\/Tempo-2.png 1024w, https:\/\/sulsc.com\/wp-content\/uploads\/2025\/04\/Tempo-2-300x55.png 300w, https:\/\/sulsc.com\/wp-content\/uploads\/2025\/04\/Tempo-2-768x142.png 768w\" sizes=\"(max-width: 1024px) 100vw, 1024px\" \/><\/p>\n<p><strong><span dir=\"auto\" style=\"vertical-align: inherit;\"><span dir=\"auto\" style=\"vertical-align: inherit;\">Vento:<\/span><\/span><\/strong><span dir=\"auto\" style=\"vertical-align: inherit;\"><span dir=\"auto\" style=\"vertical-align: inherit;\"> A aten\u00e7\u00e3o se volta para a intensidade do vento sul, que apresenta rajadas entre 50 e 60 km\/h, trazendo risco moderado a alto para destelhamentos e quedas de \u00e1rvores. Consequentemente, o mar fica agitado em todo o litoral, com ondas entre 2,5 e 3 m, configurando risco moderado para atividades de navega\u00e7\u00e3o.<\/span><\/span><\/p>\n<p><strong><span dir=\"auto\" style=\"vertical-align: inherit;\"><span dir=\"auto\" style=\"vertical-align: inherit;\">Sistema predominante:<\/span><\/span><\/strong><span dir=\"auto\" style=\"vertical-align: inherit;\"><span dir=\"auto\" style=\"vertical-align: inherit;\"> avan\u00e7o de massa de ar seco e seco frio ao Sul do Brasil.<\/span><\/span><\/p>\n<p><span dir=\"auto\" style=\"vertical-align: inherit;\"><span dir=\"auto\" style=\"vertical-align: inherit;\">J\u00e1 amanh\u00e3 ter\u00e7a-feira (20) e na quarta-feira (21), o tempo ser\u00e1 sol em SC, com mais nuvens no litoral e chuva isolada no in\u00edcio do dia no Litoral. As temperaturas voltam a elevadas a partir de quarta-feira (21).<\/span><\/span><\/p>\n<p><span dir=\"auto\" style=\"vertical-align: inherit;\"><span dir=\"auto\" style=\"vertical-align: inherit;\">Fonte: Defesa Civil &#8211; SC\/Epagri-Ciram<\/span><\/span><\/p>\n","protected":false},"excerpt":{"rendered":"<p>Nesta segunda-feira (19), ap\u00f3s a passagem da frente fria, o tempo se estabilizou com a atua\u00e7\u00e3o de um sistema de alta press\u00e3o. O vento predomina de quadrante sul e ainda h\u00e1 condi\u00e7\u00f5es para chuva leve, com risco baixo de ocorr\u00eancias associadas. A mudan\u00e7a na dire\u00e7\u00e3o do vento favorece o decl\u00ednio das temperaturas ao longo do &hellip;<\/p>\n<p class=\"read-more\"> <a class=\"\" href=\"https:\/\/sulsc.com\/index.php\/2026\/01\/19\/segunda-feira-19-de-tempo-instavel-e-rajadas-de-ventos-de-60-km-h\/\"> <span class=\"screen-reader-text\">Segunda-feira (19) de tempo inst\u00e1vel e rajadas de ventos de 60 Km\/h<\/span> Read More &raquo;<\/a><\/p>\n","protected":false},"author":3,"featured_media":16430,"comment_status":"open","ping_status":"open","sticky":false,"template":"","format":"standard","meta":{"site-sidebar-layout":"default","site-content-layout":"","ast-site-content-layout":"default","site-content-style":"default","site-sidebar-style":"default","ast-global-header-display":"","ast-banner-title-visibility":"","ast-main-header-display":"","ast-hfb-above-header-display":"","ast-hfb-below-header-display":"","ast-hfb-mobile-header-display":"","site-post-title":"","ast-breadcrumbs-content":"","ast-featured-img":"","footer-sml-layout":"","theme-transparent-header-meta":"default","adv-header-id-meta":"","stick-header-meta":"","header-above-stick-meta":"","header-main-stick-meta":"","header-below-stick-meta":"","astra-migrate-meta-layouts":"set","footnotes":""},"categories":[2354,2231,1,38,12],"tags":[1013],"yoast_head":"<!-- This site is optimized with the Yoast SEO plugin v21.4 - https:\/\/yoast.com\/wordpress\/plugins\/seo\/ -->\n<title>Segunda-feira (19) de tempo inst\u00e1vel e rajadas de ventos de 60 Km\/h -<\/title>\n<meta name=\"robots\" content=\"index, follow, max-snippet:-1, max-image-preview:large, max-video-preview:-1\" \/>\n<link rel=\"canonical\" href=\"https:\/\/sulsc.com\/index.php\/2026\/01\/19\/segunda-feira-19-de-tempo-instavel-e-rajadas-de-ventos-de-60-km-h\/\" \/>\n<meta property=\"og:locale\" content=\"en_US\" \/>\n<meta property=\"og:type\" content=\"article\" \/>\n<meta property=\"og:title\" content=\"Segunda-feira (19) de tempo inst\u00e1vel e rajadas de ventos de 60 Km\/h -\" \/>\n<meta property=\"og:description\" content=\"Nesta segunda-feira (19), ap\u00f3s a passagem da frente fria, o tempo se estabilizou com a atua\u00e7\u00e3o de um sistema de alta press\u00e3o. O vento predomina de quadrante sul e ainda h\u00e1 condi\u00e7\u00f5es para chuva leve, com risco baixo de ocorr\u00eancias associadas. A mudan\u00e7a na dire\u00e7\u00e3o do vento favorece o decl\u00ednio das temperaturas ao longo do &hellip; Segunda-feira (19) de tempo inst\u00e1vel e rajadas de ventos de 60 Km\/h Read More &raquo;\" \/>\n<meta property=\"og:url\" content=\"https:\/\/sulsc.com\/index.php\/2026\/01\/19\/segunda-feira-19-de-tempo-instavel-e-rajadas-de-ventos-de-60-km-h\/\" \/>\n<meta property=\"article:author\" content=\"https:\/\/www.facebook.com\/profile.php?id=61559278119680\" \/>\n<meta property=\"article:published_time\" content=\"2026-01-19T11:12:41+00:00\" \/>\n<meta property=\"article:modified_time\" content=\"2026-01-19T11:13:47+00:00\" \/>\n<meta property=\"og:image\" content=\"http:\/\/sulsc.com\/wp-content\/uploads\/2024\/10\/temporal.jpg\" \/>\n\t<meta property=\"og:image:width\" content=\"1920\" \/>\n\t<meta property=\"og:image:height\" content=\"866\" \/>\n\t<meta property=\"og:image:type\" content=\"image\/jpeg\" \/>\n<meta name=\"author\" content=\"Reda\u00e7\u00e3o Sul SC\" \/>\n<meta name=\"twitter:card\" content=\"summary_large_image\" \/>\n<meta name=\"twitter:creator\" content=\"@https:\/\/twitter.com\/PortalSulSC\" \/>\n<meta name=\"twitter:label1\" content=\"Written by\" \/>\n\t<meta name=\"twitter:data1\" content=\"Reda\u00e7\u00e3o Sul SC\" \/>\n\t<meta name=\"twitter:label2\" content=\"Est. reading time\" \/>\n\t<meta name=\"twitter:data2\" content=\"2 minutes\" \/>\n<script type=\"application\/ld+json\" class=\"yoast-schema-graph\">{\"@context\":\"https:\/\/schema.org\",\"@graph\":[{\"@type\":\"WebPage\",\"@id\":\"https:\/\/sulsc.com\/index.php\/2026\/01\/19\/segunda-feira-19-de-tempo-instavel-e-rajadas-de-ventos-de-60-km-h\/\",\"url\":\"https:\/\/sulsc.com\/index.php\/2026\/01\/19\/segunda-feira-19-de-tempo-instavel-e-rajadas-de-ventos-de-60-km-h\/\",\"name\":\"Segunda-feira (19) de tempo inst\u00e1vel e rajadas de ventos de 60 Km\/h -\",\"isPartOf\":{\"@id\":\"https:\/\/sulsc.com\/#website\"},\"datePublished\":\"2026-01-19T11:12:41+00:00\",\"dateModified\":\"2026-01-19T11:13:47+00:00\",\"author\":{\"@id\":\"https:\/\/sulsc.com\/#\/schema\/person\/84d2fc571684f6248ba83092f07750a3\"},\"breadcrumb\":{\"@id\":\"https:\/\/sulsc.com\/index.php\/2026\/01\/19\/segunda-feira-19-de-tempo-instavel-e-rajadas-de-ventos-de-60-km-h\/#breadcrumb\"},\"inLanguage\":\"en-US\",\"potentialAction\":[{\"@type\":\"ReadAction\",\"target\":[\"https:\/\/sulsc.com\/index.php\/2026\/01\/19\/segunda-feira-19-de-tempo-instavel-e-rajadas-de-ventos-de-60-km-h\/\"]}]},{\"@type\":\"BreadcrumbList\",\"@id\":\"https:\/\/sulsc.com\/index.php\/2026\/01\/19\/segunda-feira-19-de-tempo-instavel-e-rajadas-de-ventos-de-60-km-h\/#breadcrumb\",\"itemListElement\":[{\"@type\":\"ListItem\",\"position\":1,\"name\":\"In\u00edcio\",\"item\":\"https:\/\/sulsc.com\/\"},{\"@type\":\"ListItem\",\"position\":2,\"name\":\"Segunda-feira (19) de tempo inst\u00e1vel e rajadas de ventos de 60 Km\/h\"}]},{\"@type\":\"WebSite\",\"@id\":\"https:\/\/sulsc.com\/#website\",\"url\":\"https:\/\/sulsc.com\/\",\"name\":\"\",\"description\":\"\",\"potentialAction\":[{\"@type\":\"SearchAction\",\"target\":{\"@type\":\"EntryPoint\",\"urlTemplate\":\"https:\/\/sulsc.com\/?s={search_term_string}\"},\"query-input\":\"required name=search_term_string\"}],\"inLanguage\":\"en-US\"},{\"@type\":\"Person\",\"@id\":\"https:\/\/sulsc.com\/#\/schema\/person\/84d2fc571684f6248ba83092f07750a3\",\"name\":\"Reda\u00e7\u00e3o Sul SC\",\"image\":{\"@type\":\"ImageObject\",\"inLanguage\":\"en-US\",\"@id\":\"https:\/\/sulsc.com\/#\/schema\/person\/image\/e08d7fe2cc4ed596372063bbe852b8d0\",\"url\":\"https:\/\/sulsc.com\/wp-content\/uploads\/2023\/09\/redacao.png\",\"contentUrl\":\"https:\/\/sulsc.com\/wp-content\/uploads\/2023\/09\/redacao.png\",\"caption\":\"Reda\u00e7\u00e3o Sul SC\"},\"description\":\"Foco em um jornalismo imparcial, voltado \u00e0 qualidade dos seus conte\u00fados e, assim, levar informa\u00e7\u00e3o de valor que agregue \u00e0 vida dos leitores. Esta \u00e9 grande miss\u00e3o do Portal de Not\u00edcias Sul SC. N\u00e3o \u00e9 quantidade que muda o mundo, sempre foi e seguir\u00e1 sendo qualidade!\",\"sameAs\":[\"https:\/\/sulsc.com\/\",\"https:\/\/www.facebook.com\/profile.php?id=61559278119680\",\"https:\/\/www.instagram.com\/sulscportal\/?hl=pt-br\",\"https:\/\/twitter.com\/https:\/\/twitter.com\/PortalSulSC\",\"https:\/\/www.youtube.com\/channel\/UCv_BE8GeySluDov2n8qhVmw\"],\"url\":\"https:\/\/sulsc.com\/index.php\/author\/redacao\/\"}]}<\/script>\n<!-- \/ Yoast SEO plugin. -->","yoast_head_json":{"title":"Segunda-feira (19) de tempo inst\u00e1vel e rajadas de ventos de 60 Km\/h -","robots":{"index":"index","follow":"follow","max-snippet":"max-snippet:-1","max-image-preview":"max-image-preview:large","max-video-preview":"max-video-preview:-1"},"canonical":"https:\/\/sulsc.com\/index.php\/2026\/01\/19\/segunda-feira-19-de-tempo-instavel-e-rajadas-de-ventos-de-60-km-h\/","og_locale":"en_US","og_type":"article","og_title":"Segunda-feira (19) de tempo inst\u00e1vel e rajadas de ventos de 60 Km\/h -","og_description":"Nesta segunda-feira (19), ap\u00f3s a passagem da frente fria, o tempo se estabilizou com a atua\u00e7\u00e3o de um sistema de alta press\u00e3o. O vento predomina de quadrante sul e ainda h\u00e1 condi\u00e7\u00f5es para chuva leve, com risco baixo de ocorr\u00eancias associadas. A mudan\u00e7a na dire\u00e7\u00e3o do vento favorece o decl\u00ednio das temperaturas ao longo do &hellip; Segunda-feira (19) de tempo inst\u00e1vel e rajadas de ventos de 60 Km\/h Read More &raquo;","og_url":"https:\/\/sulsc.com\/index.php\/2026\/01\/19\/segunda-feira-19-de-tempo-instavel-e-rajadas-de-ventos-de-60-km-h\/","article_author":"https:\/\/www.facebook.com\/profile.php?id=61559278119680","article_published_time":"2026-01-19T11:12:41+00:00","article_modified_time":"2026-01-19T11:13:47+00:00","og_image":[{"width":1920,"height":866,"url":"http:\/\/sulsc.com\/wp-content\/uploads\/2024\/10\/temporal.jpg","type":"image\/jpeg"}],"author":"Reda\u00e7\u00e3o Sul SC","twitter_card":"summary_large_image","twitter_creator":"@https:\/\/twitter.com\/PortalSulSC","twitter_misc":{"Written by":"Reda\u00e7\u00e3o Sul SC","Est. reading time":"2 minutes"},"schema":{"@context":"https:\/\/schema.org","@graph":[{"@type":"WebPage","@id":"https:\/\/sulsc.com\/index.php\/2026\/01\/19\/segunda-feira-19-de-tempo-instavel-e-rajadas-de-ventos-de-60-km-h\/","url":"https:\/\/sulsc.com\/index.php\/2026\/01\/19\/segunda-feira-19-de-tempo-instavel-e-rajadas-de-ventos-de-60-km-h\/","name":"Segunda-feira (19) de tempo inst\u00e1vel e rajadas de ventos de 60 Km\/h -","isPartOf":{"@id":"https:\/\/sulsc.com\/#website"},"datePublished":"2026-01-19T11:12:41+00:00","dateModified":"2026-01-19T11:13:47+00:00","author":{"@id":"https:\/\/sulsc.com\/#\/schema\/person\/84d2fc571684f6248ba83092f07750a3"},"breadcrumb":{"@id":"https:\/\/sulsc.com\/index.php\/2026\/01\/19\/segunda-feira-19-de-tempo-instavel-e-rajadas-de-ventos-de-60-km-h\/#breadcrumb"},"inLanguage":"en-US","potentialAction":[{"@type":"ReadAction","target":["https:\/\/sulsc.com\/index.php\/2026\/01\/19\/segunda-feira-19-de-tempo-instavel-e-rajadas-de-ventos-de-60-km-h\/"]}]},{"@type":"BreadcrumbList","@id":"https:\/\/sulsc.com\/index.php\/2026\/01\/19\/segunda-feira-19-de-tempo-instavel-e-rajadas-de-ventos-de-60-km-h\/#breadcrumb","itemListElement":[{"@type":"ListItem","position":1,"name":"In\u00edcio","item":"https:\/\/sulsc.com\/"},{"@type":"ListItem","position":2,"name":"Segunda-feira (19) de tempo inst\u00e1vel e rajadas de ventos de 60 Km\/h"}]},{"@type":"WebSite","@id":"https:\/\/sulsc.com\/#website","url":"https:\/\/sulsc.com\/","name":"","description":"","potentialAction":[{"@type":"SearchAction","target":{"@type":"EntryPoint","urlTemplate":"https:\/\/sulsc.com\/?s={search_term_string}"},"query-input":"required name=search_term_string"}],"inLanguage":"en-US"},{"@type":"Person","@id":"https:\/\/sulsc.com\/#\/schema\/person\/84d2fc571684f6248ba83092f07750a3","name":"Reda\u00e7\u00e3o Sul SC","image":{"@type":"ImageObject","inLanguage":"en-US","@id":"https:\/\/sulsc.com\/#\/schema\/person\/image\/e08d7fe2cc4ed596372063bbe852b8d0","url":"https:\/\/sulsc.com\/wp-content\/uploads\/2023\/09\/redacao.png","contentUrl":"https:\/\/sulsc.com\/wp-content\/uploads\/2023\/09\/redacao.png","caption":"Reda\u00e7\u00e3o Sul SC"},"description":"Foco em um jornalismo imparcial, voltado \u00e0 qualidade dos seus conte\u00fados e, assim, levar informa\u00e7\u00e3o de valor que agregue \u00e0 vida dos leitores. Esta \u00e9 grande miss\u00e3o do Portal de Not\u00edcias Sul SC. N\u00e3o \u00e9 quantidade que muda o mundo, sempre foi e seguir\u00e1 sendo qualidade!","sameAs":["https:\/\/sulsc.com\/","https:\/\/www.facebook.com\/profile.php?id=61559278119680","https:\/\/www.instagram.com\/sulscportal\/?hl=pt-br","https:\/\/twitter.com\/https:\/\/twitter.com\/PortalSulSC","https:\/\/www.youtube.com\/channel\/UCv_BE8GeySluDov2n8qhVmw"],"url":"https:\/\/sulsc.com\/index.php\/author\/redacao\/"}]}},"authors":[],"_links":{"self":[{"href":"https:\/\/sulsc.com\/index.php\/wp-json\/wp\/v2\/posts\/31600"}],"collection":[{"href":"https:\/\/sulsc.com\/index.php\/wp-json\/wp\/v2\/posts"}],"about":[{"href":"https:\/\/sulsc.com\/index.php\/wp-json\/wp\/v2\/types\/post"}],"author":[{"embeddable":true,"href":"https:\/\/sulsc.com\/index.php\/wp-json\/wp\/v2\/users\/3"}],"replies":[{"embeddable":true,"href":"https:\/\/sulsc.com\/index.php\/wp-json\/wp\/v2\/comments?post=31600"}],"version-history":[{"count":2,"href":"https:\/\/sulsc.com\/index.php\/wp-json\/wp\/v2\/posts\/31600\/revisions"}],"predecessor-version":[{"id":31603,"href":"https:\/\/sulsc.com\/index.php\/wp-json\/wp\/v2\/posts\/31600\/revisions\/31603"}],"wp:featuredmedia":[{"embeddable":true,"href":"https:\/\/sulsc.com\/index.php\/wp-json\/wp\/v2\/media\/16430"}],"wp:attachment":[{"href":"https:\/\/sulsc.com\/index.php\/wp-json\/wp\/v2\/media?parent=31600"}],"wp:term":[{"taxonomy":"category","embeddable":true,"href":"https:\/\/sulsc.com\/index.php\/wp-json\/wp\/v2\/categories?post=31600"},{"taxonomy":"post_tag","embeddable":true,"href":"https:\/\/sulsc.com\/index.php\/wp-json\/wp\/v2\/tags?post=31600"}],"curies":[{"name":"wp","href":"https:\/\/api.w.org\/{rel}","templated":true}]}}