{"id":31606,"date":"2026-01-19T09:16:14","date_gmt":"2026-01-19T12:16:14","guid":{"rendered":"https:\/\/sulsc.com\/?p=31606"},"modified":"2026-01-19T09:16:14","modified_gmt":"2026-01-19T12:16:14","slug":"sisu-2026-inscricoes-para-o-ensino-superior-comecam-nesta-segunda-feira-19","status":"publish","type":"post","link":"https:\/\/sulsc.com\/index.php\/2026\/01\/19\/sisu-2026-inscricoes-para-o-ensino-superior-comecam-nesta-segunda-feira-19\/","title":{"rendered":"Sisu 2026: inscri\u00e7\u00f5es para o ensino superior come\u00e7am nesta segunda-Feira (19)"},"content":{"rendered":"<p>As inscri\u00e7\u00f5es para a edi\u00e7\u00e3o de 2026 do Sistema de Sele\u00e7\u00e3o Unificada (Sisu) come\u00e7ar\u00e3o nesta segunda-feira (19) e poder\u00e3o ser feitas at\u00e9 as 23 horas e 59 minutos de sexta-feira (23), no hor\u00e1rio de Bras\u00edlia.<\/p>\n<p>O Sisu \u00e9 o processo seletivo para ingresso em cursos de gradua\u00e7\u00e3o gratuitos em institui\u00e7\u00f5es p\u00fablicas de educa\u00e7\u00e3o superior em todo o pa\u00eds.<\/p>\n<p>A novidade desta edi\u00e7\u00e3o \u00e9 que o Sisu passar\u00e1 a considerar o resultado das tr\u00eas edi\u00e7\u00f5es mais recentes do <strong>Exame Nacional do Ensino M\u00e9dio (Enem) \u2014 2023, 2024 e 2025<\/strong> \u2500 para acesso \u00e0s vagas ofertadas pelas institui\u00e7\u00f5es p\u00fablicas participantes.<\/p>\n<div id=\"metaslider-id-25573\" style=\"width: 100%;\" class=\"ml-slider-3-99-0 metaslider metaslider-flex metaslider-25573 ml-slider has-onhover-arrows ms-theme-default-base has-dots-nav\" role=\"region\" aria-label=\"Meio\" data-width=\"1200\">\n    <div id=\"metaslider_container_25573\">\n        <div id=\"metaslider_25573\">\n            <ul class='slides'>\n                <li style=\"display: block; width: 100%;\" class=\"slide-25684 ms-image \" aria-roledescription=\"slide\" data-date=\"2025-07-24 07:55:40\"><img src=\"https:\/\/sulsc.com\/wp-content\/uploads\/2025\/07\/Marr-2-1000x166.jpg\" height=\"200\" width=\"1200\" alt=\"\" class=\"slider-25573 slide-25684 msDefaultImage\" title=\"Marr 2\" \/><\/li>\n                <li style=\"display: none; width: 100%;\" class=\"slide-32412 ms-image \" aria-roledescription=\"slide\" data-date=\"2026-02-18 13:59:46\"><img src=\"https:\/\/sulsc.com\/wp-content\/uploads\/2026\/02\/40dc1580-cad5-4867-bc58-c4243821ad38-1000x166.jpeg\" height=\"200\" width=\"1200\" alt=\"\" class=\"slider-25573 slide-32412 msDefaultImage\" title=\"40dc1580-cad5-4867-bc58-c4243821ad38\" \/><\/li>\n                <li style=\"display: none; width: 100%;\" class=\"slide-32766 ms-image \" aria-roledescription=\"slide\" data-date=\"2026-03-03 17:22:59\"><img src=\"https:\/\/sulsc.com\/wp-content\/uploads\/2026\/03\/271ce739-f268-41c5-8051-3de1a1750359-1000x166.jpeg\" height=\"200\" width=\"1200\" alt=\"\" class=\"slider-25573 slide-32766 msDefaultImage\" title=\"271ce739-f268-41c5-8051-3de1a1750359\" \/><\/li>\n            <\/ul>\n        <\/div>\n        \n    <\/div>\n<\/div>\n<p>As regras e o cronograma oficial do Sisu 2026 foram publicados pelo Minist\u00e9rio da Educa\u00e7\u00e3o (MEC) no<strong> <a href=\"https:\/\/sisu.mec.gov.br\/#\/legislacao\" target=\"_blank\" rel=\"noopener\">Edital n\u00ba 29\/2025<\/a>.<\/strong><\/p>\n<p><strong>Inscri\u00e7\u00f5es<\/strong><br \/>\nOs candi<strong>datos devem se inscrever pela internet, exclusivamente por meio do Portal \u00danico de Acesso ao Ensino Superior, <a href=\"https:\/\/acessounico.mec.gov.br\/sisu\" target=\"_blank\" rel=\"noopener\">na aba do Sisu<\/a><\/strong>. A pessoa interessada poder\u00e1 se inscrever em at\u00e9 duas op\u00e7\u00f5es de cursos superiores. O Minist\u00e9rio da Educa\u00e7\u00e3o (MEC) alerta que n\u00e3o h\u00e1 cobran\u00e7a de taxa de inscri\u00e7\u00e3o dos candidatos.<\/p>\n<p><strong>Esta edi\u00e7\u00e3o do Sisu ter\u00e1 somente uma etapa de inscri\u00e7\u00e3o.<\/strong> Dessa forma, os inscritos concorrer\u00e3o, em um \u00fanico processo seletivo, \u00e0s vagas disponibilizadas para todo o ano letivo (primeiro e segundo semestres) pelas universidades p\u00fablicas.<\/p>\n<p>Ao se inscrever, o candidato dever\u00e1, obrigatoriamente, preencher tamb\u00e9m o cadastro socioecon\u00f4mico dispon\u00edvel.<\/p>\n<p><strong>Vagas<\/strong><br \/>\nS\u00e3o mais de 274,8 mil vagas em 7.388 cursos, oferecidos por 136 institui\u00e7\u00f5es, em 587 munic\u00edpios do pa\u00eds.<\/p>\n<p>Com isso, a edi\u00e7\u00e3o de 2026 \u00e9 considerada a maior da hist\u00f3ria do Sisu em quantidade de institui\u00e7\u00f5es participantes, tanto para o primeiro quanto para o segundo semestre de 2026.<\/p>\n<p>Entre as 274 mil vagas disponibilizadas, mais de 73 mil s\u00e3o para cursos de licenciaturas presenciais. Os estudantes que optarem por esses cursos poder\u00e3o se inscrever no P\u00e9-de-Meia Licenciaturas. A iniciativa do Minist\u00e9rio da Educa\u00e7\u00e3o (MEC) garante um incentivo financeiro mensal no valor de R$ 1.050.<\/p>\n<p>O MEC avisa que \u00e9 de responsabilidade do candidato verificar previamente essa informa\u00e7\u00e3o antes de realizar a inscri\u00e7\u00e3o no Sisu 2026, n\u00e3o sendo poss\u00edvel a escolha do semestre de ingresso, o qual ser\u00e1 definido de acordo com a nota do candidato.<\/p>\n<p><strong>A\u00e7\u00f5es afirmativas<\/strong><br \/>\nO Sisu considera diferentes modalidades de concorr\u00eancia, que levam em conta o perfil socioecon\u00f4mico dos candidatos, de acordo com a Lei de Cotas <strong>(<a href=\"https:\/\/www.planalto.gov.br\/ccivil_03\/_ato2011-2014\/2012\/lei\/l12711.htm\" target=\"_blank\" rel=\"noopener\">n\u00ba 12.711\/2012<\/a>) e a\u00a0<a href=\"https:\/\/www.planalto.gov.br\/ccivil_03\/_ato2023-2026\/2024\/lei\/l14945.htm\" target=\"_blank\" rel=\"noopener\">Lei n\u00ba 14.945\/2024<\/a><\/strong>, e tamb\u00e9m de acordo com as a\u00e7\u00f5es afirmativas definidas em cada institui\u00e7\u00e3o.<\/p>\n<p>No momento da inscri\u00e7\u00e3o, caso possua o perfil para concorrer a essas vagas, os candidatos pretos, pardos, ind\u00edgenas e quilombolas e pessoas com defici\u00eancia (PCD), bem como daqueles que tenham cursado integralmente o ensino m\u00e9dio ou fundamental em escola p\u00fablica dever\u00e3o, obrigatoriamente, indicar as modalidades de reserva de vagas \u00e0s quais desejam concorrer.<\/p>\n<p>Ser\u00e1 permitida a op\u00e7\u00e3o por apenas uma a\u00e7\u00e3o afirmativa do tipo b\u00f4nus e uma a\u00e7\u00e3o afirmativa do tipo reserva de vagas.<\/p>\n<p>A oferta de vagas reservadas ocorre somente ap\u00f3s a etapa de classifica\u00e7\u00e3o e observa a propor\u00e7\u00e3o de estudantes de escolas p\u00fablicas, de baixa renda, com defici\u00eancia, pretos, pardos, ind\u00edgenas e quilombolas.<\/p>\n<p><img fetchpriority=\"high\" decoding=\"async\" class=\"aligncenter size-full wp-image-31607\" src=\"http:\/\/sulsc.com\/wp-content\/uploads\/2026\/01\/sisu-2025.webp\" alt=\"\" width=\"1170\" height=\"700\" srcset=\"https:\/\/sulsc.com\/wp-content\/uploads\/2026\/01\/sisu-2025.webp 1170w, https:\/\/sulsc.com\/wp-content\/uploads\/2026\/01\/sisu-2025-300x179.webp 300w, https:\/\/sulsc.com\/wp-content\/uploads\/2026\/01\/sisu-2025-1024x613.webp 1024w, https:\/\/sulsc.com\/wp-content\/uploads\/2026\/01\/sisu-2025-768x459.webp 768w\" sizes=\"(max-width: 1170px) 100vw, 1170px\" \/><\/p>\n<p>MEC\/Divulga\u00e7\u00e3o\/SulSC<\/p>\n<p><strong>Sele\u00e7\u00e3o<\/strong><br \/>\nTodos os candidatos inscritos no Sisu 2026 ser\u00e3o classificados com base no desempenho obtido nas edi\u00e7\u00f5es do Enem dos anos de 2023, 2024 ou 2025.<\/p>\n<p>Caso o candidato tenha participado de uma ou mais edi\u00e7\u00f5es do Enem, o sistema de inscri\u00e7\u00e3o do Sisu selecionar\u00e1 automaticamente a melhor nota m\u00e9dia ponderada das edi\u00e7\u00f5es do Enem, levando em conta a\u00e7\u00f5es afirmativas e a op\u00e7\u00e3o de curso.<\/p>\n<p>Por\u00e9m, \u00e9 preciso que o participante tenha tirado nota superior a zero na reda\u00e7\u00e3o e n\u00e3o tenha sido treineiro (estudante que n\u00e3o terminou o ensino m\u00e9dio e faz o exame para fins de autoavalia\u00e7\u00e3o).<\/p>\n<p>O MEC explica que, em caso de empate no uso das m\u00e9dias ponderadas, ser\u00e1 considerada a edi\u00e7\u00e3o do Enem em que obteve a maior nota em uma das disciplinas que t\u00eam maior peso para o curso escolhido e conforme a ordem de prioridade.<\/p>\n<p>Resultado<br \/>\n<strong>O resultado da chamada regular ser\u00e1 divulgado no dia 29 de janeiro de 2026.<\/strong><\/p>\n<p>Todos os estudantes selecionados dentro das vagas dispon\u00edveis, tanto na chamada regular quanto por meio da lista de espera, dever\u00e3o realizar a matr\u00edcula na institui\u00e7\u00e3o a partir de 2 de fevereiro.<\/p>\n<p>O candidato que n\u00e3o for selecionado na chamada regular poder\u00e1 manifestar interesse em participar da lista de espera no per\u00edodo de 29 de janeiro a 2 de fevereiro, tamb\u00e9m pelo <strong>\u00a0<a href=\"https:\/\/acessounico.mec.gov.br\/sisu\" target=\"_blank\" rel=\"noopener\">Portal \u00danico de Acesso ao Ensino Superior na aba do Sisu<\/a><\/strong>.<\/p>\n<p>A lista de espera poder\u00e1 ser usada pelas institui\u00e7\u00f5es de educa\u00e7\u00e3o superior participantes, durante todo o ano, para preenchimento das vagas eventualmente n\u00e3o ocupadas na chamada regular.<\/p>\n<p><strong><a href=\"https:\/\/www.gov.br\/mec\/pt-br\/sisu\" target=\"_blank\" rel=\"noopener\">Saiba mais sobre o Sisu aqui<\/a><\/strong>. A central de atendimento do MEC funciona no <strong>telefone: 0800-616161.<\/strong><\/p>\n<p>Fonte\/Ag\u00eancia Brasil<\/p>\n","protected":false},"excerpt":{"rendered":"<p>As inscri\u00e7\u00f5es para a edi\u00e7\u00e3o de 2026 do Sistema de Sele\u00e7\u00e3o Unificada (Sisu) come\u00e7ar\u00e3o nesta segunda-feira (19) e poder\u00e3o ser feitas at\u00e9 as 23 horas e 59 minutos de sexta-feira (23), no hor\u00e1rio de Bras\u00edlia. O Sisu \u00e9 o processo seletivo para ingresso em cursos de gradua\u00e7\u00e3o gratuitos em institui\u00e7\u00f5es p\u00fablicas de educa\u00e7\u00e3o superior em &hellip;<\/p>\n<p class=\"read-more\"> <a class=\"\" href=\"https:\/\/sulsc.com\/index.php\/2026\/01\/19\/sisu-2026-inscricoes-para-o-ensino-superior-comecam-nesta-segunda-feira-19\/\"> <span class=\"screen-reader-text\">Sisu 2026: inscri\u00e7\u00f5es para o ensino superior come\u00e7am nesta segunda-Feira (19)<\/span> Read More &raquo;<\/a><\/p>\n","protected":false},"author":3,"featured_media":31607,"comment_status":"open","ping_status":"open","sticky":false,"template":"","format":"standard","meta":{"site-sidebar-layout":"default","site-content-layout":"","ast-site-content-layout":"default","site-content-style":"default","site-sidebar-style":"default","ast-global-header-display":"","ast-banner-title-visibility":"","ast-main-header-display":"","ast-hfb-above-header-display":"","ast-hfb-below-header-display":"","ast-hfb-mobile-header-display":"","site-post-title":"","ast-breadcrumbs-content":"","ast-featured-img":"","footer-sml-layout":"","theme-transparent-header-meta":"default","adv-header-id-meta":"","stick-header-meta":"","header-above-stick-meta":"","header-main-stick-meta":"","header-below-stick-meta":"","astra-migrate-meta-layouts":"set","footnotes":""},"categories":[2321,1,15,12],"tags":[482],"yoast_head":"<!-- This site is optimized with the Yoast SEO plugin v21.4 - https:\/\/yoast.com\/wordpress\/plugins\/seo\/ -->\n<title>Sisu 2026: inscri\u00e7\u00f5es para o ensino superior come\u00e7am nesta segunda-Feira (19) -<\/title>\n<meta name=\"robots\" content=\"index, follow, max-snippet:-1, max-image-preview:large, max-video-preview:-1\" \/>\n<link rel=\"canonical\" href=\"https:\/\/sulsc.com\/index.php\/2026\/01\/19\/sisu-2026-inscricoes-para-o-ensino-superior-comecam-nesta-segunda-feira-19\/\" \/>\n<meta property=\"og:locale\" content=\"en_US\" \/>\n<meta property=\"og:type\" content=\"article\" \/>\n<meta property=\"og:title\" content=\"Sisu 2026: inscri\u00e7\u00f5es para o ensino superior come\u00e7am nesta segunda-Feira (19) -\" \/>\n<meta property=\"og:description\" content=\"As inscri\u00e7\u00f5es para a edi\u00e7\u00e3o de 2026 do Sistema de Sele\u00e7\u00e3o Unificada (Sisu) come\u00e7ar\u00e3o nesta segunda-feira (19) e poder\u00e3o ser feitas at\u00e9 as 23 horas e 59 minutos de sexta-feira (23), no hor\u00e1rio de Bras\u00edlia. O Sisu \u00e9 o processo seletivo para ingresso em cursos de gradua\u00e7\u00e3o gratuitos em institui\u00e7\u00f5es p\u00fablicas de educa\u00e7\u00e3o superior em &hellip; Sisu 2026: inscri\u00e7\u00f5es para o ensino superior come\u00e7am nesta segunda-Feira (19) Read More &raquo;\" \/>\n<meta property=\"og:url\" content=\"https:\/\/sulsc.com\/index.php\/2026\/01\/19\/sisu-2026-inscricoes-para-o-ensino-superior-comecam-nesta-segunda-feira-19\/\" \/>\n<meta property=\"article:author\" content=\"https:\/\/www.facebook.com\/profile.php?id=61559278119680\" \/>\n<meta property=\"article:published_time\" content=\"2026-01-19T12:16:14+00:00\" \/>\n<meta property=\"og:image\" content=\"http:\/\/sulsc.com\/wp-content\/uploads\/2026\/01\/sisu-2025.webp\" \/>\n\t<meta property=\"og:image:width\" content=\"1170\" \/>\n\t<meta property=\"og:image:height\" content=\"700\" \/>\n\t<meta property=\"og:image:type\" content=\"image\/webp\" \/>\n<meta name=\"author\" content=\"Reda\u00e7\u00e3o Sul SC\" \/>\n<meta name=\"twitter:card\" content=\"summary_large_image\" \/>\n<meta name=\"twitter:creator\" content=\"@https:\/\/twitter.com\/PortalSulSC\" \/>\n<meta name=\"twitter:label1\" content=\"Written by\" \/>\n\t<meta name=\"twitter:data1\" content=\"Reda\u00e7\u00e3o Sul SC\" \/>\n\t<meta name=\"twitter:label2\" content=\"Est. reading time\" \/>\n\t<meta name=\"twitter:data2\" content=\"4 minutes\" \/>\n<script type=\"application\/ld+json\" class=\"yoast-schema-graph\">{\"@context\":\"https:\/\/schema.org\",\"@graph\":[{\"@type\":\"WebPage\",\"@id\":\"https:\/\/sulsc.com\/index.php\/2026\/01\/19\/sisu-2026-inscricoes-para-o-ensino-superior-comecam-nesta-segunda-feira-19\/\",\"url\":\"https:\/\/sulsc.com\/index.php\/2026\/01\/19\/sisu-2026-inscricoes-para-o-ensino-superior-comecam-nesta-segunda-feira-19\/\",\"name\":\"Sisu 2026: inscri\u00e7\u00f5es para o ensino superior come\u00e7am nesta segunda-Feira (19) -\",\"isPartOf\":{\"@id\":\"https:\/\/sulsc.com\/#website\"},\"datePublished\":\"2026-01-19T12:16:14+00:00\",\"dateModified\":\"2026-01-19T12:16:14+00:00\",\"author\":{\"@id\":\"https:\/\/sulsc.com\/#\/schema\/person\/84d2fc571684f6248ba83092f07750a3\"},\"breadcrumb\":{\"@id\":\"https:\/\/sulsc.com\/index.php\/2026\/01\/19\/sisu-2026-inscricoes-para-o-ensino-superior-comecam-nesta-segunda-feira-19\/#breadcrumb\"},\"inLanguage\":\"en-US\",\"potentialAction\":[{\"@type\":\"ReadAction\",\"target\":[\"https:\/\/sulsc.com\/index.php\/2026\/01\/19\/sisu-2026-inscricoes-para-o-ensino-superior-comecam-nesta-segunda-feira-19\/\"]}]},{\"@type\":\"BreadcrumbList\",\"@id\":\"https:\/\/sulsc.com\/index.php\/2026\/01\/19\/sisu-2026-inscricoes-para-o-ensino-superior-comecam-nesta-segunda-feira-19\/#breadcrumb\",\"itemListElement\":[{\"@type\":\"ListItem\",\"position\":1,\"name\":\"In\u00edcio\",\"item\":\"https:\/\/sulsc.com\/\"},{\"@type\":\"ListItem\",\"position\":2,\"name\":\"Sisu 2026: inscri\u00e7\u00f5es para o ensino superior come\u00e7am nesta segunda-Feira (19)\"}]},{\"@type\":\"WebSite\",\"@id\":\"https:\/\/sulsc.com\/#website\",\"url\":\"https:\/\/sulsc.com\/\",\"name\":\"\",\"description\":\"\",\"potentialAction\":[{\"@type\":\"SearchAction\",\"target\":{\"@type\":\"EntryPoint\",\"urlTemplate\":\"https:\/\/sulsc.com\/?s={search_term_string}\"},\"query-input\":\"required name=search_term_string\"}],\"inLanguage\":\"en-US\"},{\"@type\":\"Person\",\"@id\":\"https:\/\/sulsc.com\/#\/schema\/person\/84d2fc571684f6248ba83092f07750a3\",\"name\":\"Reda\u00e7\u00e3o Sul SC\",\"image\":{\"@type\":\"ImageObject\",\"inLanguage\":\"en-US\",\"@id\":\"https:\/\/sulsc.com\/#\/schema\/person\/image\/e08d7fe2cc4ed596372063bbe852b8d0\",\"url\":\"https:\/\/sulsc.com\/wp-content\/uploads\/2023\/09\/redacao.png\",\"contentUrl\":\"https:\/\/sulsc.com\/wp-content\/uploads\/2023\/09\/redacao.png\",\"caption\":\"Reda\u00e7\u00e3o Sul SC\"},\"description\":\"Foco em um jornalismo imparcial, voltado \u00e0 qualidade dos seus conte\u00fados e, assim, levar informa\u00e7\u00e3o de valor que agregue \u00e0 vida dos leitores. Esta \u00e9 grande miss\u00e3o do Portal de Not\u00edcias Sul SC. N\u00e3o \u00e9 quantidade que muda o mundo, sempre foi e seguir\u00e1 sendo qualidade!\",\"sameAs\":[\"https:\/\/sulsc.com\/\",\"https:\/\/www.facebook.com\/profile.php?id=61559278119680\",\"https:\/\/www.instagram.com\/sulscportal\/?hl=pt-br\",\"https:\/\/twitter.com\/https:\/\/twitter.com\/PortalSulSC\",\"https:\/\/www.youtube.com\/channel\/UCv_BE8GeySluDov2n8qhVmw\"],\"url\":\"https:\/\/sulsc.com\/index.php\/author\/redacao\/\"}]}<\/script>\n<!-- \/ Yoast SEO plugin. -->","yoast_head_json":{"title":"Sisu 2026: inscri\u00e7\u00f5es para o ensino superior come\u00e7am nesta segunda-Feira (19) -","robots":{"index":"index","follow":"follow","max-snippet":"max-snippet:-1","max-image-preview":"max-image-preview:large","max-video-preview":"max-video-preview:-1"},"canonical":"https:\/\/sulsc.com\/index.php\/2026\/01\/19\/sisu-2026-inscricoes-para-o-ensino-superior-comecam-nesta-segunda-feira-19\/","og_locale":"en_US","og_type":"article","og_title":"Sisu 2026: inscri\u00e7\u00f5es para o ensino superior come\u00e7am nesta segunda-Feira (19) -","og_description":"As inscri\u00e7\u00f5es para a edi\u00e7\u00e3o de 2026 do Sistema de Sele\u00e7\u00e3o Unificada (Sisu) come\u00e7ar\u00e3o nesta segunda-feira (19) e poder\u00e3o ser feitas at\u00e9 as 23 horas e 59 minutos de sexta-feira (23), no hor\u00e1rio de Bras\u00edlia. O Sisu \u00e9 o processo seletivo para ingresso em cursos de gradua\u00e7\u00e3o gratuitos em institui\u00e7\u00f5es p\u00fablicas de educa\u00e7\u00e3o superior em &hellip; Sisu 2026: inscri\u00e7\u00f5es para o ensino superior come\u00e7am nesta segunda-Feira (19) Read More &raquo;","og_url":"https:\/\/sulsc.com\/index.php\/2026\/01\/19\/sisu-2026-inscricoes-para-o-ensino-superior-comecam-nesta-segunda-feira-19\/","article_author":"https:\/\/www.facebook.com\/profile.php?id=61559278119680","article_published_time":"2026-01-19T12:16:14+00:00","og_image":[{"width":1170,"height":700,"url":"http:\/\/sulsc.com\/wp-content\/uploads\/2026\/01\/sisu-2025.webp","type":"image\/webp"}],"author":"Reda\u00e7\u00e3o Sul SC","twitter_card":"summary_large_image","twitter_creator":"@https:\/\/twitter.com\/PortalSulSC","twitter_misc":{"Written by":"Reda\u00e7\u00e3o Sul SC","Est. reading time":"4 minutes"},"schema":{"@context":"https:\/\/schema.org","@graph":[{"@type":"WebPage","@id":"https:\/\/sulsc.com\/index.php\/2026\/01\/19\/sisu-2026-inscricoes-para-o-ensino-superior-comecam-nesta-segunda-feira-19\/","url":"https:\/\/sulsc.com\/index.php\/2026\/01\/19\/sisu-2026-inscricoes-para-o-ensino-superior-comecam-nesta-segunda-feira-19\/","name":"Sisu 2026: inscri\u00e7\u00f5es para o ensino superior come\u00e7am nesta segunda-Feira (19) -","isPartOf":{"@id":"https:\/\/sulsc.com\/#website"},"datePublished":"2026-01-19T12:16:14+00:00","dateModified":"2026-01-19T12:16:14+00:00","author":{"@id":"https:\/\/sulsc.com\/#\/schema\/person\/84d2fc571684f6248ba83092f07750a3"},"breadcrumb":{"@id":"https:\/\/sulsc.com\/index.php\/2026\/01\/19\/sisu-2026-inscricoes-para-o-ensino-superior-comecam-nesta-segunda-feira-19\/#breadcrumb"},"inLanguage":"en-US","potentialAction":[{"@type":"ReadAction","target":["https:\/\/sulsc.com\/index.php\/2026\/01\/19\/sisu-2026-inscricoes-para-o-ensino-superior-comecam-nesta-segunda-feira-19\/"]}]},{"@type":"BreadcrumbList","@id":"https:\/\/sulsc.com\/index.php\/2026\/01\/19\/sisu-2026-inscricoes-para-o-ensino-superior-comecam-nesta-segunda-feira-19\/#breadcrumb","itemListElement":[{"@type":"ListItem","position":1,"name":"In\u00edcio","item":"https:\/\/sulsc.com\/"},{"@type":"ListItem","position":2,"name":"Sisu 2026: inscri\u00e7\u00f5es para o ensino superior come\u00e7am nesta segunda-Feira (19)"}]},{"@type":"WebSite","@id":"https:\/\/sulsc.com\/#website","url":"https:\/\/sulsc.com\/","name":"","description":"","potentialAction":[{"@type":"SearchAction","target":{"@type":"EntryPoint","urlTemplate":"https:\/\/sulsc.com\/?s={search_term_string}"},"query-input":"required name=search_term_string"}],"inLanguage":"en-US"},{"@type":"Person","@id":"https:\/\/sulsc.com\/#\/schema\/person\/84d2fc571684f6248ba83092f07750a3","name":"Reda\u00e7\u00e3o Sul SC","image":{"@type":"ImageObject","inLanguage":"en-US","@id":"https:\/\/sulsc.com\/#\/schema\/person\/image\/e08d7fe2cc4ed596372063bbe852b8d0","url":"https:\/\/sulsc.com\/wp-content\/uploads\/2023\/09\/redacao.png","contentUrl":"https:\/\/sulsc.com\/wp-content\/uploads\/2023\/09\/redacao.png","caption":"Reda\u00e7\u00e3o Sul SC"},"description":"Foco em um jornalismo imparcial, voltado \u00e0 qualidade dos seus conte\u00fados e, assim, levar informa\u00e7\u00e3o de valor que agregue \u00e0 vida dos leitores. Esta \u00e9 grande miss\u00e3o do Portal de Not\u00edcias Sul SC. N\u00e3o \u00e9 quantidade que muda o mundo, sempre foi e seguir\u00e1 sendo qualidade!","sameAs":["https:\/\/sulsc.com\/","https:\/\/www.facebook.com\/profile.php?id=61559278119680","https:\/\/www.instagram.com\/sulscportal\/?hl=pt-br","https:\/\/twitter.com\/https:\/\/twitter.com\/PortalSulSC","https:\/\/www.youtube.com\/channel\/UCv_BE8GeySluDov2n8qhVmw"],"url":"https:\/\/sulsc.com\/index.php\/author\/redacao\/"}]}},"authors":[],"_links":{"self":[{"href":"https:\/\/sulsc.com\/index.php\/wp-json\/wp\/v2\/posts\/31606"}],"collection":[{"href":"https:\/\/sulsc.com\/index.php\/wp-json\/wp\/v2\/posts"}],"about":[{"href":"https:\/\/sulsc.com\/index.php\/wp-json\/wp\/v2\/types\/post"}],"author":[{"embeddable":true,"href":"https:\/\/sulsc.com\/index.php\/wp-json\/wp\/v2\/users\/3"}],"replies":[{"embeddable":true,"href":"https:\/\/sulsc.com\/index.php\/wp-json\/wp\/v2\/comments?post=31606"}],"version-history":[{"count":1,"href":"https:\/\/sulsc.com\/index.php\/wp-json\/wp\/v2\/posts\/31606\/revisions"}],"predecessor-version":[{"id":31608,"href":"https:\/\/sulsc.com\/index.php\/wp-json\/wp\/v2\/posts\/31606\/revisions\/31608"}],"wp:featuredmedia":[{"embeddable":true,"href":"https:\/\/sulsc.com\/index.php\/wp-json\/wp\/v2\/media\/31607"}],"wp:attachment":[{"href":"https:\/\/sulsc.com\/index.php\/wp-json\/wp\/v2\/media?parent=31606"}],"wp:term":[{"taxonomy":"category","embeddable":true,"href":"https:\/\/sulsc.com\/index.php\/wp-json\/wp\/v2\/categories?post=31606"},{"taxonomy":"post_tag","embeddable":true,"href":"https:\/\/sulsc.com\/index.php\/wp-json\/wp\/v2\/tags?post=31606"}],"curies":[{"name":"wp","href":"https:\/\/api.w.org\/{rel}","templated":true}]}}