{"id":31613,"date":"2026-01-19T13:16:28","date_gmt":"2026-01-19T16:16:28","guid":{"rendered":"https:\/\/sulsc.com\/?p=31613"},"modified":"2026-01-19T13:17:15","modified_gmt":"2026-01-19T16:17:15","slug":"31613","status":"publish","type":"post","link":"https:\/\/sulsc.com\/index.php\/2026\/01\/19\/31613\/","title":{"rendered":"Pol\u00edcia Militar apreende aproximadamente 79 quilos de maconha de Crici\u00fama"},"content":{"rendered":"<p>Na manh\u00e3 desta segunda-feira, 19, a Pol\u00edcia Militar de Crici\u00fama, ap\u00f3s informa\u00e7\u00f5es de que um ve\u00edculo teria se deslocado at\u00e9 a cidade de S\u00e3o Jos\u00e9 para buscar entorpecentes e retornaria para a regi\u00e3o, posicionou uma guarni\u00e7\u00e3o policial em local estrat\u00e9gico na Rodovia Ot\u00e1vio Dassoler para realizar a abordagem, onde os policiais conseguiram apreender aproximadamente 79 quilos de maconha.<\/p>\n<div id=\"metaslider-id-25573\" style=\"width: 100%;\" class=\"ml-slider-3-99-0 metaslider metaslider-flex metaslider-25573 ml-slider has-onhover-arrows ms-theme-default-base has-dots-nav\" role=\"region\" aria-label=\"Meio\" data-width=\"1200\">\n    <div id=\"metaslider_container_25573\">\n        <div id=\"metaslider_25573\">\n            <ul class='slides'>\n                <li style=\"display: block; width: 100%;\" class=\"slide-25684 ms-image \" aria-roledescription=\"slide\" data-date=\"2025-07-24 07:55:40\"><img src=\"https:\/\/sulsc.com\/wp-content\/uploads\/2025\/07\/Marr-2-1000x166.jpg\" height=\"200\" width=\"1200\" alt=\"\" class=\"slider-25573 slide-25684 msDefaultImage\" title=\"Marr 2\" \/><\/li>\n                <li style=\"display: none; width: 100%;\" class=\"slide-32412 ms-image \" aria-roledescription=\"slide\" data-date=\"2026-02-18 13:59:46\"><img src=\"https:\/\/sulsc.com\/wp-content\/uploads\/2026\/02\/40dc1580-cad5-4867-bc58-c4243821ad38-1000x166.jpeg\" height=\"200\" width=\"1200\" alt=\"\" class=\"slider-25573 slide-32412 msDefaultImage\" title=\"40dc1580-cad5-4867-bc58-c4243821ad38\" \/><\/li>\n                <li style=\"display: none; width: 100%;\" class=\"slide-32766 ms-image \" aria-roledescription=\"slide\" data-date=\"2026-03-03 17:22:59\"><img src=\"https:\/\/sulsc.com\/wp-content\/uploads\/2026\/03\/271ce739-f268-41c5-8051-3de1a1750359-1000x166.jpeg\" height=\"200\" width=\"1200\" alt=\"\" class=\"slider-25573 slide-32766 msDefaultImage\" title=\"271ce739-f268-41c5-8051-3de1a1750359\" \/><\/li>\n            <\/ul>\n        <\/div>\n        \n    <\/div>\n<\/div>\n<p>Por volta das 7h30, o autom\u00f3vel foi localizado transitando pela rodovia. Ao receber ordem de parada por sinais sonoros e luminosos, o condutor desobedeceu e iniciou fuga por cerca de 500 metros. Durante a tentativa de evas\u00e3o, realizou manobras perigosas, colocando em risco outros usu\u00e1rios da via, e acabou saindo da pista em dire\u00e7\u00e3o a uma \u00e1rea de planta\u00e7\u00e3o.<\/p>\n<p>O motorista abandonou o ve\u00edculo ainda em movimento e fugiu a p\u00e9 para uma \u00e1rea de mata. O local foi isolado e diversas guarni\u00e7\u00f5es, incluindo equipes do Canil e do T\u00e1tico, realizaram buscas por mais de uma hora, por\u00e9m o suspeito n\u00e3o foi localizado.<\/p>\n<p>Durante a revista no ve\u00edculo, os policiais encontraram quatro caixas contendo maconha prensada, que totalizaram aproximadamente 79,005 quilos, al\u00e9m de uma pequena quantia em dinheiro e um telefone celular. Todo o material foi apreendido e o ve\u00edculo removido por envolvimento em infra\u00e7\u00e3o penal.<\/p>\n<p><img fetchpriority=\"high\" decoding=\"async\" class=\"aligncenter size-full wp-image-31614\" src=\"http:\/\/sulsc.com\/wp-content\/uploads\/2026\/01\/056c5996-a9da-49ac-8676-f84055ce43a4.jpeg\" alt=\"\" width=\"1280\" height=\"960\" srcset=\"https:\/\/sulsc.com\/wp-content\/uploads\/2026\/01\/056c5996-a9da-49ac-8676-f84055ce43a4.jpeg 1280w, https:\/\/sulsc.com\/wp-content\/uploads\/2026\/01\/056c5996-a9da-49ac-8676-f84055ce43a4-300x225.jpeg 300w, https:\/\/sulsc.com\/wp-content\/uploads\/2026\/01\/056c5996-a9da-49ac-8676-f84055ce43a4-1024x768.jpeg 1024w, https:\/\/sulsc.com\/wp-content\/uploads\/2026\/01\/056c5996-a9da-49ac-8676-f84055ce43a4-768x576.jpeg 768w\" sizes=\"(max-width: 1280px) 100vw, 1280px\" \/><\/p>\n<p>PMSC\/Divulga\u00e7\u00e3o\/SulSC<\/p>\n","protected":false},"excerpt":{"rendered":"<p>Na manh\u00e3 desta segunda-feira, 19, a Pol\u00edcia Militar de Crici\u00fama, ap\u00f3s informa\u00e7\u00f5es de que um ve\u00edculo teria se deslocado at\u00e9 a cidade de S\u00e3o Jos\u00e9 para buscar entorpecentes e retornaria para a regi\u00e3o, posicionou uma guarni\u00e7\u00e3o policial em local estrat\u00e9gico na Rodovia Ot\u00e1vio Dassoler para realizar a abordagem, onde os policiais conseguiram apreender aproximadamente 79 &hellip;<\/p>\n<p class=\"read-more\"> <a class=\"\" href=\"https:\/\/sulsc.com\/index.php\/2026\/01\/19\/31613\/\"> <span class=\"screen-reader-text\">Pol\u00edcia Militar apreende aproximadamente 79 quilos de maconha de Crici\u00fama<\/span> Read More &raquo;<\/a><\/p>\n","protected":false},"author":3,"featured_media":31614,"comment_status":"open","ping_status":"open","sticky":false,"template":"","format":"standard","meta":{"site-sidebar-layout":"default","site-content-layout":"","ast-site-content-layout":"default","site-content-style":"default","site-sidebar-style":"default","ast-global-header-display":"","ast-banner-title-visibility":"","ast-main-header-display":"","ast-hfb-above-header-display":"","ast-hfb-below-header-display":"","ast-hfb-mobile-header-display":"","site-post-title":"","ast-breadcrumbs-content":"","ast-featured-img":"","footer-sml-layout":"","theme-transparent-header-meta":"default","adv-header-id-meta":"","stick-header-meta":"","header-above-stick-meta":"","header-main-stick-meta":"","header-below-stick-meta":"","astra-migrate-meta-layouts":"set","footnotes":""},"categories":[2354,23,1,2782,12],"tags":[2810],"yoast_head":"<!-- This site is optimized with the Yoast SEO plugin v21.4 - https:\/\/yoast.com\/wordpress\/plugins\/seo\/ -->\n<title>Pol\u00edcia Militar apreende aproximadamente 79 quilos de maconha de Crici\u00fama -<\/title>\n<meta name=\"robots\" content=\"index, follow, max-snippet:-1, max-image-preview:large, max-video-preview:-1\" \/>\n<link rel=\"canonical\" href=\"https:\/\/sulsc.com\/index.php\/2026\/01\/19\/31613\/\" \/>\n<meta property=\"og:locale\" content=\"en_US\" \/>\n<meta property=\"og:type\" content=\"article\" \/>\n<meta property=\"og:title\" content=\"Pol\u00edcia Militar apreende aproximadamente 79 quilos de maconha de Crici\u00fama -\" \/>\n<meta property=\"og:description\" content=\"Na manh\u00e3 desta segunda-feira, 19, a Pol\u00edcia Militar de Crici\u00fama, ap\u00f3s informa\u00e7\u00f5es de que um ve\u00edculo teria se deslocado at\u00e9 a cidade de S\u00e3o Jos\u00e9 para buscar entorpecentes e retornaria para a regi\u00e3o, posicionou uma guarni\u00e7\u00e3o policial em local estrat\u00e9gico na Rodovia Ot\u00e1vio Dassoler para realizar a abordagem, onde os policiais conseguiram apreender aproximadamente 79 &hellip; Pol\u00edcia Militar apreende aproximadamente 79 quilos de maconha de Crici\u00fama Read More &raquo;\" \/>\n<meta property=\"og:url\" content=\"https:\/\/sulsc.com\/index.php\/2026\/01\/19\/31613\/\" \/>\n<meta property=\"article:author\" content=\"https:\/\/www.facebook.com\/profile.php?id=61559278119680\" \/>\n<meta property=\"article:published_time\" content=\"2026-01-19T16:16:28+00:00\" \/>\n<meta property=\"article:modified_time\" content=\"2026-01-19T16:17:15+00:00\" \/>\n<meta property=\"og:image\" content=\"http:\/\/sulsc.com\/wp-content\/uploads\/2026\/01\/056c5996-a9da-49ac-8676-f84055ce43a4.jpeg\" \/>\n\t<meta property=\"og:image:width\" content=\"1280\" \/>\n\t<meta property=\"og:image:height\" content=\"960\" \/>\n\t<meta property=\"og:image:type\" content=\"image\/jpeg\" \/>\n<meta name=\"author\" content=\"Reda\u00e7\u00e3o Sul SC\" \/>\n<meta name=\"twitter:card\" content=\"summary_large_image\" \/>\n<meta name=\"twitter:creator\" content=\"@https:\/\/twitter.com\/PortalSulSC\" \/>\n<meta name=\"twitter:label1\" content=\"Written by\" \/>\n\t<meta name=\"twitter:data1\" content=\"Reda\u00e7\u00e3o Sul SC\" \/>\n\t<meta name=\"twitter:label2\" content=\"Est. reading time\" \/>\n\t<meta name=\"twitter:data2\" content=\"2 minutes\" \/>\n<script type=\"application\/ld+json\" class=\"yoast-schema-graph\">{\"@context\":\"https:\/\/schema.org\",\"@graph\":[{\"@type\":\"WebPage\",\"@id\":\"https:\/\/sulsc.com\/index.php\/2026\/01\/19\/31613\/\",\"url\":\"https:\/\/sulsc.com\/index.php\/2026\/01\/19\/31613\/\",\"name\":\"Pol\u00edcia Militar apreende aproximadamente 79 quilos de maconha de Crici\u00fama -\",\"isPartOf\":{\"@id\":\"https:\/\/sulsc.com\/#website\"},\"datePublished\":\"2026-01-19T16:16:28+00:00\",\"dateModified\":\"2026-01-19T16:17:15+00:00\",\"author\":{\"@id\":\"https:\/\/sulsc.com\/#\/schema\/person\/84d2fc571684f6248ba83092f07750a3\"},\"breadcrumb\":{\"@id\":\"https:\/\/sulsc.com\/index.php\/2026\/01\/19\/31613\/#breadcrumb\"},\"inLanguage\":\"en-US\",\"potentialAction\":[{\"@type\":\"ReadAction\",\"target\":[\"https:\/\/sulsc.com\/index.php\/2026\/01\/19\/31613\/\"]}]},{\"@type\":\"BreadcrumbList\",\"@id\":\"https:\/\/sulsc.com\/index.php\/2026\/01\/19\/31613\/#breadcrumb\",\"itemListElement\":[{\"@type\":\"ListItem\",\"position\":1,\"name\":\"In\u00edcio\",\"item\":\"https:\/\/sulsc.com\/\"},{\"@type\":\"ListItem\",\"position\":2,\"name\":\"Pol\u00edcia Militar apreende aproximadamente 79 quilos de maconha de Crici\u00fama\"}]},{\"@type\":\"WebSite\",\"@id\":\"https:\/\/sulsc.com\/#website\",\"url\":\"https:\/\/sulsc.com\/\",\"name\":\"\",\"description\":\"\",\"potentialAction\":[{\"@type\":\"SearchAction\",\"target\":{\"@type\":\"EntryPoint\",\"urlTemplate\":\"https:\/\/sulsc.com\/?s={search_term_string}\"},\"query-input\":\"required name=search_term_string\"}],\"inLanguage\":\"en-US\"},{\"@type\":\"Person\",\"@id\":\"https:\/\/sulsc.com\/#\/schema\/person\/84d2fc571684f6248ba83092f07750a3\",\"name\":\"Reda\u00e7\u00e3o Sul SC\",\"image\":{\"@type\":\"ImageObject\",\"inLanguage\":\"en-US\",\"@id\":\"https:\/\/sulsc.com\/#\/schema\/person\/image\/e08d7fe2cc4ed596372063bbe852b8d0\",\"url\":\"https:\/\/sulsc.com\/wp-content\/uploads\/2023\/09\/redacao.png\",\"contentUrl\":\"https:\/\/sulsc.com\/wp-content\/uploads\/2023\/09\/redacao.png\",\"caption\":\"Reda\u00e7\u00e3o Sul SC\"},\"description\":\"Foco em um jornalismo imparcial, voltado \u00e0 qualidade dos seus conte\u00fados e, assim, levar informa\u00e7\u00e3o de valor que agregue \u00e0 vida dos leitores. Esta \u00e9 grande miss\u00e3o do Portal de Not\u00edcias Sul SC. N\u00e3o \u00e9 quantidade que muda o mundo, sempre foi e seguir\u00e1 sendo qualidade!\",\"sameAs\":[\"https:\/\/sulsc.com\/\",\"https:\/\/www.facebook.com\/profile.php?id=61559278119680\",\"https:\/\/www.instagram.com\/sulscportal\/?hl=pt-br\",\"https:\/\/twitter.com\/https:\/\/twitter.com\/PortalSulSC\",\"https:\/\/www.youtube.com\/channel\/UCv_BE8GeySluDov2n8qhVmw\"],\"url\":\"https:\/\/sulsc.com\/index.php\/author\/redacao\/\"}]}<\/script>\n<!-- \/ Yoast SEO plugin. -->","yoast_head_json":{"title":"Pol\u00edcia Militar apreende aproximadamente 79 quilos de maconha de Crici\u00fama -","robots":{"index":"index","follow":"follow","max-snippet":"max-snippet:-1","max-image-preview":"max-image-preview:large","max-video-preview":"max-video-preview:-1"},"canonical":"https:\/\/sulsc.com\/index.php\/2026\/01\/19\/31613\/","og_locale":"en_US","og_type":"article","og_title":"Pol\u00edcia Militar apreende aproximadamente 79 quilos de maconha de Crici\u00fama -","og_description":"Na manh\u00e3 desta segunda-feira, 19, a Pol\u00edcia Militar de Crici\u00fama, ap\u00f3s informa\u00e7\u00f5es de que um ve\u00edculo teria se deslocado at\u00e9 a cidade de S\u00e3o Jos\u00e9 para buscar entorpecentes e retornaria para a regi\u00e3o, posicionou uma guarni\u00e7\u00e3o policial em local estrat\u00e9gico na Rodovia Ot\u00e1vio Dassoler para realizar a abordagem, onde os policiais conseguiram apreender aproximadamente 79 &hellip; Pol\u00edcia Militar apreende aproximadamente 79 quilos de maconha de Crici\u00fama Read More &raquo;","og_url":"https:\/\/sulsc.com\/index.php\/2026\/01\/19\/31613\/","article_author":"https:\/\/www.facebook.com\/profile.php?id=61559278119680","article_published_time":"2026-01-19T16:16:28+00:00","article_modified_time":"2026-01-19T16:17:15+00:00","og_image":[{"width":1280,"height":960,"url":"http:\/\/sulsc.com\/wp-content\/uploads\/2026\/01\/056c5996-a9da-49ac-8676-f84055ce43a4.jpeg","type":"image\/jpeg"}],"author":"Reda\u00e7\u00e3o Sul SC","twitter_card":"summary_large_image","twitter_creator":"@https:\/\/twitter.com\/PortalSulSC","twitter_misc":{"Written by":"Reda\u00e7\u00e3o Sul SC","Est. reading time":"2 minutes"},"schema":{"@context":"https:\/\/schema.org","@graph":[{"@type":"WebPage","@id":"https:\/\/sulsc.com\/index.php\/2026\/01\/19\/31613\/","url":"https:\/\/sulsc.com\/index.php\/2026\/01\/19\/31613\/","name":"Pol\u00edcia Militar apreende aproximadamente 79 quilos de maconha de Crici\u00fama -","isPartOf":{"@id":"https:\/\/sulsc.com\/#website"},"datePublished":"2026-01-19T16:16:28+00:00","dateModified":"2026-01-19T16:17:15+00:00","author":{"@id":"https:\/\/sulsc.com\/#\/schema\/person\/84d2fc571684f6248ba83092f07750a3"},"breadcrumb":{"@id":"https:\/\/sulsc.com\/index.php\/2026\/01\/19\/31613\/#breadcrumb"},"inLanguage":"en-US","potentialAction":[{"@type":"ReadAction","target":["https:\/\/sulsc.com\/index.php\/2026\/01\/19\/31613\/"]}]},{"@type":"BreadcrumbList","@id":"https:\/\/sulsc.com\/index.php\/2026\/01\/19\/31613\/#breadcrumb","itemListElement":[{"@type":"ListItem","position":1,"name":"In\u00edcio","item":"https:\/\/sulsc.com\/"},{"@type":"ListItem","position":2,"name":"Pol\u00edcia Militar apreende aproximadamente 79 quilos de maconha de Crici\u00fama"}]},{"@type":"WebSite","@id":"https:\/\/sulsc.com\/#website","url":"https:\/\/sulsc.com\/","name":"","description":"","potentialAction":[{"@type":"SearchAction","target":{"@type":"EntryPoint","urlTemplate":"https:\/\/sulsc.com\/?s={search_term_string}"},"query-input":"required name=search_term_string"}],"inLanguage":"en-US"},{"@type":"Person","@id":"https:\/\/sulsc.com\/#\/schema\/person\/84d2fc571684f6248ba83092f07750a3","name":"Reda\u00e7\u00e3o Sul SC","image":{"@type":"ImageObject","inLanguage":"en-US","@id":"https:\/\/sulsc.com\/#\/schema\/person\/image\/e08d7fe2cc4ed596372063bbe852b8d0","url":"https:\/\/sulsc.com\/wp-content\/uploads\/2023\/09\/redacao.png","contentUrl":"https:\/\/sulsc.com\/wp-content\/uploads\/2023\/09\/redacao.png","caption":"Reda\u00e7\u00e3o Sul SC"},"description":"Foco em um jornalismo imparcial, voltado \u00e0 qualidade dos seus conte\u00fados e, assim, levar informa\u00e7\u00e3o de valor que agregue \u00e0 vida dos leitores. Esta \u00e9 grande miss\u00e3o do Portal de Not\u00edcias Sul SC. N\u00e3o \u00e9 quantidade que muda o mundo, sempre foi e seguir\u00e1 sendo qualidade!","sameAs":["https:\/\/sulsc.com\/","https:\/\/www.facebook.com\/profile.php?id=61559278119680","https:\/\/www.instagram.com\/sulscportal\/?hl=pt-br","https:\/\/twitter.com\/https:\/\/twitter.com\/PortalSulSC","https:\/\/www.youtube.com\/channel\/UCv_BE8GeySluDov2n8qhVmw"],"url":"https:\/\/sulsc.com\/index.php\/author\/redacao\/"}]}},"authors":[],"_links":{"self":[{"href":"https:\/\/sulsc.com\/index.php\/wp-json\/wp\/v2\/posts\/31613"}],"collection":[{"href":"https:\/\/sulsc.com\/index.php\/wp-json\/wp\/v2\/posts"}],"about":[{"href":"https:\/\/sulsc.com\/index.php\/wp-json\/wp\/v2\/types\/post"}],"author":[{"embeddable":true,"href":"https:\/\/sulsc.com\/index.php\/wp-json\/wp\/v2\/users\/3"}],"replies":[{"embeddable":true,"href":"https:\/\/sulsc.com\/index.php\/wp-json\/wp\/v2\/comments?post=31613"}],"version-history":[{"count":2,"href":"https:\/\/sulsc.com\/index.php\/wp-json\/wp\/v2\/posts\/31613\/revisions"}],"predecessor-version":[{"id":31616,"href":"https:\/\/sulsc.com\/index.php\/wp-json\/wp\/v2\/posts\/31613\/revisions\/31616"}],"wp:featuredmedia":[{"embeddable":true,"href":"https:\/\/sulsc.com\/index.php\/wp-json\/wp\/v2\/media\/31614"}],"wp:attachment":[{"href":"https:\/\/sulsc.com\/index.php\/wp-json\/wp\/v2\/media?parent=31613"}],"wp:term":[{"taxonomy":"category","embeddable":true,"href":"https:\/\/sulsc.com\/index.php\/wp-json\/wp\/v2\/categories?post=31613"},{"taxonomy":"post_tag","embeddable":true,"href":"https:\/\/sulsc.com\/index.php\/wp-json\/wp\/v2\/tags?post=31613"}],"curies":[{"name":"wp","href":"https:\/\/api.w.org\/{rel}","templated":true}]}}