{"id":31617,"date":"2026-01-19T15:13:16","date_gmt":"2026-01-19T18:13:16","guid":{"rendered":"https:\/\/sulsc.com\/?p=31617"},"modified":"2026-01-19T15:13:16","modified_gmt":"2026-01-19T18:13:16","slug":"hemosc-convoca-catarinenses-a-comecar-2026-com-o-ato-de-solidariedade-doe-sangue","status":"publish","type":"post","link":"https:\/\/sulsc.com\/index.php\/2026\/01\/19\/hemosc-convoca-catarinenses-a-comecar-2026-com-o-ato-de-solidariedade-doe-sangue\/","title":{"rendered":"HEMOSC convoca catarinenses a come\u00e7ar 2026 com o ato de solidariedade: Doe Sangue!"},"content":{"rendered":"<p>Janeiro de 2026 traz um convite fundamental do Centro de Hematologia e Hemoterapia de Santa Catarina (HEMOSC). Mesmo durante as f\u00e9rias, a demanda por sangue em hospitais e cl\u00ednicas do estado continua alta, e pode at\u00e9 aumentar. Para atender a essa necessidade, a institui\u00e7\u00e3o pede \u00e0 popula\u00e7\u00e3o catarinense que inicie o ano com um gesto simples, mas poderoso: a doa\u00e7\u00e3o de sangue.<\/p>\n<div id=\"metaslider-id-25573\" style=\"width: 100%;\" class=\"ml-slider-3-99-0 metaslider metaslider-flex metaslider-25573 ml-slider has-onhover-arrows ms-theme-default-base has-dots-nav\" role=\"region\" aria-label=\"Meio\" data-width=\"1200\">\n    <div id=\"metaslider_container_25573\">\n        <div id=\"metaslider_25573\">\n            <ul class='slides'>\n                <li style=\"display: block; width: 100%;\" class=\"slide-25684 ms-image \" aria-roledescription=\"slide\" data-date=\"2025-07-24 07:55:40\"><img src=\"https:\/\/sulsc.com\/wp-content\/uploads\/2025\/07\/Marr-2-1000x166.jpg\" height=\"200\" width=\"1200\" alt=\"\" class=\"slider-25573 slide-25684 msDefaultImage\" title=\"Marr 2\" \/><\/li>\n                <li style=\"display: none; width: 100%;\" class=\"slide-32412 ms-image \" aria-roledescription=\"slide\" data-date=\"2026-02-18 13:59:46\"><img src=\"https:\/\/sulsc.com\/wp-content\/uploads\/2026\/02\/40dc1580-cad5-4867-bc58-c4243821ad38-1000x166.jpeg\" height=\"200\" width=\"1200\" alt=\"\" class=\"slider-25573 slide-32412 msDefaultImage\" title=\"40dc1580-cad5-4867-bc58-c4243821ad38\" \/><\/li>\n                <li style=\"display: none; width: 100%;\" class=\"slide-32766 ms-image \" aria-roledescription=\"slide\" data-date=\"2026-03-03 17:22:59\"><img src=\"https:\/\/sulsc.com\/wp-content\/uploads\/2026\/03\/271ce739-f268-41c5-8051-3de1a1750359-1000x166.jpeg\" height=\"200\" width=\"1200\" alt=\"\" class=\"slider-25573 slide-32766 msDefaultImage\" title=\"271ce739-f268-41c5-8051-3de1a1750359\" \/><\/li>\n            <\/ul>\n        <\/div>\n        \n    <\/div>\n<\/div>\n<p>Historicamente, os meses de ver\u00e3o apresentam uma redu\u00e7\u00e3o nas doa\u00e7\u00f5es, enquanto a demanda por transfus\u00f5es se mant\u00e9m constante ou at\u00e9 cresce. Entre janeiro e dezembro de 2025, o HEMOSC registrou um aumento de 5% nas doa\u00e7\u00f5es em compara\u00e7\u00e3o a 2024, enquanto a demanda por transfus\u00f5es cresceu alarmantes 30%. Esses n\u00fameros refor\u00e7am a necessidade de um envolvimento cont\u00ednuo da comunidade.<\/p>\n<p>Em 2025, o HEMOSC ampliou sua atua\u00e7\u00e3o, realizando 120 coletas externas, mais do que o dobro do registrado no ano anterior. A diretora-geral da institui\u00e7\u00e3o, Patr\u00edcia Carsten, enfatiza a import\u00e2ncia da doa\u00e7\u00e3o: \u201cO sangue n\u00e3o tem substituto; sua \u00fanica fonte \u00e9 a doa\u00e7\u00e3o de uma pessoa saud\u00e1vel. \u00c9 um ato seguro que salva vidas e possibilita que aqueles que necessitam de transfus\u00e3o possam viver em 2026. Sugerimos que cada um inclua a doa\u00e7\u00e3o de sangue entre suas metas de Ano Novo e, caso n\u00e3o possa realiz\u00e1-la, incentive outros a faz\u00ea-lo.\u201d<\/p>\n<p><img fetchpriority=\"high\" decoding=\"async\" class=\"aligncenter size-full wp-image-31618\" src=\"http:\/\/sulsc.com\/wp-content\/uploads\/2026\/01\/md_notc_1133.png\" alt=\"\" width=\"540\" height=\"314\" srcset=\"https:\/\/sulsc.com\/wp-content\/uploads\/2026\/01\/md_notc_1133.png 540w, https:\/\/sulsc.com\/wp-content\/uploads\/2026\/01\/md_notc_1133-300x174.png 300w\" sizes=\"(max-width: 540px) 100vw, 540px\" \/><\/p>\n<p>HEMOSC\/Divulga\u00e7\u00e3o\/SulSC<\/p>\n<p>O HEMOSC opera com sete hemocentros em Santa Catarina, localizados em Florian\u00f3polis, Crici\u00fama, Chapec\u00f3, Joa\u00e7aba, Lages, Blumenau e Joinville, al\u00e9m de duas Unidades de Coleta em Tubar\u00e3o e Jaragu\u00e1 do Sul. A institui\u00e7\u00e3o \u00e9 respons\u00e1vel por 98% do sangue coletado e distribu\u00eddo no estado, atuando sob a Secretaria de Estado da Sa\u00fade (SES) e administrada pela Organiza\u00e7\u00e3o Social FAHECE.<\/p>\n<p>As doa\u00e7\u00f5es de sangue devem ser agendadas pelo site <strong>\u00a0<\/strong><a href=\"http:\/\/www.hemosc.org.br.\/\"><strong>www.hemosc.org.br.<\/strong>\u00a0<\/a>, onde tamb\u00e9m est\u00e3o dispon\u00edveis informa\u00e7\u00f5es sobre requisitos, hor\u00e1rios de atendimento e endere\u00e7os das unidades.<\/p>\n","protected":false},"excerpt":{"rendered":"<p>Janeiro de 2026 traz um convite fundamental do Centro de Hematologia e Hemoterapia de Santa Catarina (HEMOSC). Mesmo durante as f\u00e9rias, a demanda por sangue em hospitais e cl\u00ednicas do estado continua alta, e pode at\u00e9 aumentar. Para atender a essa necessidade, a institui\u00e7\u00e3o pede \u00e0 popula\u00e7\u00e3o catarinense que inicie o ano com um gesto &hellip;<\/p>\n<p class=\"read-more\"> <a class=\"\" href=\"https:\/\/sulsc.com\/index.php\/2026\/01\/19\/hemosc-convoca-catarinenses-a-comecar-2026-com-o-ato-de-solidariedade-doe-sangue\/\"> <span class=\"screen-reader-text\">HEMOSC convoca catarinenses a come\u00e7ar 2026 com o ato de solidariedade: Doe Sangue!<\/span> Read More &raquo;<\/a><\/p>\n","protected":false},"author":3,"featured_media":31618,"comment_status":"open","ping_status":"open","sticky":false,"template":"","format":"standard","meta":{"site-sidebar-layout":"default","site-content-layout":"","ast-site-content-layout":"default","site-content-style":"default","site-sidebar-style":"default","ast-global-header-display":"","ast-banner-title-visibility":"","ast-main-header-display":"","ast-hfb-above-header-display":"","ast-hfb-below-header-display":"","ast-hfb-mobile-header-display":"","site-post-title":"","ast-breadcrumbs-content":"","ast-featured-img":"","footer-sml-layout":"","theme-transparent-header-meta":"default","adv-header-id-meta":"","stick-header-meta":"","header-above-stick-meta":"","header-main-stick-meta":"","header-below-stick-meta":"","astra-migrate-meta-layouts":"set","footnotes":""},"categories":[2354,2231,1,2281,14,12],"tags":[926],"yoast_head":"<!-- This site is optimized with the Yoast SEO plugin v21.4 - https:\/\/yoast.com\/wordpress\/plugins\/seo\/ -->\n<title>HEMOSC convoca catarinenses a come\u00e7ar 2026 com o ato de solidariedade: Doe Sangue! -<\/title>\n<meta name=\"robots\" content=\"index, follow, max-snippet:-1, max-image-preview:large, max-video-preview:-1\" \/>\n<link rel=\"canonical\" href=\"https:\/\/sulsc.com\/index.php\/2026\/01\/19\/hemosc-convoca-catarinenses-a-comecar-2026-com-o-ato-de-solidariedade-doe-sangue\/\" \/>\n<meta property=\"og:locale\" content=\"en_US\" \/>\n<meta property=\"og:type\" content=\"article\" \/>\n<meta property=\"og:title\" content=\"HEMOSC convoca catarinenses a come\u00e7ar 2026 com o ato de solidariedade: Doe Sangue! -\" \/>\n<meta property=\"og:description\" content=\"Janeiro de 2026 traz um convite fundamental do Centro de Hematologia e Hemoterapia de Santa Catarina (HEMOSC). Mesmo durante as f\u00e9rias, a demanda por sangue em hospitais e cl\u00ednicas do estado continua alta, e pode at\u00e9 aumentar. Para atender a essa necessidade, a institui\u00e7\u00e3o pede \u00e0 popula\u00e7\u00e3o catarinense que inicie o ano com um gesto &hellip; HEMOSC convoca catarinenses a come\u00e7ar 2026 com o ato de solidariedade: Doe Sangue! Read More &raquo;\" \/>\n<meta property=\"og:url\" content=\"https:\/\/sulsc.com\/index.php\/2026\/01\/19\/hemosc-convoca-catarinenses-a-comecar-2026-com-o-ato-de-solidariedade-doe-sangue\/\" \/>\n<meta property=\"article:author\" content=\"https:\/\/www.facebook.com\/profile.php?id=61559278119680\" \/>\n<meta property=\"article:published_time\" content=\"2026-01-19T18:13:16+00:00\" \/>\n<meta property=\"og:image\" content=\"http:\/\/sulsc.com\/wp-content\/uploads\/2026\/01\/md_notc_1133.png\" \/>\n\t<meta property=\"og:image:width\" content=\"540\" \/>\n\t<meta property=\"og:image:height\" content=\"314\" \/>\n\t<meta property=\"og:image:type\" content=\"image\/png\" \/>\n<meta name=\"author\" content=\"Reda\u00e7\u00e3o Sul SC\" \/>\n<meta name=\"twitter:card\" content=\"summary_large_image\" \/>\n<meta name=\"twitter:creator\" content=\"@https:\/\/twitter.com\/PortalSulSC\" \/>\n<meta name=\"twitter:label1\" content=\"Written by\" \/>\n\t<meta name=\"twitter:data1\" content=\"Reda\u00e7\u00e3o Sul SC\" \/>\n\t<meta name=\"twitter:label2\" content=\"Est. reading time\" \/>\n\t<meta name=\"twitter:data2\" content=\"2 minutes\" \/>\n<script type=\"application\/ld+json\" class=\"yoast-schema-graph\">{\"@context\":\"https:\/\/schema.org\",\"@graph\":[{\"@type\":\"WebPage\",\"@id\":\"https:\/\/sulsc.com\/index.php\/2026\/01\/19\/hemosc-convoca-catarinenses-a-comecar-2026-com-o-ato-de-solidariedade-doe-sangue\/\",\"url\":\"https:\/\/sulsc.com\/index.php\/2026\/01\/19\/hemosc-convoca-catarinenses-a-comecar-2026-com-o-ato-de-solidariedade-doe-sangue\/\",\"name\":\"HEMOSC convoca catarinenses a come\u00e7ar 2026 com o ato de solidariedade: Doe Sangue! -\",\"isPartOf\":{\"@id\":\"https:\/\/sulsc.com\/#website\"},\"datePublished\":\"2026-01-19T18:13:16+00:00\",\"dateModified\":\"2026-01-19T18:13:16+00:00\",\"author\":{\"@id\":\"https:\/\/sulsc.com\/#\/schema\/person\/84d2fc571684f6248ba83092f07750a3\"},\"breadcrumb\":{\"@id\":\"https:\/\/sulsc.com\/index.php\/2026\/01\/19\/hemosc-convoca-catarinenses-a-comecar-2026-com-o-ato-de-solidariedade-doe-sangue\/#breadcrumb\"},\"inLanguage\":\"en-US\",\"potentialAction\":[{\"@type\":\"ReadAction\",\"target\":[\"https:\/\/sulsc.com\/index.php\/2026\/01\/19\/hemosc-convoca-catarinenses-a-comecar-2026-com-o-ato-de-solidariedade-doe-sangue\/\"]}]},{\"@type\":\"BreadcrumbList\",\"@id\":\"https:\/\/sulsc.com\/index.php\/2026\/01\/19\/hemosc-convoca-catarinenses-a-comecar-2026-com-o-ato-de-solidariedade-doe-sangue\/#breadcrumb\",\"itemListElement\":[{\"@type\":\"ListItem\",\"position\":1,\"name\":\"In\u00edcio\",\"item\":\"https:\/\/sulsc.com\/\"},{\"@type\":\"ListItem\",\"position\":2,\"name\":\"HEMOSC convoca catarinenses a come\u00e7ar 2026 com o ato de solidariedade: Doe Sangue!\"}]},{\"@type\":\"WebSite\",\"@id\":\"https:\/\/sulsc.com\/#website\",\"url\":\"https:\/\/sulsc.com\/\",\"name\":\"\",\"description\":\"\",\"potentialAction\":[{\"@type\":\"SearchAction\",\"target\":{\"@type\":\"EntryPoint\",\"urlTemplate\":\"https:\/\/sulsc.com\/?s={search_term_string}\"},\"query-input\":\"required name=search_term_string\"}],\"inLanguage\":\"en-US\"},{\"@type\":\"Person\",\"@id\":\"https:\/\/sulsc.com\/#\/schema\/person\/84d2fc571684f6248ba83092f07750a3\",\"name\":\"Reda\u00e7\u00e3o Sul SC\",\"image\":{\"@type\":\"ImageObject\",\"inLanguage\":\"en-US\",\"@id\":\"https:\/\/sulsc.com\/#\/schema\/person\/image\/e08d7fe2cc4ed596372063bbe852b8d0\",\"url\":\"https:\/\/sulsc.com\/wp-content\/uploads\/2023\/09\/redacao.png\",\"contentUrl\":\"https:\/\/sulsc.com\/wp-content\/uploads\/2023\/09\/redacao.png\",\"caption\":\"Reda\u00e7\u00e3o Sul SC\"},\"description\":\"Foco em um jornalismo imparcial, voltado \u00e0 qualidade dos seus conte\u00fados e, assim, levar informa\u00e7\u00e3o de valor que agregue \u00e0 vida dos leitores. Esta \u00e9 grande miss\u00e3o do Portal de Not\u00edcias Sul SC. N\u00e3o \u00e9 quantidade que muda o mundo, sempre foi e seguir\u00e1 sendo qualidade!\",\"sameAs\":[\"https:\/\/sulsc.com\/\",\"https:\/\/www.facebook.com\/profile.php?id=61559278119680\",\"https:\/\/www.instagram.com\/sulscportal\/?hl=pt-br\",\"https:\/\/twitter.com\/https:\/\/twitter.com\/PortalSulSC\",\"https:\/\/www.youtube.com\/channel\/UCv_BE8GeySluDov2n8qhVmw\"],\"url\":\"https:\/\/sulsc.com\/index.php\/author\/redacao\/\"}]}<\/script>\n<!-- \/ Yoast SEO plugin. -->","yoast_head_json":{"title":"HEMOSC convoca catarinenses a come\u00e7ar 2026 com o ato de solidariedade: Doe Sangue! -","robots":{"index":"index","follow":"follow","max-snippet":"max-snippet:-1","max-image-preview":"max-image-preview:large","max-video-preview":"max-video-preview:-1"},"canonical":"https:\/\/sulsc.com\/index.php\/2026\/01\/19\/hemosc-convoca-catarinenses-a-comecar-2026-com-o-ato-de-solidariedade-doe-sangue\/","og_locale":"en_US","og_type":"article","og_title":"HEMOSC convoca catarinenses a come\u00e7ar 2026 com o ato de solidariedade: Doe Sangue! -","og_description":"Janeiro de 2026 traz um convite fundamental do Centro de Hematologia e Hemoterapia de Santa Catarina (HEMOSC). Mesmo durante as f\u00e9rias, a demanda por sangue em hospitais e cl\u00ednicas do estado continua alta, e pode at\u00e9 aumentar. Para atender a essa necessidade, a institui\u00e7\u00e3o pede \u00e0 popula\u00e7\u00e3o catarinense que inicie o ano com um gesto &hellip; HEMOSC convoca catarinenses a come\u00e7ar 2026 com o ato de solidariedade: Doe Sangue! Read More &raquo;","og_url":"https:\/\/sulsc.com\/index.php\/2026\/01\/19\/hemosc-convoca-catarinenses-a-comecar-2026-com-o-ato-de-solidariedade-doe-sangue\/","article_author":"https:\/\/www.facebook.com\/profile.php?id=61559278119680","article_published_time":"2026-01-19T18:13:16+00:00","og_image":[{"width":540,"height":314,"url":"http:\/\/sulsc.com\/wp-content\/uploads\/2026\/01\/md_notc_1133.png","type":"image\/png"}],"author":"Reda\u00e7\u00e3o Sul SC","twitter_card":"summary_large_image","twitter_creator":"@https:\/\/twitter.com\/PortalSulSC","twitter_misc":{"Written by":"Reda\u00e7\u00e3o Sul SC","Est. reading time":"2 minutes"},"schema":{"@context":"https:\/\/schema.org","@graph":[{"@type":"WebPage","@id":"https:\/\/sulsc.com\/index.php\/2026\/01\/19\/hemosc-convoca-catarinenses-a-comecar-2026-com-o-ato-de-solidariedade-doe-sangue\/","url":"https:\/\/sulsc.com\/index.php\/2026\/01\/19\/hemosc-convoca-catarinenses-a-comecar-2026-com-o-ato-de-solidariedade-doe-sangue\/","name":"HEMOSC convoca catarinenses a come\u00e7ar 2026 com o ato de solidariedade: Doe Sangue! -","isPartOf":{"@id":"https:\/\/sulsc.com\/#website"},"datePublished":"2026-01-19T18:13:16+00:00","dateModified":"2026-01-19T18:13:16+00:00","author":{"@id":"https:\/\/sulsc.com\/#\/schema\/person\/84d2fc571684f6248ba83092f07750a3"},"breadcrumb":{"@id":"https:\/\/sulsc.com\/index.php\/2026\/01\/19\/hemosc-convoca-catarinenses-a-comecar-2026-com-o-ato-de-solidariedade-doe-sangue\/#breadcrumb"},"inLanguage":"en-US","potentialAction":[{"@type":"ReadAction","target":["https:\/\/sulsc.com\/index.php\/2026\/01\/19\/hemosc-convoca-catarinenses-a-comecar-2026-com-o-ato-de-solidariedade-doe-sangue\/"]}]},{"@type":"BreadcrumbList","@id":"https:\/\/sulsc.com\/index.php\/2026\/01\/19\/hemosc-convoca-catarinenses-a-comecar-2026-com-o-ato-de-solidariedade-doe-sangue\/#breadcrumb","itemListElement":[{"@type":"ListItem","position":1,"name":"In\u00edcio","item":"https:\/\/sulsc.com\/"},{"@type":"ListItem","position":2,"name":"HEMOSC convoca catarinenses a come\u00e7ar 2026 com o ato de solidariedade: Doe Sangue!"}]},{"@type":"WebSite","@id":"https:\/\/sulsc.com\/#website","url":"https:\/\/sulsc.com\/","name":"","description":"","potentialAction":[{"@type":"SearchAction","target":{"@type":"EntryPoint","urlTemplate":"https:\/\/sulsc.com\/?s={search_term_string}"},"query-input":"required name=search_term_string"}],"inLanguage":"en-US"},{"@type":"Person","@id":"https:\/\/sulsc.com\/#\/schema\/person\/84d2fc571684f6248ba83092f07750a3","name":"Reda\u00e7\u00e3o Sul SC","image":{"@type":"ImageObject","inLanguage":"en-US","@id":"https:\/\/sulsc.com\/#\/schema\/person\/image\/e08d7fe2cc4ed596372063bbe852b8d0","url":"https:\/\/sulsc.com\/wp-content\/uploads\/2023\/09\/redacao.png","contentUrl":"https:\/\/sulsc.com\/wp-content\/uploads\/2023\/09\/redacao.png","caption":"Reda\u00e7\u00e3o Sul SC"},"description":"Foco em um jornalismo imparcial, voltado \u00e0 qualidade dos seus conte\u00fados e, assim, levar informa\u00e7\u00e3o de valor que agregue \u00e0 vida dos leitores. Esta \u00e9 grande miss\u00e3o do Portal de Not\u00edcias Sul SC. N\u00e3o \u00e9 quantidade que muda o mundo, sempre foi e seguir\u00e1 sendo qualidade!","sameAs":["https:\/\/sulsc.com\/","https:\/\/www.facebook.com\/profile.php?id=61559278119680","https:\/\/www.instagram.com\/sulscportal\/?hl=pt-br","https:\/\/twitter.com\/https:\/\/twitter.com\/PortalSulSC","https:\/\/www.youtube.com\/channel\/UCv_BE8GeySluDov2n8qhVmw"],"url":"https:\/\/sulsc.com\/index.php\/author\/redacao\/"}]}},"authors":[],"_links":{"self":[{"href":"https:\/\/sulsc.com\/index.php\/wp-json\/wp\/v2\/posts\/31617"}],"collection":[{"href":"https:\/\/sulsc.com\/index.php\/wp-json\/wp\/v2\/posts"}],"about":[{"href":"https:\/\/sulsc.com\/index.php\/wp-json\/wp\/v2\/types\/post"}],"author":[{"embeddable":true,"href":"https:\/\/sulsc.com\/index.php\/wp-json\/wp\/v2\/users\/3"}],"replies":[{"embeddable":true,"href":"https:\/\/sulsc.com\/index.php\/wp-json\/wp\/v2\/comments?post=31617"}],"version-history":[{"count":1,"href":"https:\/\/sulsc.com\/index.php\/wp-json\/wp\/v2\/posts\/31617\/revisions"}],"predecessor-version":[{"id":31619,"href":"https:\/\/sulsc.com\/index.php\/wp-json\/wp\/v2\/posts\/31617\/revisions\/31619"}],"wp:featuredmedia":[{"embeddable":true,"href":"https:\/\/sulsc.com\/index.php\/wp-json\/wp\/v2\/media\/31618"}],"wp:attachment":[{"href":"https:\/\/sulsc.com\/index.php\/wp-json\/wp\/v2\/media?parent=31617"}],"wp:term":[{"taxonomy":"category","embeddable":true,"href":"https:\/\/sulsc.com\/index.php\/wp-json\/wp\/v2\/categories?post=31617"},{"taxonomy":"post_tag","embeddable":true,"href":"https:\/\/sulsc.com\/index.php\/wp-json\/wp\/v2\/tags?post=31617"}],"curies":[{"name":"wp","href":"https:\/\/api.w.org\/{rel}","templated":true}]}}