{"id":31620,"date":"2026-01-19T16:09:21","date_gmt":"2026-01-19T19:09:21","guid":{"rendered":"https:\/\/sulsc.com\/?p=31620"},"modified":"2026-01-19T16:09:21","modified_gmt":"2026-01-19T19:09:21","slug":"justica-de-sc-determina-a-empresa-plural-servicos-tecnico-ltda-regularize-urgente-a-coleta-de-lixo-em-imbituba","status":"publish","type":"post","link":"https:\/\/sulsc.com\/index.php\/2026\/01\/19\/justica-de-sc-determina-a-empresa-plural-servicos-tecnico-ltda-regularize-urgente-a-coleta-de-lixo-em-imbituba\/","title":{"rendered":"Justi\u00e7a de SC determina a empresa Plural Servi\u00e7os T\u00e9cnico Ltda regularize urgente a coleta de lixo em Imbituba"},"content":{"rendered":"<p>A Justi\u00e7a de Santa Catarina tomou uma decis\u00e3o crucial ao determinar que a Plural Servi\u00e7os T\u00e9cnico Ltda, respons\u00e1vel pela coleta de res\u00edduos s\u00f3lidos em Imbituba, regularize imediatamente os servi\u00e7os prestados. A liminar foi proferida pela 2\u00aa Vara C\u00edvel da Comarca de Imbituba, ap\u00f3s a\u00e7\u00e3o movida pelo Munic\u00edpio.<\/p>\n<p>A Prefeitura de Imbituba relatou que a empresa n\u00e3o atendeu \u00e0 demanda, especialmente durante a alta temporada, e que reduziu a frota m\u00ednima exigida, interrompeu o sistema de monitoramento por sat\u00e9lite e enfrentou per\u00edodos de inatividade operacional.<\/p>\n<div id=\"metaslider-id-25573\" style=\"width: 100%;\" class=\"ml-slider-3-99-0 metaslider metaslider-flex metaslider-25573 ml-slider has-onhover-arrows ms-theme-default-base has-dots-nav\" role=\"region\" aria-label=\"Meio\" data-width=\"1200\">\n    <div id=\"metaslider_container_25573\">\n        <div id=\"metaslider_25573\">\n            <ul class='slides'>\n                <li style=\"display: block; width: 100%;\" class=\"slide-25684 ms-image \" aria-roledescription=\"slide\" data-date=\"2025-07-24 07:55:40\"><img src=\"https:\/\/sulsc.com\/wp-content\/uploads\/2025\/07\/Marr-2-1000x166.jpg\" height=\"200\" width=\"1200\" alt=\"\" class=\"slider-25573 slide-25684 msDefaultImage\" title=\"Marr 2\" \/><\/li>\n                <li style=\"display: none; width: 100%;\" class=\"slide-32412 ms-image \" aria-roledescription=\"slide\" data-date=\"2026-02-18 13:59:46\"><img src=\"https:\/\/sulsc.com\/wp-content\/uploads\/2026\/02\/40dc1580-cad5-4867-bc58-c4243821ad38-1000x166.jpeg\" height=\"200\" width=\"1200\" alt=\"\" class=\"slider-25573 slide-32412 msDefaultImage\" title=\"40dc1580-cad5-4867-bc58-c4243821ad38\" \/><\/li>\n                <li style=\"display: none; width: 100%;\" class=\"slide-32766 ms-image \" aria-roledescription=\"slide\" data-date=\"2026-03-03 17:22:59\"><img src=\"https:\/\/sulsc.com\/wp-content\/uploads\/2026\/03\/271ce739-f268-41c5-8051-3de1a1750359-1000x166.jpeg\" height=\"200\" width=\"1200\" alt=\"\" class=\"slider-25573 slide-32766 msDefaultImage\" title=\"271ce739-f268-41c5-8051-3de1a1750359\" \/><\/li>\n            <\/ul>\n        <\/div>\n        \n    <\/div>\n<\/div>\n<p>O contrato exige a utiliza\u00e7\u00e3o de, no m\u00ednimo, sete caminh\u00f5es compactadores e rastreamento eletr\u00f4nico da frota. No entanto, a pr\u00f3pria empresa admitiu operar com menos ve\u00edculos e suspender o monitoramento, alegando manuten\u00e7\u00e3o t\u00e9cnica. Os registros apresentados pelo Munic\u00edpio mostram um aumento nas reclama\u00e7\u00f5es da popula\u00e7\u00e3o e fotografias de lixo acumulado em v\u00e1rias \u00e1reas da cidade.<\/p>\n<p>O juiz respons\u00e1vel pelo caso reconheceu a coleta de lixo como um servi\u00e7o p\u00fablico essencial, intimamente ligado \u00e0 sa\u00fade p\u00fablica e \u00e0 preserva\u00e7\u00e3o ambiental. Ele alertou que a demora na regulariza\u00e7\u00e3o poderia resultar em preju\u00edzos significativos para a coletividade.<\/p>\n<p>Com a decis\u00e3o, a Plural Servi\u00e7os T\u00e9cnico Ltda tem 24 horas, a partir da intima\u00e7\u00e3o, para restabelecer o sistema de monitoramento, disponibilizar a frota m\u00ednima exigida e garantir a execu\u00e7\u00e3o regular do servi\u00e7o. Caso contr\u00e1rio, uma multa di\u00e1ria de R$ 5 mil ser\u00e1 imposta.<\/p>\n<p>O processo continua em andamento, e a empresa ainda pode apresentar defesa, mas a liminar permanece v\u00e1lida at\u00e9 nova decis\u00e3o judicial.<\/p>\n<p><img fetchpriority=\"high\" decoding=\"async\" class=\"aligncenter size-full wp-image-31621\" src=\"http:\/\/sulsc.com\/wp-content\/uploads\/2026\/01\/91635b2c-a76b-4cb2-b6a6-39125b242f04.jpeg\" alt=\"\" width=\"700\" height=\"458\" srcset=\"https:\/\/sulsc.com\/wp-content\/uploads\/2026\/01\/91635b2c-a76b-4cb2-b6a6-39125b242f04.jpeg 700w, https:\/\/sulsc.com\/wp-content\/uploads\/2026\/01\/91635b2c-a76b-4cb2-b6a6-39125b242f04-300x196.jpeg 300w\" sizes=\"(max-width: 700px) 100vw, 700px\" \/><\/p>\n<p>Foto\/internet<\/p>\n","protected":false},"excerpt":{"rendered":"<p>A Justi\u00e7a de Santa Catarina tomou uma decis\u00e3o crucial ao determinar que a Plural Servi\u00e7os T\u00e9cnico Ltda, respons\u00e1vel pela coleta de res\u00edduos s\u00f3lidos em Imbituba, regularize imediatamente os servi\u00e7os prestados. A liminar foi proferida pela 2\u00aa Vara C\u00edvel da Comarca de Imbituba, ap\u00f3s a\u00e7\u00e3o movida pelo Munic\u00edpio. A Prefeitura de Imbituba relatou que a empresa &hellip;<\/p>\n<p class=\"read-more\"> <a class=\"\" href=\"https:\/\/sulsc.com\/index.php\/2026\/01\/19\/justica-de-sc-determina-a-empresa-plural-servicos-tecnico-ltda-regularize-urgente-a-coleta-de-lixo-em-imbituba\/\"> <span class=\"screen-reader-text\">Justi\u00e7a de SC determina a empresa Plural Servi\u00e7os T\u00e9cnico Ltda regularize urgente a coleta de lixo em Imbituba<\/span> Read More &raquo;<\/a><\/p>\n","protected":false},"author":3,"featured_media":31621,"comment_status":"open","ping_status":"open","sticky":false,"template":"","format":"standard","meta":{"site-sidebar-layout":"default","site-content-layout":"","ast-site-content-layout":"default","site-content-style":"default","site-sidebar-style":"default","ast-global-header-display":"","ast-banner-title-visibility":"","ast-main-header-display":"","ast-hfb-above-header-display":"","ast-hfb-below-header-display":"","ast-hfb-mobile-header-display":"","site-post-title":"","ast-breadcrumbs-content":"","ast-featured-img":"","footer-sml-layout":"","theme-transparent-header-meta":"default","adv-header-id-meta":"","stick-header-meta":"","header-above-stick-meta":"","header-main-stick-meta":"","header-below-stick-meta":"","astra-migrate-meta-layouts":"set","footnotes":""},"categories":[2231,1,41,14],"tags":[2808],"yoast_head":"<!-- This site is optimized with the Yoast SEO plugin v21.4 - https:\/\/yoast.com\/wordpress\/plugins\/seo\/ -->\n<title>Justi\u00e7a de SC determina a empresa Plural Servi\u00e7os T\u00e9cnico Ltda regularize urgente a coleta de lixo em Imbituba -<\/title>\n<meta name=\"robots\" content=\"index, follow, max-snippet:-1, max-image-preview:large, max-video-preview:-1\" \/>\n<link rel=\"canonical\" href=\"https:\/\/sulsc.com\/index.php\/2026\/01\/19\/justica-de-sc-determina-a-empresa-plural-servicos-tecnico-ltda-regularize-urgente-a-coleta-de-lixo-em-imbituba\/\" \/>\n<meta property=\"og:locale\" content=\"en_US\" \/>\n<meta property=\"og:type\" content=\"article\" \/>\n<meta property=\"og:title\" content=\"Justi\u00e7a de SC determina a empresa Plural Servi\u00e7os T\u00e9cnico Ltda regularize urgente a coleta de lixo em Imbituba -\" \/>\n<meta property=\"og:description\" content=\"A Justi\u00e7a de Santa Catarina tomou uma decis\u00e3o crucial ao determinar que a Plural Servi\u00e7os T\u00e9cnico Ltda, respons\u00e1vel pela coleta de res\u00edduos s\u00f3lidos em Imbituba, regularize imediatamente os servi\u00e7os prestados. A liminar foi proferida pela 2\u00aa Vara C\u00edvel da Comarca de Imbituba, ap\u00f3s a\u00e7\u00e3o movida pelo Munic\u00edpio. A Prefeitura de Imbituba relatou que a empresa &hellip; Justi\u00e7a de SC determina a empresa Plural Servi\u00e7os T\u00e9cnico Ltda regularize urgente a coleta de lixo em Imbituba Read More &raquo;\" \/>\n<meta property=\"og:url\" content=\"https:\/\/sulsc.com\/index.php\/2026\/01\/19\/justica-de-sc-determina-a-empresa-plural-servicos-tecnico-ltda-regularize-urgente-a-coleta-de-lixo-em-imbituba\/\" \/>\n<meta property=\"article:author\" content=\"https:\/\/www.facebook.com\/profile.php?id=61559278119680\" \/>\n<meta property=\"article:published_time\" content=\"2026-01-19T19:09:21+00:00\" \/>\n<meta property=\"og:image\" content=\"http:\/\/sulsc.com\/wp-content\/uploads\/2026\/01\/91635b2c-a76b-4cb2-b6a6-39125b242f04.jpeg\" \/>\n\t<meta property=\"og:image:width\" content=\"700\" \/>\n\t<meta property=\"og:image:height\" content=\"458\" \/>\n\t<meta property=\"og:image:type\" content=\"image\/jpeg\" \/>\n<meta name=\"author\" content=\"Reda\u00e7\u00e3o Sul SC\" \/>\n<meta name=\"twitter:card\" content=\"summary_large_image\" \/>\n<meta name=\"twitter:creator\" content=\"@https:\/\/twitter.com\/PortalSulSC\" \/>\n<meta name=\"twitter:label1\" content=\"Written by\" \/>\n\t<meta name=\"twitter:data1\" content=\"Reda\u00e7\u00e3o Sul SC\" \/>\n\t<meta name=\"twitter:label2\" content=\"Est. reading time\" \/>\n\t<meta name=\"twitter:data2\" content=\"2 minutes\" \/>\n<script type=\"application\/ld+json\" class=\"yoast-schema-graph\">{\"@context\":\"https:\/\/schema.org\",\"@graph\":[{\"@type\":\"WebPage\",\"@id\":\"https:\/\/sulsc.com\/index.php\/2026\/01\/19\/justica-de-sc-determina-a-empresa-plural-servicos-tecnico-ltda-regularize-urgente-a-coleta-de-lixo-em-imbituba\/\",\"url\":\"https:\/\/sulsc.com\/index.php\/2026\/01\/19\/justica-de-sc-determina-a-empresa-plural-servicos-tecnico-ltda-regularize-urgente-a-coleta-de-lixo-em-imbituba\/\",\"name\":\"Justi\u00e7a de SC determina a empresa Plural Servi\u00e7os T\u00e9cnico Ltda regularize urgente a coleta de lixo em Imbituba -\",\"isPartOf\":{\"@id\":\"https:\/\/sulsc.com\/#website\"},\"datePublished\":\"2026-01-19T19:09:21+00:00\",\"dateModified\":\"2026-01-19T19:09:21+00:00\",\"author\":{\"@id\":\"https:\/\/sulsc.com\/#\/schema\/person\/84d2fc571684f6248ba83092f07750a3\"},\"breadcrumb\":{\"@id\":\"https:\/\/sulsc.com\/index.php\/2026\/01\/19\/justica-de-sc-determina-a-empresa-plural-servicos-tecnico-ltda-regularize-urgente-a-coleta-de-lixo-em-imbituba\/#breadcrumb\"},\"inLanguage\":\"en-US\",\"potentialAction\":[{\"@type\":\"ReadAction\",\"target\":[\"https:\/\/sulsc.com\/index.php\/2026\/01\/19\/justica-de-sc-determina-a-empresa-plural-servicos-tecnico-ltda-regularize-urgente-a-coleta-de-lixo-em-imbituba\/\"]}]},{\"@type\":\"BreadcrumbList\",\"@id\":\"https:\/\/sulsc.com\/index.php\/2026\/01\/19\/justica-de-sc-determina-a-empresa-plural-servicos-tecnico-ltda-regularize-urgente-a-coleta-de-lixo-em-imbituba\/#breadcrumb\",\"itemListElement\":[{\"@type\":\"ListItem\",\"position\":1,\"name\":\"In\u00edcio\",\"item\":\"https:\/\/sulsc.com\/\"},{\"@type\":\"ListItem\",\"position\":2,\"name\":\"Justi\u00e7a de SC determina a empresa Plural Servi\u00e7os T\u00e9cnico Ltda regularize urgente a coleta de lixo em Imbituba\"}]},{\"@type\":\"WebSite\",\"@id\":\"https:\/\/sulsc.com\/#website\",\"url\":\"https:\/\/sulsc.com\/\",\"name\":\"\",\"description\":\"\",\"potentialAction\":[{\"@type\":\"SearchAction\",\"target\":{\"@type\":\"EntryPoint\",\"urlTemplate\":\"https:\/\/sulsc.com\/?s={search_term_string}\"},\"query-input\":\"required name=search_term_string\"}],\"inLanguage\":\"en-US\"},{\"@type\":\"Person\",\"@id\":\"https:\/\/sulsc.com\/#\/schema\/person\/84d2fc571684f6248ba83092f07750a3\",\"name\":\"Reda\u00e7\u00e3o Sul SC\",\"image\":{\"@type\":\"ImageObject\",\"inLanguage\":\"en-US\",\"@id\":\"https:\/\/sulsc.com\/#\/schema\/person\/image\/e08d7fe2cc4ed596372063bbe852b8d0\",\"url\":\"https:\/\/sulsc.com\/wp-content\/uploads\/2023\/09\/redacao.png\",\"contentUrl\":\"https:\/\/sulsc.com\/wp-content\/uploads\/2023\/09\/redacao.png\",\"caption\":\"Reda\u00e7\u00e3o Sul SC\"},\"description\":\"Foco em um jornalismo imparcial, voltado \u00e0 qualidade dos seus conte\u00fados e, assim, levar informa\u00e7\u00e3o de valor que agregue \u00e0 vida dos leitores. Esta \u00e9 grande miss\u00e3o do Portal de Not\u00edcias Sul SC. N\u00e3o \u00e9 quantidade que muda o mundo, sempre foi e seguir\u00e1 sendo qualidade!\",\"sameAs\":[\"https:\/\/sulsc.com\/\",\"https:\/\/www.facebook.com\/profile.php?id=61559278119680\",\"https:\/\/www.instagram.com\/sulscportal\/?hl=pt-br\",\"https:\/\/twitter.com\/https:\/\/twitter.com\/PortalSulSC\",\"https:\/\/www.youtube.com\/channel\/UCv_BE8GeySluDov2n8qhVmw\"],\"url\":\"https:\/\/sulsc.com\/index.php\/author\/redacao\/\"}]}<\/script>\n<!-- \/ Yoast SEO plugin. -->","yoast_head_json":{"title":"Justi\u00e7a de SC determina a empresa Plural Servi\u00e7os T\u00e9cnico Ltda regularize urgente a coleta de lixo em Imbituba -","robots":{"index":"index","follow":"follow","max-snippet":"max-snippet:-1","max-image-preview":"max-image-preview:large","max-video-preview":"max-video-preview:-1"},"canonical":"https:\/\/sulsc.com\/index.php\/2026\/01\/19\/justica-de-sc-determina-a-empresa-plural-servicos-tecnico-ltda-regularize-urgente-a-coleta-de-lixo-em-imbituba\/","og_locale":"en_US","og_type":"article","og_title":"Justi\u00e7a de SC determina a empresa Plural Servi\u00e7os T\u00e9cnico Ltda regularize urgente a coleta de lixo em Imbituba -","og_description":"A Justi\u00e7a de Santa Catarina tomou uma decis\u00e3o crucial ao determinar que a Plural Servi\u00e7os T\u00e9cnico Ltda, respons\u00e1vel pela coleta de res\u00edduos s\u00f3lidos em Imbituba, regularize imediatamente os servi\u00e7os prestados. A liminar foi proferida pela 2\u00aa Vara C\u00edvel da Comarca de Imbituba, ap\u00f3s a\u00e7\u00e3o movida pelo Munic\u00edpio. A Prefeitura de Imbituba relatou que a empresa &hellip; Justi\u00e7a de SC determina a empresa Plural Servi\u00e7os T\u00e9cnico Ltda regularize urgente a coleta de lixo em Imbituba Read More &raquo;","og_url":"https:\/\/sulsc.com\/index.php\/2026\/01\/19\/justica-de-sc-determina-a-empresa-plural-servicos-tecnico-ltda-regularize-urgente-a-coleta-de-lixo-em-imbituba\/","article_author":"https:\/\/www.facebook.com\/profile.php?id=61559278119680","article_published_time":"2026-01-19T19:09:21+00:00","og_image":[{"width":700,"height":458,"url":"http:\/\/sulsc.com\/wp-content\/uploads\/2026\/01\/91635b2c-a76b-4cb2-b6a6-39125b242f04.jpeg","type":"image\/jpeg"}],"author":"Reda\u00e7\u00e3o Sul SC","twitter_card":"summary_large_image","twitter_creator":"@https:\/\/twitter.com\/PortalSulSC","twitter_misc":{"Written by":"Reda\u00e7\u00e3o Sul SC","Est. reading time":"2 minutes"},"schema":{"@context":"https:\/\/schema.org","@graph":[{"@type":"WebPage","@id":"https:\/\/sulsc.com\/index.php\/2026\/01\/19\/justica-de-sc-determina-a-empresa-plural-servicos-tecnico-ltda-regularize-urgente-a-coleta-de-lixo-em-imbituba\/","url":"https:\/\/sulsc.com\/index.php\/2026\/01\/19\/justica-de-sc-determina-a-empresa-plural-servicos-tecnico-ltda-regularize-urgente-a-coleta-de-lixo-em-imbituba\/","name":"Justi\u00e7a de SC determina a empresa Plural Servi\u00e7os T\u00e9cnico Ltda regularize urgente a coleta de lixo em Imbituba -","isPartOf":{"@id":"https:\/\/sulsc.com\/#website"},"datePublished":"2026-01-19T19:09:21+00:00","dateModified":"2026-01-19T19:09:21+00:00","author":{"@id":"https:\/\/sulsc.com\/#\/schema\/person\/84d2fc571684f6248ba83092f07750a3"},"breadcrumb":{"@id":"https:\/\/sulsc.com\/index.php\/2026\/01\/19\/justica-de-sc-determina-a-empresa-plural-servicos-tecnico-ltda-regularize-urgente-a-coleta-de-lixo-em-imbituba\/#breadcrumb"},"inLanguage":"en-US","potentialAction":[{"@type":"ReadAction","target":["https:\/\/sulsc.com\/index.php\/2026\/01\/19\/justica-de-sc-determina-a-empresa-plural-servicos-tecnico-ltda-regularize-urgente-a-coleta-de-lixo-em-imbituba\/"]}]},{"@type":"BreadcrumbList","@id":"https:\/\/sulsc.com\/index.php\/2026\/01\/19\/justica-de-sc-determina-a-empresa-plural-servicos-tecnico-ltda-regularize-urgente-a-coleta-de-lixo-em-imbituba\/#breadcrumb","itemListElement":[{"@type":"ListItem","position":1,"name":"In\u00edcio","item":"https:\/\/sulsc.com\/"},{"@type":"ListItem","position":2,"name":"Justi\u00e7a de SC determina a empresa Plural Servi\u00e7os T\u00e9cnico Ltda regularize urgente a coleta de lixo em Imbituba"}]},{"@type":"WebSite","@id":"https:\/\/sulsc.com\/#website","url":"https:\/\/sulsc.com\/","name":"","description":"","potentialAction":[{"@type":"SearchAction","target":{"@type":"EntryPoint","urlTemplate":"https:\/\/sulsc.com\/?s={search_term_string}"},"query-input":"required name=search_term_string"}],"inLanguage":"en-US"},{"@type":"Person","@id":"https:\/\/sulsc.com\/#\/schema\/person\/84d2fc571684f6248ba83092f07750a3","name":"Reda\u00e7\u00e3o Sul SC","image":{"@type":"ImageObject","inLanguage":"en-US","@id":"https:\/\/sulsc.com\/#\/schema\/person\/image\/e08d7fe2cc4ed596372063bbe852b8d0","url":"https:\/\/sulsc.com\/wp-content\/uploads\/2023\/09\/redacao.png","contentUrl":"https:\/\/sulsc.com\/wp-content\/uploads\/2023\/09\/redacao.png","caption":"Reda\u00e7\u00e3o Sul SC"},"description":"Foco em um jornalismo imparcial, voltado \u00e0 qualidade dos seus conte\u00fados e, assim, levar informa\u00e7\u00e3o de valor que agregue \u00e0 vida dos leitores. Esta \u00e9 grande miss\u00e3o do Portal de Not\u00edcias Sul SC. N\u00e3o \u00e9 quantidade que muda o mundo, sempre foi e seguir\u00e1 sendo qualidade!","sameAs":["https:\/\/sulsc.com\/","https:\/\/www.facebook.com\/profile.php?id=61559278119680","https:\/\/www.instagram.com\/sulscportal\/?hl=pt-br","https:\/\/twitter.com\/https:\/\/twitter.com\/PortalSulSC","https:\/\/www.youtube.com\/channel\/UCv_BE8GeySluDov2n8qhVmw"],"url":"https:\/\/sulsc.com\/index.php\/author\/redacao\/"}]}},"authors":[],"_links":{"self":[{"href":"https:\/\/sulsc.com\/index.php\/wp-json\/wp\/v2\/posts\/31620"}],"collection":[{"href":"https:\/\/sulsc.com\/index.php\/wp-json\/wp\/v2\/posts"}],"about":[{"href":"https:\/\/sulsc.com\/index.php\/wp-json\/wp\/v2\/types\/post"}],"author":[{"embeddable":true,"href":"https:\/\/sulsc.com\/index.php\/wp-json\/wp\/v2\/users\/3"}],"replies":[{"embeddable":true,"href":"https:\/\/sulsc.com\/index.php\/wp-json\/wp\/v2\/comments?post=31620"}],"version-history":[{"count":1,"href":"https:\/\/sulsc.com\/index.php\/wp-json\/wp\/v2\/posts\/31620\/revisions"}],"predecessor-version":[{"id":31622,"href":"https:\/\/sulsc.com\/index.php\/wp-json\/wp\/v2\/posts\/31620\/revisions\/31622"}],"wp:featuredmedia":[{"embeddable":true,"href":"https:\/\/sulsc.com\/index.php\/wp-json\/wp\/v2\/media\/31621"}],"wp:attachment":[{"href":"https:\/\/sulsc.com\/index.php\/wp-json\/wp\/v2\/media?parent=31620"}],"wp:term":[{"taxonomy":"category","embeddable":true,"href":"https:\/\/sulsc.com\/index.php\/wp-json\/wp\/v2\/categories?post=31620"},{"taxonomy":"post_tag","embeddable":true,"href":"https:\/\/sulsc.com\/index.php\/wp-json\/wp\/v2\/tags?post=31620"}],"curies":[{"name":"wp","href":"https:\/\/api.w.org\/{rel}","templated":true}]}}