{"id":31623,"date":"2026-01-19T16:27:33","date_gmt":"2026-01-19T19:27:33","guid":{"rendered":"https:\/\/sulsc.com\/?p=31623"},"modified":"2026-01-19T16:27:33","modified_gmt":"2026-01-19T19:27:33","slug":"tubarao-futsal-2026-um-ano-promissor-com-competicoes-estaduais-e-nacionais","status":"publish","type":"post","link":"https:\/\/sulsc.com\/index.php\/2026\/01\/19\/tubarao-futsal-2026-um-ano-promissor-com-competicoes-estaduais-e-nacionais\/","title":{"rendered":"Tubar\u00e3o Futsal 2026: Um Ano Promissor com Competi\u00e7\u00f5es Estaduais e Nacionais"},"content":{"rendered":"<p>O Tubar\u00e3o Futsal d\u00e1 o pontap\u00e9 inicial em mais uma temporada repleta de desafios, expectativas e importantes mudan\u00e7as. Em 2026, a equipe tubaronense estar\u00e1 presente em tr\u00eas das principais competi\u00e7\u00f5es do calend\u00e1rio estadual e nacional: a <strong>Liga Nacional de Futsal (LNF)<\/strong>, o <strong>Campeonato Catarinense \u2013 S\u00e9rie Ouro<\/strong> e os <strong>JASC \u2013 Jogos Abertos de Santa Catarina<\/strong>, consolidando o clube entre os protagonistas do futsal catarinense e brasileiro.<\/p>\n<p>Como parte do processo de reestrutura\u00e7\u00e3o e planejamento para a nova temporada, o clube passou por mudan\u00e7as significativas no elenco desde o final do ano passado e o in\u00edcio deste ano. Alguns atletas que fizeram parte da hist\u00f3ria recente do Tubar\u00e3o Futsal se despediram da equipe.<\/p>\n<div id=\"metaslider-id-25573\" style=\"width: 100%;\" class=\"ml-slider-3-99-0 metaslider metaslider-flex metaslider-25573 ml-slider has-onhover-arrows ms-theme-default-base has-dots-nav\" role=\"region\" aria-label=\"Meio\" data-width=\"1200\">\n    <div id=\"metaslider_container_25573\">\n        <div id=\"metaslider_25573\">\n            <ul class='slides'>\n                <li style=\"display: block; width: 100%;\" class=\"slide-25684 ms-image \" aria-roledescription=\"slide\" data-date=\"2025-07-24 07:55:40\"><img src=\"https:\/\/sulsc.com\/wp-content\/uploads\/2025\/07\/Marr-2-1000x166.jpg\" height=\"200\" width=\"1200\" alt=\"\" class=\"slider-25573 slide-25684 msDefaultImage\" title=\"Marr 2\" \/><\/li>\n                <li style=\"display: none; width: 100%;\" class=\"slide-32412 ms-image \" aria-roledescription=\"slide\" data-date=\"2026-02-18 13:59:46\"><img src=\"https:\/\/sulsc.com\/wp-content\/uploads\/2026\/02\/40dc1580-cad5-4867-bc58-c4243821ad38-1000x166.jpeg\" height=\"200\" width=\"1200\" alt=\"\" class=\"slider-25573 slide-32412 msDefaultImage\" title=\"40dc1580-cad5-4867-bc58-c4243821ad38\" \/><\/li>\n                <li style=\"display: none; width: 100%;\" class=\"slide-32766 ms-image \" aria-roledescription=\"slide\" data-date=\"2026-03-03 17:22:59\"><img src=\"https:\/\/sulsc.com\/wp-content\/uploads\/2026\/03\/271ce739-f268-41c5-8051-3de1a1750359-1000x166.jpeg\" height=\"200\" width=\"1200\" alt=\"\" class=\"slider-25573 slide-32766 msDefaultImage\" title=\"271ce739-f268-41c5-8051-3de1a1750359\" \/><\/li>\n            <\/ul>\n        <\/div>\n        \n    <\/div>\n<\/div>\n<p>Deixaram o clube os goleiros Z\u00e9 e Esp\u00edndola; os fixos Acco, Passamani e Marinho; os alas Quito e Vitinho; e os piv\u00f4s Rhuan, Jean e Igor. O Tubar\u00e3o Futsal agradeceu a todos pelo profissionalismo, dedica\u00e7\u00e3o e contribui\u00e7\u00e3o durante o per\u00edodo em que vestiram a camisa do clube, desejando sucesso na sequ\u00eancia de suas carreiras.<\/p>\n<p>Paralelamente \u00e0s sa\u00eddas, a diretoria e a comiss\u00e3o t\u00e9cnica v\u00eam trabalhando intensamente no mercado para montar um elenco competitivo e \u00e0 altura dos desafios da temporada, buscando atletas que possam agregar qualidade t\u00e9cnica, experi\u00eancia e intensidade ao grupo, fortalecendo o Tubar\u00e3o Futsal para as disputas em n\u00edvel estadual e nacional.<\/p>\n<p>A participa\u00e7\u00e3o na Liga Nacional de Futsal exige um elenco qualificado e preparado para enfrentar algumas das principais equipes do pa\u00eds, enquanto o Catarinense S\u00e9rie Ouro e os JASC seguem como objetivos importantes dentro do projeto esportivo do clube.<\/p>\n<p>Quem passou a integrar o clube fora das quadras \u00e9 o ex-atleta e capit\u00e3o Marinho, que assume a fun\u00e7\u00e3o de Gerente T\u00e9cnico. \u00cddolo da torcida e refer\u00eancia dentro do elenco, Marinho ser\u00e1 o respons\u00e1vel por fazer a liga\u00e7\u00e3o direta entre os atletas, a comiss\u00e3o t\u00e9cnica e a diretoria.<\/p>\n<p><strong>&#8220;<\/strong>\u00c9 um novo desafio na minha carreira, agora fora das quadras, mas com a mesma responsabilidade e comprometimento de sempre. Vou trabalhar para ser esse elo entre atletas e diretoria, ajudando no dia a dia, na organiza\u00e7\u00e3o do grupo e para que todos estejam focados nos objetivos do Tubar\u00e3o Futsal nesta temporada t\u00e3o importante<strong>&#8220;, destacou Marinho.<\/strong><\/p>\n<p><img fetchpriority=\"high\" decoding=\"async\" class=\"aligncenter size-full wp-image-31624\" src=\"http:\/\/sulsc.com\/wp-content\/uploads\/2026\/01\/16e2167b-1dfa-4d93-a788-05f87dc4d4c4.jpeg\" alt=\"\" width=\"1024\" height=\"768\" srcset=\"https:\/\/sulsc.com\/wp-content\/uploads\/2026\/01\/16e2167b-1dfa-4d93-a788-05f87dc4d4c4.jpeg 1024w, https:\/\/sulsc.com\/wp-content\/uploads\/2026\/01\/16e2167b-1dfa-4d93-a788-05f87dc4d4c4-300x225.jpeg 300w, https:\/\/sulsc.com\/wp-content\/uploads\/2026\/01\/16e2167b-1dfa-4d93-a788-05f87dc4d4c4-768x576.jpeg 768w\" sizes=\"(max-width: 1024px) 100vw, 1024px\" \/><\/p>\n<p>Fotos\/Tubar\u00e3o Futsal\/Divulga\u00e7\u00e3o\/SulSC<\/p>\n<p><strong>Nova fornecedora de material esportivo<\/strong><\/p>\n<p>Outra grande novidade para a temporada \u00e9 a mudan\u00e7a na fornecedora de material esportivo. A partir deste ano, o Tubar\u00e3o Futsal passa a ser patrocinado pela Athleta, marca que fornecer\u00e1 todo o material esportivo do clube. A parceria representa um novo momento institucional, refor\u00e7ando a identidade visual e o profissionalismo da equipe dentro e fora das quadras.<\/p>\n<p>Com desafios expressivos pela frente, elenco em reformula\u00e7\u00e3o e novidades importantes, o Tubar\u00e3o Futsal inicia a temporada confiante, focado e determinado a representar com orgulho a cidade e sua torcida em todas as competi\u00e7\u00f5es que disputar\u00e1 em 2026.<\/p>\n<p>Fonte\/Assessoria Tubar\u00e3o Futsal<\/p>\n","protected":false},"excerpt":{"rendered":"<p>O Tubar\u00e3o Futsal d\u00e1 o pontap\u00e9 inicial em mais uma temporada repleta de desafios, expectativas e importantes mudan\u00e7as. Em 2026, a equipe tubaronense estar\u00e1 presente em tr\u00eas das principais competi\u00e7\u00f5es do calend\u00e1rio estadual e nacional: a Liga Nacional de Futsal (LNF), o Campeonato Catarinense \u2013 S\u00e9rie Ouro e os JASC \u2013 Jogos Abertos de Santa &hellip;<\/p>\n<p class=\"read-more\"> <a class=\"\" href=\"https:\/\/sulsc.com\/index.php\/2026\/01\/19\/tubarao-futsal-2026-um-ano-promissor-com-competicoes-estaduais-e-nacionais\/\"> <span class=\"screen-reader-text\">Tubar\u00e3o Futsal 2026: Um Ano Promissor com Competi\u00e7\u00f5es Estaduais e Nacionais<\/span> Read More &raquo;<\/a><\/p>\n","protected":false},"author":3,"featured_media":31625,"comment_status":"open","ping_status":"open","sticky":false,"template":"","format":"standard","meta":{"site-sidebar-layout":"default","site-content-layout":"","ast-site-content-layout":"default","site-content-style":"default","site-sidebar-style":"default","ast-global-header-display":"","ast-banner-title-visibility":"","ast-main-header-display":"","ast-hfb-above-header-display":"","ast-hfb-below-header-display":"","ast-hfb-mobile-header-display":"","site-post-title":"","ast-breadcrumbs-content":"","ast-featured-img":"","footer-sml-layout":"","theme-transparent-header-meta":"default","adv-header-id-meta":"","stick-header-meta":"","header-above-stick-meta":"","header-main-stick-meta":"","header-below-stick-meta":"","astra-migrate-meta-layouts":"set","footnotes":""},"categories":[2354,2231,10,1,14,21,12],"tags":[1127],"yoast_head":"<!-- This site is optimized with the Yoast SEO plugin v21.4 - https:\/\/yoast.com\/wordpress\/plugins\/seo\/ -->\n<title>Tubar\u00e3o Futsal 2026: Um Ano Promissor com Competi\u00e7\u00f5es Estaduais e Nacionais -<\/title>\n<meta name=\"robots\" content=\"index, follow, max-snippet:-1, max-image-preview:large, max-video-preview:-1\" \/>\n<link rel=\"canonical\" href=\"https:\/\/sulsc.com\/index.php\/2026\/01\/19\/tubarao-futsal-2026-um-ano-promissor-com-competicoes-estaduais-e-nacionais\/\" \/>\n<meta property=\"og:locale\" content=\"en_US\" \/>\n<meta property=\"og:type\" content=\"article\" \/>\n<meta property=\"og:title\" content=\"Tubar\u00e3o Futsal 2026: Um Ano Promissor com Competi\u00e7\u00f5es Estaduais e Nacionais -\" \/>\n<meta property=\"og:description\" content=\"O Tubar\u00e3o Futsal d\u00e1 o pontap\u00e9 inicial em mais uma temporada repleta de desafios, expectativas e importantes mudan\u00e7as. Em 2026, a equipe tubaronense estar\u00e1 presente em tr\u00eas das principais competi\u00e7\u00f5es do calend\u00e1rio estadual e nacional: a Liga Nacional de Futsal (LNF), o Campeonato Catarinense \u2013 S\u00e9rie Ouro e os JASC \u2013 Jogos Abertos de Santa &hellip; Tubar\u00e3o Futsal 2026: Um Ano Promissor com Competi\u00e7\u00f5es Estaduais e Nacionais Read More &raquo;\" \/>\n<meta property=\"og:url\" content=\"https:\/\/sulsc.com\/index.php\/2026\/01\/19\/tubarao-futsal-2026-um-ano-promissor-com-competicoes-estaduais-e-nacionais\/\" \/>\n<meta property=\"article:author\" content=\"https:\/\/www.facebook.com\/profile.php?id=61559278119680\" \/>\n<meta property=\"article:published_time\" content=\"2026-01-19T19:27:33+00:00\" \/>\n<meta property=\"og:image\" content=\"http:\/\/sulsc.com\/wp-content\/uploads\/2026\/01\/3577c391-fd15-4851-8607-90cc6cd96673.jpeg\" \/>\n\t<meta property=\"og:image:width\" content=\"1024\" \/>\n\t<meta property=\"og:image:height\" content=\"768\" \/>\n\t<meta property=\"og:image:type\" content=\"image\/jpeg\" \/>\n<meta name=\"author\" content=\"Reda\u00e7\u00e3o Sul SC\" \/>\n<meta name=\"twitter:card\" content=\"summary_large_image\" \/>\n<meta name=\"twitter:creator\" content=\"@https:\/\/twitter.com\/PortalSulSC\" \/>\n<meta name=\"twitter:label1\" content=\"Written by\" \/>\n\t<meta name=\"twitter:data1\" content=\"Reda\u00e7\u00e3o Sul SC\" \/>\n\t<meta name=\"twitter:label2\" content=\"Est. reading time\" \/>\n\t<meta name=\"twitter:data2\" content=\"3 minutes\" \/>\n<script type=\"application\/ld+json\" class=\"yoast-schema-graph\">{\"@context\":\"https:\/\/schema.org\",\"@graph\":[{\"@type\":\"WebPage\",\"@id\":\"https:\/\/sulsc.com\/index.php\/2026\/01\/19\/tubarao-futsal-2026-um-ano-promissor-com-competicoes-estaduais-e-nacionais\/\",\"url\":\"https:\/\/sulsc.com\/index.php\/2026\/01\/19\/tubarao-futsal-2026-um-ano-promissor-com-competicoes-estaduais-e-nacionais\/\",\"name\":\"Tubar\u00e3o Futsal 2026: Um Ano Promissor com Competi\u00e7\u00f5es Estaduais e Nacionais -\",\"isPartOf\":{\"@id\":\"https:\/\/sulsc.com\/#website\"},\"datePublished\":\"2026-01-19T19:27:33+00:00\",\"dateModified\":\"2026-01-19T19:27:33+00:00\",\"author\":{\"@id\":\"https:\/\/sulsc.com\/#\/schema\/person\/84d2fc571684f6248ba83092f07750a3\"},\"breadcrumb\":{\"@id\":\"https:\/\/sulsc.com\/index.php\/2026\/01\/19\/tubarao-futsal-2026-um-ano-promissor-com-competicoes-estaduais-e-nacionais\/#breadcrumb\"},\"inLanguage\":\"en-US\",\"potentialAction\":[{\"@type\":\"ReadAction\",\"target\":[\"https:\/\/sulsc.com\/index.php\/2026\/01\/19\/tubarao-futsal-2026-um-ano-promissor-com-competicoes-estaduais-e-nacionais\/\"]}]},{\"@type\":\"BreadcrumbList\",\"@id\":\"https:\/\/sulsc.com\/index.php\/2026\/01\/19\/tubarao-futsal-2026-um-ano-promissor-com-competicoes-estaduais-e-nacionais\/#breadcrumb\",\"itemListElement\":[{\"@type\":\"ListItem\",\"position\":1,\"name\":\"In\u00edcio\",\"item\":\"https:\/\/sulsc.com\/\"},{\"@type\":\"ListItem\",\"position\":2,\"name\":\"Tubar\u00e3o Futsal 2026: Um Ano Promissor com Competi\u00e7\u00f5es Estaduais e Nacionais\"}]},{\"@type\":\"WebSite\",\"@id\":\"https:\/\/sulsc.com\/#website\",\"url\":\"https:\/\/sulsc.com\/\",\"name\":\"\",\"description\":\"\",\"potentialAction\":[{\"@type\":\"SearchAction\",\"target\":{\"@type\":\"EntryPoint\",\"urlTemplate\":\"https:\/\/sulsc.com\/?s={search_term_string}\"},\"query-input\":\"required name=search_term_string\"}],\"inLanguage\":\"en-US\"},{\"@type\":\"Person\",\"@id\":\"https:\/\/sulsc.com\/#\/schema\/person\/84d2fc571684f6248ba83092f07750a3\",\"name\":\"Reda\u00e7\u00e3o Sul SC\",\"image\":{\"@type\":\"ImageObject\",\"inLanguage\":\"en-US\",\"@id\":\"https:\/\/sulsc.com\/#\/schema\/person\/image\/e08d7fe2cc4ed596372063bbe852b8d0\",\"url\":\"https:\/\/sulsc.com\/wp-content\/uploads\/2023\/09\/redacao.png\",\"contentUrl\":\"https:\/\/sulsc.com\/wp-content\/uploads\/2023\/09\/redacao.png\",\"caption\":\"Reda\u00e7\u00e3o Sul SC\"},\"description\":\"Foco em um jornalismo imparcial, voltado \u00e0 qualidade dos seus conte\u00fados e, assim, levar informa\u00e7\u00e3o de valor que agregue \u00e0 vida dos leitores. Esta \u00e9 grande miss\u00e3o do Portal de Not\u00edcias Sul SC. N\u00e3o \u00e9 quantidade que muda o mundo, sempre foi e seguir\u00e1 sendo qualidade!\",\"sameAs\":[\"https:\/\/sulsc.com\/\",\"https:\/\/www.facebook.com\/profile.php?id=61559278119680\",\"https:\/\/www.instagram.com\/sulscportal\/?hl=pt-br\",\"https:\/\/twitter.com\/https:\/\/twitter.com\/PortalSulSC\",\"https:\/\/www.youtube.com\/channel\/UCv_BE8GeySluDov2n8qhVmw\"],\"url\":\"https:\/\/sulsc.com\/index.php\/author\/redacao\/\"}]}<\/script>\n<!-- \/ Yoast SEO plugin. -->","yoast_head_json":{"title":"Tubar\u00e3o Futsal 2026: Um Ano Promissor com Competi\u00e7\u00f5es Estaduais e Nacionais -","robots":{"index":"index","follow":"follow","max-snippet":"max-snippet:-1","max-image-preview":"max-image-preview:large","max-video-preview":"max-video-preview:-1"},"canonical":"https:\/\/sulsc.com\/index.php\/2026\/01\/19\/tubarao-futsal-2026-um-ano-promissor-com-competicoes-estaduais-e-nacionais\/","og_locale":"en_US","og_type":"article","og_title":"Tubar\u00e3o Futsal 2026: Um Ano Promissor com Competi\u00e7\u00f5es Estaduais e Nacionais -","og_description":"O Tubar\u00e3o Futsal d\u00e1 o pontap\u00e9 inicial em mais uma temporada repleta de desafios, expectativas e importantes mudan\u00e7as. Em 2026, a equipe tubaronense estar\u00e1 presente em tr\u00eas das principais competi\u00e7\u00f5es do calend\u00e1rio estadual e nacional: a Liga Nacional de Futsal (LNF), o Campeonato Catarinense \u2013 S\u00e9rie Ouro e os JASC \u2013 Jogos Abertos de Santa &hellip; Tubar\u00e3o Futsal 2026: Um Ano Promissor com Competi\u00e7\u00f5es Estaduais e Nacionais Read More &raquo;","og_url":"https:\/\/sulsc.com\/index.php\/2026\/01\/19\/tubarao-futsal-2026-um-ano-promissor-com-competicoes-estaduais-e-nacionais\/","article_author":"https:\/\/www.facebook.com\/profile.php?id=61559278119680","article_published_time":"2026-01-19T19:27:33+00:00","og_image":[{"width":1024,"height":768,"url":"http:\/\/sulsc.com\/wp-content\/uploads\/2026\/01\/3577c391-fd15-4851-8607-90cc6cd96673.jpeg","type":"image\/jpeg"}],"author":"Reda\u00e7\u00e3o Sul SC","twitter_card":"summary_large_image","twitter_creator":"@https:\/\/twitter.com\/PortalSulSC","twitter_misc":{"Written by":"Reda\u00e7\u00e3o Sul SC","Est. reading time":"3 minutes"},"schema":{"@context":"https:\/\/schema.org","@graph":[{"@type":"WebPage","@id":"https:\/\/sulsc.com\/index.php\/2026\/01\/19\/tubarao-futsal-2026-um-ano-promissor-com-competicoes-estaduais-e-nacionais\/","url":"https:\/\/sulsc.com\/index.php\/2026\/01\/19\/tubarao-futsal-2026-um-ano-promissor-com-competicoes-estaduais-e-nacionais\/","name":"Tubar\u00e3o Futsal 2026: Um Ano Promissor com Competi\u00e7\u00f5es Estaduais e Nacionais -","isPartOf":{"@id":"https:\/\/sulsc.com\/#website"},"datePublished":"2026-01-19T19:27:33+00:00","dateModified":"2026-01-19T19:27:33+00:00","author":{"@id":"https:\/\/sulsc.com\/#\/schema\/person\/84d2fc571684f6248ba83092f07750a3"},"breadcrumb":{"@id":"https:\/\/sulsc.com\/index.php\/2026\/01\/19\/tubarao-futsal-2026-um-ano-promissor-com-competicoes-estaduais-e-nacionais\/#breadcrumb"},"inLanguage":"en-US","potentialAction":[{"@type":"ReadAction","target":["https:\/\/sulsc.com\/index.php\/2026\/01\/19\/tubarao-futsal-2026-um-ano-promissor-com-competicoes-estaduais-e-nacionais\/"]}]},{"@type":"BreadcrumbList","@id":"https:\/\/sulsc.com\/index.php\/2026\/01\/19\/tubarao-futsal-2026-um-ano-promissor-com-competicoes-estaduais-e-nacionais\/#breadcrumb","itemListElement":[{"@type":"ListItem","position":1,"name":"In\u00edcio","item":"https:\/\/sulsc.com\/"},{"@type":"ListItem","position":2,"name":"Tubar\u00e3o Futsal 2026: Um Ano Promissor com Competi\u00e7\u00f5es Estaduais e Nacionais"}]},{"@type":"WebSite","@id":"https:\/\/sulsc.com\/#website","url":"https:\/\/sulsc.com\/","name":"","description":"","potentialAction":[{"@type":"SearchAction","target":{"@type":"EntryPoint","urlTemplate":"https:\/\/sulsc.com\/?s={search_term_string}"},"query-input":"required name=search_term_string"}],"inLanguage":"en-US"},{"@type":"Person","@id":"https:\/\/sulsc.com\/#\/schema\/person\/84d2fc571684f6248ba83092f07750a3","name":"Reda\u00e7\u00e3o Sul SC","image":{"@type":"ImageObject","inLanguage":"en-US","@id":"https:\/\/sulsc.com\/#\/schema\/person\/image\/e08d7fe2cc4ed596372063bbe852b8d0","url":"https:\/\/sulsc.com\/wp-content\/uploads\/2023\/09\/redacao.png","contentUrl":"https:\/\/sulsc.com\/wp-content\/uploads\/2023\/09\/redacao.png","caption":"Reda\u00e7\u00e3o Sul SC"},"description":"Foco em um jornalismo imparcial, voltado \u00e0 qualidade dos seus conte\u00fados e, assim, levar informa\u00e7\u00e3o de valor que agregue \u00e0 vida dos leitores. Esta \u00e9 grande miss\u00e3o do Portal de Not\u00edcias Sul SC. N\u00e3o \u00e9 quantidade que muda o mundo, sempre foi e seguir\u00e1 sendo qualidade!","sameAs":["https:\/\/sulsc.com\/","https:\/\/www.facebook.com\/profile.php?id=61559278119680","https:\/\/www.instagram.com\/sulscportal\/?hl=pt-br","https:\/\/twitter.com\/https:\/\/twitter.com\/PortalSulSC","https:\/\/www.youtube.com\/channel\/UCv_BE8GeySluDov2n8qhVmw"],"url":"https:\/\/sulsc.com\/index.php\/author\/redacao\/"}]}},"authors":[],"_links":{"self":[{"href":"https:\/\/sulsc.com\/index.php\/wp-json\/wp\/v2\/posts\/31623"}],"collection":[{"href":"https:\/\/sulsc.com\/index.php\/wp-json\/wp\/v2\/posts"}],"about":[{"href":"https:\/\/sulsc.com\/index.php\/wp-json\/wp\/v2\/types\/post"}],"author":[{"embeddable":true,"href":"https:\/\/sulsc.com\/index.php\/wp-json\/wp\/v2\/users\/3"}],"replies":[{"embeddable":true,"href":"https:\/\/sulsc.com\/index.php\/wp-json\/wp\/v2\/comments?post=31623"}],"version-history":[{"count":1,"href":"https:\/\/sulsc.com\/index.php\/wp-json\/wp\/v2\/posts\/31623\/revisions"}],"predecessor-version":[{"id":31626,"href":"https:\/\/sulsc.com\/index.php\/wp-json\/wp\/v2\/posts\/31623\/revisions\/31626"}],"wp:featuredmedia":[{"embeddable":true,"href":"https:\/\/sulsc.com\/index.php\/wp-json\/wp\/v2\/media\/31625"}],"wp:attachment":[{"href":"https:\/\/sulsc.com\/index.php\/wp-json\/wp\/v2\/media?parent=31623"}],"wp:term":[{"taxonomy":"category","embeddable":true,"href":"https:\/\/sulsc.com\/index.php\/wp-json\/wp\/v2\/categories?post=31623"},{"taxonomy":"post_tag","embeddable":true,"href":"https:\/\/sulsc.com\/index.php\/wp-json\/wp\/v2\/tags?post=31623"}],"curies":[{"name":"wp","href":"https:\/\/api.w.org\/{rel}","templated":true}]}}