{"id":31627,"date":"2026-01-19T17:01:48","date_gmt":"2026-01-19T20:01:48","guid":{"rendered":"https:\/\/sulsc.com\/?p=31627"},"modified":"2026-01-19T17:01:48","modified_gmt":"2026-01-19T20:01:48","slug":"mpsc-acusa-32-envolvidos-em-esquema-de-improbidade-administrativa-em-criciuma","status":"publish","type":"post","link":"https:\/\/sulsc.com\/index.php\/2026\/01\/19\/mpsc-acusa-32-envolvidos-em-esquema-de-improbidade-administrativa-em-criciuma\/","title":{"rendered":"MPSC acusa 32 envolvidos em esquema de improbidade administrativa em Crici\u00fama"},"content":{"rendered":"<p>Uma investiga\u00e7\u00e3o iniciada em 2021 resultou em uma a\u00e7\u00e3o de improbidade administrativa proposta pelo Minist\u00e9rio P\u00fablico de Santa Catarina (MPSC) contra 32 pessoas, incluindo agentes pol\u00edticos, ex-agentes e empres\u00e1rios do setor funer\u00e1rio de Crici\u00fama e regi\u00e3o.<\/p>\n<p>A Opera\u00e7\u00e3o Caronte, conduzida pelo Grupo de Atua\u00e7\u00e3o Especial de Combate \u00e0s Organiza\u00e7\u00f5es Criminosas (GAECO), revelou um esquema sofisticado que manipulava o Legislativo municipal para fraudar licita\u00e7\u00f5es e beneficiar grupos empresariais, causando preju\u00edzos aos cofres p\u00fablicos e afetando fam\u00edlias em luto, especialmente as mais vulner\u00e1veis.<\/p>\n<div id=\"metaslider-id-25573\" style=\"width: 100%;\" class=\"ml-slider-3-99-0 metaslider metaslider-flex metaslider-25573 ml-slider has-onhover-arrows ms-theme-default-base has-dots-nav\" role=\"region\" aria-label=\"Meio\" data-width=\"1200\">\n    <div id=\"metaslider_container_25573\">\n        <div id=\"metaslider_25573\">\n            <ul class='slides'>\n                <li style=\"display: block; width: 100%;\" class=\"slide-25684 ms-image \" aria-roledescription=\"slide\" data-date=\"2025-07-24 07:55:40\"><img src=\"https:\/\/sulsc.com\/wp-content\/uploads\/2025\/07\/Marr-2-1000x166.jpg\" height=\"200\" width=\"1200\" alt=\"\" class=\"slider-25573 slide-25684 msDefaultImage\" title=\"Marr 2\" \/><\/li>\n                <li style=\"display: none; width: 100%;\" class=\"slide-32412 ms-image \" aria-roledescription=\"slide\" data-date=\"2026-02-18 13:59:46\"><img src=\"https:\/\/sulsc.com\/wp-content\/uploads\/2026\/02\/40dc1580-cad5-4867-bc58-c4243821ad38-1000x166.jpeg\" height=\"200\" width=\"1200\" alt=\"\" class=\"slider-25573 slide-32412 msDefaultImage\" title=\"40dc1580-cad5-4867-bc58-c4243821ad38\" \/><\/li>\n                <li style=\"display: none; width: 100%;\" class=\"slide-32766 ms-image \" aria-roledescription=\"slide\" data-date=\"2026-03-03 17:22:59\"><img src=\"https:\/\/sulsc.com\/wp-content\/uploads\/2026\/03\/271ce739-f268-41c5-8051-3de1a1750359-1000x166.jpeg\" height=\"200\" width=\"1200\" alt=\"\" class=\"slider-25573 slide-32766 msDefaultImage\" title=\"271ce739-f268-41c5-8051-3de1a1750359\" \/><\/li>\n            <\/ul>\n        <\/div>\n        \n    <\/div>\n<\/div>\n<p>O MPSC requer a condena\u00e7\u00e3o dos envolvidos, ressarcimento integral dos danos, suspens\u00e3o dos direitos pol\u00edticos por at\u00e9 14 anos e multas civis proporcionais ao dano causado. A a\u00e7\u00e3o destaca a exist\u00eancia de uma organiza\u00e7\u00e3o que atuou antes, durante e ap\u00f3s o processo licitat\u00f3rio de 2022, que concedeu servi\u00e7os funer\u00e1rios a quatro empresas.<\/p>\n<p>O Promotor de Justi\u00e7a Marcus Vinicius de Faria Ribeiro enfatiza a gravidade do esquema: \u201cIdentificamos um plano cont\u00ednuo e estruturado, voltado para benef\u00edcios econ\u00f4micos il\u00edcitos, desequilibrando a l\u00f3gica do servi\u00e7o p\u00fablico funer\u00e1rio, que deve ser transparente e respeitador.\u201d<\/p>\n<p>&nbsp;<\/p>\n<p><strong>Como o esquema come\u00e7ou<\/strong><\/p>\n<p>De acordo com a a\u00e7\u00e3o da Promotoria de Justi\u00e7a com atua\u00e7\u00e3o na \u00e1rea da moralidade administrativa, a origem do esquema remonta ao ano de 2021, quando um grupo empresarial do ramo funer\u00e1rio teria passado a operar na cidade do Sul catarinense sem qualquer autoriza\u00e7\u00e3o municipal. Para conseguir realizar servi\u00e7os fora do sistema de rod\u00edzio vigente, que distribu\u00eda atendimentos entre as concession\u00e1rias credenciadas, o grupo teria utilizado Formul\u00e1rios de Acompanhamento de Funeral (FAFs) com informa\u00e7\u00f5es falsas e notas fiscais emitidas irregularmente, como se os servi\u00e7os tivessem ocorrido na cidade de Palho\u00e7a.<\/p>\n<p>Segundo a inicial do MPSC, essa manobra s\u00f3 foi poss\u00edvel gra\u00e7as \u00e0 participa\u00e7\u00e3o de servidores da Central de Servi\u00e7os Funer\u00e1rios. Com isso, al\u00e9m de violar a legisla\u00e7\u00e3o municipal, a conduta teria causado preju\u00edzo direto aos cofres p\u00fablicos ao impedir o recolhimento de Imposto Sobre Servi\u00e7os (ISS) referente aos servi\u00e7os efetivamente prestados em Crici\u00fama.<\/p>\n<p><strong>Interfer\u00eancia no Legislativo municipal<\/strong><\/p>\n<p>A a\u00e7\u00e3o aponta que, para consolidar sua expans\u00e3o, o grupo empresarial teria buscado alterar leis municipais que disciplinavam o setor funer\u00e1rio no munic\u00edpio. A partir das provas colhidas e analisadas pelo GAECO, foi poss\u00edvel constatar que lobistas e empres\u00e1rios, em articula\u00e7\u00e3o com agentes p\u00fablicos e pol\u00edticos, influenciaram as proposi\u00e7\u00f5es de projetos de lei enviados ao Legislativo com o objetivo de reduzir o n\u00famero de funer\u00e1rias concession\u00e1rias de seis para quatro, alterar a estrutura da Central de Servi\u00e7os Funer\u00e1rios, transferir compet\u00eancias de fiscaliza\u00e7\u00e3o para setores mais suscet\u00edveis \u00e0 influ\u00eancia pol\u00edtica, al\u00e9m de abrir caminho para o lan\u00e7amento de um edital moldado aos interesses do grupo dominante.<\/p>\n<p>A a\u00e7\u00e3o descreve epis\u00f3dios nos quais teria havido pagamento de propina a agentes pol\u00edticos do Legislativo, afastamento estrat\u00e9gico de parlamentares contr\u00e1rios ao projeto e influ\u00eancia direta no texto das leis, algumas delas supostamente aprovadas com justificativas redigidas por agentes externos.<\/p>\n<p>A partir das provas colhidas, o MPSC identificou poss\u00edveis estrat\u00e9gias de manipula\u00e7\u00e3o legislativa e licitat\u00f3ria, ind\u00edcios de financiamento de propina, orienta\u00e7\u00f5es jur\u00eddicas enviadas por lobistas para inclus\u00e3o em textos oficiais, acordos entre grupos empresariais para simular concorr\u00eancia e instru\u00e7\u00f5es expressas para reduzir a qualidade dos caix\u00f5es assistenciais e elevar margens de lucro.<\/p>\n<p><img fetchpriority=\"high\" decoding=\"async\" class=\"aligncenter size-full wp-image-31629\" src=\"http:\/\/sulsc.com\/wp-content\/uploads\/2026\/01\/e26158a4-c03c-43c7-90e8-c46b8fd41bec.jpeg\" alt=\"\" width=\"1024\" height=\"768\" srcset=\"https:\/\/sulsc.com\/wp-content\/uploads\/2026\/01\/e26158a4-c03c-43c7-90e8-c46b8fd41bec.jpeg 1024w, https:\/\/sulsc.com\/wp-content\/uploads\/2026\/01\/e26158a4-c03c-43c7-90e8-c46b8fd41bec-300x225.jpeg 300w, https:\/\/sulsc.com\/wp-content\/uploads\/2026\/01\/e26158a4-c03c-43c7-90e8-c46b8fd41bec-768x576.jpeg 768w\" sizes=\"(max-width: 1024px) 100vw, 1024px\" \/><\/p>\n<p>GAECO\/Divulga\u00e7\u00e3o\/SulSC<\/p>\n<p><strong>Manipula\u00e7\u00e3o do edital e direcionamento da licita\u00e7\u00e3o<\/strong><\/p>\n<p>Na a\u00e7\u00e3o, o MPSC argumenta que o grupo econ\u00f4mico teve acesso pr\u00e9vio \u00e0 minuta do edital da Concorr\u00eancia P\u00fablica n. 013\/FMAS\/2022 antes mesmo de sua publica\u00e7\u00e3o oficial, compartilhando documentos irregularmente e sugerindo altera\u00e7\u00f5es em cl\u00e1usulas, entre outras iniciativas. Quatro funer\u00e1rias venceram o certame, todas supostamente ligadas direta ou indiretamente aos n\u00facleos empresariais investigados.<\/p>\n<p>Conforme consta nos autos, uma vez assumidos os servi\u00e7os funer\u00e1rios, as concession\u00e1rias vencedoras teriam reduzido deliberadamente a qualidade das urnas gratuitas, contrariando o edital, passado a vender servi\u00e7os indevidos para aumentar o lucro nos sepultamentos sociais a fam\u00edlias vulner\u00e1veis, como tanatopraxia, conjunto de t\u00e9cnicas de conserva\u00e7\u00e3o e higieniza\u00e7\u00e3o de corpos, mesmo para atendimentos em que tais servi\u00e7os n\u00e3o eram necess\u00e1rios. Ainda teriam praticado aumento artificial de pre\u00e7os, mediante ajuste entre as empresas, com margem m\u00e9dia acima de 70%, ocultando a exist\u00eancia de urnas gratuitas e deixado de emitir notas fiscais para diversos servi\u00e7os, caracterizando sonega\u00e7\u00e3o.<\/p>\n<p>O MPSC aponta, ainda, que teria havido fam\u00edlias que pagaram valores entre R$ 2.300 e R$ 5.000 por atendimentos que deveriam ser totalmente gratuitos. O Promotor de Justi\u00e7a afirmou que \u201c\u00e9 inconceb\u00edvel que o servi\u00e7o funer\u00e1rio, prestado justamente no momento mais vulner\u00e1vel de uma fam\u00edlia, tenha sido transformado em mecanismo de explora\u00e7\u00e3o econ\u00f4mica, mercantiliza\u00e7\u00e3o da dor e desequil\u00edbrio do servi\u00e7o p\u00fablico\u201d.<\/p>\n<p>Ainda na a\u00e7\u00e3o, o MPSC discorre que, al\u00e9m da fraude concorrencial, teria havido um ajuste entre concession\u00e1rias para fixar artificialmente os valores cobrados ap\u00f3s assumirem a Central de Servi\u00e7os Funer\u00e1rios. O valor m\u00e9dio antes da concentra\u00e7\u00e3o de mercado variava entre R$ 3.800 e R$ 5.300; ap\u00f3s o suposto acordo entre empresas, passou a variar entre R$ 6.700 e R$ 7.500. O aumento, destaca o Promotor de Justi\u00e7a, ocorreu sem melhoria no servi\u00e7o; ao contr\u00e1rio, houve redu\u00e7\u00e3o de qualidade do produto ofertado.<\/p>\n<p>Fonte\/MPSC \u2013 Correspondente regional em Crici\u00fama<\/p>\n","protected":false},"excerpt":{"rendered":"<p>Uma investiga\u00e7\u00e3o iniciada em 2021 resultou em uma a\u00e7\u00e3o de improbidade administrativa proposta pelo Minist\u00e9rio P\u00fablico de Santa Catarina (MPSC) contra 32 pessoas, incluindo agentes pol\u00edticos, ex-agentes e empres\u00e1rios do setor funer\u00e1rio de Crici\u00fama e regi\u00e3o. A Opera\u00e7\u00e3o Caronte, conduzida pelo Grupo de Atua\u00e7\u00e3o Especial de Combate \u00e0s Organiza\u00e7\u00f5es Criminosas (GAECO), revelou um esquema sofisticado &hellip;<\/p>\n<p class=\"read-more\"> <a class=\"\" href=\"https:\/\/sulsc.com\/index.php\/2026\/01\/19\/mpsc-acusa-32-envolvidos-em-esquema-de-improbidade-administrativa-em-criciuma\/\"> <span class=\"screen-reader-text\">MPSC acusa 32 envolvidos em esquema de improbidade administrativa em Crici\u00fama<\/span> Read More &raquo;<\/a><\/p>\n","protected":false},"author":3,"featured_media":31629,"comment_status":"open","ping_status":"open","sticky":false,"template":"","format":"standard","meta":{"site-sidebar-layout":"default","site-content-layout":"","ast-site-content-layout":"default","site-content-style":"default","site-sidebar-style":"default","ast-global-header-display":"","ast-banner-title-visibility":"","ast-main-header-display":"","ast-hfb-above-header-display":"","ast-hfb-below-header-display":"","ast-hfb-mobile-header-display":"","site-post-title":"","ast-breadcrumbs-content":"","ast-featured-img":"","footer-sml-layout":"","theme-transparent-header-meta":"default","adv-header-id-meta":"","stick-header-meta":"","header-above-stick-meta":"","header-main-stick-meta":"","header-below-stick-meta":"","astra-migrate-meta-layouts":"set","footnotes":""},"categories":[2354,23,2658,1,2313,14,12],"tags":[2305,123],"yoast_head":"<!-- This site is optimized with the Yoast SEO plugin v21.4 - https:\/\/yoast.com\/wordpress\/plugins\/seo\/ -->\n<title>MPSC acusa 32 envolvidos em esquema de improbidade administrativa em Crici\u00fama -<\/title>\n<meta name=\"robots\" content=\"index, follow, max-snippet:-1, max-image-preview:large, max-video-preview:-1\" \/>\n<link rel=\"canonical\" href=\"https:\/\/sulsc.com\/index.php\/2026\/01\/19\/mpsc-acusa-32-envolvidos-em-esquema-de-improbidade-administrativa-em-criciuma\/\" \/>\n<meta property=\"og:locale\" content=\"en_US\" \/>\n<meta property=\"og:type\" content=\"article\" \/>\n<meta property=\"og:title\" content=\"MPSC acusa 32 envolvidos em esquema de improbidade administrativa em Crici\u00fama -\" \/>\n<meta property=\"og:description\" content=\"Uma investiga\u00e7\u00e3o iniciada em 2021 resultou em uma a\u00e7\u00e3o de improbidade administrativa proposta pelo Minist\u00e9rio P\u00fablico de Santa Catarina (MPSC) contra 32 pessoas, incluindo agentes pol\u00edticos, ex-agentes e empres\u00e1rios do setor funer\u00e1rio de Crici\u00fama e regi\u00e3o. A Opera\u00e7\u00e3o Caronte, conduzida pelo Grupo de Atua\u00e7\u00e3o Especial de Combate \u00e0s Organiza\u00e7\u00f5es Criminosas (GAECO), revelou um esquema sofisticado &hellip; MPSC acusa 32 envolvidos em esquema de improbidade administrativa em Crici\u00fama Read More &raquo;\" \/>\n<meta property=\"og:url\" content=\"https:\/\/sulsc.com\/index.php\/2026\/01\/19\/mpsc-acusa-32-envolvidos-em-esquema-de-improbidade-administrativa-em-criciuma\/\" \/>\n<meta property=\"article:author\" content=\"https:\/\/www.facebook.com\/profile.php?id=61559278119680\" \/>\n<meta property=\"article:published_time\" content=\"2026-01-19T20:01:48+00:00\" \/>\n<meta property=\"og:image\" content=\"http:\/\/sulsc.com\/wp-content\/uploads\/2026\/01\/e26158a4-c03c-43c7-90e8-c46b8fd41bec.jpeg\" \/>\n\t<meta property=\"og:image:width\" content=\"1024\" \/>\n\t<meta property=\"og:image:height\" content=\"768\" \/>\n\t<meta property=\"og:image:type\" content=\"image\/jpeg\" \/>\n<meta name=\"author\" content=\"Reda\u00e7\u00e3o Sul SC\" \/>\n<meta name=\"twitter:card\" content=\"summary_large_image\" \/>\n<meta name=\"twitter:creator\" content=\"@https:\/\/twitter.com\/PortalSulSC\" \/>\n<meta name=\"twitter:label1\" content=\"Written by\" \/>\n\t<meta name=\"twitter:data1\" content=\"Reda\u00e7\u00e3o Sul SC\" \/>\n\t<meta name=\"twitter:label2\" content=\"Est. reading time\" \/>\n\t<meta name=\"twitter:data2\" content=\"4 minutes\" \/>\n<script type=\"application\/ld+json\" class=\"yoast-schema-graph\">{\"@context\":\"https:\/\/schema.org\",\"@graph\":[{\"@type\":\"WebPage\",\"@id\":\"https:\/\/sulsc.com\/index.php\/2026\/01\/19\/mpsc-acusa-32-envolvidos-em-esquema-de-improbidade-administrativa-em-criciuma\/\",\"url\":\"https:\/\/sulsc.com\/index.php\/2026\/01\/19\/mpsc-acusa-32-envolvidos-em-esquema-de-improbidade-administrativa-em-criciuma\/\",\"name\":\"MPSC acusa 32 envolvidos em esquema de improbidade administrativa em Crici\u00fama -\",\"isPartOf\":{\"@id\":\"https:\/\/sulsc.com\/#website\"},\"datePublished\":\"2026-01-19T20:01:48+00:00\",\"dateModified\":\"2026-01-19T20:01:48+00:00\",\"author\":{\"@id\":\"https:\/\/sulsc.com\/#\/schema\/person\/84d2fc571684f6248ba83092f07750a3\"},\"breadcrumb\":{\"@id\":\"https:\/\/sulsc.com\/index.php\/2026\/01\/19\/mpsc-acusa-32-envolvidos-em-esquema-de-improbidade-administrativa-em-criciuma\/#breadcrumb\"},\"inLanguage\":\"en-US\",\"potentialAction\":[{\"@type\":\"ReadAction\",\"target\":[\"https:\/\/sulsc.com\/index.php\/2026\/01\/19\/mpsc-acusa-32-envolvidos-em-esquema-de-improbidade-administrativa-em-criciuma\/\"]}]},{\"@type\":\"BreadcrumbList\",\"@id\":\"https:\/\/sulsc.com\/index.php\/2026\/01\/19\/mpsc-acusa-32-envolvidos-em-esquema-de-improbidade-administrativa-em-criciuma\/#breadcrumb\",\"itemListElement\":[{\"@type\":\"ListItem\",\"position\":1,\"name\":\"In\u00edcio\",\"item\":\"https:\/\/sulsc.com\/\"},{\"@type\":\"ListItem\",\"position\":2,\"name\":\"MPSC acusa 32 envolvidos em esquema de improbidade administrativa em Crici\u00fama\"}]},{\"@type\":\"WebSite\",\"@id\":\"https:\/\/sulsc.com\/#website\",\"url\":\"https:\/\/sulsc.com\/\",\"name\":\"\",\"description\":\"\",\"potentialAction\":[{\"@type\":\"SearchAction\",\"target\":{\"@type\":\"EntryPoint\",\"urlTemplate\":\"https:\/\/sulsc.com\/?s={search_term_string}\"},\"query-input\":\"required name=search_term_string\"}],\"inLanguage\":\"en-US\"},{\"@type\":\"Person\",\"@id\":\"https:\/\/sulsc.com\/#\/schema\/person\/84d2fc571684f6248ba83092f07750a3\",\"name\":\"Reda\u00e7\u00e3o Sul SC\",\"image\":{\"@type\":\"ImageObject\",\"inLanguage\":\"en-US\",\"@id\":\"https:\/\/sulsc.com\/#\/schema\/person\/image\/e08d7fe2cc4ed596372063bbe852b8d0\",\"url\":\"https:\/\/sulsc.com\/wp-content\/uploads\/2023\/09\/redacao.png\",\"contentUrl\":\"https:\/\/sulsc.com\/wp-content\/uploads\/2023\/09\/redacao.png\",\"caption\":\"Reda\u00e7\u00e3o Sul SC\"},\"description\":\"Foco em um jornalismo imparcial, voltado \u00e0 qualidade dos seus conte\u00fados e, assim, levar informa\u00e7\u00e3o de valor que agregue \u00e0 vida dos leitores. Esta \u00e9 grande miss\u00e3o do Portal de Not\u00edcias Sul SC. N\u00e3o \u00e9 quantidade que muda o mundo, sempre foi e seguir\u00e1 sendo qualidade!\",\"sameAs\":[\"https:\/\/sulsc.com\/\",\"https:\/\/www.facebook.com\/profile.php?id=61559278119680\",\"https:\/\/www.instagram.com\/sulscportal\/?hl=pt-br\",\"https:\/\/twitter.com\/https:\/\/twitter.com\/PortalSulSC\",\"https:\/\/www.youtube.com\/channel\/UCv_BE8GeySluDov2n8qhVmw\"],\"url\":\"https:\/\/sulsc.com\/index.php\/author\/redacao\/\"}]}<\/script>\n<!-- \/ Yoast SEO plugin. -->","yoast_head_json":{"title":"MPSC acusa 32 envolvidos em esquema de improbidade administrativa em Crici\u00fama -","robots":{"index":"index","follow":"follow","max-snippet":"max-snippet:-1","max-image-preview":"max-image-preview:large","max-video-preview":"max-video-preview:-1"},"canonical":"https:\/\/sulsc.com\/index.php\/2026\/01\/19\/mpsc-acusa-32-envolvidos-em-esquema-de-improbidade-administrativa-em-criciuma\/","og_locale":"en_US","og_type":"article","og_title":"MPSC acusa 32 envolvidos em esquema de improbidade administrativa em Crici\u00fama -","og_description":"Uma investiga\u00e7\u00e3o iniciada em 2021 resultou em uma a\u00e7\u00e3o de improbidade administrativa proposta pelo Minist\u00e9rio P\u00fablico de Santa Catarina (MPSC) contra 32 pessoas, incluindo agentes pol\u00edticos, ex-agentes e empres\u00e1rios do setor funer\u00e1rio de Crici\u00fama e regi\u00e3o. A Opera\u00e7\u00e3o Caronte, conduzida pelo Grupo de Atua\u00e7\u00e3o Especial de Combate \u00e0s Organiza\u00e7\u00f5es Criminosas (GAECO), revelou um esquema sofisticado &hellip; MPSC acusa 32 envolvidos em esquema de improbidade administrativa em Crici\u00fama Read More &raquo;","og_url":"https:\/\/sulsc.com\/index.php\/2026\/01\/19\/mpsc-acusa-32-envolvidos-em-esquema-de-improbidade-administrativa-em-criciuma\/","article_author":"https:\/\/www.facebook.com\/profile.php?id=61559278119680","article_published_time":"2026-01-19T20:01:48+00:00","og_image":[{"width":1024,"height":768,"url":"http:\/\/sulsc.com\/wp-content\/uploads\/2026\/01\/e26158a4-c03c-43c7-90e8-c46b8fd41bec.jpeg","type":"image\/jpeg"}],"author":"Reda\u00e7\u00e3o Sul SC","twitter_card":"summary_large_image","twitter_creator":"@https:\/\/twitter.com\/PortalSulSC","twitter_misc":{"Written by":"Reda\u00e7\u00e3o Sul SC","Est. reading time":"4 minutes"},"schema":{"@context":"https:\/\/schema.org","@graph":[{"@type":"WebPage","@id":"https:\/\/sulsc.com\/index.php\/2026\/01\/19\/mpsc-acusa-32-envolvidos-em-esquema-de-improbidade-administrativa-em-criciuma\/","url":"https:\/\/sulsc.com\/index.php\/2026\/01\/19\/mpsc-acusa-32-envolvidos-em-esquema-de-improbidade-administrativa-em-criciuma\/","name":"MPSC acusa 32 envolvidos em esquema de improbidade administrativa em Crici\u00fama -","isPartOf":{"@id":"https:\/\/sulsc.com\/#website"},"datePublished":"2026-01-19T20:01:48+00:00","dateModified":"2026-01-19T20:01:48+00:00","author":{"@id":"https:\/\/sulsc.com\/#\/schema\/person\/84d2fc571684f6248ba83092f07750a3"},"breadcrumb":{"@id":"https:\/\/sulsc.com\/index.php\/2026\/01\/19\/mpsc-acusa-32-envolvidos-em-esquema-de-improbidade-administrativa-em-criciuma\/#breadcrumb"},"inLanguage":"en-US","potentialAction":[{"@type":"ReadAction","target":["https:\/\/sulsc.com\/index.php\/2026\/01\/19\/mpsc-acusa-32-envolvidos-em-esquema-de-improbidade-administrativa-em-criciuma\/"]}]},{"@type":"BreadcrumbList","@id":"https:\/\/sulsc.com\/index.php\/2026\/01\/19\/mpsc-acusa-32-envolvidos-em-esquema-de-improbidade-administrativa-em-criciuma\/#breadcrumb","itemListElement":[{"@type":"ListItem","position":1,"name":"In\u00edcio","item":"https:\/\/sulsc.com\/"},{"@type":"ListItem","position":2,"name":"MPSC acusa 32 envolvidos em esquema de improbidade administrativa em Crici\u00fama"}]},{"@type":"WebSite","@id":"https:\/\/sulsc.com\/#website","url":"https:\/\/sulsc.com\/","name":"","description":"","potentialAction":[{"@type":"SearchAction","target":{"@type":"EntryPoint","urlTemplate":"https:\/\/sulsc.com\/?s={search_term_string}"},"query-input":"required name=search_term_string"}],"inLanguage":"en-US"},{"@type":"Person","@id":"https:\/\/sulsc.com\/#\/schema\/person\/84d2fc571684f6248ba83092f07750a3","name":"Reda\u00e7\u00e3o Sul SC","image":{"@type":"ImageObject","inLanguage":"en-US","@id":"https:\/\/sulsc.com\/#\/schema\/person\/image\/e08d7fe2cc4ed596372063bbe852b8d0","url":"https:\/\/sulsc.com\/wp-content\/uploads\/2023\/09\/redacao.png","contentUrl":"https:\/\/sulsc.com\/wp-content\/uploads\/2023\/09\/redacao.png","caption":"Reda\u00e7\u00e3o Sul SC"},"description":"Foco em um jornalismo imparcial, voltado \u00e0 qualidade dos seus conte\u00fados e, assim, levar informa\u00e7\u00e3o de valor que agregue \u00e0 vida dos leitores. Esta \u00e9 grande miss\u00e3o do Portal de Not\u00edcias Sul SC. N\u00e3o \u00e9 quantidade que muda o mundo, sempre foi e seguir\u00e1 sendo qualidade!","sameAs":["https:\/\/sulsc.com\/","https:\/\/www.facebook.com\/profile.php?id=61559278119680","https:\/\/www.instagram.com\/sulscportal\/?hl=pt-br","https:\/\/twitter.com\/https:\/\/twitter.com\/PortalSulSC","https:\/\/www.youtube.com\/channel\/UCv_BE8GeySluDov2n8qhVmw"],"url":"https:\/\/sulsc.com\/index.php\/author\/redacao\/"}]}},"authors":[],"_links":{"self":[{"href":"https:\/\/sulsc.com\/index.php\/wp-json\/wp\/v2\/posts\/31627"}],"collection":[{"href":"https:\/\/sulsc.com\/index.php\/wp-json\/wp\/v2\/posts"}],"about":[{"href":"https:\/\/sulsc.com\/index.php\/wp-json\/wp\/v2\/types\/post"}],"author":[{"embeddable":true,"href":"https:\/\/sulsc.com\/index.php\/wp-json\/wp\/v2\/users\/3"}],"replies":[{"embeddable":true,"href":"https:\/\/sulsc.com\/index.php\/wp-json\/wp\/v2\/comments?post=31627"}],"version-history":[{"count":1,"href":"https:\/\/sulsc.com\/index.php\/wp-json\/wp\/v2\/posts\/31627\/revisions"}],"predecessor-version":[{"id":31630,"href":"https:\/\/sulsc.com\/index.php\/wp-json\/wp\/v2\/posts\/31627\/revisions\/31630"}],"wp:featuredmedia":[{"embeddable":true,"href":"https:\/\/sulsc.com\/index.php\/wp-json\/wp\/v2\/media\/31629"}],"wp:attachment":[{"href":"https:\/\/sulsc.com\/index.php\/wp-json\/wp\/v2\/media?parent=31627"}],"wp:term":[{"taxonomy":"category","embeddable":true,"href":"https:\/\/sulsc.com\/index.php\/wp-json\/wp\/v2\/categories?post=31627"},{"taxonomy":"post_tag","embeddable":true,"href":"https:\/\/sulsc.com\/index.php\/wp-json\/wp\/v2\/tags?post=31627"}],"curies":[{"name":"wp","href":"https:\/\/api.w.org\/{rel}","templated":true}]}}