{"id":31634,"date":"2026-01-20T07:33:32","date_gmt":"2026-01-20T10:33:32","guid":{"rendered":"https:\/\/sulsc.com\/?p=31634"},"modified":"2026-01-20T07:33:32","modified_gmt":"2026-01-20T10:33:32","slug":"terca-feira-20-de-tempo-firme-e-temperaturas-amenas","status":"publish","type":"post","link":"https:\/\/sulsc.com\/index.php\/2026\/01\/20\/terca-feira-20-de-tempo-firme-e-temperaturas-amenas\/","title":{"rendered":"Ter\u00e7a-feira (20) de tempo firme e temperaturas amenas"},"content":{"rendered":"<p>Esta ter\u00e7a-feira (20) ser\u00e1 um dia de tempo firme e poucas nuvens por toda Santa Catarina. O sistema de alta press\u00e3o p\u00f3s-frontal favorece a circula\u00e7\u00e3o mar\u00edtima e gera condi\u00e7\u00f5es para chuvas leves e isoladas em pontos do litoral. O risco \u00e9 baixo para ocorr\u00eancias associadas.<\/p>\n<div id=\"metaslider-id-25573\" style=\"width: 100%;\" class=\"ml-slider-3-99-0 metaslider metaslider-flex metaslider-25573 ml-slider has-onhover-arrows ms-theme-default-base has-dots-nav\" role=\"region\" aria-label=\"Meio\" data-width=\"1200\">\n    <div id=\"metaslider_container_25573\">\n        <div id=\"metaslider_25573\">\n            <ul class='slides'>\n                <li style=\"display: block; width: 100%;\" class=\"slide-25684 ms-image \" aria-roledescription=\"slide\" data-date=\"2025-07-24 07:55:40\"><img src=\"https:\/\/sulsc.com\/wp-content\/uploads\/2025\/07\/Marr-2-1000x166.jpg\" height=\"200\" width=\"1200\" alt=\"\" class=\"slider-25573 slide-25684 msDefaultImage\" title=\"Marr 2\" \/><\/li>\n                <li style=\"display: none; width: 100%;\" class=\"slide-32412 ms-image \" aria-roledescription=\"slide\" data-date=\"2026-02-18 13:59:46\"><img src=\"https:\/\/sulsc.com\/wp-content\/uploads\/2026\/02\/40dc1580-cad5-4867-bc58-c4243821ad38-1000x166.jpeg\" height=\"200\" width=\"1200\" alt=\"\" class=\"slider-25573 slide-32412 msDefaultImage\" title=\"40dc1580-cad5-4867-bc58-c4243821ad38\" \/><\/li>\n                <li style=\"display: none; width: 100%;\" class=\"slide-32766 ms-image \" aria-roledescription=\"slide\" data-date=\"2026-03-03 17:22:59\"><img src=\"https:\/\/sulsc.com\/wp-content\/uploads\/2026\/03\/271ce739-f268-41c5-8051-3de1a1750359-1000x166.jpeg\" height=\"200\" width=\"1200\" alt=\"\" class=\"slider-25573 slide-32766 msDefaultImage\" title=\"271ce739-f268-41c5-8051-3de1a1750359\" \/><\/li>\n            <\/ul>\n        <\/div>\n        \n    <\/div>\n<\/div>\n<p><strong>Temperaturas<\/strong><\/p>\n<p>\u00c0 tarde, as m\u00e1ximas n\u00e3o passam dos 28\u00b0C em todo o estado. O mar ainda apresenta agita\u00e7\u00e3o, principalmente no Litoral Norte, onde as ondas iniciam o dia variando entre 2 e 3 m, com picos maiores em alto mar. Ao longo do dia, a agita\u00e7\u00e3o perde for\u00e7a. O risco moderado para atividades de navega\u00e7\u00e3o.<\/p>\n<p><img fetchpriority=\"high\" decoding=\"async\" class=\"aligncenter size-full wp-image-31635\" src=\"http:\/\/sulsc.com\/wp-content\/uploads\/2026\/01\/image-567-1536x1045-1.png\" alt=\"\" width=\"1536\" height=\"1045\" srcset=\"https:\/\/sulsc.com\/wp-content\/uploads\/2026\/01\/image-567-1536x1045-1.png 1536w, https:\/\/sulsc.com\/wp-content\/uploads\/2026\/01\/image-567-1536x1045-1-300x204.png 300w, https:\/\/sulsc.com\/wp-content\/uploads\/2026\/01\/image-567-1536x1045-1-1024x697.png 1024w, https:\/\/sulsc.com\/wp-content\/uploads\/2026\/01\/image-567-1536x1045-1-768x523.png 768w\" sizes=\"(max-width: 1536px) 100vw, 1536px\" \/><\/p>\n<p><img decoding=\"async\" class=\"aligncenter size-full wp-image-22836\" src=\"http:\/\/sulsc.com\/wp-content\/uploads\/2025\/04\/Tempo-2.png\" alt=\"\" width=\"1024\" height=\"189\" srcset=\"https:\/\/sulsc.com\/wp-content\/uploads\/2025\/04\/Tempo-2.png 1024w, https:\/\/sulsc.com\/wp-content\/uploads\/2025\/04\/Tempo-2-300x55.png 300w, https:\/\/sulsc.com\/wp-content\/uploads\/2025\/04\/Tempo-2-768x142.png 768w\" sizes=\"(max-width: 1024px) 100vw, 1024px\" \/><\/p>\n<p><strong>Ventos:<\/strong> sudeste, com varia\u00e7\u00f5es de nordeste no oeste e varia\u00e7\u00f5es de leste nas demais regi\u00f5es, fraco a moderado.<\/p>\n<p><strong>Sistema predominante:<\/strong> massa de ar seco no Sul do Brasil.<\/p>\n<p><strong>Amanh\u00e3 quarta-feira (21),<\/strong> continua com tempo firme e poucas nuvens em todo o estado. Ainda s\u00e3o mantidas as condi\u00e7\u00f5es para forma\u00e7\u00e3o de chuvas pontuais ao longo do litoral catarinense. O risco \u00e9 baixo para ocorr\u00eancias relacionadas a tempo. As temperaturas ficam com m\u00e1ximas de 24 a 25\u00b0C no Planalto Sul e de 27\u00b0C a 30\u00b0C nas outras regi\u00f5es.<\/p>\n<p>Fontes: Defesa Civil-SC\/Epagri-Ciram<\/p>\n","protected":false},"excerpt":{"rendered":"<p>Esta ter\u00e7a-feira (20) ser\u00e1 um dia de tempo firme e poucas nuvens por toda Santa Catarina. O sistema de alta press\u00e3o p\u00f3s-frontal favorece a circula\u00e7\u00e3o mar\u00edtima e gera condi\u00e7\u00f5es para chuvas leves e isoladas em pontos do litoral. O risco \u00e9 baixo para ocorr\u00eancias associadas. Temperaturas \u00c0 tarde, as m\u00e1ximas n\u00e3o passam dos 28\u00b0C em &hellip;<\/p>\n<p class=\"read-more\"> <a class=\"\" href=\"https:\/\/sulsc.com\/index.php\/2026\/01\/20\/terca-feira-20-de-tempo-firme-e-temperaturas-amenas\/\"> <span class=\"screen-reader-text\">Ter\u00e7a-feira (20) de tempo firme e temperaturas amenas<\/span> Read More &raquo;<\/a><\/p>\n","protected":false},"author":3,"featured_media":31636,"comment_status":"open","ping_status":"open","sticky":false,"template":"","format":"standard","meta":{"site-sidebar-layout":"default","site-content-layout":"","ast-site-content-layout":"default","site-content-style":"default","site-sidebar-style":"default","ast-global-header-display":"","ast-banner-title-visibility":"","ast-main-header-display":"","ast-hfb-above-header-display":"","ast-hfb-below-header-display":"","ast-hfb-mobile-header-display":"","site-post-title":"","ast-breadcrumbs-content":"","ast-featured-img":"","footer-sml-layout":"","theme-transparent-header-meta":"default","adv-header-id-meta":"","stick-header-meta":"","header-above-stick-meta":"","header-main-stick-meta":"","header-below-stick-meta":"","astra-migrate-meta-layouts":"set","footnotes":""},"categories":[1,14,38,12],"tags":[1013],"yoast_head":"<!-- This site is optimized with the Yoast SEO plugin v21.4 - https:\/\/yoast.com\/wordpress\/plugins\/seo\/ -->\n<title>Ter\u00e7a-feira (20) de tempo firme e temperaturas amenas -<\/title>\n<meta name=\"robots\" content=\"index, follow, max-snippet:-1, max-image-preview:large, max-video-preview:-1\" \/>\n<link rel=\"canonical\" href=\"https:\/\/sulsc.com\/index.php\/2026\/01\/20\/terca-feira-20-de-tempo-firme-e-temperaturas-amenas\/\" \/>\n<meta property=\"og:locale\" content=\"en_US\" \/>\n<meta property=\"og:type\" content=\"article\" \/>\n<meta property=\"og:title\" content=\"Ter\u00e7a-feira (20) de tempo firme e temperaturas amenas -\" \/>\n<meta property=\"og:description\" content=\"Esta ter\u00e7a-feira (20) ser\u00e1 um dia de tempo firme e poucas nuvens por toda Santa Catarina. O sistema de alta press\u00e3o p\u00f3s-frontal favorece a circula\u00e7\u00e3o mar\u00edtima e gera condi\u00e7\u00f5es para chuvas leves e isoladas em pontos do litoral. O risco \u00e9 baixo para ocorr\u00eancias associadas. Temperaturas \u00c0 tarde, as m\u00e1ximas n\u00e3o passam dos 28\u00b0C em &hellip; Ter\u00e7a-feira (20) de tempo firme e temperaturas amenas Read More &raquo;\" \/>\n<meta property=\"og:url\" content=\"https:\/\/sulsc.com\/index.php\/2026\/01\/20\/terca-feira-20-de-tempo-firme-e-temperaturas-amenas\/\" \/>\n<meta property=\"article:author\" content=\"https:\/\/www.facebook.com\/profile.php?id=61559278119680\" \/>\n<meta property=\"article:published_time\" content=\"2026-01-20T10:33:32+00:00\" \/>\n<meta property=\"og:image\" content=\"http:\/\/sulsc.com\/wp-content\/uploads\/2026\/01\/fe56a5c0-be29-4744-9c73-19508913e916.jpeg\" \/>\n\t<meta property=\"og:image:width\" content=\"1600\" \/>\n\t<meta property=\"og:image:height\" content=\"720\" \/>\n\t<meta property=\"og:image:type\" content=\"image\/jpeg\" \/>\n<meta name=\"author\" content=\"Reda\u00e7\u00e3o Sul SC\" \/>\n<meta name=\"twitter:card\" content=\"summary_large_image\" \/>\n<meta name=\"twitter:creator\" content=\"@https:\/\/twitter.com\/PortalSulSC\" \/>\n<meta name=\"twitter:label1\" content=\"Written by\" \/>\n\t<meta name=\"twitter:data1\" content=\"Reda\u00e7\u00e3o Sul SC\" \/>\n\t<meta name=\"twitter:label2\" content=\"Est. reading time\" \/>\n\t<meta name=\"twitter:data2\" content=\"2 minutes\" \/>\n<script type=\"application\/ld+json\" class=\"yoast-schema-graph\">{\"@context\":\"https:\/\/schema.org\",\"@graph\":[{\"@type\":\"WebPage\",\"@id\":\"https:\/\/sulsc.com\/index.php\/2026\/01\/20\/terca-feira-20-de-tempo-firme-e-temperaturas-amenas\/\",\"url\":\"https:\/\/sulsc.com\/index.php\/2026\/01\/20\/terca-feira-20-de-tempo-firme-e-temperaturas-amenas\/\",\"name\":\"Ter\u00e7a-feira (20) de tempo firme e temperaturas amenas -\",\"isPartOf\":{\"@id\":\"https:\/\/sulsc.com\/#website\"},\"datePublished\":\"2026-01-20T10:33:32+00:00\",\"dateModified\":\"2026-01-20T10:33:32+00:00\",\"author\":{\"@id\":\"https:\/\/sulsc.com\/#\/schema\/person\/84d2fc571684f6248ba83092f07750a3\"},\"breadcrumb\":{\"@id\":\"https:\/\/sulsc.com\/index.php\/2026\/01\/20\/terca-feira-20-de-tempo-firme-e-temperaturas-amenas\/#breadcrumb\"},\"inLanguage\":\"en-US\",\"potentialAction\":[{\"@type\":\"ReadAction\",\"target\":[\"https:\/\/sulsc.com\/index.php\/2026\/01\/20\/terca-feira-20-de-tempo-firme-e-temperaturas-amenas\/\"]}]},{\"@type\":\"BreadcrumbList\",\"@id\":\"https:\/\/sulsc.com\/index.php\/2026\/01\/20\/terca-feira-20-de-tempo-firme-e-temperaturas-amenas\/#breadcrumb\",\"itemListElement\":[{\"@type\":\"ListItem\",\"position\":1,\"name\":\"In\u00edcio\",\"item\":\"https:\/\/sulsc.com\/\"},{\"@type\":\"ListItem\",\"position\":2,\"name\":\"Ter\u00e7a-feira (20) de tempo firme e temperaturas amenas\"}]},{\"@type\":\"WebSite\",\"@id\":\"https:\/\/sulsc.com\/#website\",\"url\":\"https:\/\/sulsc.com\/\",\"name\":\"\",\"description\":\"\",\"potentialAction\":[{\"@type\":\"SearchAction\",\"target\":{\"@type\":\"EntryPoint\",\"urlTemplate\":\"https:\/\/sulsc.com\/?s={search_term_string}\"},\"query-input\":\"required name=search_term_string\"}],\"inLanguage\":\"en-US\"},{\"@type\":\"Person\",\"@id\":\"https:\/\/sulsc.com\/#\/schema\/person\/84d2fc571684f6248ba83092f07750a3\",\"name\":\"Reda\u00e7\u00e3o Sul SC\",\"image\":{\"@type\":\"ImageObject\",\"inLanguage\":\"en-US\",\"@id\":\"https:\/\/sulsc.com\/#\/schema\/person\/image\/e08d7fe2cc4ed596372063bbe852b8d0\",\"url\":\"https:\/\/sulsc.com\/wp-content\/uploads\/2023\/09\/redacao.png\",\"contentUrl\":\"https:\/\/sulsc.com\/wp-content\/uploads\/2023\/09\/redacao.png\",\"caption\":\"Reda\u00e7\u00e3o Sul SC\"},\"description\":\"Foco em um jornalismo imparcial, voltado \u00e0 qualidade dos seus conte\u00fados e, assim, levar informa\u00e7\u00e3o de valor que agregue \u00e0 vida dos leitores. Esta \u00e9 grande miss\u00e3o do Portal de Not\u00edcias Sul SC. N\u00e3o \u00e9 quantidade que muda o mundo, sempre foi e seguir\u00e1 sendo qualidade!\",\"sameAs\":[\"https:\/\/sulsc.com\/\",\"https:\/\/www.facebook.com\/profile.php?id=61559278119680\",\"https:\/\/www.instagram.com\/sulscportal\/?hl=pt-br\",\"https:\/\/twitter.com\/https:\/\/twitter.com\/PortalSulSC\",\"https:\/\/www.youtube.com\/channel\/UCv_BE8GeySluDov2n8qhVmw\"],\"url\":\"https:\/\/sulsc.com\/index.php\/author\/redacao\/\"}]}<\/script>\n<!-- \/ Yoast SEO plugin. -->","yoast_head_json":{"title":"Ter\u00e7a-feira (20) de tempo firme e temperaturas amenas -","robots":{"index":"index","follow":"follow","max-snippet":"max-snippet:-1","max-image-preview":"max-image-preview:large","max-video-preview":"max-video-preview:-1"},"canonical":"https:\/\/sulsc.com\/index.php\/2026\/01\/20\/terca-feira-20-de-tempo-firme-e-temperaturas-amenas\/","og_locale":"en_US","og_type":"article","og_title":"Ter\u00e7a-feira (20) de tempo firme e temperaturas amenas -","og_description":"Esta ter\u00e7a-feira (20) ser\u00e1 um dia de tempo firme e poucas nuvens por toda Santa Catarina. O sistema de alta press\u00e3o p\u00f3s-frontal favorece a circula\u00e7\u00e3o mar\u00edtima e gera condi\u00e7\u00f5es para chuvas leves e isoladas em pontos do litoral. O risco \u00e9 baixo para ocorr\u00eancias associadas. Temperaturas \u00c0 tarde, as m\u00e1ximas n\u00e3o passam dos 28\u00b0C em &hellip; Ter\u00e7a-feira (20) de tempo firme e temperaturas amenas Read More &raquo;","og_url":"https:\/\/sulsc.com\/index.php\/2026\/01\/20\/terca-feira-20-de-tempo-firme-e-temperaturas-amenas\/","article_author":"https:\/\/www.facebook.com\/profile.php?id=61559278119680","article_published_time":"2026-01-20T10:33:32+00:00","og_image":[{"width":1600,"height":720,"url":"http:\/\/sulsc.com\/wp-content\/uploads\/2026\/01\/fe56a5c0-be29-4744-9c73-19508913e916.jpeg","type":"image\/jpeg"}],"author":"Reda\u00e7\u00e3o Sul SC","twitter_card":"summary_large_image","twitter_creator":"@https:\/\/twitter.com\/PortalSulSC","twitter_misc":{"Written by":"Reda\u00e7\u00e3o Sul SC","Est. reading time":"2 minutes"},"schema":{"@context":"https:\/\/schema.org","@graph":[{"@type":"WebPage","@id":"https:\/\/sulsc.com\/index.php\/2026\/01\/20\/terca-feira-20-de-tempo-firme-e-temperaturas-amenas\/","url":"https:\/\/sulsc.com\/index.php\/2026\/01\/20\/terca-feira-20-de-tempo-firme-e-temperaturas-amenas\/","name":"Ter\u00e7a-feira (20) de tempo firme e temperaturas amenas -","isPartOf":{"@id":"https:\/\/sulsc.com\/#website"},"datePublished":"2026-01-20T10:33:32+00:00","dateModified":"2026-01-20T10:33:32+00:00","author":{"@id":"https:\/\/sulsc.com\/#\/schema\/person\/84d2fc571684f6248ba83092f07750a3"},"breadcrumb":{"@id":"https:\/\/sulsc.com\/index.php\/2026\/01\/20\/terca-feira-20-de-tempo-firme-e-temperaturas-amenas\/#breadcrumb"},"inLanguage":"en-US","potentialAction":[{"@type":"ReadAction","target":["https:\/\/sulsc.com\/index.php\/2026\/01\/20\/terca-feira-20-de-tempo-firme-e-temperaturas-amenas\/"]}]},{"@type":"BreadcrumbList","@id":"https:\/\/sulsc.com\/index.php\/2026\/01\/20\/terca-feira-20-de-tempo-firme-e-temperaturas-amenas\/#breadcrumb","itemListElement":[{"@type":"ListItem","position":1,"name":"In\u00edcio","item":"https:\/\/sulsc.com\/"},{"@type":"ListItem","position":2,"name":"Ter\u00e7a-feira (20) de tempo firme e temperaturas amenas"}]},{"@type":"WebSite","@id":"https:\/\/sulsc.com\/#website","url":"https:\/\/sulsc.com\/","name":"","description":"","potentialAction":[{"@type":"SearchAction","target":{"@type":"EntryPoint","urlTemplate":"https:\/\/sulsc.com\/?s={search_term_string}"},"query-input":"required name=search_term_string"}],"inLanguage":"en-US"},{"@type":"Person","@id":"https:\/\/sulsc.com\/#\/schema\/person\/84d2fc571684f6248ba83092f07750a3","name":"Reda\u00e7\u00e3o Sul SC","image":{"@type":"ImageObject","inLanguage":"en-US","@id":"https:\/\/sulsc.com\/#\/schema\/person\/image\/e08d7fe2cc4ed596372063bbe852b8d0","url":"https:\/\/sulsc.com\/wp-content\/uploads\/2023\/09\/redacao.png","contentUrl":"https:\/\/sulsc.com\/wp-content\/uploads\/2023\/09\/redacao.png","caption":"Reda\u00e7\u00e3o Sul SC"},"description":"Foco em um jornalismo imparcial, voltado \u00e0 qualidade dos seus conte\u00fados e, assim, levar informa\u00e7\u00e3o de valor que agregue \u00e0 vida dos leitores. Esta \u00e9 grande miss\u00e3o do Portal de Not\u00edcias Sul SC. N\u00e3o \u00e9 quantidade que muda o mundo, sempre foi e seguir\u00e1 sendo qualidade!","sameAs":["https:\/\/sulsc.com\/","https:\/\/www.facebook.com\/profile.php?id=61559278119680","https:\/\/www.instagram.com\/sulscportal\/?hl=pt-br","https:\/\/twitter.com\/https:\/\/twitter.com\/PortalSulSC","https:\/\/www.youtube.com\/channel\/UCv_BE8GeySluDov2n8qhVmw"],"url":"https:\/\/sulsc.com\/index.php\/author\/redacao\/"}]}},"authors":[],"_links":{"self":[{"href":"https:\/\/sulsc.com\/index.php\/wp-json\/wp\/v2\/posts\/31634"}],"collection":[{"href":"https:\/\/sulsc.com\/index.php\/wp-json\/wp\/v2\/posts"}],"about":[{"href":"https:\/\/sulsc.com\/index.php\/wp-json\/wp\/v2\/types\/post"}],"author":[{"embeddable":true,"href":"https:\/\/sulsc.com\/index.php\/wp-json\/wp\/v2\/users\/3"}],"replies":[{"embeddable":true,"href":"https:\/\/sulsc.com\/index.php\/wp-json\/wp\/v2\/comments?post=31634"}],"version-history":[{"count":1,"href":"https:\/\/sulsc.com\/index.php\/wp-json\/wp\/v2\/posts\/31634\/revisions"}],"predecessor-version":[{"id":31637,"href":"https:\/\/sulsc.com\/index.php\/wp-json\/wp\/v2\/posts\/31634\/revisions\/31637"}],"wp:featuredmedia":[{"embeddable":true,"href":"https:\/\/sulsc.com\/index.php\/wp-json\/wp\/v2\/media\/31636"}],"wp:attachment":[{"href":"https:\/\/sulsc.com\/index.php\/wp-json\/wp\/v2\/media?parent=31634"}],"wp:term":[{"taxonomy":"category","embeddable":true,"href":"https:\/\/sulsc.com\/index.php\/wp-json\/wp\/v2\/categories?post=31634"},{"taxonomy":"post_tag","embeddable":true,"href":"https:\/\/sulsc.com\/index.php\/wp-json\/wp\/v2\/tags?post=31634"}],"curies":[{"name":"wp","href":"https:\/\/api.w.org\/{rel}","templated":true}]}}