{"id":31648,"date":"2026-01-19T15:47:38","date_gmt":"2026-01-19T18:47:38","guid":{"rendered":"https:\/\/sulsc.com\/?p=31648"},"modified":"2026-01-20T12:50:30","modified_gmt":"2026-01-20T15:50:30","slug":"bloko-rosa-amplia-presenca-regional-com-loja-oficial-em-laguna-e-criciuma","status":"publish","type":"post","link":"https:\/\/sulsc.com\/index.php\/2026\/01\/19\/bloko-rosa-amplia-presenca-regional-com-loja-oficial-em-laguna-e-criciuma\/","title":{"rendered":"Bloko Rosa amplia presen\u00e7a regional com loja oficial em Laguna e Crici\u00fama"},"content":{"rendered":"<p>O Bloko Rosa, reconhecido como o maior bloco de carnaval organizado do Sul de Santa Catarina, j\u00e1 conta com loja oficial em Laguna e abriu sua unidade em Crici\u00fama, no Na\u00e7\u00f5es Shopping. A loja funcionar\u00e1 exclusivamente at\u00e9 o per\u00edodo do carnaval e foi criada para facilitar o acesso do p\u00fablico aos ingressos oficiais do Bloko Rosa, \u00e0 retirada e compra de abad\u00e1s, al\u00e9m da venda de ingressos para o Carnaval Kids, evento voltado ao p\u00fablico infantil.<\/p>\n<p>O espa\u00e7o tem como principal objetivo oferecer praticidade e atendimento direto aos foli\u00f5es e \u00e0s fam\u00edlias que desejam garantir participa\u00e7\u00e3o nos eventos, concentrando em um \u00fanico local todas as informa\u00e7\u00f5es e vendas oficiais do bloco. Com milhares de participantes a cada edi\u00e7\u00e3o, o Bloko Rosa se consolidou como o maior bloco de carnaval organizado do Sul catarinense, destacando-se pela organiza\u00e7\u00e3o, estrutura e programa\u00e7\u00e3o que movimenta a economia, o turismo e a cultura regional.<\/p>\n<p>A abertura da loja em Crici\u00fama, no Na\u00e7\u00f5es Shopping, amplia a presen\u00e7a do Bloko Rosa na regi\u00e3o e atende a uma demanda crescente do p\u00fablico, que busca formas presenciais de adquirir ingressos e abad\u00e1s com seguran\u00e7a e comodidade.<\/p>\n<p><img fetchpriority=\"high\" decoding=\"async\" class=\"alignnone size-full wp-image-31649\" src=\"http:\/\/sulsc.com\/wp-content\/uploads\/2026\/01\/Bloko-Rosa-loja-em-Criciuma.jpeg\" alt=\"\" width=\"738\" height=\"932\" srcset=\"https:\/\/sulsc.com\/wp-content\/uploads\/2026\/01\/Bloko-Rosa-loja-em-Criciuma.jpeg 738w, https:\/\/sulsc.com\/wp-content\/uploads\/2026\/01\/Bloko-Rosa-loja-em-Criciuma-238x300.jpeg 238w\" sizes=\"(max-width: 738px) 100vw, 738px\" \/><\/p>\n","protected":false},"excerpt":{"rendered":"<p>O Bloko Rosa, reconhecido como o maior bloco de carnaval organizado do Sul de Santa Catarina, j\u00e1 conta com loja oficial em Laguna e abriu sua unidade em Crici\u00fama, no Na\u00e7\u00f5es Shopping. A loja funcionar\u00e1 exclusivamente at\u00e9 o per\u00edodo do carnaval e foi criada para facilitar o acesso do p\u00fablico aos ingressos oficiais do Bloko &hellip;<\/p>\n<p class=\"read-more\"> <a class=\"\" href=\"https:\/\/sulsc.com\/index.php\/2026\/01\/19\/bloko-rosa-amplia-presenca-regional-com-loja-oficial-em-laguna-e-criciuma\/\"> <span class=\"screen-reader-text\">Bloko Rosa amplia presen\u00e7a regional com loja oficial em Laguna e Crici\u00fama<\/span> Read More &raquo;<\/a><\/p>\n","protected":false},"author":3,"featured_media":31649,"comment_status":"open","ping_status":"open","sticky":false,"template":"","format":"standard","meta":{"site-sidebar-layout":"default","site-content-layout":"","ast-site-content-layout":"default","site-content-style":"default","site-sidebar-style":"default","ast-global-header-display":"","ast-banner-title-visibility":"","ast-main-header-display":"","ast-hfb-above-header-display":"","ast-hfb-below-header-display":"","ast-hfb-mobile-header-display":"","site-post-title":"","ast-breadcrumbs-content":"","ast-featured-img":"","footer-sml-layout":"","theme-transparent-header-meta":"default","adv-header-id-meta":"","stick-header-meta":"","header-above-stick-meta":"","header-main-stick-meta":"","header-below-stick-meta":"","astra-migrate-meta-layouts":"set","footnotes":""},"categories":[1],"tags":[],"yoast_head":"<!-- This site is optimized with the Yoast SEO plugin v21.4 - https:\/\/yoast.com\/wordpress\/plugins\/seo\/ -->\n<title>Bloko Rosa amplia presen\u00e7a regional com loja oficial em Laguna e Crici\u00fama -<\/title>\n<meta name=\"robots\" content=\"index, follow, max-snippet:-1, max-image-preview:large, max-video-preview:-1\" \/>\n<link rel=\"canonical\" href=\"https:\/\/sulsc.com\/index.php\/2026\/01\/19\/bloko-rosa-amplia-presenca-regional-com-loja-oficial-em-laguna-e-criciuma\/\" \/>\n<meta property=\"og:locale\" content=\"en_US\" \/>\n<meta property=\"og:type\" content=\"article\" \/>\n<meta property=\"og:title\" content=\"Bloko Rosa amplia presen\u00e7a regional com loja oficial em Laguna e Crici\u00fama -\" \/>\n<meta property=\"og:description\" content=\"O Bloko Rosa, reconhecido como o maior bloco de carnaval organizado do Sul de Santa Catarina, j\u00e1 conta com loja oficial em Laguna e abriu sua unidade em Crici\u00fama, no Na\u00e7\u00f5es Shopping. A loja funcionar\u00e1 exclusivamente at\u00e9 o per\u00edodo do carnaval e foi criada para facilitar o acesso do p\u00fablico aos ingressos oficiais do Bloko &hellip; Bloko Rosa amplia presen\u00e7a regional com loja oficial em Laguna e Crici\u00fama Read More &raquo;\" \/>\n<meta property=\"og:url\" content=\"https:\/\/sulsc.com\/index.php\/2026\/01\/19\/bloko-rosa-amplia-presenca-regional-com-loja-oficial-em-laguna-e-criciuma\/\" \/>\n<meta property=\"article:author\" content=\"https:\/\/www.facebook.com\/profile.php?id=61559278119680\" \/>\n<meta property=\"article:published_time\" content=\"2026-01-19T18:47:38+00:00\" \/>\n<meta property=\"article:modified_time\" content=\"2026-01-20T15:50:30+00:00\" \/>\n<meta property=\"og:image\" content=\"http:\/\/sulsc.com\/wp-content\/uploads\/2026\/01\/Bloko-Rosa-loja-em-Criciuma.jpeg\" \/>\n\t<meta property=\"og:image:width\" content=\"738\" \/>\n\t<meta property=\"og:image:height\" content=\"932\" \/>\n\t<meta property=\"og:image:type\" content=\"image\/jpeg\" \/>\n<meta name=\"author\" content=\"Reda\u00e7\u00e3o Sul SC\" \/>\n<meta name=\"twitter:card\" content=\"summary_large_image\" \/>\n<meta name=\"twitter:creator\" content=\"@https:\/\/twitter.com\/PortalSulSC\" \/>\n<meta name=\"twitter:label1\" content=\"Written by\" \/>\n\t<meta name=\"twitter:data1\" content=\"Reda\u00e7\u00e3o Sul SC\" \/>\n\t<meta name=\"twitter:label2\" content=\"Est. reading time\" \/>\n\t<meta name=\"twitter:data2\" content=\"2 minutes\" \/>\n<script type=\"application\/ld+json\" class=\"yoast-schema-graph\">{\"@context\":\"https:\/\/schema.org\",\"@graph\":[{\"@type\":\"WebPage\",\"@id\":\"https:\/\/sulsc.com\/index.php\/2026\/01\/19\/bloko-rosa-amplia-presenca-regional-com-loja-oficial-em-laguna-e-criciuma\/\",\"url\":\"https:\/\/sulsc.com\/index.php\/2026\/01\/19\/bloko-rosa-amplia-presenca-regional-com-loja-oficial-em-laguna-e-criciuma\/\",\"name\":\"Bloko Rosa amplia presen\u00e7a regional com loja oficial em Laguna e Crici\u00fama -\",\"isPartOf\":{\"@id\":\"https:\/\/sulsc.com\/#website\"},\"datePublished\":\"2026-01-19T18:47:38+00:00\",\"dateModified\":\"2026-01-20T15:50:30+00:00\",\"author\":{\"@id\":\"https:\/\/sulsc.com\/#\/schema\/person\/84d2fc571684f6248ba83092f07750a3\"},\"breadcrumb\":{\"@id\":\"https:\/\/sulsc.com\/index.php\/2026\/01\/19\/bloko-rosa-amplia-presenca-regional-com-loja-oficial-em-laguna-e-criciuma\/#breadcrumb\"},\"inLanguage\":\"en-US\",\"potentialAction\":[{\"@type\":\"ReadAction\",\"target\":[\"https:\/\/sulsc.com\/index.php\/2026\/01\/19\/bloko-rosa-amplia-presenca-regional-com-loja-oficial-em-laguna-e-criciuma\/\"]}]},{\"@type\":\"BreadcrumbList\",\"@id\":\"https:\/\/sulsc.com\/index.php\/2026\/01\/19\/bloko-rosa-amplia-presenca-regional-com-loja-oficial-em-laguna-e-criciuma\/#breadcrumb\",\"itemListElement\":[{\"@type\":\"ListItem\",\"position\":1,\"name\":\"In\u00edcio\",\"item\":\"https:\/\/sulsc.com\/\"},{\"@type\":\"ListItem\",\"position\":2,\"name\":\"Bloko Rosa amplia presen\u00e7a regional com loja oficial em Laguna e Crici\u00fama\"}]},{\"@type\":\"WebSite\",\"@id\":\"https:\/\/sulsc.com\/#website\",\"url\":\"https:\/\/sulsc.com\/\",\"name\":\"\",\"description\":\"\",\"potentialAction\":[{\"@type\":\"SearchAction\",\"target\":{\"@type\":\"EntryPoint\",\"urlTemplate\":\"https:\/\/sulsc.com\/?s={search_term_string}\"},\"query-input\":\"required name=search_term_string\"}],\"inLanguage\":\"en-US\"},{\"@type\":\"Person\",\"@id\":\"https:\/\/sulsc.com\/#\/schema\/person\/84d2fc571684f6248ba83092f07750a3\",\"name\":\"Reda\u00e7\u00e3o Sul SC\",\"image\":{\"@type\":\"ImageObject\",\"inLanguage\":\"en-US\",\"@id\":\"https:\/\/sulsc.com\/#\/schema\/person\/image\/e08d7fe2cc4ed596372063bbe852b8d0\",\"url\":\"https:\/\/sulsc.com\/wp-content\/uploads\/2023\/09\/redacao.png\",\"contentUrl\":\"https:\/\/sulsc.com\/wp-content\/uploads\/2023\/09\/redacao.png\",\"caption\":\"Reda\u00e7\u00e3o Sul SC\"},\"description\":\"Foco em um jornalismo imparcial, voltado \u00e0 qualidade dos seus conte\u00fados e, assim, levar informa\u00e7\u00e3o de valor que agregue \u00e0 vida dos leitores. Esta \u00e9 grande miss\u00e3o do Portal de Not\u00edcias Sul SC. N\u00e3o \u00e9 quantidade que muda o mundo, sempre foi e seguir\u00e1 sendo qualidade!\",\"sameAs\":[\"https:\/\/sulsc.com\/\",\"https:\/\/www.facebook.com\/profile.php?id=61559278119680\",\"https:\/\/www.instagram.com\/sulscportal\/?hl=pt-br\",\"https:\/\/twitter.com\/https:\/\/twitter.com\/PortalSulSC\",\"https:\/\/www.youtube.com\/channel\/UCv_BE8GeySluDov2n8qhVmw\"],\"url\":\"https:\/\/sulsc.com\/index.php\/author\/redacao\/\"}]}<\/script>\n<!-- \/ Yoast SEO plugin. -->","yoast_head_json":{"title":"Bloko Rosa amplia presen\u00e7a regional com loja oficial em Laguna e Crici\u00fama -","robots":{"index":"index","follow":"follow","max-snippet":"max-snippet:-1","max-image-preview":"max-image-preview:large","max-video-preview":"max-video-preview:-1"},"canonical":"https:\/\/sulsc.com\/index.php\/2026\/01\/19\/bloko-rosa-amplia-presenca-regional-com-loja-oficial-em-laguna-e-criciuma\/","og_locale":"en_US","og_type":"article","og_title":"Bloko Rosa amplia presen\u00e7a regional com loja oficial em Laguna e Crici\u00fama -","og_description":"O Bloko Rosa, reconhecido como o maior bloco de carnaval organizado do Sul de Santa Catarina, j\u00e1 conta com loja oficial em Laguna e abriu sua unidade em Crici\u00fama, no Na\u00e7\u00f5es Shopping. A loja funcionar\u00e1 exclusivamente at\u00e9 o per\u00edodo do carnaval e foi criada para facilitar o acesso do p\u00fablico aos ingressos oficiais do Bloko &hellip; Bloko Rosa amplia presen\u00e7a regional com loja oficial em Laguna e Crici\u00fama Read More &raquo;","og_url":"https:\/\/sulsc.com\/index.php\/2026\/01\/19\/bloko-rosa-amplia-presenca-regional-com-loja-oficial-em-laguna-e-criciuma\/","article_author":"https:\/\/www.facebook.com\/profile.php?id=61559278119680","article_published_time":"2026-01-19T18:47:38+00:00","article_modified_time":"2026-01-20T15:50:30+00:00","og_image":[{"width":738,"height":932,"url":"http:\/\/sulsc.com\/wp-content\/uploads\/2026\/01\/Bloko-Rosa-loja-em-Criciuma.jpeg","type":"image\/jpeg"}],"author":"Reda\u00e7\u00e3o Sul SC","twitter_card":"summary_large_image","twitter_creator":"@https:\/\/twitter.com\/PortalSulSC","twitter_misc":{"Written by":"Reda\u00e7\u00e3o Sul SC","Est. reading time":"2 minutes"},"schema":{"@context":"https:\/\/schema.org","@graph":[{"@type":"WebPage","@id":"https:\/\/sulsc.com\/index.php\/2026\/01\/19\/bloko-rosa-amplia-presenca-regional-com-loja-oficial-em-laguna-e-criciuma\/","url":"https:\/\/sulsc.com\/index.php\/2026\/01\/19\/bloko-rosa-amplia-presenca-regional-com-loja-oficial-em-laguna-e-criciuma\/","name":"Bloko Rosa amplia presen\u00e7a regional com loja oficial em Laguna e Crici\u00fama -","isPartOf":{"@id":"https:\/\/sulsc.com\/#website"},"datePublished":"2026-01-19T18:47:38+00:00","dateModified":"2026-01-20T15:50:30+00:00","author":{"@id":"https:\/\/sulsc.com\/#\/schema\/person\/84d2fc571684f6248ba83092f07750a3"},"breadcrumb":{"@id":"https:\/\/sulsc.com\/index.php\/2026\/01\/19\/bloko-rosa-amplia-presenca-regional-com-loja-oficial-em-laguna-e-criciuma\/#breadcrumb"},"inLanguage":"en-US","potentialAction":[{"@type":"ReadAction","target":["https:\/\/sulsc.com\/index.php\/2026\/01\/19\/bloko-rosa-amplia-presenca-regional-com-loja-oficial-em-laguna-e-criciuma\/"]}]},{"@type":"BreadcrumbList","@id":"https:\/\/sulsc.com\/index.php\/2026\/01\/19\/bloko-rosa-amplia-presenca-regional-com-loja-oficial-em-laguna-e-criciuma\/#breadcrumb","itemListElement":[{"@type":"ListItem","position":1,"name":"In\u00edcio","item":"https:\/\/sulsc.com\/"},{"@type":"ListItem","position":2,"name":"Bloko Rosa amplia presen\u00e7a regional com loja oficial em Laguna e Crici\u00fama"}]},{"@type":"WebSite","@id":"https:\/\/sulsc.com\/#website","url":"https:\/\/sulsc.com\/","name":"","description":"","potentialAction":[{"@type":"SearchAction","target":{"@type":"EntryPoint","urlTemplate":"https:\/\/sulsc.com\/?s={search_term_string}"},"query-input":"required name=search_term_string"}],"inLanguage":"en-US"},{"@type":"Person","@id":"https:\/\/sulsc.com\/#\/schema\/person\/84d2fc571684f6248ba83092f07750a3","name":"Reda\u00e7\u00e3o Sul SC","image":{"@type":"ImageObject","inLanguage":"en-US","@id":"https:\/\/sulsc.com\/#\/schema\/person\/image\/e08d7fe2cc4ed596372063bbe852b8d0","url":"https:\/\/sulsc.com\/wp-content\/uploads\/2023\/09\/redacao.png","contentUrl":"https:\/\/sulsc.com\/wp-content\/uploads\/2023\/09\/redacao.png","caption":"Reda\u00e7\u00e3o Sul SC"},"description":"Foco em um jornalismo imparcial, voltado \u00e0 qualidade dos seus conte\u00fados e, assim, levar informa\u00e7\u00e3o de valor que agregue \u00e0 vida dos leitores. Esta \u00e9 grande miss\u00e3o do Portal de Not\u00edcias Sul SC. N\u00e3o \u00e9 quantidade que muda o mundo, sempre foi e seguir\u00e1 sendo qualidade!","sameAs":["https:\/\/sulsc.com\/","https:\/\/www.facebook.com\/profile.php?id=61559278119680","https:\/\/www.instagram.com\/sulscportal\/?hl=pt-br","https:\/\/twitter.com\/https:\/\/twitter.com\/PortalSulSC","https:\/\/www.youtube.com\/channel\/UCv_BE8GeySluDov2n8qhVmw"],"url":"https:\/\/sulsc.com\/index.php\/author\/redacao\/"}]}},"authors":[],"_links":{"self":[{"href":"https:\/\/sulsc.com\/index.php\/wp-json\/wp\/v2\/posts\/31648"}],"collection":[{"href":"https:\/\/sulsc.com\/index.php\/wp-json\/wp\/v2\/posts"}],"about":[{"href":"https:\/\/sulsc.com\/index.php\/wp-json\/wp\/v2\/types\/post"}],"author":[{"embeddable":true,"href":"https:\/\/sulsc.com\/index.php\/wp-json\/wp\/v2\/users\/3"}],"replies":[{"embeddable":true,"href":"https:\/\/sulsc.com\/index.php\/wp-json\/wp\/v2\/comments?post=31648"}],"version-history":[{"count":1,"href":"https:\/\/sulsc.com\/index.php\/wp-json\/wp\/v2\/posts\/31648\/revisions"}],"predecessor-version":[{"id":31650,"href":"https:\/\/sulsc.com\/index.php\/wp-json\/wp\/v2\/posts\/31648\/revisions\/31650"}],"wp:featuredmedia":[{"embeddable":true,"href":"https:\/\/sulsc.com\/index.php\/wp-json\/wp\/v2\/media\/31649"}],"wp:attachment":[{"href":"https:\/\/sulsc.com\/index.php\/wp-json\/wp\/v2\/media?parent=31648"}],"wp:term":[{"taxonomy":"category","embeddable":true,"href":"https:\/\/sulsc.com\/index.php\/wp-json\/wp\/v2\/categories?post=31648"},{"taxonomy":"post_tag","embeddable":true,"href":"https:\/\/sulsc.com\/index.php\/wp-json\/wp\/v2\/tags?post=31648"}],"curies":[{"name":"wp","href":"https:\/\/api.w.org\/{rel}","templated":true}]}}