{"id":31655,"date":"2026-01-20T16:21:34","date_gmt":"2026-01-20T19:21:34","guid":{"rendered":"https:\/\/sulsc.com\/?p=31655"},"modified":"2026-01-20T16:21:34","modified_gmt":"2026-01-20T19:21:34","slug":"celesc-reduz-preco-da-recarga-eletrica-em-sc-e-torna-mobilidade-eletrica-10-mais-barata","status":"publish","type":"post","link":"https:\/\/sulsc.com\/index.php\/2026\/01\/20\/celesc-reduz-preco-da-recarga-eletrica-em-sc-e-torna-mobilidade-eletrica-10-mais-barata\/","title":{"rendered":"Celesc reduz pre\u00e7o da recarga el\u00e9trica em SC e torna mobilidade el\u00e9trica 10% mais barata"},"content":{"rendered":"<p>A partir desta sexta-feira (23), a Celesc passa a aplicar uma redu\u00e7\u00e3o de 10% nas tarifas de recarga de ve\u00edculos el\u00e9tricos em toda a sua rede p\u00fablica de eletropostos, tornando o custo por quil\u00f4metro ainda mais competitivo e refor\u00e7ando o papel estrat\u00e9gico da energia el\u00e9trica na transi\u00e7\u00e3o para um modelo de transporte mais limpo e eficiente.<\/p>\n<p>A nova tabela tarif\u00e1ria j\u00e1 est\u00e1 em vigor e ser\u00e1 aplicada no per\u00edodo de janeiro a abril de 2026, contemplando tanto as esta\u00e7\u00f5es r\u00e1pidas quanto as semirr\u00e1pidas. A medida \u00e9 resultado de um estudo de mercado detalhado, que avaliou os pre\u00e7os praticados por redes p\u00fablicas e privadas em diferentes regi\u00f5es do pa\u00eds.<\/p>\n<div id=\"metaslider-id-25573\" style=\"width: 100%;\" class=\"ml-slider-3-99-0 metaslider metaslider-flex metaslider-25573 ml-slider has-onhover-arrows ms-theme-default-base has-dots-nav\" role=\"region\" aria-label=\"Meio\" data-width=\"1200\">\n    <div id=\"metaslider_container_25573\">\n        <div id=\"metaslider_25573\">\n            <ul class='slides'>\n                <li style=\"display: block; width: 100%;\" class=\"slide-25684 ms-image \" aria-roledescription=\"slide\" data-date=\"2025-07-24 07:55:40\"><img src=\"https:\/\/sulsc.com\/wp-content\/uploads\/2025\/07\/Marr-2-1000x166.jpg\" height=\"200\" width=\"1200\" alt=\"\" class=\"slider-25573 slide-25684 msDefaultImage\" title=\"Marr 2\" \/><\/li>\n                <li style=\"display: none; width: 100%;\" class=\"slide-32412 ms-image \" aria-roledescription=\"slide\" data-date=\"2026-02-18 13:59:46\"><img src=\"https:\/\/sulsc.com\/wp-content\/uploads\/2026\/02\/40dc1580-cad5-4867-bc58-c4243821ad38-1000x166.jpeg\" height=\"200\" width=\"1200\" alt=\"\" class=\"slider-25573 slide-32412 msDefaultImage\" title=\"40dc1580-cad5-4867-bc58-c4243821ad38\" \/><\/li>\n                <li style=\"display: none; width: 100%;\" class=\"slide-32766 ms-image \" aria-roledescription=\"slide\" data-date=\"2026-03-03 17:22:59\"><img src=\"https:\/\/sulsc.com\/wp-content\/uploads\/2026\/03\/271ce739-f268-41c5-8051-3de1a1750359-1000x166.jpeg\" height=\"200\" width=\"1200\" alt=\"\" class=\"slider-25573 slide-32766 msDefaultImage\" title=\"271ce739-f268-41c5-8051-3de1a1750359\" \/><\/li>\n            <\/ul>\n        <\/div>\n        \n    <\/div>\n<\/div>\n<p><strong>Novos valores por kWh<\/strong><\/p>\n<p>\u2022 Esta\u00e7\u00f5es r\u00e1pidas: de R$ 2,49 para R$ 2,29<br \/>\n\u2022 Esta\u00e7\u00f5es semirr\u00e1pidas: de R$ 2,19 para R$ 1,99<\/p>\n<p>Segundo a Celesc, a redu\u00e7\u00e3o refor\u00e7a a competitividade da recarga el\u00e9trica frente aos combust\u00edveis f\u00f3sseis, especialmente em um cen\u00e1rio de crescimento da frota de ve\u00edculos el\u00e9tricos e h\u00edbridos plug-in no Estado.<\/p>\n<p><strong>Pagamento simplificado e mais tecnologia<\/strong><\/p>\n<p>Al\u00e9m do ajuste tarif\u00e1rio, a companhia implementou um novo sistema de pagamento via QR Code, eliminando a necessidade de cadastros complexos ou aplicativos espec\u00edficos. O motorista pode escanear o c\u00f3digo dispon\u00edvel na esta\u00e7\u00e3o, acessar o link pelo navegador do celular e efetuar o pagamento de forma r\u00e1pida e segura.<\/p>\n<p>A moderniza\u00e7\u00e3o tamb\u00e9m acompanha a expans\u00e3o e o refor\u00e7o tecnol\u00f3gico da rede, com esta\u00e7\u00f5es estrategicamente distribu\u00eddas no litoral, no Oeste e nas regi\u00f5es serranas, garantindo maior confiabilidade, disponibilidade e previsibilidade para quem utiliza ve\u00edculos el\u00e9tricos em Santa Catarina.<\/p>\n<p>Atualmente, o corredor el\u00e9trico da Celesc conta com 38 eletropostos em 28 munic\u00edpios atendidos. Com expans\u00e3o prevista para 100 cidades em 2026, o projeto garante dist\u00e2ncia m\u00e9dia de at\u00e9 50 km entre recargas, integra o Estado de ponta a ponta e impulsiona o turismo sustent\u00e1vel e a mobilidade de baixa emiss\u00e3o.<\/p>\n<p><strong>Benef\u00edcios diretos ao consumidor e ao Estado<\/strong><\/p>\n<p>Com a amplia\u00e7\u00e3o dos incentivos, os usu\u00e1rios da rede Celesc passam a contar com tr\u00eas ganhos diretos:<\/p>\n<p>\u2022 Efici\u00eancia tecnol\u00f3gica: acesso a carregadores modernos, monitorados em tempo real;<br \/>\n\u2022 Benef\u00edcio ambiental: recargas associadas a uma matriz el\u00e9trica predominantemente limpa, com redu\u00e7\u00e3o de emiss\u00f5es e de ru\u00eddos urbanos;<br \/>\n\u2022 Seguran\u00e7a e valoriza\u00e7\u00e3o do investimento: maior previsibilidade para quem opta por ve\u00edculos de zero emiss\u00e3o.<\/p>\n<p><img fetchpriority=\"high\" decoding=\"async\" class=\"aligncenter size-full wp-image-31656\" src=\"http:\/\/sulsc.com\/wp-content\/uploads\/2026\/01\/20240917_185810.jpg\" alt=\"\" width=\"1500\" height=\"1125\" srcset=\"https:\/\/sulsc.com\/wp-content\/uploads\/2026\/01\/20240917_185810.jpg 1500w, https:\/\/sulsc.com\/wp-content\/uploads\/2026\/01\/20240917_185810-300x225.jpg 300w, https:\/\/sulsc.com\/wp-content\/uploads\/2026\/01\/20240917_185810-1024x768.jpg 1024w, https:\/\/sulsc.com\/wp-content\/uploads\/2026\/01\/20240917_185810-768x576.jpg 768w\" sizes=\"(max-width: 1500px) 100vw, 1500px\" \/><\/p>\n<p>Foto: Celesc\/Divulga\u00e7\u00e3o\/SulSC<\/p>\n","protected":false},"excerpt":{"rendered":"<p>A partir desta sexta-feira (23), a Celesc passa a aplicar uma redu\u00e7\u00e3o de 10% nas tarifas de recarga de ve\u00edculos el\u00e9tricos em toda a sua rede p\u00fablica de eletropostos, tornando o custo por quil\u00f4metro ainda mais competitivo e refor\u00e7ando o papel estrat\u00e9gico da energia el\u00e9trica na transi\u00e7\u00e3o para um modelo de transporte mais limpo e &hellip;<\/p>\n<p class=\"read-more\"> <a class=\"\" href=\"https:\/\/sulsc.com\/index.php\/2026\/01\/20\/celesc-reduz-preco-da-recarga-eletrica-em-sc-e-torna-mobilidade-eletrica-10-mais-barata\/\"> <span class=\"screen-reader-text\">Celesc reduz pre\u00e7o da recarga el\u00e9trica em SC e torna mobilidade el\u00e9trica 10% mais barata<\/span> Read More &raquo;<\/a><\/p>\n","protected":false},"author":3,"featured_media":31656,"comment_status":"open","ping_status":"open","sticky":false,"template":"","format":"standard","meta":{"site-sidebar-layout":"default","site-content-layout":"","ast-site-content-layout":"default","site-content-style":"default","site-sidebar-style":"default","ast-global-header-display":"","ast-banner-title-visibility":"","ast-main-header-display":"","ast-hfb-above-header-display":"","ast-hfb-below-header-display":"","ast-hfb-mobile-header-display":"","site-post-title":"","ast-breadcrumbs-content":"","ast-featured-img":"","footer-sml-layout":"","theme-transparent-header-meta":"default","adv-header-id-meta":"","stick-header-meta":"","header-above-stick-meta":"","header-main-stick-meta":"","header-below-stick-meta":"","astra-migrate-meta-layouts":"set","footnotes":""},"categories":[11,1,14,12],"tags":[97],"yoast_head":"<!-- This site is optimized with the Yoast SEO plugin v21.4 - https:\/\/yoast.com\/wordpress\/plugins\/seo\/ -->\n<title>Celesc reduz pre\u00e7o da recarga el\u00e9trica em SC e torna mobilidade el\u00e9trica 10% mais barata -<\/title>\n<meta name=\"robots\" content=\"index, follow, max-snippet:-1, max-image-preview:large, max-video-preview:-1\" \/>\n<link rel=\"canonical\" href=\"https:\/\/sulsc.com\/index.php\/2026\/01\/20\/celesc-reduz-preco-da-recarga-eletrica-em-sc-e-torna-mobilidade-eletrica-10-mais-barata\/\" \/>\n<meta property=\"og:locale\" content=\"en_US\" \/>\n<meta property=\"og:type\" content=\"article\" \/>\n<meta property=\"og:title\" content=\"Celesc reduz pre\u00e7o da recarga el\u00e9trica em SC e torna mobilidade el\u00e9trica 10% mais barata -\" \/>\n<meta property=\"og:description\" content=\"A partir desta sexta-feira (23), a Celesc passa a aplicar uma redu\u00e7\u00e3o de 10% nas tarifas de recarga de ve\u00edculos el\u00e9tricos em toda a sua rede p\u00fablica de eletropostos, tornando o custo por quil\u00f4metro ainda mais competitivo e refor\u00e7ando o papel estrat\u00e9gico da energia el\u00e9trica na transi\u00e7\u00e3o para um modelo de transporte mais limpo e &hellip; Celesc reduz pre\u00e7o da recarga el\u00e9trica em SC e torna mobilidade el\u00e9trica 10% mais barata Read More &raquo;\" \/>\n<meta property=\"og:url\" content=\"https:\/\/sulsc.com\/index.php\/2026\/01\/20\/celesc-reduz-preco-da-recarga-eletrica-em-sc-e-torna-mobilidade-eletrica-10-mais-barata\/\" \/>\n<meta property=\"article:author\" content=\"https:\/\/www.facebook.com\/profile.php?id=61559278119680\" \/>\n<meta property=\"article:published_time\" content=\"2026-01-20T19:21:34+00:00\" \/>\n<meta property=\"og:image\" content=\"http:\/\/sulsc.com\/wp-content\/uploads\/2026\/01\/20240917_185810.jpg\" \/>\n\t<meta property=\"og:image:width\" content=\"1500\" \/>\n\t<meta property=\"og:image:height\" content=\"1125\" \/>\n\t<meta property=\"og:image:type\" content=\"image\/jpeg\" \/>\n<meta name=\"author\" content=\"Reda\u00e7\u00e3o Sul SC\" \/>\n<meta name=\"twitter:card\" content=\"summary_large_image\" \/>\n<meta name=\"twitter:creator\" content=\"@https:\/\/twitter.com\/PortalSulSC\" \/>\n<meta name=\"twitter:label1\" content=\"Written by\" \/>\n\t<meta name=\"twitter:data1\" content=\"Reda\u00e7\u00e3o Sul SC\" \/>\n\t<meta name=\"twitter:label2\" content=\"Est. reading time\" \/>\n\t<meta name=\"twitter:data2\" content=\"2 minutes\" \/>\n<script type=\"application\/ld+json\" class=\"yoast-schema-graph\">{\"@context\":\"https:\/\/schema.org\",\"@graph\":[{\"@type\":\"WebPage\",\"@id\":\"https:\/\/sulsc.com\/index.php\/2026\/01\/20\/celesc-reduz-preco-da-recarga-eletrica-em-sc-e-torna-mobilidade-eletrica-10-mais-barata\/\",\"url\":\"https:\/\/sulsc.com\/index.php\/2026\/01\/20\/celesc-reduz-preco-da-recarga-eletrica-em-sc-e-torna-mobilidade-eletrica-10-mais-barata\/\",\"name\":\"Celesc reduz pre\u00e7o da recarga el\u00e9trica em SC e torna mobilidade el\u00e9trica 10% mais barata -\",\"isPartOf\":{\"@id\":\"https:\/\/sulsc.com\/#website\"},\"datePublished\":\"2026-01-20T19:21:34+00:00\",\"dateModified\":\"2026-01-20T19:21:34+00:00\",\"author\":{\"@id\":\"https:\/\/sulsc.com\/#\/schema\/person\/84d2fc571684f6248ba83092f07750a3\"},\"breadcrumb\":{\"@id\":\"https:\/\/sulsc.com\/index.php\/2026\/01\/20\/celesc-reduz-preco-da-recarga-eletrica-em-sc-e-torna-mobilidade-eletrica-10-mais-barata\/#breadcrumb\"},\"inLanguage\":\"en-US\",\"potentialAction\":[{\"@type\":\"ReadAction\",\"target\":[\"https:\/\/sulsc.com\/index.php\/2026\/01\/20\/celesc-reduz-preco-da-recarga-eletrica-em-sc-e-torna-mobilidade-eletrica-10-mais-barata\/\"]}]},{\"@type\":\"BreadcrumbList\",\"@id\":\"https:\/\/sulsc.com\/index.php\/2026\/01\/20\/celesc-reduz-preco-da-recarga-eletrica-em-sc-e-torna-mobilidade-eletrica-10-mais-barata\/#breadcrumb\",\"itemListElement\":[{\"@type\":\"ListItem\",\"position\":1,\"name\":\"In\u00edcio\",\"item\":\"https:\/\/sulsc.com\/\"},{\"@type\":\"ListItem\",\"position\":2,\"name\":\"Celesc reduz pre\u00e7o da recarga el\u00e9trica em SC e torna mobilidade el\u00e9trica 10% mais barata\"}]},{\"@type\":\"WebSite\",\"@id\":\"https:\/\/sulsc.com\/#website\",\"url\":\"https:\/\/sulsc.com\/\",\"name\":\"\",\"description\":\"\",\"potentialAction\":[{\"@type\":\"SearchAction\",\"target\":{\"@type\":\"EntryPoint\",\"urlTemplate\":\"https:\/\/sulsc.com\/?s={search_term_string}\"},\"query-input\":\"required name=search_term_string\"}],\"inLanguage\":\"en-US\"},{\"@type\":\"Person\",\"@id\":\"https:\/\/sulsc.com\/#\/schema\/person\/84d2fc571684f6248ba83092f07750a3\",\"name\":\"Reda\u00e7\u00e3o Sul SC\",\"image\":{\"@type\":\"ImageObject\",\"inLanguage\":\"en-US\",\"@id\":\"https:\/\/sulsc.com\/#\/schema\/person\/image\/e08d7fe2cc4ed596372063bbe852b8d0\",\"url\":\"https:\/\/sulsc.com\/wp-content\/uploads\/2023\/09\/redacao.png\",\"contentUrl\":\"https:\/\/sulsc.com\/wp-content\/uploads\/2023\/09\/redacao.png\",\"caption\":\"Reda\u00e7\u00e3o Sul SC\"},\"description\":\"Foco em um jornalismo imparcial, voltado \u00e0 qualidade dos seus conte\u00fados e, assim, levar informa\u00e7\u00e3o de valor que agregue \u00e0 vida dos leitores. Esta \u00e9 grande miss\u00e3o do Portal de Not\u00edcias Sul SC. N\u00e3o \u00e9 quantidade que muda o mundo, sempre foi e seguir\u00e1 sendo qualidade!\",\"sameAs\":[\"https:\/\/sulsc.com\/\",\"https:\/\/www.facebook.com\/profile.php?id=61559278119680\",\"https:\/\/www.instagram.com\/sulscportal\/?hl=pt-br\",\"https:\/\/twitter.com\/https:\/\/twitter.com\/PortalSulSC\",\"https:\/\/www.youtube.com\/channel\/UCv_BE8GeySluDov2n8qhVmw\"],\"url\":\"https:\/\/sulsc.com\/index.php\/author\/redacao\/\"}]}<\/script>\n<!-- \/ Yoast SEO plugin. -->","yoast_head_json":{"title":"Celesc reduz pre\u00e7o da recarga el\u00e9trica em SC e torna mobilidade el\u00e9trica 10% mais barata -","robots":{"index":"index","follow":"follow","max-snippet":"max-snippet:-1","max-image-preview":"max-image-preview:large","max-video-preview":"max-video-preview:-1"},"canonical":"https:\/\/sulsc.com\/index.php\/2026\/01\/20\/celesc-reduz-preco-da-recarga-eletrica-em-sc-e-torna-mobilidade-eletrica-10-mais-barata\/","og_locale":"en_US","og_type":"article","og_title":"Celesc reduz pre\u00e7o da recarga el\u00e9trica em SC e torna mobilidade el\u00e9trica 10% mais barata -","og_description":"A partir desta sexta-feira (23), a Celesc passa a aplicar uma redu\u00e7\u00e3o de 10% nas tarifas de recarga de ve\u00edculos el\u00e9tricos em toda a sua rede p\u00fablica de eletropostos, tornando o custo por quil\u00f4metro ainda mais competitivo e refor\u00e7ando o papel estrat\u00e9gico da energia el\u00e9trica na transi\u00e7\u00e3o para um modelo de transporte mais limpo e &hellip; Celesc reduz pre\u00e7o da recarga el\u00e9trica em SC e torna mobilidade el\u00e9trica 10% mais barata Read More &raquo;","og_url":"https:\/\/sulsc.com\/index.php\/2026\/01\/20\/celesc-reduz-preco-da-recarga-eletrica-em-sc-e-torna-mobilidade-eletrica-10-mais-barata\/","article_author":"https:\/\/www.facebook.com\/profile.php?id=61559278119680","article_published_time":"2026-01-20T19:21:34+00:00","og_image":[{"width":1500,"height":1125,"url":"http:\/\/sulsc.com\/wp-content\/uploads\/2026\/01\/20240917_185810.jpg","type":"image\/jpeg"}],"author":"Reda\u00e7\u00e3o Sul SC","twitter_card":"summary_large_image","twitter_creator":"@https:\/\/twitter.com\/PortalSulSC","twitter_misc":{"Written by":"Reda\u00e7\u00e3o Sul SC","Est. reading time":"2 minutes"},"schema":{"@context":"https:\/\/schema.org","@graph":[{"@type":"WebPage","@id":"https:\/\/sulsc.com\/index.php\/2026\/01\/20\/celesc-reduz-preco-da-recarga-eletrica-em-sc-e-torna-mobilidade-eletrica-10-mais-barata\/","url":"https:\/\/sulsc.com\/index.php\/2026\/01\/20\/celesc-reduz-preco-da-recarga-eletrica-em-sc-e-torna-mobilidade-eletrica-10-mais-barata\/","name":"Celesc reduz pre\u00e7o da recarga el\u00e9trica em SC e torna mobilidade el\u00e9trica 10% mais barata -","isPartOf":{"@id":"https:\/\/sulsc.com\/#website"},"datePublished":"2026-01-20T19:21:34+00:00","dateModified":"2026-01-20T19:21:34+00:00","author":{"@id":"https:\/\/sulsc.com\/#\/schema\/person\/84d2fc571684f6248ba83092f07750a3"},"breadcrumb":{"@id":"https:\/\/sulsc.com\/index.php\/2026\/01\/20\/celesc-reduz-preco-da-recarga-eletrica-em-sc-e-torna-mobilidade-eletrica-10-mais-barata\/#breadcrumb"},"inLanguage":"en-US","potentialAction":[{"@type":"ReadAction","target":["https:\/\/sulsc.com\/index.php\/2026\/01\/20\/celesc-reduz-preco-da-recarga-eletrica-em-sc-e-torna-mobilidade-eletrica-10-mais-barata\/"]}]},{"@type":"BreadcrumbList","@id":"https:\/\/sulsc.com\/index.php\/2026\/01\/20\/celesc-reduz-preco-da-recarga-eletrica-em-sc-e-torna-mobilidade-eletrica-10-mais-barata\/#breadcrumb","itemListElement":[{"@type":"ListItem","position":1,"name":"In\u00edcio","item":"https:\/\/sulsc.com\/"},{"@type":"ListItem","position":2,"name":"Celesc reduz pre\u00e7o da recarga el\u00e9trica em SC e torna mobilidade el\u00e9trica 10% mais barata"}]},{"@type":"WebSite","@id":"https:\/\/sulsc.com\/#website","url":"https:\/\/sulsc.com\/","name":"","description":"","potentialAction":[{"@type":"SearchAction","target":{"@type":"EntryPoint","urlTemplate":"https:\/\/sulsc.com\/?s={search_term_string}"},"query-input":"required name=search_term_string"}],"inLanguage":"en-US"},{"@type":"Person","@id":"https:\/\/sulsc.com\/#\/schema\/person\/84d2fc571684f6248ba83092f07750a3","name":"Reda\u00e7\u00e3o Sul SC","image":{"@type":"ImageObject","inLanguage":"en-US","@id":"https:\/\/sulsc.com\/#\/schema\/person\/image\/e08d7fe2cc4ed596372063bbe852b8d0","url":"https:\/\/sulsc.com\/wp-content\/uploads\/2023\/09\/redacao.png","contentUrl":"https:\/\/sulsc.com\/wp-content\/uploads\/2023\/09\/redacao.png","caption":"Reda\u00e7\u00e3o Sul SC"},"description":"Foco em um jornalismo imparcial, voltado \u00e0 qualidade dos seus conte\u00fados e, assim, levar informa\u00e7\u00e3o de valor que agregue \u00e0 vida dos leitores. Esta \u00e9 grande miss\u00e3o do Portal de Not\u00edcias Sul SC. N\u00e3o \u00e9 quantidade que muda o mundo, sempre foi e seguir\u00e1 sendo qualidade!","sameAs":["https:\/\/sulsc.com\/","https:\/\/www.facebook.com\/profile.php?id=61559278119680","https:\/\/www.instagram.com\/sulscportal\/?hl=pt-br","https:\/\/twitter.com\/https:\/\/twitter.com\/PortalSulSC","https:\/\/www.youtube.com\/channel\/UCv_BE8GeySluDov2n8qhVmw"],"url":"https:\/\/sulsc.com\/index.php\/author\/redacao\/"}]}},"authors":[],"_links":{"self":[{"href":"https:\/\/sulsc.com\/index.php\/wp-json\/wp\/v2\/posts\/31655"}],"collection":[{"href":"https:\/\/sulsc.com\/index.php\/wp-json\/wp\/v2\/posts"}],"about":[{"href":"https:\/\/sulsc.com\/index.php\/wp-json\/wp\/v2\/types\/post"}],"author":[{"embeddable":true,"href":"https:\/\/sulsc.com\/index.php\/wp-json\/wp\/v2\/users\/3"}],"replies":[{"embeddable":true,"href":"https:\/\/sulsc.com\/index.php\/wp-json\/wp\/v2\/comments?post=31655"}],"version-history":[{"count":1,"href":"https:\/\/sulsc.com\/index.php\/wp-json\/wp\/v2\/posts\/31655\/revisions"}],"predecessor-version":[{"id":31657,"href":"https:\/\/sulsc.com\/index.php\/wp-json\/wp\/v2\/posts\/31655\/revisions\/31657"}],"wp:featuredmedia":[{"embeddable":true,"href":"https:\/\/sulsc.com\/index.php\/wp-json\/wp\/v2\/media\/31656"}],"wp:attachment":[{"href":"https:\/\/sulsc.com\/index.php\/wp-json\/wp\/v2\/media?parent=31655"}],"wp:term":[{"taxonomy":"category","embeddable":true,"href":"https:\/\/sulsc.com\/index.php\/wp-json\/wp\/v2\/categories?post=31655"},{"taxonomy":"post_tag","embeddable":true,"href":"https:\/\/sulsc.com\/index.php\/wp-json\/wp\/v2\/tags?post=31655"}],"curies":[{"name":"wp","href":"https:\/\/api.w.org\/{rel}","templated":true}]}}