{"id":31658,"date":"2026-01-20T16:54:11","date_gmt":"2026-01-20T19:54:11","guid":{"rendered":"https:\/\/sulsc.com\/?p=31658"},"modified":"2026-01-20T16:55:51","modified_gmt":"2026-01-20T19:55:51","slug":"racionalizando-por-sabrina-zapelini-minatto-a-esquerda-nao-quer-o-pobre-estudando-e-voce-sabe-disso","status":"publish","type":"post","link":"https:\/\/sulsc.com\/index.php\/2026\/01\/20\/racionalizando-por-sabrina-zapelini-minatto-a-esquerda-nao-quer-o-pobre-estudando-e-voce-sabe-disso\/","title":{"rendered":"Racionalizando por Sabrina Zapelini Minatto &#8211; A esquerda n\u00e3o quer o pobre estudando. E voc\u00ea sabe disso."},"content":{"rendered":"<p><strong><span dir=\"auto\" style=\"vertical-align: inherit;\"><span dir=\"auto\" style=\"vertical-align: inherit;\">Quando Lula diz<\/span><\/span><\/strong><span dir=\"auto\" style=\"vertical-align: inherit;\"><span dir=\"auto\" style=\"vertical-align: inherit;\"> : de forma direta ou disfar\u00e7ada que pobre n\u00e3o precisa estudar, a esquerda corre para gritar \u201cfora de contexto\u201d. <\/span><\/span><br \/>\n<span dir=\"auto\" style=\"vertical-align: inherit;\"><span dir=\"auto\" style=\"vertical-align: inherit;\">Mas vamos ser honestos: algu\u00e9m realmente se surpreendeu?<\/span><\/span><\/p>\n<p><span dir=\"auto\" style=\"vertical-align: inherit;\"><span dir=\"auto\" style=\"vertical-align: inherit;\">Pergunta simples: <\/span><\/span><br \/>\n<span dir=\"auto\" style=\"vertical-align: inherit;\"><span dir=\"auto\" style=\"vertical-align: inherit;\">Desde quando a esquerda brasileira investe em educa\u00e7\u00e3o para libertar algu\u00e9m?<\/span><\/span><\/p>\n<p><span dir=\"auto\" style=\"vertical-align: inherit;\"><span dir=\"auto\" style=\"vertical-align: inherit;\">Libertar de verdade. <\/span><\/span><br \/>\n<span dir=\"auto\" style=\"vertical-align: inherit;\"><span dir=\"auto\" style=\"vertical-align: inherit;\">N\u00e3o ocupe sala de aula. <\/span><\/span><br \/>\n<span dir=\"auto\" style=\"vertical-align: inherit;\"><span dir=\"auto\" style=\"vertical-align: inherit;\">N\u00e3o inflar n\u00fameros. <\/span><\/span><br \/>\n<span dir=\"auto\" style=\"vertical-align: inherit;\"><span dir=\"auto\" style=\"vertical-align: inherit;\">Libert\u00e1rio.<\/span><\/span><\/p>\n<p><span dir=\"auto\" style=\"vertical-align: inherit;\"><span dir=\"auto\" style=\"vertical-align: inherit;\">Se o pobre estudante, ele pensa. <\/span><\/span><br \/>\n<span dir=\"auto\" style=\"vertical-align: inherit;\"><span dir=\"auto\" style=\"vertical-align: inherit;\">Se pensa, questiona. <\/span><\/span><br \/>\n<span dir=\"auto\" style=\"vertical-align: inherit;\"><span dir=\"auto\" style=\"vertical-align: inherit;\">Se questionar, deixa de depender. <\/span><\/span><br \/>\n<span dir=\"auto\" style=\"vertical-align: inherit;\"><span dir=\"auto\" style=\"vertical-align: inherit;\">E se deixa de depender\u2026 a esquerda perde poder.<\/span><\/span><\/p>\n<div id=\"metaslider-id-25573\" style=\"width: 100%;\" class=\"ml-slider-3-99-0 metaslider metaslider-flex metaslider-25573 ml-slider has-onhover-arrows ms-theme-default-base has-dots-nav\" role=\"region\" aria-label=\"Meio\" data-width=\"1200\">\n    <div id=\"metaslider_container_25573\">\n        <div id=\"metaslider_25573\">\n            <ul class='slides'>\n                <li style=\"display: block; width: 100%;\" class=\"slide-25684 ms-image \" aria-roledescription=\"slide\" data-date=\"2025-07-24 07:55:40\"><img src=\"https:\/\/sulsc.com\/wp-content\/uploads\/2025\/07\/Marr-2-1000x166.jpg\" height=\"200\" width=\"1200\" alt=\"\" class=\"slider-25573 slide-25684 msDefaultImage\" title=\"Marr 2\" \/><\/li>\n                <li style=\"display: none; width: 100%;\" class=\"slide-32412 ms-image \" aria-roledescription=\"slide\" data-date=\"2026-02-18 13:59:46\"><img src=\"https:\/\/sulsc.com\/wp-content\/uploads\/2026\/02\/40dc1580-cad5-4867-bc58-c4243821ad38-1000x166.jpeg\" height=\"200\" width=\"1200\" alt=\"\" class=\"slider-25573 slide-32412 msDefaultImage\" title=\"40dc1580-cad5-4867-bc58-c4243821ad38\" \/><\/li>\n                <li style=\"display: none; width: 100%;\" class=\"slide-32766 ms-image \" aria-roledescription=\"slide\" data-date=\"2026-03-03 17:22:59\"><img src=\"https:\/\/sulsc.com\/wp-content\/uploads\/2026\/03\/271ce739-f268-41c5-8051-3de1a1750359-1000x166.jpeg\" height=\"200\" width=\"1200\" alt=\"\" class=\"slider-25573 slide-32766 msDefaultImage\" title=\"271ce739-f268-41c5-8051-3de1a1750359\" \/><\/li>\n            <\/ul>\n        <\/div>\n        \n    <\/div>\n<\/div>\n<p><span dir=\"auto\" style=\"vertical-align: inherit;\"><span dir=\"auto\" style=\"vertical-align: inherit;\">\u00c9 por isso que esse discurso aparece. N\u00e3o \u00e9 gafe. \u00c9 projeto.<\/span><\/span><\/p>\n<p><span dir=\"auto\" style=\"vertical-align: inherit;\"><span dir=\"auto\" style=\"vertical-align: inherit;\">Agora me diga: <\/span><\/span><br \/>\n<span dir=\"auto\" style=\"vertical-align: inherit;\"><span dir=\"auto\" style=\"vertical-align: inherit;\">Por que tantos programas \u201ceducacionais\u201d da esquerda n\u00e3o formam profissionais preparados? <\/span><\/span><br \/>\n<span dir=\"auto\" style=\"vertical-align: inherit;\"><span dir=\"auto\" style=\"vertical-align: inherit;\">Por que tanto diploma e t\u00e3o pouco emprego? <\/span><\/span><br \/>\n<span dir=\"auto\" style=\"vertical-align: inherit;\"><span dir=\"auto\" style=\"vertical-align: inherit;\">Por que tanta narrativa e t\u00e3o pouco resultado?<\/span><\/span><\/p>\n<p>&nbsp;<\/p>\n<p>&nbsp;<\/p>\n<p><span dir=\"auto\" style=\"vertical-align: inherit;\"><span dir=\"auto\" style=\"vertical-align: inherit;\">A resposta \u00e9 desconfort\u00e1vel, mas \u00f3bvia: pobre instru\u00eddo n\u00e3o aceita cabresto pol\u00edtico.<\/span><\/span><\/p>\n<p><span dir=\"auto\" style=\"vertical-align: inherit;\"><span dir=\"auto\" style=\"vertical-align: inherit;\">A esquerda n\u00e3o precisa de cidad\u00e3os cr\u00edticos. Precisa de elei\u00e7\u00f5es leg\u00edtimas. <\/span><\/span><br \/>\n<span dir=\"auto\" style=\"vertical-align: inherit;\"><span dir=\"auto\" style=\"vertical-align: inherit;\">Precisa do pobre agradecido, n\u00e3o do pobre livre. <\/span><\/span><br \/>\n<span dir=\"auto\" style=\"vertical-align: inherit;\"><span dir=\"auto\" style=\"vertical-align: inherit;\">Precisa de depend\u00eancia, n\u00e3o de autonomia.<\/span><\/span><\/p>\n<p><img fetchpriority=\"high\" decoding=\"async\" class=\"aligncenter size-full wp-image-31664\" src=\"http:\/\/sulsc.com\/wp-content\/uploads\/2026\/01\/17691340-1734-40ad-944a-8a524f4f01dd.jpeg\" alt=\"\" width=\"648\" height=\"500\" srcset=\"https:\/\/sulsc.com\/wp-content\/uploads\/2026\/01\/17691340-1734-40ad-944a-8a524f4f01dd.jpeg 648w, https:\/\/sulsc.com\/wp-content\/uploads\/2026\/01\/17691340-1734-40ad-944a-8a524f4f01dd-300x231.jpeg 300w\" sizes=\"(max-width: 648px) 100vw, 648px\" \/><\/p>\n<p><span dir=\"auto\" style=\"vertical-align: inherit;\"><span dir=\"auto\" style=\"vertical-align: inherit;\">Foto: Ricardo Stuckert\/Divulga\u00e7\u00e3o\/Racionalizando<\/span><\/span><\/p>\n<p><span dir=\"auto\" style=\"vertical-align: inherit;\"><span dir=\"auto\" style=\"vertical-align: inherit;\">E \u00e9 a\u00ed que a fala do Lula incomoda tanto porque ela escapa do roteiro. Ela revela aquilo que normalmente fica escondido atr\u00e1s de discursos sociais bonitos e slogans emocionais.<\/span><\/span><\/p>\n<p><span dir=\"auto\" style=\"vertical-align: inherit;\"><span dir=\"auto\" style=\"vertical-align: inherit;\">Vamos inverter a pergunta que ningu\u00e9m quer responder: <\/span><\/span><br \/>\n<span dir=\"auto\" style=\"vertical-align: inherit;\"><span dir=\"auto\" style=\"vertical-align: inherit;\">Se a esquerda ama tanto a educa\u00e7\u00e3o, por que o pobre continua pobre depois de d\u00e9cadas no poder?<\/span><\/span><\/p>\n<p><span dir=\"auto\" style=\"vertical-align: inherit;\"><span dir=\"auto\" style=\"vertical-align: inherit;\">Culpa de quem? <\/span><\/span><br \/>\n<span dir=\"auto\" style=\"vertical-align: inherit;\"><span dir=\"auto\" style=\"vertical-align: inherit;\">Fazer \u201csistema\u201d? <\/span><\/span><br \/>\n<span dir=\"auto\" style=\"vertical-align: inherit;\"><span dir=\"auto\" style=\"vertical-align: inherit;\">Fazer \u201ccapitalismo\u201d? <\/span><\/span><br \/>\n<span dir=\"auto\" style=\"vertical-align: inherit;\"><span dir=\"auto\" style=\"vertical-align: inherit;\">Ou de um modelo que administra a pobreza em vez de combat\u00ea-la?<\/span><\/span><\/p>\n<p><span dir=\"auto\" style=\"vertical-align: inherit;\"><span dir=\"auto\" style=\"vertical-align: inherit;\">Quem acredita em estudo, m\u00e9rito e trabalho n\u00e3o relativiza a educa\u00e7\u00e3o. Defenda-se sem hesitar.<\/span><\/span><\/p>\n<p><span dir=\"auto\" style=\"vertical-align: inherit;\"><span dir=\"auto\" style=\"vertical-align: inherit;\">Quem relativiza, revela inten\u00e7\u00e3o. <\/span><\/span><br \/>\n<span dir=\"auto\" style=\"vertical-align: inherit;\"><span dir=\"auto\" style=\"vertical-align: inherit;\">Agora quero saber de voc\u00ea, leitor: <\/span><\/span><br \/>\n<span dir=\"auto\" style=\"vertical-align: inherit;\"><span dir=\"auto\" style=\"vertical-align: inherit;\">Voc\u00ea acredita que estuda liberta ou apenas ocupa? <\/span><\/span><br \/>\n<span dir=\"auto\" style=\"vertical-align: inherit;\"><span dir=\"auto\" style=\"vertical-align: inherit;\">Voc\u00ea acha normal um presidente tratar esse tema com descoberto? <\/span><\/span><br \/>\n<span dir=\"auto\" style=\"vertical-align: inherit;\"><span dir=\"auto\" style=\"vertical-align: inherit;\">Voc\u00ea realmente acha que isso \u00e9 \u201cs\u00f3 uma frase\u201d?<\/span><\/span><\/p>\n<p><span dir=\"auto\" style=\"vertical-align: inherit;\"><span dir=\"auto\" style=\"vertical-align: inherit;\">Porque frases constroem mentalidades. <\/span><\/span><br \/>\n<span dir=\"auto\" style=\"vertical-align: inherit;\"><span dir=\"auto\" style=\"vertical-align: inherit;\">E esperarias construir governos.<\/span><\/span><\/p>\n<p><span dir=\"auto\" style=\"vertical-align: inherit;\"><span dir=\"auto\" style=\"vertical-align: inherit;\">A esquerda pode espernear, contextualizar e atacar quem critica. <\/span><\/span><br \/>\n<span dir=\"auto\" style=\"vertical-align: inherit;\"><span dir=\"auto\" style=\"vertical-align: inherit;\">Mas n\u00e3o consegue fugir da verdade central: <\/span><\/span><br \/>\n<span dir=\"auto\" style=\"vertical-align: inherit;\"><span dir=\"auto\" style=\"vertical-align: inherit;\">pobre que estuda deixa de ser massa de manobra.<\/span><\/span><\/p>\n<p><span dir=\"auto\" style=\"vertical-align: inherit;\"><span dir=\"auto\" style=\"vertical-align: inherit;\">E isso, para eles, \u00e9 inaceit\u00e1vel.<\/span><\/span><\/p>\n<p><span dir=\"auto\" style=\"vertical-align: inherit;\"><span dir=\"auto\" style=\"vertical-align: inherit;\">@sabrinazminatto<\/span><\/span><\/p>\n<p><img decoding=\"async\" class=\"aligncenter size-full wp-image-31660\" src=\"http:\/\/sulsc.com\/wp-content\/uploads\/2026\/01\/dictatorship-oppression-collage-concept-1-scaled.jpg\" alt=\"\" width=\"2560\" height=\"1709\" srcset=\"https:\/\/sulsc.com\/wp-content\/uploads\/2026\/01\/dictatorship-oppression-collage-concept-1-scaled.jpg 2560w, https:\/\/sulsc.com\/wp-content\/uploads\/2026\/01\/dictatorship-oppression-collage-concept-1-300x200.jpg 300w, https:\/\/sulsc.com\/wp-content\/uploads\/2026\/01\/dictatorship-oppression-collage-concept-1-1024x684.jpg 1024w, https:\/\/sulsc.com\/wp-content\/uploads\/2026\/01\/dictatorship-oppression-collage-concept-1-768x513.jpg 768w, https:\/\/sulsc.com\/wp-content\/uploads\/2026\/01\/dictatorship-oppression-collage-concept-1-1536x1025.jpg 1536w, https:\/\/sulsc.com\/wp-content\/uploads\/2026\/01\/dictatorship-oppression-collage-concept-1-2048x1367.jpg 2048w\" sizes=\"(max-width: 2560px) 100vw, 2560px\" \/><\/p>\n<p><span dir=\"auto\" style=\"vertical-align: inherit;\"><span dir=\"auto\" style=\"vertical-align: inherit;\">Imagem\/Freepik<\/span><\/span><\/p>\n","protected":false},"excerpt":{"rendered":"<p>Quando Lula diz : de forma direta ou disfar\u00e7ada que pobre n\u00e3o precisa estudar, a esquerda corre para gritar \u201cfora de contexto\u201d. Mas vamos ser honestos: algu\u00e9m realmente se surpreendeu? Pergunta simples: Desde quando a esquerda brasileira investe em educa\u00e7\u00e3o para libertar algu\u00e9m? Libertar de verdade. N\u00e3o ocupe sala de aula. N\u00e3o inflar n\u00fameros. Libert\u00e1rio. &hellip;<\/p>\n<p class=\"read-more\"> <a class=\"\" href=\"https:\/\/sulsc.com\/index.php\/2026\/01\/20\/racionalizando-por-sabrina-zapelini-minatto-a-esquerda-nao-quer-o-pobre-estudando-e-voce-sabe-disso\/\"> <span class=\"screen-reader-text\">Racionalizando por Sabrina Zapelini Minatto &#8211; A esquerda n\u00e3o quer o pobre estudando. E voc\u00ea sabe disso.<\/span> Read More &raquo;<\/a><\/p>\n","protected":false},"author":25,"featured_media":31662,"comment_status":"open","ping_status":"open","sticky":false,"template":"","format":"standard","meta":{"site-sidebar-layout":"default","site-content-layout":"","ast-site-content-layout":"default","site-content-style":"default","site-sidebar-style":"default","ast-global-header-display":"","ast-banner-title-visibility":"","ast-main-header-display":"","ast-hfb-above-header-display":"","ast-hfb-below-header-display":"","ast-hfb-mobile-header-display":"","site-post-title":"","ast-breadcrumbs-content":"","ast-featured-img":"","footer-sml-layout":"","theme-transparent-header-meta":"default","adv-header-id-meta":"","stick-header-meta":"","header-above-stick-meta":"","header-main-stick-meta":"","header-below-stick-meta":"","astra-migrate-meta-layouts":"set","footnotes":""},"categories":[13,12],"tags":[2754],"yoast_head":"<!-- This site is optimized with the Yoast SEO plugin v21.4 - https:\/\/yoast.com\/wordpress\/plugins\/seo\/ -->\n<title>Racionalizando por Sabrina Zapelini Minatto - A esquerda n\u00e3o quer o pobre estudando. E voc\u00ea sabe disso. -<\/title>\n<meta name=\"robots\" content=\"index, follow, max-snippet:-1, max-image-preview:large, max-video-preview:-1\" \/>\n<link rel=\"canonical\" href=\"https:\/\/sulsc.com\/index.php\/2026\/01\/20\/racionalizando-por-sabrina-zapelini-minatto-a-esquerda-nao-quer-o-pobre-estudando-e-voce-sabe-disso\/\" \/>\n<meta property=\"og:locale\" content=\"en_US\" \/>\n<meta property=\"og:type\" content=\"article\" \/>\n<meta property=\"og:title\" content=\"Racionalizando por Sabrina Zapelini Minatto - A esquerda n\u00e3o quer o pobre estudando. E voc\u00ea sabe disso. -\" \/>\n<meta property=\"og:description\" content=\"Quando Lula diz : de forma direta ou disfar\u00e7ada que pobre n\u00e3o precisa estudar, a esquerda corre para gritar \u201cfora de contexto\u201d. Mas vamos ser honestos: algu\u00e9m realmente se surpreendeu? Pergunta simples: Desde quando a esquerda brasileira investe em educa\u00e7\u00e3o para libertar algu\u00e9m? Libertar de verdade. N\u00e3o ocupe sala de aula. N\u00e3o inflar n\u00fameros. Libert\u00e1rio. &hellip; Racionalizando por Sabrina Zapelini Minatto &#8211; A esquerda n\u00e3o quer o pobre estudando. E voc\u00ea sabe disso. Read More &raquo;\" \/>\n<meta property=\"og:url\" content=\"https:\/\/sulsc.com\/index.php\/2026\/01\/20\/racionalizando-por-sabrina-zapelini-minatto-a-esquerda-nao-quer-o-pobre-estudando-e-voce-sabe-disso\/\" \/>\n<meta property=\"article:published_time\" content=\"2026-01-20T19:54:11+00:00\" \/>\n<meta property=\"article:modified_time\" content=\"2026-01-20T19:55:51+00:00\" \/>\n<meta property=\"og:image\" content=\"http:\/\/sulsc.com\/wp-content\/uploads\/2026\/01\/puppeteer-manipulating-marionette-with-strings-dark-room-scaled.jpg\" \/>\n\t<meta property=\"og:image:width\" content=\"1707\" \/>\n\t<meta property=\"og:image:height\" content=\"2560\" \/>\n\t<meta property=\"og:image:type\" content=\"image\/jpeg\" \/>\n<meta name=\"author\" content=\"Racionalizando\" \/>\n<meta name=\"twitter:card\" content=\"summary_large_image\" \/>\n<meta name=\"twitter:label1\" content=\"Written by\" \/>\n\t<meta name=\"twitter:data1\" content=\"Racionalizando\" \/>\n\t<meta name=\"twitter:label2\" content=\"Est. reading time\" \/>\n\t<meta name=\"twitter:data2\" content=\"2 minutes\" \/>\n<script type=\"application\/ld+json\" class=\"yoast-schema-graph\">{\"@context\":\"https:\/\/schema.org\",\"@graph\":[{\"@type\":\"WebPage\",\"@id\":\"https:\/\/sulsc.com\/index.php\/2026\/01\/20\/racionalizando-por-sabrina-zapelini-minatto-a-esquerda-nao-quer-o-pobre-estudando-e-voce-sabe-disso\/\",\"url\":\"https:\/\/sulsc.com\/index.php\/2026\/01\/20\/racionalizando-por-sabrina-zapelini-minatto-a-esquerda-nao-quer-o-pobre-estudando-e-voce-sabe-disso\/\",\"name\":\"Racionalizando por Sabrina Zapelini Minatto - A esquerda n\u00e3o quer o pobre estudando. E voc\u00ea sabe disso. -\",\"isPartOf\":{\"@id\":\"https:\/\/sulsc.com\/#website\"},\"datePublished\":\"2026-01-20T19:54:11+00:00\",\"dateModified\":\"2026-01-20T19:55:51+00:00\",\"author\":{\"@id\":\"https:\/\/sulsc.com\/#\/schema\/person\/249eb129ff349b1e4963560f92b44990\"},\"breadcrumb\":{\"@id\":\"https:\/\/sulsc.com\/index.php\/2026\/01\/20\/racionalizando-por-sabrina-zapelini-minatto-a-esquerda-nao-quer-o-pobre-estudando-e-voce-sabe-disso\/#breadcrumb\"},\"inLanguage\":\"en-US\",\"potentialAction\":[{\"@type\":\"ReadAction\",\"target\":[\"https:\/\/sulsc.com\/index.php\/2026\/01\/20\/racionalizando-por-sabrina-zapelini-minatto-a-esquerda-nao-quer-o-pobre-estudando-e-voce-sabe-disso\/\"]}]},{\"@type\":\"BreadcrumbList\",\"@id\":\"https:\/\/sulsc.com\/index.php\/2026\/01\/20\/racionalizando-por-sabrina-zapelini-minatto-a-esquerda-nao-quer-o-pobre-estudando-e-voce-sabe-disso\/#breadcrumb\",\"itemListElement\":[{\"@type\":\"ListItem\",\"position\":1,\"name\":\"In\u00edcio\",\"item\":\"https:\/\/sulsc.com\/\"},{\"@type\":\"ListItem\",\"position\":2,\"name\":\"Racionalizando por Sabrina Zapelini Minatto &#8211; A esquerda n\u00e3o quer o pobre estudando. E voc\u00ea sabe disso.\"}]},{\"@type\":\"WebSite\",\"@id\":\"https:\/\/sulsc.com\/#website\",\"url\":\"https:\/\/sulsc.com\/\",\"name\":\"\",\"description\":\"\",\"potentialAction\":[{\"@type\":\"SearchAction\",\"target\":{\"@type\":\"EntryPoint\",\"urlTemplate\":\"https:\/\/sulsc.com\/?s={search_term_string}\"},\"query-input\":\"required name=search_term_string\"}],\"inLanguage\":\"en-US\"},{\"@type\":\"Person\",\"@id\":\"https:\/\/sulsc.com\/#\/schema\/person\/249eb129ff349b1e4963560f92b44990\",\"name\":\"Racionalizando por Sabrina Zapelini Minatto\",\"image\":{\"@type\":\"ImageObject\",\"inLanguage\":\"en-US\",\"@id\":\"https:\/\/sulsc.com\/#\/schema\/person\/image\/0e5bbf2cffc7abd460acc5a1d6cffdbe\",\"url\":\"https:\/\/sulsc.com\/wp-content\/uploads\/2025\/11\/Sabrina.png\",\"contentUrl\":\"https:\/\/sulsc.com\/wp-content\/uploads\/2025\/11\/Sabrina.png\",\"caption\":\"Racionalizando por Sabrina Zapelini Minatto\"},\"description\":\"Fundadora e presidente da Associa\u00e7\u00e3o das Mulheres Pol\u00edticas do Sul (AMPS), que tem o papel fundamental em prol das mulheres do Sul Catarinense, e contribui na constru\u00e7\u00e3o participativa de uma sociedade mais solid\u00e1ria e inclusiva. Com uma coluna semanal, \u201cRacionalizando\u201d buscar\u00e1 transmitir aos leitores: an\u00e1lise, reflex\u00e3o, pensamento cr\u00edtico \u2014 alinhado \u00e0 pol\u00edtica e aos valores. Opini\u00e3o sobre pol\u00edtica, valores e assuntos que fazem parte do dia a dia, de forma direta, sincera e pr\u00f3xima de quem l\u00ea. \u00a0\",\"url\":\"https:\/\/sulsc.com\/index.php\/author\/sabrina-zapelini-minatto\/\"}]}<\/script>\n<!-- \/ Yoast SEO plugin. -->","yoast_head_json":{"title":"Racionalizando por Sabrina Zapelini Minatto - A esquerda n\u00e3o quer o pobre estudando. E voc\u00ea sabe disso. -","robots":{"index":"index","follow":"follow","max-snippet":"max-snippet:-1","max-image-preview":"max-image-preview:large","max-video-preview":"max-video-preview:-1"},"canonical":"https:\/\/sulsc.com\/index.php\/2026\/01\/20\/racionalizando-por-sabrina-zapelini-minatto-a-esquerda-nao-quer-o-pobre-estudando-e-voce-sabe-disso\/","og_locale":"en_US","og_type":"article","og_title":"Racionalizando por Sabrina Zapelini Minatto - A esquerda n\u00e3o quer o pobre estudando. E voc\u00ea sabe disso. -","og_description":"Quando Lula diz : de forma direta ou disfar\u00e7ada que pobre n\u00e3o precisa estudar, a esquerda corre para gritar \u201cfora de contexto\u201d. Mas vamos ser honestos: algu\u00e9m realmente se surpreendeu? Pergunta simples: Desde quando a esquerda brasileira investe em educa\u00e7\u00e3o para libertar algu\u00e9m? Libertar de verdade. N\u00e3o ocupe sala de aula. N\u00e3o inflar n\u00fameros. Libert\u00e1rio. &hellip; Racionalizando por Sabrina Zapelini Minatto &#8211; A esquerda n\u00e3o quer o pobre estudando. E voc\u00ea sabe disso. Read More &raquo;","og_url":"https:\/\/sulsc.com\/index.php\/2026\/01\/20\/racionalizando-por-sabrina-zapelini-minatto-a-esquerda-nao-quer-o-pobre-estudando-e-voce-sabe-disso\/","article_published_time":"2026-01-20T19:54:11+00:00","article_modified_time":"2026-01-20T19:55:51+00:00","og_image":[{"width":1707,"height":2560,"url":"http:\/\/sulsc.com\/wp-content\/uploads\/2026\/01\/puppeteer-manipulating-marionette-with-strings-dark-room-scaled.jpg","type":"image\/jpeg"}],"author":"Racionalizando","twitter_card":"summary_large_image","twitter_misc":{"Written by":"Racionalizando","Est. reading time":"2 minutes"},"schema":{"@context":"https:\/\/schema.org","@graph":[{"@type":"WebPage","@id":"https:\/\/sulsc.com\/index.php\/2026\/01\/20\/racionalizando-por-sabrina-zapelini-minatto-a-esquerda-nao-quer-o-pobre-estudando-e-voce-sabe-disso\/","url":"https:\/\/sulsc.com\/index.php\/2026\/01\/20\/racionalizando-por-sabrina-zapelini-minatto-a-esquerda-nao-quer-o-pobre-estudando-e-voce-sabe-disso\/","name":"Racionalizando por Sabrina Zapelini Minatto - A esquerda n\u00e3o quer o pobre estudando. E voc\u00ea sabe disso. -","isPartOf":{"@id":"https:\/\/sulsc.com\/#website"},"datePublished":"2026-01-20T19:54:11+00:00","dateModified":"2026-01-20T19:55:51+00:00","author":{"@id":"https:\/\/sulsc.com\/#\/schema\/person\/249eb129ff349b1e4963560f92b44990"},"breadcrumb":{"@id":"https:\/\/sulsc.com\/index.php\/2026\/01\/20\/racionalizando-por-sabrina-zapelini-minatto-a-esquerda-nao-quer-o-pobre-estudando-e-voce-sabe-disso\/#breadcrumb"},"inLanguage":"en-US","potentialAction":[{"@type":"ReadAction","target":["https:\/\/sulsc.com\/index.php\/2026\/01\/20\/racionalizando-por-sabrina-zapelini-minatto-a-esquerda-nao-quer-o-pobre-estudando-e-voce-sabe-disso\/"]}]},{"@type":"BreadcrumbList","@id":"https:\/\/sulsc.com\/index.php\/2026\/01\/20\/racionalizando-por-sabrina-zapelini-minatto-a-esquerda-nao-quer-o-pobre-estudando-e-voce-sabe-disso\/#breadcrumb","itemListElement":[{"@type":"ListItem","position":1,"name":"In\u00edcio","item":"https:\/\/sulsc.com\/"},{"@type":"ListItem","position":2,"name":"Racionalizando por Sabrina Zapelini Minatto &#8211; A esquerda n\u00e3o quer o pobre estudando. E voc\u00ea sabe disso."}]},{"@type":"WebSite","@id":"https:\/\/sulsc.com\/#website","url":"https:\/\/sulsc.com\/","name":"","description":"","potentialAction":[{"@type":"SearchAction","target":{"@type":"EntryPoint","urlTemplate":"https:\/\/sulsc.com\/?s={search_term_string}"},"query-input":"required name=search_term_string"}],"inLanguage":"en-US"},{"@type":"Person","@id":"https:\/\/sulsc.com\/#\/schema\/person\/249eb129ff349b1e4963560f92b44990","name":"Racionalizando por Sabrina Zapelini Minatto","image":{"@type":"ImageObject","inLanguage":"en-US","@id":"https:\/\/sulsc.com\/#\/schema\/person\/image\/0e5bbf2cffc7abd460acc5a1d6cffdbe","url":"https:\/\/sulsc.com\/wp-content\/uploads\/2025\/11\/Sabrina.png","contentUrl":"https:\/\/sulsc.com\/wp-content\/uploads\/2025\/11\/Sabrina.png","caption":"Racionalizando por Sabrina Zapelini Minatto"},"description":"Fundadora e presidente da Associa\u00e7\u00e3o das Mulheres Pol\u00edticas do Sul (AMPS), que tem o papel fundamental em prol das mulheres do Sul Catarinense, e contribui na constru\u00e7\u00e3o participativa de uma sociedade mais solid\u00e1ria e inclusiva. Com uma coluna semanal, \u201cRacionalizando\u201d buscar\u00e1 transmitir aos leitores: an\u00e1lise, reflex\u00e3o, pensamento cr\u00edtico \u2014 alinhado \u00e0 pol\u00edtica e aos valores. Opini\u00e3o sobre pol\u00edtica, valores e assuntos que fazem parte do dia a dia, de forma direta, sincera e pr\u00f3xima de quem l\u00ea. \u00a0","url":"https:\/\/sulsc.com\/index.php\/author\/sabrina-zapelini-minatto\/"}]}},"authors":[],"_links":{"self":[{"href":"https:\/\/sulsc.com\/index.php\/wp-json\/wp\/v2\/posts\/31658"}],"collection":[{"href":"https:\/\/sulsc.com\/index.php\/wp-json\/wp\/v2\/posts"}],"about":[{"href":"https:\/\/sulsc.com\/index.php\/wp-json\/wp\/v2\/types\/post"}],"author":[{"embeddable":true,"href":"https:\/\/sulsc.com\/index.php\/wp-json\/wp\/v2\/users\/25"}],"replies":[{"embeddable":true,"href":"https:\/\/sulsc.com\/index.php\/wp-json\/wp\/v2\/comments?post=31658"}],"version-history":[{"count":3,"href":"https:\/\/sulsc.com\/index.php\/wp-json\/wp\/v2\/posts\/31658\/revisions"}],"predecessor-version":[{"id":31666,"href":"https:\/\/sulsc.com\/index.php\/wp-json\/wp\/v2\/posts\/31658\/revisions\/31666"}],"wp:featuredmedia":[{"embeddable":true,"href":"https:\/\/sulsc.com\/index.php\/wp-json\/wp\/v2\/media\/31662"}],"wp:attachment":[{"href":"https:\/\/sulsc.com\/index.php\/wp-json\/wp\/v2\/media?parent=31658"}],"wp:term":[{"taxonomy":"category","embeddable":true,"href":"https:\/\/sulsc.com\/index.php\/wp-json\/wp\/v2\/categories?post=31658"},{"taxonomy":"post_tag","embeddable":true,"href":"https:\/\/sulsc.com\/index.php\/wp-json\/wp\/v2\/tags?post=31658"}],"curies":[{"name":"wp","href":"https:\/\/api.w.org\/{rel}","templated":true}]}}